{"id":14879,"date":"2025-06-05T17:33:43","date_gmt":"2025-06-05T15:33:43","guid":{"rendered":"https:\/\/www.loni-infos.com\/?p=14879"},"modified":"2025-06-05T17:33:45","modified_gmt":"2025-06-05T15:33:45","slug":"journee-mondiale-de-lenvironnement-2025-un-appel-urgent-pour-mettre-fin-a-la-pollution-plastique","status":"publish","type":"post","link":"https:\/\/www.loni-infos.com\/index.php\/2025\/06\/05\/journee-mondiale-de-lenvironnement-2025-un-appel-urgent-pour-mettre-fin-a-la-pollution-plastique\/","title":{"rendered":"Journ\u00e9e mondiale de l\u2019environnement 2025 : Un appel urgent pour mettre fin \u00e0 la pollution plastique"},"content":{"rendered":"\n<p><strong>Le 5 juin, la plan\u00e8te se mobilise \u00e0 l\u2019occasion de la Journ\u00e9e mondiale de l\u2019environnement, plac\u00e9e cette ann\u00e9e sous le th\u00e8me \u00ab Mettre fin \u00e0 la pollution plastique mondiale \u00bb. Coordonn\u00e9e par le Programme des Nations Unies pour l\u2019environnement (PNUE), cette journ\u00e9e est un moment cl\u00e9 pour rappeler l\u2019urgence de lutter contre une crise environnementale majeure.<\/strong><\/p>\n\n\n\n<p>Depuis sa cr\u00e9ation en 1973, la Journ\u00e9e mondiale de l\u2019environnement sensibilise le public aux enjeux cruciaux de la protection de notre plan\u00e8te. En 2025, l\u2019accent est mis sur l\u2019un des fl\u00e9aux les plus omnipr\u00e9sents de notre \u00e9poque : la pollution plastique. Des microplastiques retrouv\u00e9s dans l\u2019eau potable et les aliments jusqu\u2019aux d\u00e9chets visibles qui envahissent les oc\u00e9ans, les sols et les \u00e9cosyst\u00e8mes, le plastique s\u2019infiltre partout, avec des cons\u00e9quences d\u00e9vastatrices.<\/p>\n\n\n\n<p>Chaque ann\u00e9e, pr\u00e8s de 11 millions de tonnes de d\u00e9chets plastiques finissent dans les \u00e9cosyst\u00e8mes aquatiques, mena\u00e7ant gravement la biodiversit\u00e9 et aggravant les crises climatique et sanitaire. De la production \u00e0 l\u2019\u00e9limination, le plastique repr\u00e9sente une source majeure de pollution, contribuant directement \u00e0 la d\u00e9gradation de l\u2019environnement et \u00e0 la d\u00e9t\u00e9rioration des conditions de vie dans de nombreuses r\u00e9gions du monde.<\/p>\n\n\n\n<p>Cette r\u00e9alit\u00e9 a \u00e9galement un impact humain profond. En 2024, les catastrophes environnementales ont provoqu\u00e9 environ 46 millions de nouveaux d\u00e9placements internes. \u00c0 mesure que les risques climatiques s\u2019intensifient, des millions de personnes seront forc\u00e9es de fuir leurs foyers \u00e0 la recherche de lieux plus s\u00fbrs. La pollution plastique, en contribuant \u00e0 la crise \u00e9cologique, joue un r\u00f4le indirect mais important dans ces migrations.<\/p>\n\n\n\n<p>Face \u00e0 ce d\u00e9fi, l\u2019Organisation internationale pour les migrations (OIM) rappelle que les migrants et les diasporas sont des acteurs cl\u00e9s de la transition \u00e9cologique. Gr\u00e2ce \u00e0 leurs comp\u00e9tences, connaissances et ressources, ils soutiennent des solutions durables, participent \u00e0 la construction de communaut\u00e9s r\u00e9silientes et contribuent \u00e0 la lutte contre la pollution.<\/p>\n\n\n\n<p>L\u2019OIM s\u2019engage \u00e0 poursuivre ses efforts pour apporter des r\u00e9ponses durables aux personnes d\u00e9plac\u00e9es, tout en r\u00e9duisant l\u2019impact des d\u00e9placements humains sur l\u2019environnement. L\u2019organisation appelle \u00e9galement \u00e0 une action concert\u00e9e et ambitieuse de la part des gouvernements, entreprises et citoyens pour mettre fin \u00e0 la pollution plastique, soutenir les populations vuln\u00e9rables et b\u00e2tir une plan\u00e8te plus saine pour les g\u00e9n\u00e9rations futures.<\/p>\n\n\n\n<p>En cette Journ\u00e9e mondiale de l\u2019environnement, le message est clair : il est temps d\u2019agir. La lutte contre la pollution plastique n\u2019est pas seulement une priorit\u00e9 environnementale, c\u2019est aussi une n\u00e9cessit\u00e9 humanitaire et sociale.<\/p>\n","protected":false},"excerpt":{"rendered":"<p>Le 5 juin, la plan\u00e8te se mobilise \u00e0 l\u2019occasion de la Journ\u00e9e mondiale de l\u2019environnement, plac\u00e9e cette ann\u00e9e sous le th\u00e8me \u00ab Mettre fin \u00e0 la pollution plastique mondiale \u00bb. Coordonn\u00e9e par le Programme des Nations Unies pour l\u2019environnement (PNUE), cette journ\u00e9e est un moment cl\u00e9 pour rappeler l\u2019urgence de lutter contre une crise environnementale<\/p>\n","protected":false},"author":1,"featured_media":14880,"comment_status":"open","ping_status":"open","sticky":false,"template":"","format":"standard","meta":{"footnotes":""},"categories":[2],"tags":[1445,1439,1451,1447,697,1438,1443,1440,1055,1448,1435,1437,1441,1450,1442,1449,1434,1436,1247,1446,1444],"class_list":{"0":"post-14879","1":"post","2":"type-post","3":"status-publish","4":"format-standard","5":"has-post-thumbnail","7":"category-environnement","8":"tag-action-concertee","9":"tag-biodiversite","10":"tag-citoyens","11":"tag-communautes-resilientes","12":"tag-crise-climatique","13":"tag-crise-environnementale","14":"tag-crise-sanitaire","15":"tag-dechets-plastiques","16":"tag-entreprises","17":"tag-gouvernements","18":"tag-journee-mondiale-de-lenvironnement","19":"tag-microplastiques","20":"tag-migration-ecologique","21":"tag-necessite-humanitaire","22":"tag-organisation-internationale-pour-les-migrations","23":"tag-planete-plus-saine","24":"tag-pollution-plastique","25":"tag-programme-des-nations-unies-pour-lenvironnement","26":"tag-sensibilisation","27":"tag-solutions-durables","28":"tag-transition-ecologique"},"yoast_head":"<!-- This site is optimized with the Yoast SEO plugin v27.0 - https:\/\/yoast.com\/product\/yoast-seo-wordpress\/ -->\n<title>Journ\u00e9e mondiale de l\u2019environnement 2025 : Un appel urgent pour mettre fin \u00e0 la pollution plastique - Loni-infos<\/title>\n<meta name=\"robots\" content=\"index, follow, max-snippet:-1, max-image-preview:large, max-video-preview:-1\" \/>\n<link rel=\"canonical\" href=\"https:\/\/www.loni-infos.com\/index.php\/2025\/06\/05\/journee-mondiale-de-lenvironnement-2025-un-appel-urgent-pour-mettre-fin-a-la-pollution-plastique\/\" \/>\n<meta property=\"og:locale\" content=\"fr_FR\" \/>\n<meta property=\"og:type\" content=\"article\" \/>\n<meta property=\"og:title\" content=\"Journ\u00e9e mondiale de l\u2019environnement 2025 : Un appel urgent pour mettre fin \u00e0 la pollution plastique - Loni-infos\" \/>\n<meta property=\"og:description\" content=\"Le 5 juin, la plan\u00e8te se mobilise \u00e0 l\u2019occasion de la Journ\u00e9e mondiale de l\u2019environnement, plac\u00e9e cette ann\u00e9e sous le th\u00e8me \u00ab Mettre fin \u00e0 la pollution plastique mondiale \u00bb. Coordonn\u00e9e par le Programme des Nations Unies pour l\u2019environnement (PNUE), cette journ\u00e9e est un moment cl\u00e9 pour rappeler l\u2019urgence de lutter contre une crise environnementale\" \/>\n<meta property=\"og:url\" content=\"https:\/\/www.loni-infos.com\/index.php\/2025\/06\/05\/journee-mondiale-de-lenvironnement-2025-un-appel-urgent-pour-mettre-fin-a-la-pollution-plastique\/\" \/>\n<meta property=\"og:site_name\" content=\"Loni-infos\" \/>\n<meta property=\"article:published_time\" content=\"2025-06-05T15:33:43+00:00\" \/>\n<meta property=\"article:modified_time\" content=\"2025-06-05T15:33:45+00:00\" \/>\n<meta property=\"og:image\" content=\"https:\/\/www.loni-infos.com\/wp-content\/uploads\/2025\/06\/pollution.png\" \/>\n\t<meta property=\"og:image:width\" content=\"1280\" \/>\n\t<meta property=\"og:image:height\" content=\"853\" \/>\n\t<meta property=\"og:image:type\" content=\"image\/png\" \/>\n<meta name=\"twitter:card\" content=\"summary_large_image\" \/>\n<meta name=\"twitter:label1\" content=\"\u00c9crit par\" \/>\n\t<meta name=\"twitter:data1\" content=\"\" \/>\n\t<meta name=\"twitter:label2\" content=\"Dur\u00e9e de lecture estim\u00e9e\" \/>\n\t<meta name=\"twitter:data2\" content=\"3 minutes\" \/>\n<script type=\"application\/ld+json\" class=\"yoast-schema-graph\">{\"@context\":\"https:\/\/schema.org\",\"@graph\":[{\"@type\":\"Article\",\"@id\":\"https:\/\/www.loni-infos.com\/index.php\/2025\/06\/05\/journee-mondiale-de-lenvironnement-2025-un-appel-urgent-pour-mettre-fin-a-la-pollution-plastique\/#article\",\"isPartOf\":{\"@id\":\"https:\/\/www.loni-infos.com\/index.php\/2025\/06\/05\/journee-mondiale-de-lenvironnement-2025-un-appel-urgent-pour-mettre-fin-a-la-pollution-plastique\/\"},\"author\":{\"name\":\"\",\"@id\":\"\"},\"headline\":\"Journ\u00e9e mondiale de l\u2019environnement 2025 : Un appel urgent pour mettre fin \u00e0 la pollution plastique\",\"datePublished\":\"2025-06-05T15:33:43+00:00\",\"dateModified\":\"2025-06-05T15:33:45+00:00\",\"mainEntityOfPage\":{\"@id\":\"https:\/\/www.loni-infos.com\/index.php\/2025\/06\/05\/journee-mondiale-de-lenvironnement-2025-un-appel-urgent-pour-mettre-fin-a-la-pollution-plastique\/\"},\"wordCount\":463,\"commentCount\":0,\"image\":{\"@id\":\"https:\/\/www.loni-infos.com\/index.php\/2025\/06\/05\/journee-mondiale-de-lenvironnement-2025-un-appel-urgent-pour-mettre-fin-a-la-pollution-plastique\/#primaryimage\"},\"thumbnailUrl\":\"https:\/\/www.loni-infos.com\/wp-content\/uploads\/2025\/06\/pollution.png\",\"keywords\":[\"action concert\u00e9e\",\"biodiversit\u00e9\",\"citoyens\",\"communaut\u00e9s r\u00e9silientes\",\"crise climatique\",\"crise environnementale\",\"crise sanitaire\",\"d\u00e9chets plastiques\",\"entreprises\",\"gouvernements\",\"Journ\u00e9e mondiale de l\u2019environnement\",\"microplastiques\",\"migration \u00e9cologique\",\"n\u00e9cessit\u00e9 humanitaire\",\"Organisation internationale pour les migrations\",\"plan\u00e8te plus saine\",\"pollution plastique\",\"Programme des Nations Unies pour l\u2019environnement\",\"sensibilisation\",\"solutions durables\",\"transition \u00e9cologique\"],\"articleSection\":[\"Environnement\"],\"inLanguage\":\"fr-FR\",\"potentialAction\":[{\"@type\":\"CommentAction\",\"name\":\"Comment\",\"target\":[\"https:\/\/www.loni-infos.com\/index.php\/2025\/06\/05\/journee-mondiale-de-lenvironnement-2025-un-appel-urgent-pour-mettre-fin-a-la-pollution-plastique\/#respond\"]}]},{\"@type\":\"WebPage\",\"@id\":\"https:\/\/www.loni-infos.com\/index.php\/2025\/06\/05\/journee-mondiale-de-lenvironnement-2025-un-appel-urgent-pour-mettre-fin-a-la-pollution-plastique\/\",\"url\":\"https:\/\/www.loni-infos.com\/index.php\/2025\/06\/05\/journee-mondiale-de-lenvironnement-2025-un-appel-urgent-pour-mettre-fin-a-la-pollution-plastique\/\",\"name\":\"Journ\u00e9e mondiale de l\u2019environnement 2025 : Un appel urgent pour mettre fin \u00e0 la pollution plastique - Loni-infos\",\"isPartOf\":{\"@id\":\"https:\/\/www.loni-infos.com\/#website\"},\"primaryImageOfPage\":{\"@id\":\"https:\/\/www.loni-infos.com\/index.php\/2025\/06\/05\/journee-mondiale-de-lenvironnement-2025-un-appel-urgent-pour-mettre-fin-a-la-pollution-plastique\/#primaryimage\"},\"image\":{\"@id\":\"https:\/\/www.loni-infos.com\/index.php\/2025\/06\/05\/journee-mondiale-de-lenvironnement-2025-un-appel-urgent-pour-mettre-fin-a-la-pollution-plastique\/#primaryimage\"},\"thumbnailUrl\":\"https:\/\/www.loni-infos.com\/wp-content\/uploads\/2025\/06\/pollution.png\",\"datePublished\":\"2025-06-05T15:33:43+00:00\",\"dateModified\":\"2025-06-05T15:33:45+00:00\",\"author\":{\"@id\":\"\"},\"breadcrumb\":{\"@id\":\"https:\/\/www.loni-infos.com\/index.php\/2025\/06\/05\/journee-mondiale-de-lenvironnement-2025-un-appel-urgent-pour-mettre-fin-a-la-pollution-plastique\/#breadcrumb\"},\"inLanguage\":\"fr-FR\",\"potentialAction\":[{\"@type\":\"ReadAction\",\"target\":[\"https:\/\/www.loni-infos.com\/index.php\/2025\/06\/05\/journee-mondiale-de-lenvironnement-2025-un-appel-urgent-pour-mettre-fin-a-la-pollution-plastique\/\"]}]},{\"@type\":\"ImageObject\",\"inLanguage\":\"fr-FR\",\"@id\":\"https:\/\/www.loni-infos.com\/index.php\/2025\/06\/05\/journee-mondiale-de-lenvironnement-2025-un-appel-urgent-pour-mettre-fin-a-la-pollution-plastique\/#primaryimage\",\"url\":\"https:\/\/www.loni-infos.com\/wp-content\/uploads\/2025\/06\/pollution.png\",\"contentUrl\":\"https:\/\/www.loni-infos.com\/wp-content\/uploads\/2025\/06\/pollution.png\",\"width\":1280,\"height\":853},{\"@type\":\"BreadcrumbList\",\"@id\":\"https:\/\/www.loni-infos.com\/index.php\/2025\/06\/05\/journee-mondiale-de-lenvironnement-2025-un-appel-urgent-pour-mettre-fin-a-la-pollution-plastique\/#breadcrumb\",\"itemListElement\":[{\"@type\":\"ListItem\",\"position\":1,\"name\":\"Accueil\",\"item\":\"https:\/\/www.loni-infos.com\/\"},{\"@type\":\"ListItem\",\"position\":2,\"name\":\"Journ\u00e9e mondiale de l\u2019environnement 2025 : Un appel urgent pour mettre fin \u00e0 la pollution plastique\"}]},{\"@type\":\"WebSite\",\"@id\":\"https:\/\/www.loni-infos.com\/#website\",\"url\":\"https:\/\/www.loni-infos.com\/\",\"name\":\"Loni-infos\",\"description\":\"Vous servir des infos est notre devoir\",\"potentialAction\":[{\"@type\":\"SearchAction\",\"target\":{\"@type\":\"EntryPoint\",\"urlTemplate\":\"https:\/\/www.loni-infos.com\/?s={search_term_string}\"},\"query-input\":{\"@type\":\"PropertyValueSpecification\",\"valueRequired\":true,\"valueName\":\"search_term_string\"}}],\"inLanguage\":\"fr-FR\"},{\"@type\":\"Person\",\"@id\":\"\",\"url\":\"https:\/\/www.loni-infos.com\/index.php\/author\/\"}]}<\/script>\n<!-- \/ Yoast SEO plugin. -->","yoast_head_json":{"title":"Journ\u00e9e mondiale de l\u2019environnement 2025 : Un appel urgent pour mettre fin \u00e0 la pollution plastique - Loni-infos","robots":{"index":"index","follow":"follow","max-snippet":"max-snippet:-1","max-image-preview":"max-image-preview:large","max-video-preview":"max-video-preview:-1"},"canonical":"https:\/\/www.loni-infos.com\/index.php\/2025\/06\/05\/journee-mondiale-de-lenvironnement-2025-un-appel-urgent-pour-mettre-fin-a-la-pollution-plastique\/","og_locale":"fr_FR","og_type":"article","og_title":"Journ\u00e9e mondiale de l\u2019environnement 2025 : Un appel urgent pour mettre fin \u00e0 la pollution plastique - Loni-infos","og_description":"Le 5 juin, la plan\u00e8te se mobilise \u00e0 l\u2019occasion de la Journ\u00e9e mondiale de l\u2019environnement, plac\u00e9e cette ann\u00e9e sous le th\u00e8me \u00ab Mettre fin \u00e0 la pollution plastique mondiale \u00bb. Coordonn\u00e9e par le Programme des Nations Unies pour l\u2019environnement (PNUE), cette journ\u00e9e est un moment cl\u00e9 pour rappeler l\u2019urgence de lutter contre une crise environnementale","og_url":"https:\/\/www.loni-infos.com\/index.php\/2025\/06\/05\/journee-mondiale-de-lenvironnement-2025-un-appel-urgent-pour-mettre-fin-a-la-pollution-plastique\/","og_site_name":"Loni-infos","article_published_time":"2025-06-05T15:33:43+00:00","article_modified_time":"2025-06-05T15:33:45+00:00","og_image":[{"width":1280,"height":853,"url":"https:\/\/www.loni-infos.com\/wp-content\/uploads\/2025\/06\/pollution.png","type":"image\/png"}],"twitter_card":"summary_large_image","twitter_misc":{"\u00c9crit par":"","Dur\u00e9e de lecture estim\u00e9e":"3 minutes"},"schema":{"@context":"https:\/\/schema.org","@graph":[{"@type":"Article","@id":"https:\/\/www.loni-infos.com\/index.php\/2025\/06\/05\/journee-mondiale-de-lenvironnement-2025-un-appel-urgent-pour-mettre-fin-a-la-pollution-plastique\/#article","isPartOf":{"@id":"https:\/\/www.loni-infos.com\/index.php\/2025\/06\/05\/journee-mondiale-de-lenvironnement-2025-un-appel-urgent-pour-mettre-fin-a-la-pollution-plastique\/"},"author":{"name":"","@id":""},"headline":"Journ\u00e9e mondiale de l\u2019environnement 2025 : Un appel urgent pour mettre fin \u00e0 la pollution plastique","datePublished":"2025-06-05T15:33:43+00:00","dateModified":"2025-06-05T15:33:45+00:00","mainEntityOfPage":{"@id":"https:\/\/www.loni-infos.com\/index.php\/2025\/06\/05\/journee-mondiale-de-lenvironnement-2025-un-appel-urgent-pour-mettre-fin-a-la-pollution-plastique\/"},"wordCount":463,"commentCount":0,"image":{"@id":"https:\/\/www.loni-infos.com\/index.php\/2025\/06\/05\/journee-mondiale-de-lenvironnement-2025-un-appel-urgent-pour-mettre-fin-a-la-pollution-plastique\/#primaryimage"},"thumbnailUrl":"https:\/\/www.loni-infos.com\/wp-content\/uploads\/2025\/06\/pollution.png","keywords":["action concert\u00e9e","biodiversit\u00e9","citoyens","communaut\u00e9s r\u00e9silientes","crise climatique","crise environnementale","crise sanitaire","d\u00e9chets plastiques","entreprises","gouvernements","Journ\u00e9e mondiale de l\u2019environnement","microplastiques","migration \u00e9cologique","n\u00e9cessit\u00e9 humanitaire","Organisation internationale pour les migrations","plan\u00e8te plus saine","pollution plastique","Programme des Nations Unies pour l\u2019environnement","sensibilisation","solutions durables","transition \u00e9cologique"],"articleSection":["Environnement"],"inLanguage":"fr-FR","potentialAction":[{"@type":"CommentAction","name":"Comment","target":["https:\/\/www.loni-infos.com\/index.php\/2025\/06\/05\/journee-mondiale-de-lenvironnement-2025-un-appel-urgent-pour-mettre-fin-a-la-pollution-plastique\/#respond"]}]},{"@type":"WebPage","@id":"https:\/\/www.loni-infos.com\/index.php\/2025\/06\/05\/journee-mondiale-de-lenvironnement-2025-un-appel-urgent-pour-mettre-fin-a-la-pollution-plastique\/","url":"https:\/\/www.loni-infos.com\/index.php\/2025\/06\/05\/journee-mondiale-de-lenvironnement-2025-un-appel-urgent-pour-mettre-fin-a-la-pollution-plastique\/","name":"Journ\u00e9e mondiale de l\u2019environnement 2025 : Un appel urgent pour mettre fin \u00e0 la pollution plastique - Loni-infos","isPartOf":{"@id":"https:\/\/www.loni-infos.com\/#website"},"primaryImageOfPage":{"@id":"https:\/\/www.loni-infos.com\/index.php\/2025\/06\/05\/journee-mondiale-de-lenvironnement-2025-un-appel-urgent-pour-mettre-fin-a-la-pollution-plastique\/#primaryimage"},"image":{"@id":"https:\/\/www.loni-infos.com\/index.php\/2025\/06\/05\/journee-mondiale-de-lenvironnement-2025-un-appel-urgent-pour-mettre-fin-a-la-pollution-plastique\/#primaryimage"},"thumbnailUrl":"https:\/\/www.loni-infos.com\/wp-content\/uploads\/2025\/06\/pollution.png","datePublished":"2025-06-05T15:33:43+00:00","dateModified":"2025-06-05T15:33:45+00:00","author":{"@id":""},"breadcrumb":{"@id":"https:\/\/www.loni-infos.com\/index.php\/2025\/06\/05\/journee-mondiale-de-lenvironnement-2025-un-appel-urgent-pour-mettre-fin-a-la-pollution-plastique\/#breadcrumb"},"inLanguage":"fr-FR","potentialAction":[{"@type":"ReadAction","target":["https:\/\/www.loni-infos.com\/index.php\/2025\/06\/05\/journee-mondiale-de-lenvironnement-2025-un-appel-urgent-pour-mettre-fin-a-la-pollution-plastique\/"]}]},{"@type":"ImageObject","inLanguage":"fr-FR","@id":"https:\/\/www.loni-infos.com\/index.php\/2025\/06\/05\/journee-mondiale-de-lenvironnement-2025-un-appel-urgent-pour-mettre-fin-a-la-pollution-plastique\/#primaryimage","url":"https:\/\/www.loni-infos.com\/wp-content\/uploads\/2025\/06\/pollution.png","contentUrl":"https:\/\/www.loni-infos.com\/wp-content\/uploads\/2025\/06\/pollution.png","width":1280,"height":853},{"@type":"BreadcrumbList","@id":"https:\/\/www.loni-infos.com\/index.php\/2025\/06\/05\/journee-mondiale-de-lenvironnement-2025-un-appel-urgent-pour-mettre-fin-a-la-pollution-plastique\/#breadcrumb","itemListElement":[{"@type":"ListItem","position":1,"name":"Accueil","item":"https:\/\/www.loni-infos.com\/"},{"@type":"ListItem","position":2,"name":"Journ\u00e9e mondiale de l\u2019environnement 2025 : Un appel urgent pour mettre fin \u00e0 la pollution plastique"}]},{"@type":"WebSite","@id":"https:\/\/www.loni-infos.com\/#website","url":"https:\/\/www.loni-infos.com\/","name":"Loni-infos","description":"Vous servir des infos est notre devoir","potentialAction":[{"@type":"SearchAction","target":{"@type":"EntryPoint","urlTemplate":"https:\/\/www.loni-infos.com\/?s={search_term_string}"},"query-input":{"@type":"PropertyValueSpecification","valueRequired":true,"valueName":"search_term_string"}}],"inLanguage":"fr-FR"},{"@type":"Person","@id":"","url":"https:\/\/www.loni-infos.com\/index.php\/author\/"}]}},"_links":{"self":[{"href":"https:\/\/www.loni-infos.com\/index.php\/wp-json\/wp\/v2\/posts\/14879","targetHints":{"allow":["GET"]}}],"collection":[{"href":"https:\/\/www.loni-infos.com\/index.php\/wp-json\/wp\/v2\/posts"}],"about":[{"href":"https:\/\/www.loni-infos.com\/index.php\/wp-json\/wp\/v2\/types\/post"}],"author":[{"embeddable":true,"href":"https:\/\/www.loni-infos.com\/index.php\/wp-json\/wp\/v2\/users\/1"}],"replies":[{"embeddable":true,"href":"https:\/\/www.loni-infos.com\/index.php\/wp-json\/wp\/v2\/comments?post=14879"}],"version-history":[{"count":1,"href":"https:\/\/www.loni-infos.com\/index.php\/wp-json\/wp\/v2\/posts\/14879\/revisions"}],"predecessor-version":[{"id":14881,"href":"https:\/\/www.loni-infos.com\/index.php\/wp-json\/wp\/v2\/posts\/14879\/revisions\/14881"}],"wp:featuredmedia":[{"embeddable":true,"href":"https:\/\/www.loni-infos.com\/index.php\/wp-json\/wp\/v2\/media\/14880"}],"wp:attachment":[{"href":"https:\/\/www.loni-infos.com\/index.php\/wp-json\/wp\/v2\/media?parent=14879"}],"wp:term":[{"taxonomy":"category","embeddable":true,"href":"https:\/\/www.loni-infos.com\/index.php\/wp-json\/wp\/v2\/categories?post=14879"},{"taxonomy":"post_tag","embeddable":true,"href":"https:\/\/www.loni-infos.com\/index.php\/wp-json\/wp\/v2\/tags?post=14879"}],"curies":[{"name":"wp","href":"https:\/\/api.w.org\/{rel}","templated":true}]}}