{"id":1519,"date":"2023-11-13T08:13:50","date_gmt":"2023-11-13T07:13:50","guid":{"rendered":"https:\/\/www.loni-infos.com\/?p=1519"},"modified":"2023-11-13T08:13:53","modified_gmt":"2023-11-13T07:13:53","slug":"mali-intenses-combats-a-proximite-de-kidal-entre-larmee-et-les-rebelles","status":"publish","type":"post","link":"https:\/\/www.loni-infos.com\/index.php\/2023\/11\/13\/mali-intenses-combats-a-proximite-de-kidal-entre-larmee-et-les-rebelles\/","title":{"rendered":"Mali : intenses combats \u00e0 proximit\u00e9 de Kidal entre l&#8217;arm\u00e9e et les rebelles"},"content":{"rendered":"\n<p>D\u2019intenses combats \u00e0 l\u2019arme lourde ont \u00e9t\u00e9 signal\u00e9s samedi \u00e0 proximit\u00e9 de la ville de Kidal (nord) entre les Forces arm\u00e9es Maliennes (FAMa) et les rebelles du Cadre strat\u00e9gique permanent pour la paix, la s\u00e9curit\u00e9 et le d\u00e9veloppement (CSP-PSD), regroupant les principaux groupes arm\u00e9s maliens du nord du pays, qui occupaient la ville depuis 2012.<\/p>\n\n\n\n<p>&nbsp;\u00ab Des actions combin\u00e9es a\u00e9roterrestres ont permis de mettre en d\u00e9bandade les terroristes \u00bb, soulignant que \u00ab la progression des FAMa sur la localit\u00e9 de Kidal a repris et sera men\u00e9e \u00e0 bien \u00bb.<\/p>\n\n\n\n<p>De son c\u00f4t\u00e9, la Cellule d&#8217;Information et de Communication des Affaires Militaires du Haut Conseil pour l&#8217;Unit\u00e9 de l&#8217;Azawad (HCUA) a indiqu\u00e9 que \u00ab l&#8217;arm\u00e9e nationale azawadienne a men\u00e9 ce samedi des combats vigoureux dans la soir\u00e9e face \u00e0 l&#8217;avanc\u00e9e d&#8217;un convoi de l&#8217;arm\u00e9e malienne et de la milice Wagner \u00e0 25 km \u00e0 l&#8217;ouest de Kidal \u00bb. La m\u00eame source annonce avoir mis \u00ab en retraite l&#8217;arm\u00e9e malienne et ses suppl\u00e9tifs russes avec des pertes consid\u00e9rables \u00bb sans donner plus de d\u00e9tails<\/p>\n","protected":false},"excerpt":{"rendered":"<p>D\u2019intenses combats \u00e0 l\u2019arme lourde ont \u00e9t\u00e9 signal\u00e9s samedi \u00e0 proximit\u00e9 de la ville de Kidal (nord) entre les Forces arm\u00e9es Maliennes (FAMa) et les rebelles du Cadre strat\u00e9gique permanent pour la paix, la s\u00e9curit\u00e9 et le d\u00e9veloppement (CSP-PSD), regroupant les principaux groupes arm\u00e9s maliens du nord du pays, qui occupaient la ville depuis 2012.<\/p>\n","protected":false},"author":1,"featured_media":1520,"comment_status":"open","ping_status":"open","sticky":true,"template":"","format":"standard","meta":{"footnotes":""},"categories":[80],"tags":[415,86],"class_list":{"0":"post-1519","1":"post","2":"type-post","3":"status-publish","4":"format-standard","5":"has-post-thumbnail","7":"category-politique","8":"tag-azawad","9":"tag-mali"},"yoast_head":"<!-- This site is optimized with the Yoast SEO plugin v27.0 - https:\/\/yoast.com\/product\/yoast-seo-wordpress\/ -->\n<title>Mali : intenses combats \u00e0 proximit\u00e9 de Kidal entre l&#039;arm\u00e9e et les rebelles - Loni-infos<\/title>\n<meta name=\"robots\" content=\"index, follow, max-snippet:-1, max-image-preview:large, max-video-preview:-1\" \/>\n<link rel=\"canonical\" href=\"https:\/\/www.loni-infos.com\/index.php\/2023\/11\/13\/mali-intenses-combats-a-proximite-de-kidal-entre-larmee-et-les-rebelles\/\" \/>\n<meta property=\"og:locale\" content=\"fr_FR\" \/>\n<meta property=\"og:type\" content=\"article\" \/>\n<meta property=\"og:title\" content=\"Mali : intenses combats \u00e0 proximit\u00e9 de Kidal entre l&#039;arm\u00e9e et les rebelles - Loni-infos\" \/>\n<meta property=\"og:description\" content=\"D\u2019intenses combats \u00e0 l\u2019arme lourde ont \u00e9t\u00e9 signal\u00e9s samedi \u00e0 proximit\u00e9 de la ville de Kidal (nord) entre les Forces arm\u00e9es Maliennes (FAMa) et les rebelles du Cadre strat\u00e9gique permanent pour la paix, la s\u00e9curit\u00e9 et le d\u00e9veloppement (CSP-PSD), regroupant les principaux groupes arm\u00e9s maliens du nord du pays, qui occupaient la ville depuis 2012.\" \/>\n<meta property=\"og:url\" content=\"https:\/\/www.loni-infos.com\/index.php\/2023\/11\/13\/mali-intenses-combats-a-proximite-de-kidal-entre-larmee-et-les-rebelles\/\" \/>\n<meta property=\"og:site_name\" content=\"Loni-infos\" \/>\n<meta property=\"article:published_time\" content=\"2023-11-13T07:13:50+00:00\" \/>\n<meta property=\"article:modified_time\" content=\"2023-11-13T07:13:53+00:00\" \/>\n<meta property=\"og:image\" content=\"https:\/\/www.loni-infos.com\/wp-content\/uploads\/2023\/11\/NORD-DU-MALI.jpg\" \/>\n\t<meta property=\"og:image:width\" content=\"864\" \/>\n\t<meta property=\"og:image:height\" content=\"486\" \/>\n\t<meta property=\"og:image:type\" content=\"image\/jpeg\" \/>\n<meta name=\"twitter:card\" content=\"summary_large_image\" \/>\n<meta name=\"twitter:label1\" content=\"\u00c9crit par\" \/>\n\t<meta name=\"twitter:data1\" content=\"\" \/>\n\t<meta name=\"twitter:label2\" content=\"Dur\u00e9e de lecture estim\u00e9e\" \/>\n\t<meta name=\"twitter:data2\" content=\"1 minute\" \/>\n<script type=\"application\/ld+json\" class=\"yoast-schema-graph\">{\"@context\":\"https:\/\/schema.org\",\"@graph\":[{\"@type\":\"Article\",\"@id\":\"https:\/\/www.loni-infos.com\/index.php\/2023\/11\/13\/mali-intenses-combats-a-proximite-de-kidal-entre-larmee-et-les-rebelles\/#article\",\"isPartOf\":{\"@id\":\"https:\/\/www.loni-infos.com\/index.php\/2023\/11\/13\/mali-intenses-combats-a-proximite-de-kidal-entre-larmee-et-les-rebelles\/\"},\"author\":{\"name\":\"\",\"@id\":\"\"},\"headline\":\"Mali : intenses combats \u00e0 proximit\u00e9 de Kidal entre l&#8217;arm\u00e9e et les rebelles\",\"datePublished\":\"2023-11-13T07:13:50+00:00\",\"dateModified\":\"2023-11-13T07:13:53+00:00\",\"mainEntityOfPage\":{\"@id\":\"https:\/\/www.loni-infos.com\/index.php\/2023\/11\/13\/mali-intenses-combats-a-proximite-de-kidal-entre-larmee-et-les-rebelles\/\"},\"wordCount\":201,\"commentCount\":0,\"image\":{\"@id\":\"https:\/\/www.loni-infos.com\/index.php\/2023\/11\/13\/mali-intenses-combats-a-proximite-de-kidal-entre-larmee-et-les-rebelles\/#primaryimage\"},\"thumbnailUrl\":\"https:\/\/www.loni-infos.com\/wp-content\/uploads\/2023\/11\/NORD-DU-MALI.jpg\",\"keywords\":[\"Azawad\",\"Mali\"],\"articleSection\":[\"Politique\"],\"inLanguage\":\"fr-FR\",\"potentialAction\":[{\"@type\":\"CommentAction\",\"name\":\"Comment\",\"target\":[\"https:\/\/www.loni-infos.com\/index.php\/2023\/11\/13\/mali-intenses-combats-a-proximite-de-kidal-entre-larmee-et-les-rebelles\/#respond\"]}]},{\"@type\":\"WebPage\",\"@id\":\"https:\/\/www.loni-infos.com\/index.php\/2023\/11\/13\/mali-intenses-combats-a-proximite-de-kidal-entre-larmee-et-les-rebelles\/\",\"url\":\"https:\/\/www.loni-infos.com\/index.php\/2023\/11\/13\/mali-intenses-combats-a-proximite-de-kidal-entre-larmee-et-les-rebelles\/\",\"name\":\"Mali : intenses combats \u00e0 proximit\u00e9 de Kidal entre l'arm\u00e9e et les rebelles - Loni-infos\",\"isPartOf\":{\"@id\":\"https:\/\/www.loni-infos.com\/#website\"},\"primaryImageOfPage\":{\"@id\":\"https:\/\/www.loni-infos.com\/index.php\/2023\/11\/13\/mali-intenses-combats-a-proximite-de-kidal-entre-larmee-et-les-rebelles\/#primaryimage\"},\"image\":{\"@id\":\"https:\/\/www.loni-infos.com\/index.php\/2023\/11\/13\/mali-intenses-combats-a-proximite-de-kidal-entre-larmee-et-les-rebelles\/#primaryimage\"},\"thumbnailUrl\":\"https:\/\/www.loni-infos.com\/wp-content\/uploads\/2023\/11\/NORD-DU-MALI.jpg\",\"datePublished\":\"2023-11-13T07:13:50+00:00\",\"dateModified\":\"2023-11-13T07:13:53+00:00\",\"author\":{\"@id\":\"\"},\"breadcrumb\":{\"@id\":\"https:\/\/www.loni-infos.com\/index.php\/2023\/11\/13\/mali-intenses-combats-a-proximite-de-kidal-entre-larmee-et-les-rebelles\/#breadcrumb\"},\"inLanguage\":\"fr-FR\",\"potentialAction\":[{\"@type\":\"ReadAction\",\"target\":[\"https:\/\/www.loni-infos.com\/index.php\/2023\/11\/13\/mali-intenses-combats-a-proximite-de-kidal-entre-larmee-et-les-rebelles\/\"]}]},{\"@type\":\"ImageObject\",\"inLanguage\":\"fr-FR\",\"@id\":\"https:\/\/www.loni-infos.com\/index.php\/2023\/11\/13\/mali-intenses-combats-a-proximite-de-kidal-entre-larmee-et-les-rebelles\/#primaryimage\",\"url\":\"https:\/\/www.loni-infos.com\/wp-content\/uploads\/2023\/11\/NORD-DU-MALI.jpg\",\"contentUrl\":\"https:\/\/www.loni-infos.com\/wp-content\/uploads\/2023\/11\/NORD-DU-MALI.jpg\",\"width\":864,\"height\":486},{\"@type\":\"BreadcrumbList\",\"@id\":\"https:\/\/www.loni-infos.com\/index.php\/2023\/11\/13\/mali-intenses-combats-a-proximite-de-kidal-entre-larmee-et-les-rebelles\/#breadcrumb\",\"itemListElement\":[{\"@type\":\"ListItem\",\"position\":1,\"name\":\"Accueil\",\"item\":\"https:\/\/www.loni-infos.com\/\"},{\"@type\":\"ListItem\",\"position\":2,\"name\":\"Mali : intenses combats \u00e0 proximit\u00e9 de Kidal entre l&rsquo;arm\u00e9e et les rebelles\"}]},{\"@type\":\"WebSite\",\"@id\":\"https:\/\/www.loni-infos.com\/#website\",\"url\":\"https:\/\/www.loni-infos.com\/\",\"name\":\"Loni-infos\",\"description\":\"Vous servir des infos est notre devoir\",\"potentialAction\":[{\"@type\":\"SearchAction\",\"target\":{\"@type\":\"EntryPoint\",\"urlTemplate\":\"https:\/\/www.loni-infos.com\/?s={search_term_string}\"},\"query-input\":{\"@type\":\"PropertyValueSpecification\",\"valueRequired\":true,\"valueName\":\"search_term_string\"}}],\"inLanguage\":\"fr-FR\"},{\"@type\":\"Person\",\"@id\":\"\",\"url\":\"https:\/\/www.loni-infos.com\/index.php\/author\/\"}]}<\/script>\n<!-- \/ Yoast SEO plugin. -->","yoast_head_json":{"title":"Mali : intenses combats \u00e0 proximit\u00e9 de Kidal entre l'arm\u00e9e et les rebelles - Loni-infos","robots":{"index":"index","follow":"follow","max-snippet":"max-snippet:-1","max-image-preview":"max-image-preview:large","max-video-preview":"max-video-preview:-1"},"canonical":"https:\/\/www.loni-infos.com\/index.php\/2023\/11\/13\/mali-intenses-combats-a-proximite-de-kidal-entre-larmee-et-les-rebelles\/","og_locale":"fr_FR","og_type":"article","og_title":"Mali : intenses combats \u00e0 proximit\u00e9 de Kidal entre l'arm\u00e9e et les rebelles - Loni-infos","og_description":"D\u2019intenses combats \u00e0 l\u2019arme lourde ont \u00e9t\u00e9 signal\u00e9s samedi \u00e0 proximit\u00e9 de la ville de Kidal (nord) entre les Forces arm\u00e9es Maliennes (FAMa) et les rebelles du Cadre strat\u00e9gique permanent pour la paix, la s\u00e9curit\u00e9 et le d\u00e9veloppement (CSP-PSD), regroupant les principaux groupes arm\u00e9s maliens du nord du pays, qui occupaient la ville depuis 2012.","og_url":"https:\/\/www.loni-infos.com\/index.php\/2023\/11\/13\/mali-intenses-combats-a-proximite-de-kidal-entre-larmee-et-les-rebelles\/","og_site_name":"Loni-infos","article_published_time":"2023-11-13T07:13:50+00:00","article_modified_time":"2023-11-13T07:13:53+00:00","og_image":[{"width":864,"height":486,"url":"https:\/\/www.loni-infos.com\/wp-content\/uploads\/2023\/11\/NORD-DU-MALI.jpg","type":"image\/jpeg"}],"twitter_card":"summary_large_image","twitter_misc":{"\u00c9crit par":"","Dur\u00e9e de lecture estim\u00e9e":"1 minute"},"schema":{"@context":"https:\/\/schema.org","@graph":[{"@type":"Article","@id":"https:\/\/www.loni-infos.com\/index.php\/2023\/11\/13\/mali-intenses-combats-a-proximite-de-kidal-entre-larmee-et-les-rebelles\/#article","isPartOf":{"@id":"https:\/\/www.loni-infos.com\/index.php\/2023\/11\/13\/mali-intenses-combats-a-proximite-de-kidal-entre-larmee-et-les-rebelles\/"},"author":{"name":"","@id":""},"headline":"Mali : intenses combats \u00e0 proximit\u00e9 de Kidal entre l&#8217;arm\u00e9e et les rebelles","datePublished":"2023-11-13T07:13:50+00:00","dateModified":"2023-11-13T07:13:53+00:00","mainEntityOfPage":{"@id":"https:\/\/www.loni-infos.com\/index.php\/2023\/11\/13\/mali-intenses-combats-a-proximite-de-kidal-entre-larmee-et-les-rebelles\/"},"wordCount":201,"commentCount":0,"image":{"@id":"https:\/\/www.loni-infos.com\/index.php\/2023\/11\/13\/mali-intenses-combats-a-proximite-de-kidal-entre-larmee-et-les-rebelles\/#primaryimage"},"thumbnailUrl":"https:\/\/www.loni-infos.com\/wp-content\/uploads\/2023\/11\/NORD-DU-MALI.jpg","keywords":["Azawad","Mali"],"articleSection":["Politique"],"inLanguage":"fr-FR","potentialAction":[{"@type":"CommentAction","name":"Comment","target":["https:\/\/www.loni-infos.com\/index.php\/2023\/11\/13\/mali-intenses-combats-a-proximite-de-kidal-entre-larmee-et-les-rebelles\/#respond"]}]},{"@type":"WebPage","@id":"https:\/\/www.loni-infos.com\/index.php\/2023\/11\/13\/mali-intenses-combats-a-proximite-de-kidal-entre-larmee-et-les-rebelles\/","url":"https:\/\/www.loni-infos.com\/index.php\/2023\/11\/13\/mali-intenses-combats-a-proximite-de-kidal-entre-larmee-et-les-rebelles\/","name":"Mali : intenses combats \u00e0 proximit\u00e9 de Kidal entre l'arm\u00e9e et les rebelles - Loni-infos","isPartOf":{"@id":"https:\/\/www.loni-infos.com\/#website"},"primaryImageOfPage":{"@id":"https:\/\/www.loni-infos.com\/index.php\/2023\/11\/13\/mali-intenses-combats-a-proximite-de-kidal-entre-larmee-et-les-rebelles\/#primaryimage"},"image":{"@id":"https:\/\/www.loni-infos.com\/index.php\/2023\/11\/13\/mali-intenses-combats-a-proximite-de-kidal-entre-larmee-et-les-rebelles\/#primaryimage"},"thumbnailUrl":"https:\/\/www.loni-infos.com\/wp-content\/uploads\/2023\/11\/NORD-DU-MALI.jpg","datePublished":"2023-11-13T07:13:50+00:00","dateModified":"2023-11-13T07:13:53+00:00","author":{"@id":""},"breadcrumb":{"@id":"https:\/\/www.loni-infos.com\/index.php\/2023\/11\/13\/mali-intenses-combats-a-proximite-de-kidal-entre-larmee-et-les-rebelles\/#breadcrumb"},"inLanguage":"fr-FR","potentialAction":[{"@type":"ReadAction","target":["https:\/\/www.loni-infos.com\/index.php\/2023\/11\/13\/mali-intenses-combats-a-proximite-de-kidal-entre-larmee-et-les-rebelles\/"]}]},{"@type":"ImageObject","inLanguage":"fr-FR","@id":"https:\/\/www.loni-infos.com\/index.php\/2023\/11\/13\/mali-intenses-combats-a-proximite-de-kidal-entre-larmee-et-les-rebelles\/#primaryimage","url":"https:\/\/www.loni-infos.com\/wp-content\/uploads\/2023\/11\/NORD-DU-MALI.jpg","contentUrl":"https:\/\/www.loni-infos.com\/wp-content\/uploads\/2023\/11\/NORD-DU-MALI.jpg","width":864,"height":486},{"@type":"BreadcrumbList","@id":"https:\/\/www.loni-infos.com\/index.php\/2023\/11\/13\/mali-intenses-combats-a-proximite-de-kidal-entre-larmee-et-les-rebelles\/#breadcrumb","itemListElement":[{"@type":"ListItem","position":1,"name":"Accueil","item":"https:\/\/www.loni-infos.com\/"},{"@type":"ListItem","position":2,"name":"Mali : intenses combats \u00e0 proximit\u00e9 de Kidal entre l&rsquo;arm\u00e9e et les rebelles"}]},{"@type":"WebSite","@id":"https:\/\/www.loni-infos.com\/#website","url":"https:\/\/www.loni-infos.com\/","name":"Loni-infos","description":"Vous servir des infos est notre devoir","potentialAction":[{"@type":"SearchAction","target":{"@type":"EntryPoint","urlTemplate":"https:\/\/www.loni-infos.com\/?s={search_term_string}"},"query-input":{"@type":"PropertyValueSpecification","valueRequired":true,"valueName":"search_term_string"}}],"inLanguage":"fr-FR"},{"@type":"Person","@id":"","url":"https:\/\/www.loni-infos.com\/index.php\/author\/"}]}},"_links":{"self":[{"href":"https:\/\/www.loni-infos.com\/index.php\/wp-json\/wp\/v2\/posts\/1519","targetHints":{"allow":["GET"]}}],"collection":[{"href":"https:\/\/www.loni-infos.com\/index.php\/wp-json\/wp\/v2\/posts"}],"about":[{"href":"https:\/\/www.loni-infos.com\/index.php\/wp-json\/wp\/v2\/types\/post"}],"author":[{"embeddable":true,"href":"https:\/\/www.loni-infos.com\/index.php\/wp-json\/wp\/v2\/users\/1"}],"replies":[{"embeddable":true,"href":"https:\/\/www.loni-infos.com\/index.php\/wp-json\/wp\/v2\/comments?post=1519"}],"version-history":[{"count":1,"href":"https:\/\/www.loni-infos.com\/index.php\/wp-json\/wp\/v2\/posts\/1519\/revisions"}],"predecessor-version":[{"id":1521,"href":"https:\/\/www.loni-infos.com\/index.php\/wp-json\/wp\/v2\/posts\/1519\/revisions\/1521"}],"wp:featuredmedia":[{"embeddable":true,"href":"https:\/\/www.loni-infos.com\/index.php\/wp-json\/wp\/v2\/media\/1520"}],"wp:attachment":[{"href":"https:\/\/www.loni-infos.com\/index.php\/wp-json\/wp\/v2\/media?parent=1519"}],"wp:term":[{"taxonomy":"category","embeddable":true,"href":"https:\/\/www.loni-infos.com\/index.php\/wp-json\/wp\/v2\/categories?post=1519"},{"taxonomy":"post_tag","embeddable":true,"href":"https:\/\/www.loni-infos.com\/index.php\/wp-json\/wp\/v2\/tags?post=1519"}],"curies":[{"name":"wp","href":"https:\/\/api.w.org\/{rel}","templated":true}]}}