{"id":15210,"date":"2025-07-09T13:51:17","date_gmt":"2025-07-09T11:51:17","guid":{"rendered":"https:\/\/www.loni-infos.com\/?p=15210"},"modified":"2025-07-09T13:51:19","modified_gmt":"2025-07-09T11:51:19","slug":"guinee-lanad-denonce-la-disparition-forcee-de-fonike-mengue-et-mamadou-billo-bah-un-an-apres-les-faits","status":"publish","type":"post","link":"https:\/\/www.loni-infos.com\/index.php\/2025\/07\/09\/guinee-lanad-denonce-la-disparition-forcee-de-fonike-mengue-et-mamadou-billo-bah-un-an-apres-les-faits\/","title":{"rendered":"Guin\u00e9e : L\u2019ANAD d\u00e9nonce la disparition forc\u00e9e de Fonik\u00e9 Mengu\u00e8 et Mamadou Billo Bah, un an apr\u00e8s les faits"},"content":{"rendered":"\n<p>Un an jour pour jour apr\u00e8s la disparition forc\u00e9e d\u2019Oumar Sylla, alias Fonik\u00e9 Mengu\u00e8, et de Mamadou Billo Bah, l\u2019Alliance Nationale pour l\u2019Alternance et la D\u00e9mocratie (ANAD) tire la sonnette d\u2019alarme. Dans un communiqu\u00e9 publi\u00e9 ce mercredi, la coalition d\u00e9nonce avec vigueur ce qu\u2019elle qualifie de \u00ab strat\u00e9gie d\u00e9lib\u00e9r\u00e9e de terreur \u00bb men\u00e9e par la junte au pouvoir en Guin\u00e9e, pour faire taire les voix dissidentes.<\/p>\n\n\n\n<p>Selon l\u2019ANAD, les disparitions de ces deux figures embl\u00e9matiques du combat citoyen ne sont pas des cas isol\u00e9s. L\u2019organisation d\u00e9nonce une s\u00e9rie d\u2019enl\u00e8vements, d\u2019arrestations arbitraires et de traitements inhumains \u00e0 l\u2019encontre d\u2019autres citoyens, parmi lesquels Marouane Camara, Sadou Nimaga, Aliou Bah, Abdoul Sacko et plus r\u00e9cemment Ma\u00eetre Mohamed Traor\u00e9. Certains sont toujours port\u00e9s disparus, d\u2019autres ont \u00e9t\u00e9 condamn\u00e9s ou ont subi de graves violations de leurs droits fondamentaux.<\/p>\n\n\n\n<p>Pour l\u2019ANAD, le \u00ab crime \u00bb de ces citoyens est d\u2019avoir os\u00e9 d\u00e9noncer les d\u00e9rives autoritaires de la junte et sa volont\u00e9 de confisquer le pouvoir. Elle accuse les autorit\u00e9s de multiplier les intimidations et les violences \u00e0 l\u2019encontre des leaders politiques et des acteurs de la soci\u00e9t\u00e9 civile.<\/p>\n\n\n\n<p>Face \u00e0 cette situation, la coalition politique exige la lib\u00e9ration imm\u00e9diate et sans condition de toutes les personnes d\u00e9tenues arbitrairement, notamment Fonik\u00e9 Mengu\u00e8, Mamadou Billo Bah, Marouane Camara, Sadou Nimaga et Aliou Bah. Elle appelle aussi \u00e0 l\u2019identification, la poursuite et la traduction en justice des auteurs et complices de ces exactions.<\/p>\n\n\n\n<p>Enfin, l\u2019ANAD adresse un message de solidarit\u00e9 aux victimes de cette \u00ab d\u00e9rive autoritaire \u00bb et salue l\u2019engagement du Barreau de Guin\u00e9e aux c\u00f4t\u00e9s de Ma\u00eetre Mohamed Traor\u00e9.<\/p>\n\n\n<div class=\"wp-block-image\">\n<figure class=\"aligncenter size-large\"><img fetchpriority=\"high\" decoding=\"async\" width=\"806\" height=\"1024\" src=\"https:\/\/www.loni-infos.com\/wp-content\/uploads\/2025\/07\/WhatsApp-Image-2025-07-09-at-11.46.39-806x1024.jpeg\" alt=\"\" class=\"wp-image-15211\" srcset=\"https:\/\/www.loni-infos.com\/wp-content\/uploads\/2025\/07\/WhatsApp-Image-2025-07-09-at-11.46.39-806x1024.jpeg 806w, https:\/\/www.loni-infos.com\/wp-content\/uploads\/2025\/07\/WhatsApp-Image-2025-07-09-at-11.46.39-236x300.jpeg 236w, https:\/\/www.loni-infos.com\/wp-content\/uploads\/2025\/07\/WhatsApp-Image-2025-07-09-at-11.46.39-768x976.jpeg 768w, https:\/\/www.loni-infos.com\/wp-content\/uploads\/2025\/07\/WhatsApp-Image-2025-07-09-at-11.46.39.jpeg 850w\" sizes=\"(max-width: 806px) 100vw, 806px\" \/><\/figure>\n<\/div>","protected":false},"excerpt":{"rendered":"<p>Un an jour pour jour apr\u00e8s la disparition forc\u00e9e d\u2019Oumar Sylla, alias Fonik\u00e9 Mengu\u00e8, et de Mamadou Billo Bah, l\u2019Alliance Nationale pour l\u2019Alternance et la D\u00e9mocratie (ANAD) tire la sonnette d\u2019alarme. Dans un communiqu\u00e9 publi\u00e9 ce mercredi, la coalition d\u00e9nonce avec vigueur ce qu\u2019elle qualifie de \u00ab strat\u00e9gie d\u00e9lib\u00e9r\u00e9e de terreur \u00bb men\u00e9e par la<\/p>\n","protected":false},"author":1,"featured_media":4301,"comment_status":"open","ping_status":"open","sticky":false,"template":"","format":"standard","meta":{"footnotes":""},"categories":[20],"tags":[965,650,112,1789,915,1793,1788,1078,1387,1786,17,1790,1794,1787,1792,1796,917,1791,442,1795],"class_list":{"0":"post-15210","1":"post","2":"type-post","3":"status-publish","4":"format-standard","5":"has-post-thumbnail","7":"category-societe","8":"tag-abdoul-sacko","9":"tag-aliou-bah","10":"tag-anad","11":"tag-arrestation-arbitraire","12":"tag-democratie","13":"tag-derives-autoritaires","14":"tag-disparition-forcee","15":"tag-droits-humains","16":"tag-enlevement","17":"tag-fonike-mengue","18":"tag-guinee","19":"tag-junte-guineenne","20":"tag-maitre-mohamed-traore","21":"tag-mamadou-billo-bah","22":"tag-marouane-camara","23":"tag-opposition-2","24":"tag-repression","25":"tag-sadou-nimaga","26":"tag-societe-civile","27":"tag-traitement-inhumain"},"yoast_head":"<!-- This site is optimized with the Yoast SEO plugin v27.0 - https:\/\/yoast.com\/product\/yoast-seo-wordpress\/ -->\n<title>Guin\u00e9e : L\u2019ANAD d\u00e9nonce la disparition forc\u00e9e de Fonik\u00e9 Mengu\u00e8 et Mamadou Billo Bah, un an apr\u00e8s les faits - Loni-infos<\/title>\n<meta name=\"robots\" content=\"index, follow, max-snippet:-1, max-image-preview:large, max-video-preview:-1\" \/>\n<link rel=\"canonical\" href=\"https:\/\/www.loni-infos.com\/index.php\/2025\/07\/09\/guinee-lanad-denonce-la-disparition-forcee-de-fonike-mengue-et-mamadou-billo-bah-un-an-apres-les-faits\/\" \/>\n<meta property=\"og:locale\" content=\"fr_FR\" \/>\n<meta property=\"og:type\" content=\"article\" \/>\n<meta property=\"og:title\" content=\"Guin\u00e9e : L\u2019ANAD d\u00e9nonce la disparition forc\u00e9e de Fonik\u00e9 Mengu\u00e8 et Mamadou Billo Bah, un an apr\u00e8s les faits - Loni-infos\" \/>\n<meta property=\"og:description\" content=\"Un an jour pour jour apr\u00e8s la disparition forc\u00e9e d\u2019Oumar Sylla, alias Fonik\u00e9 Mengu\u00e8, et de Mamadou Billo Bah, l\u2019Alliance Nationale pour l\u2019Alternance et la D\u00e9mocratie (ANAD) tire la sonnette d\u2019alarme. Dans un communiqu\u00e9 publi\u00e9 ce mercredi, la coalition d\u00e9nonce avec vigueur ce qu\u2019elle qualifie de \u00ab strat\u00e9gie d\u00e9lib\u00e9r\u00e9e de terreur \u00bb men\u00e9e par la\" \/>\n<meta property=\"og:url\" content=\"https:\/\/www.loni-infos.com\/index.php\/2025\/07\/09\/guinee-lanad-denonce-la-disparition-forcee-de-fonike-mengue-et-mamadou-billo-bah-un-an-apres-les-faits\/\" \/>\n<meta property=\"og:site_name\" content=\"Loni-infos\" \/>\n<meta property=\"article:published_time\" content=\"2025-07-09T11:51:17+00:00\" \/>\n<meta property=\"article:modified_time\" content=\"2025-07-09T11:51:19+00:00\" \/>\n<meta property=\"og:image\" content=\"https:\/\/www.loni-infos.com\/wp-content\/uploads\/2024\/07\/FB_IMG_1721421069563.jpg\" \/>\n\t<meta property=\"og:image:width\" content=\"720\" \/>\n\t<meta property=\"og:image:height\" content=\"729\" \/>\n\t<meta property=\"og:image:type\" content=\"image\/jpeg\" \/>\n<meta name=\"twitter:card\" content=\"summary_large_image\" \/>\n<meta name=\"twitter:label1\" content=\"\u00c9crit par\" \/>\n\t<meta name=\"twitter:data1\" content=\"\" \/>\n\t<meta name=\"twitter:label2\" content=\"Dur\u00e9e de lecture estim\u00e9e\" \/>\n\t<meta name=\"twitter:data2\" content=\"2 minutes\" \/>\n<script type=\"application\/ld+json\" class=\"yoast-schema-graph\">{\"@context\":\"https:\/\/schema.org\",\"@graph\":[{\"@type\":\"Article\",\"@id\":\"https:\/\/www.loni-infos.com\/index.php\/2025\/07\/09\/guinee-lanad-denonce-la-disparition-forcee-de-fonike-mengue-et-mamadou-billo-bah-un-an-apres-les-faits\/#article\",\"isPartOf\":{\"@id\":\"https:\/\/www.loni-infos.com\/index.php\/2025\/07\/09\/guinee-lanad-denonce-la-disparition-forcee-de-fonike-mengue-et-mamadou-billo-bah-un-an-apres-les-faits\/\"},\"author\":{\"name\":\"\",\"@id\":\"\"},\"headline\":\"Guin\u00e9e : L\u2019ANAD d\u00e9nonce la disparition forc\u00e9e de Fonik\u00e9 Mengu\u00e8 et Mamadou Billo Bah, un an apr\u00e8s les faits\",\"datePublished\":\"2025-07-09T11:51:17+00:00\",\"dateModified\":\"2025-07-09T11:51:19+00:00\",\"mainEntityOfPage\":{\"@id\":\"https:\/\/www.loni-infos.com\/index.php\/2025\/07\/09\/guinee-lanad-denonce-la-disparition-forcee-de-fonike-mengue-et-mamadou-billo-bah-un-an-apres-les-faits\/\"},\"wordCount\":325,\"commentCount\":0,\"image\":{\"@id\":\"https:\/\/www.loni-infos.com\/index.php\/2025\/07\/09\/guinee-lanad-denonce-la-disparition-forcee-de-fonike-mengue-et-mamadou-billo-bah-un-an-apres-les-faits\/#primaryimage\"},\"thumbnailUrl\":\"https:\/\/www.loni-infos.com\/wp-content\/uploads\/2024\/07\/FB_IMG_1721421069563.jpg\",\"keywords\":[\"Abdoul Sacko\",\"Aliou Bah\",\"Anad\",\"arrestation arbitraire\",\"d\u00e9mocratie\",\"d\u00e9rives autoritaires\",\"disparition forc\u00e9e\",\"Droits humains\",\"Enl\u00e8vement\",\"Fonik\u00e9 Mengu\u00e8\",\"Guin\u00e9e\",\"junte guin\u00e9enne\",\"Ma\u00eetre Mohamed Traor\u00e9\",\"Mamadou Billo Bah\",\"Marouane Camara\",\"opposition.\",\"r\u00e9pression\",\"Sadou Nimaga\",\"Soci\u00e9t\u00e9 civile\",\"traitement inhumain\"],\"articleSection\":[\"Soci\u00e9t\u00e9\"],\"inLanguage\":\"fr-FR\",\"potentialAction\":[{\"@type\":\"CommentAction\",\"name\":\"Comment\",\"target\":[\"https:\/\/www.loni-infos.com\/index.php\/2025\/07\/09\/guinee-lanad-denonce-la-disparition-forcee-de-fonike-mengue-et-mamadou-billo-bah-un-an-apres-les-faits\/#respond\"]}]},{\"@type\":\"WebPage\",\"@id\":\"https:\/\/www.loni-infos.com\/index.php\/2025\/07\/09\/guinee-lanad-denonce-la-disparition-forcee-de-fonike-mengue-et-mamadou-billo-bah-un-an-apres-les-faits\/\",\"url\":\"https:\/\/www.loni-infos.com\/index.php\/2025\/07\/09\/guinee-lanad-denonce-la-disparition-forcee-de-fonike-mengue-et-mamadou-billo-bah-un-an-apres-les-faits\/\",\"name\":\"Guin\u00e9e : L\u2019ANAD d\u00e9nonce la disparition forc\u00e9e de Fonik\u00e9 Mengu\u00e8 et Mamadou Billo Bah, un an apr\u00e8s les faits - Loni-infos\",\"isPartOf\":{\"@id\":\"https:\/\/www.loni-infos.com\/#website\"},\"primaryImageOfPage\":{\"@id\":\"https:\/\/www.loni-infos.com\/index.php\/2025\/07\/09\/guinee-lanad-denonce-la-disparition-forcee-de-fonike-mengue-et-mamadou-billo-bah-un-an-apres-les-faits\/#primaryimage\"},\"image\":{\"@id\":\"https:\/\/www.loni-infos.com\/index.php\/2025\/07\/09\/guinee-lanad-denonce-la-disparition-forcee-de-fonike-mengue-et-mamadou-billo-bah-un-an-apres-les-faits\/#primaryimage\"},\"thumbnailUrl\":\"https:\/\/www.loni-infos.com\/wp-content\/uploads\/2024\/07\/FB_IMG_1721421069563.jpg\",\"datePublished\":\"2025-07-09T11:51:17+00:00\",\"dateModified\":\"2025-07-09T11:51:19+00:00\",\"author\":{\"@id\":\"\"},\"breadcrumb\":{\"@id\":\"https:\/\/www.loni-infos.com\/index.php\/2025\/07\/09\/guinee-lanad-denonce-la-disparition-forcee-de-fonike-mengue-et-mamadou-billo-bah-un-an-apres-les-faits\/#breadcrumb\"},\"inLanguage\":\"fr-FR\",\"potentialAction\":[{\"@type\":\"ReadAction\",\"target\":[\"https:\/\/www.loni-infos.com\/index.php\/2025\/07\/09\/guinee-lanad-denonce-la-disparition-forcee-de-fonike-mengue-et-mamadou-billo-bah-un-an-apres-les-faits\/\"]}]},{\"@type\":\"ImageObject\",\"inLanguage\":\"fr-FR\",\"@id\":\"https:\/\/www.loni-infos.com\/index.php\/2025\/07\/09\/guinee-lanad-denonce-la-disparition-forcee-de-fonike-mengue-et-mamadou-billo-bah-un-an-apres-les-faits\/#primaryimage\",\"url\":\"https:\/\/www.loni-infos.com\/wp-content\/uploads\/2024\/07\/FB_IMG_1721421069563.jpg\",\"contentUrl\":\"https:\/\/www.loni-infos.com\/wp-content\/uploads\/2024\/07\/FB_IMG_1721421069563.jpg\",\"width\":720,\"height\":729},{\"@type\":\"BreadcrumbList\",\"@id\":\"https:\/\/www.loni-infos.com\/index.php\/2025\/07\/09\/guinee-lanad-denonce-la-disparition-forcee-de-fonike-mengue-et-mamadou-billo-bah-un-an-apres-les-faits\/#breadcrumb\",\"itemListElement\":[{\"@type\":\"ListItem\",\"position\":1,\"name\":\"Accueil\",\"item\":\"https:\/\/www.loni-infos.com\/\"},{\"@type\":\"ListItem\",\"position\":2,\"name\":\"Guin\u00e9e : L\u2019ANAD d\u00e9nonce la disparition forc\u00e9e de Fonik\u00e9 Mengu\u00e8 et Mamadou Billo Bah, un an apr\u00e8s les faits\"}]},{\"@type\":\"WebSite\",\"@id\":\"https:\/\/www.loni-infos.com\/#website\",\"url\":\"https:\/\/www.loni-infos.com\/\",\"name\":\"Loni-infos\",\"description\":\"Vous servir des infos est notre devoir\",\"potentialAction\":[{\"@type\":\"SearchAction\",\"target\":{\"@type\":\"EntryPoint\",\"urlTemplate\":\"https:\/\/www.loni-infos.com\/?s={search_term_string}\"},\"query-input\":{\"@type\":\"PropertyValueSpecification\",\"valueRequired\":true,\"valueName\":\"search_term_string\"}}],\"inLanguage\":\"fr-FR\"},{\"@type\":\"Person\",\"@id\":\"\",\"url\":\"https:\/\/www.loni-infos.com\/index.php\/author\/\"}]}<\/script>\n<!-- \/ Yoast SEO plugin. -->","yoast_head_json":{"title":"Guin\u00e9e : L\u2019ANAD d\u00e9nonce la disparition forc\u00e9e de Fonik\u00e9 Mengu\u00e8 et Mamadou Billo Bah, un an apr\u00e8s les faits - Loni-infos","robots":{"index":"index","follow":"follow","max-snippet":"max-snippet:-1","max-image-preview":"max-image-preview:large","max-video-preview":"max-video-preview:-1"},"canonical":"https:\/\/www.loni-infos.com\/index.php\/2025\/07\/09\/guinee-lanad-denonce-la-disparition-forcee-de-fonike-mengue-et-mamadou-billo-bah-un-an-apres-les-faits\/","og_locale":"fr_FR","og_type":"article","og_title":"Guin\u00e9e : L\u2019ANAD d\u00e9nonce la disparition forc\u00e9e de Fonik\u00e9 Mengu\u00e8 et Mamadou Billo Bah, un an apr\u00e8s les faits - Loni-infos","og_description":"Un an jour pour jour apr\u00e8s la disparition forc\u00e9e d\u2019Oumar Sylla, alias Fonik\u00e9 Mengu\u00e8, et de Mamadou Billo Bah, l\u2019Alliance Nationale pour l\u2019Alternance et la D\u00e9mocratie (ANAD) tire la sonnette d\u2019alarme. Dans un communiqu\u00e9 publi\u00e9 ce mercredi, la coalition d\u00e9nonce avec vigueur ce qu\u2019elle qualifie de \u00ab strat\u00e9gie d\u00e9lib\u00e9r\u00e9e de terreur \u00bb men\u00e9e par la","og_url":"https:\/\/www.loni-infos.com\/index.php\/2025\/07\/09\/guinee-lanad-denonce-la-disparition-forcee-de-fonike-mengue-et-mamadou-billo-bah-un-an-apres-les-faits\/","og_site_name":"Loni-infos","article_published_time":"2025-07-09T11:51:17+00:00","article_modified_time":"2025-07-09T11:51:19+00:00","og_image":[{"width":720,"height":729,"url":"https:\/\/www.loni-infos.com\/wp-content\/uploads\/2024\/07\/FB_IMG_1721421069563.jpg","type":"image\/jpeg"}],"twitter_card":"summary_large_image","twitter_misc":{"\u00c9crit par":"","Dur\u00e9e de lecture estim\u00e9e":"2 minutes"},"schema":{"@context":"https:\/\/schema.org","@graph":[{"@type":"Article","@id":"https:\/\/www.loni-infos.com\/index.php\/2025\/07\/09\/guinee-lanad-denonce-la-disparition-forcee-de-fonike-mengue-et-mamadou-billo-bah-un-an-apres-les-faits\/#article","isPartOf":{"@id":"https:\/\/www.loni-infos.com\/index.php\/2025\/07\/09\/guinee-lanad-denonce-la-disparition-forcee-de-fonike-mengue-et-mamadou-billo-bah-un-an-apres-les-faits\/"},"author":{"name":"","@id":""},"headline":"Guin\u00e9e : L\u2019ANAD d\u00e9nonce la disparition forc\u00e9e de Fonik\u00e9 Mengu\u00e8 et Mamadou Billo Bah, un an apr\u00e8s les faits","datePublished":"2025-07-09T11:51:17+00:00","dateModified":"2025-07-09T11:51:19+00:00","mainEntityOfPage":{"@id":"https:\/\/www.loni-infos.com\/index.php\/2025\/07\/09\/guinee-lanad-denonce-la-disparition-forcee-de-fonike-mengue-et-mamadou-billo-bah-un-an-apres-les-faits\/"},"wordCount":325,"commentCount":0,"image":{"@id":"https:\/\/www.loni-infos.com\/index.php\/2025\/07\/09\/guinee-lanad-denonce-la-disparition-forcee-de-fonike-mengue-et-mamadou-billo-bah-un-an-apres-les-faits\/#primaryimage"},"thumbnailUrl":"https:\/\/www.loni-infos.com\/wp-content\/uploads\/2024\/07\/FB_IMG_1721421069563.jpg","keywords":["Abdoul Sacko","Aliou Bah","Anad","arrestation arbitraire","d\u00e9mocratie","d\u00e9rives autoritaires","disparition forc\u00e9e","Droits humains","Enl\u00e8vement","Fonik\u00e9 Mengu\u00e8","Guin\u00e9e","junte guin\u00e9enne","Ma\u00eetre Mohamed Traor\u00e9","Mamadou Billo Bah","Marouane Camara","opposition.","r\u00e9pression","Sadou Nimaga","Soci\u00e9t\u00e9 civile","traitement inhumain"],"articleSection":["Soci\u00e9t\u00e9"],"inLanguage":"fr-FR","potentialAction":[{"@type":"CommentAction","name":"Comment","target":["https:\/\/www.loni-infos.com\/index.php\/2025\/07\/09\/guinee-lanad-denonce-la-disparition-forcee-de-fonike-mengue-et-mamadou-billo-bah-un-an-apres-les-faits\/#respond"]}]},{"@type":"WebPage","@id":"https:\/\/www.loni-infos.com\/index.php\/2025\/07\/09\/guinee-lanad-denonce-la-disparition-forcee-de-fonike-mengue-et-mamadou-billo-bah-un-an-apres-les-faits\/","url":"https:\/\/www.loni-infos.com\/index.php\/2025\/07\/09\/guinee-lanad-denonce-la-disparition-forcee-de-fonike-mengue-et-mamadou-billo-bah-un-an-apres-les-faits\/","name":"Guin\u00e9e : L\u2019ANAD d\u00e9nonce la disparition forc\u00e9e de Fonik\u00e9 Mengu\u00e8 et Mamadou Billo Bah, un an apr\u00e8s les faits - Loni-infos","isPartOf":{"@id":"https:\/\/www.loni-infos.com\/#website"},"primaryImageOfPage":{"@id":"https:\/\/www.loni-infos.com\/index.php\/2025\/07\/09\/guinee-lanad-denonce-la-disparition-forcee-de-fonike-mengue-et-mamadou-billo-bah-un-an-apres-les-faits\/#primaryimage"},"image":{"@id":"https:\/\/www.loni-infos.com\/index.php\/2025\/07\/09\/guinee-lanad-denonce-la-disparition-forcee-de-fonike-mengue-et-mamadou-billo-bah-un-an-apres-les-faits\/#primaryimage"},"thumbnailUrl":"https:\/\/www.loni-infos.com\/wp-content\/uploads\/2024\/07\/FB_IMG_1721421069563.jpg","datePublished":"2025-07-09T11:51:17+00:00","dateModified":"2025-07-09T11:51:19+00:00","author":{"@id":""},"breadcrumb":{"@id":"https:\/\/www.loni-infos.com\/index.php\/2025\/07\/09\/guinee-lanad-denonce-la-disparition-forcee-de-fonike-mengue-et-mamadou-billo-bah-un-an-apres-les-faits\/#breadcrumb"},"inLanguage":"fr-FR","potentialAction":[{"@type":"ReadAction","target":["https:\/\/www.loni-infos.com\/index.php\/2025\/07\/09\/guinee-lanad-denonce-la-disparition-forcee-de-fonike-mengue-et-mamadou-billo-bah-un-an-apres-les-faits\/"]}]},{"@type":"ImageObject","inLanguage":"fr-FR","@id":"https:\/\/www.loni-infos.com\/index.php\/2025\/07\/09\/guinee-lanad-denonce-la-disparition-forcee-de-fonike-mengue-et-mamadou-billo-bah-un-an-apres-les-faits\/#primaryimage","url":"https:\/\/www.loni-infos.com\/wp-content\/uploads\/2024\/07\/FB_IMG_1721421069563.jpg","contentUrl":"https:\/\/www.loni-infos.com\/wp-content\/uploads\/2024\/07\/FB_IMG_1721421069563.jpg","width":720,"height":729},{"@type":"BreadcrumbList","@id":"https:\/\/www.loni-infos.com\/index.php\/2025\/07\/09\/guinee-lanad-denonce-la-disparition-forcee-de-fonike-mengue-et-mamadou-billo-bah-un-an-apres-les-faits\/#breadcrumb","itemListElement":[{"@type":"ListItem","position":1,"name":"Accueil","item":"https:\/\/www.loni-infos.com\/"},{"@type":"ListItem","position":2,"name":"Guin\u00e9e : L\u2019ANAD d\u00e9nonce la disparition forc\u00e9e de Fonik\u00e9 Mengu\u00e8 et Mamadou Billo Bah, un an apr\u00e8s les faits"}]},{"@type":"WebSite","@id":"https:\/\/www.loni-infos.com\/#website","url":"https:\/\/www.loni-infos.com\/","name":"Loni-infos","description":"Vous servir des infos est notre devoir","potentialAction":[{"@type":"SearchAction","target":{"@type":"EntryPoint","urlTemplate":"https:\/\/www.loni-infos.com\/?s={search_term_string}"},"query-input":{"@type":"PropertyValueSpecification","valueRequired":true,"valueName":"search_term_string"}}],"inLanguage":"fr-FR"},{"@type":"Person","@id":"","url":"https:\/\/www.loni-infos.com\/index.php\/author\/"}]}},"_links":{"self":[{"href":"https:\/\/www.loni-infos.com\/index.php\/wp-json\/wp\/v2\/posts\/15210","targetHints":{"allow":["GET"]}}],"collection":[{"href":"https:\/\/www.loni-infos.com\/index.php\/wp-json\/wp\/v2\/posts"}],"about":[{"href":"https:\/\/www.loni-infos.com\/index.php\/wp-json\/wp\/v2\/types\/post"}],"author":[{"embeddable":true,"href":"https:\/\/www.loni-infos.com\/index.php\/wp-json\/wp\/v2\/users\/1"}],"replies":[{"embeddable":true,"href":"https:\/\/www.loni-infos.com\/index.php\/wp-json\/wp\/v2\/comments?post=15210"}],"version-history":[{"count":1,"href":"https:\/\/www.loni-infos.com\/index.php\/wp-json\/wp\/v2\/posts\/15210\/revisions"}],"predecessor-version":[{"id":15212,"href":"https:\/\/www.loni-infos.com\/index.php\/wp-json\/wp\/v2\/posts\/15210\/revisions\/15212"}],"wp:featuredmedia":[{"embeddable":true,"href":"https:\/\/www.loni-infos.com\/index.php\/wp-json\/wp\/v2\/media\/4301"}],"wp:attachment":[{"href":"https:\/\/www.loni-infos.com\/index.php\/wp-json\/wp\/v2\/media?parent=15210"}],"wp:term":[{"taxonomy":"category","embeddable":true,"href":"https:\/\/www.loni-infos.com\/index.php\/wp-json\/wp\/v2\/categories?post=15210"},{"taxonomy":"post_tag","embeddable":true,"href":"https:\/\/www.loni-infos.com\/index.php\/wp-json\/wp\/v2\/tags?post=15210"}],"curies":[{"name":"wp","href":"https:\/\/api.w.org\/{rel}","templated":true}]}}