{"id":15742,"date":"2025-09-05T21:05:28","date_gmt":"2025-09-05T19:05:28","guid":{"rendered":"https:\/\/www.loni-infos.com\/?p=15742"},"modified":"2025-09-05T21:05:29","modified_gmt":"2025-09-05T19:05:29","slug":"kankan-inauguration-de-la-mosquee-de-cheick-souleymane-sidibe","status":"publish","type":"post","link":"https:\/\/www.loni-infos.com\/index.php\/2025\/09\/05\/kankan-inauguration-de-la-mosquee-de-cheick-souleymane-sidibe\/","title":{"rendered":"Kankan : Inauguration de la mosqu\u00e9e de Cheick Souleymane Sidib\u00e9"},"content":{"rendered":"\n<p>En ce vendredi 05 septembre 2025, la ville de Kankan a v\u00e9cu un moment empreint de ferveur et de symbolisme avec l\u2019inauguration de la mosqu\u00e9e de l&#8217;\u00e9rudit Cheick Souleymane Sidib\u00e9, commun\u00e9ment appel\u00e9 Karamo Solo. Cette maison de pri\u00e8re et de rassemblement vient enrichir le patrimoine religieux et culturel de la commune urbaine.<\/p>\n\n\n\n<p>Cette c\u00e9r\u00e9monie solennelle a \u00e9t\u00e9 marqu\u00e9e par la pr\u00e9sence du ministre des Transports et porte-parole du gouvernement, Ousmane Gaoual Diallo, des autorit\u00e9s administratives et religieuses, ainsi que de nombreux fid\u00e8les venus de diff\u00e9rentes r\u00e9gions de la Guin\u00e9e, notamment de Kankan, Lab\u00e9, N\u2019Z\u00e9r\u00e9kor\u00e9 et de la Basse-C\u00f4te. Elle a \u00e9galement \u00e9t\u00e9 l\u2019occasion de rendre hommage \u00e0 la m\u00e9moire de Karamo Solo, figure embl\u00e9matique de pi\u00e9t\u00e9 et de sagesse, dont le nom restera \u00e0 jamais associ\u00e9 \u00e0 la promotion de l\u2019islam et des valeurs de fraternit\u00e9 dans la r\u00e9gion.<\/p>\n\n\n\n<p>Cette mosqu\u00e9e b\u00e2tie en \u00e9tage se distingue par son architecture moderne et adapt\u00e9e aux r\u00e9alit\u00e9s locales. Elle dispose d\u2019une grande salle de pri\u00e8re, d\u2019un espace r\u00e9serv\u00e9 aux femmes et d\u2019un autre pour les hommes. Cette infrastructure r\u00e9pond d\u00e9sormais au besoin croissant d\u2019un lieu de culte spacieux, apte \u00e0 accueillir les pri\u00e8res collectives.<\/p>\n\n\n<div class=\"wp-block-image\">\n<figure class=\"aligncenter size-full\"><img fetchpriority=\"high\" decoding=\"async\" width=\"1020\" height=\"471\" src=\"https:\/\/www.loni-infos.com\/wp-content\/uploads\/2025\/09\/IMG-20250905-WA0028.jpg\" alt=\"\" class=\"wp-image-15743\" srcset=\"https:\/\/www.loni-infos.com\/wp-content\/uploads\/2025\/09\/IMG-20250905-WA0028.jpg 1020w, https:\/\/www.loni-infos.com\/wp-content\/uploads\/2025\/09\/IMG-20250905-WA0028-300x139.jpg 300w, https:\/\/www.loni-infos.com\/wp-content\/uploads\/2025\/09\/IMG-20250905-WA0028-768x355.jpg 768w\" sizes=\"(max-width: 1020px) 100vw, 1020px\" \/><\/figure>\n<\/div>\n\n\n<p><\/p>\n\n\n\n<p>L\u2019inauguration de la mosqu\u00e9e de Karamo Solo restera grav\u00e9e dans l\u2019histoire comme un symbole de foi, de d\u00e9vouement et de continuit\u00e9 spirituelle. Elle incarne la volont\u00e9 d\u2019une communaut\u00e9 de pr\u00e9server son h\u00e9ritage religieux tout en ouvrant une nouvelle page vers l\u2019avenir.<\/p>\n\n\n\n<p>Kokoly Joseph Koli\u00e9, correspondant r\u00e9gional \u00e0 Kankan.<\/p>\n","protected":false},"excerpt":{"rendered":"<p>En ce vendredi 05 septembre 2025, la ville de Kankan a v\u00e9cu un moment empreint de ferveur et de symbolisme avec l\u2019inauguration de la mosqu\u00e9e de l&#8217;\u00e9rudit Cheick Souleymane Sidib\u00e9, commun\u00e9ment appel\u00e9 Karamo Solo. Cette maison de pri\u00e8re et de rassemblement vient enrichir le patrimoine religieux et culturel de la commune urbaine. Cette c\u00e9r\u00e9monie solennelle<\/p>\n","protected":false},"author":1,"featured_media":15744,"comment_status":"open","ping_status":"open","sticky":false,"template":"","format":"standard","meta":{"footnotes":""},"categories":[77],"tags":[],"class_list":{"0":"post-15742","1":"post","2":"type-post","3":"status-publish","4":"format-standard","5":"has-post-thumbnail","7":"category-dans-nos-regions"},"yoast_head":"<!-- This site is optimized with the Yoast SEO plugin v27.0 - https:\/\/yoast.com\/product\/yoast-seo-wordpress\/ -->\n<title>Kankan : Inauguration de la mosqu\u00e9e de Cheick Souleymane Sidib\u00e9 - Loni-infos<\/title>\n<meta name=\"robots\" content=\"index, follow, max-snippet:-1, max-image-preview:large, max-video-preview:-1\" \/>\n<link rel=\"canonical\" href=\"https:\/\/www.loni-infos.com\/index.php\/2025\/09\/05\/kankan-inauguration-de-la-mosquee-de-cheick-souleymane-sidibe\/\" \/>\n<meta property=\"og:locale\" content=\"fr_FR\" \/>\n<meta property=\"og:type\" content=\"article\" \/>\n<meta property=\"og:title\" content=\"Kankan : Inauguration de la mosqu\u00e9e de Cheick Souleymane Sidib\u00e9 - Loni-infos\" \/>\n<meta property=\"og:description\" content=\"En ce vendredi 05 septembre 2025, la ville de Kankan a v\u00e9cu un moment empreint de ferveur et de symbolisme avec l\u2019inauguration de la mosqu\u00e9e de l&#8217;\u00e9rudit Cheick Souleymane Sidib\u00e9, commun\u00e9ment appel\u00e9 Karamo Solo. Cette maison de pri\u00e8re et de rassemblement vient enrichir le patrimoine religieux et culturel de la commune urbaine. Cette c\u00e9r\u00e9monie solennelle\" \/>\n<meta property=\"og:url\" content=\"https:\/\/www.loni-infos.com\/index.php\/2025\/09\/05\/kankan-inauguration-de-la-mosquee-de-cheick-souleymane-sidibe\/\" \/>\n<meta property=\"og:site_name\" content=\"Loni-infos\" \/>\n<meta property=\"article:published_time\" content=\"2025-09-05T19:05:28+00:00\" \/>\n<meta property=\"article:modified_time\" content=\"2025-09-05T19:05:29+00:00\" \/>\n<meta property=\"og:image\" content=\"https:\/\/www.loni-infos.com\/wp-content\/uploads\/2025\/09\/IMG-20250905-WA0027.jpg\" \/>\n\t<meta property=\"og:image:width\" content=\"1020\" \/>\n\t<meta property=\"og:image:height\" content=\"471\" \/>\n\t<meta property=\"og:image:type\" content=\"image\/jpeg\" \/>\n<meta name=\"twitter:card\" content=\"summary_large_image\" \/>\n<meta name=\"twitter:label1\" content=\"\u00c9crit par\" \/>\n\t<meta name=\"twitter:data1\" content=\"\" \/>\n\t<meta name=\"twitter:label2\" content=\"Dur\u00e9e de lecture estim\u00e9e\" \/>\n\t<meta name=\"twitter:data2\" content=\"2 minutes\" \/>\n<script type=\"application\/ld+json\" class=\"yoast-schema-graph\">{\"@context\":\"https:\/\/schema.org\",\"@graph\":[{\"@type\":\"Article\",\"@id\":\"https:\/\/www.loni-infos.com\/index.php\/2025\/09\/05\/kankan-inauguration-de-la-mosquee-de-cheick-souleymane-sidibe\/#article\",\"isPartOf\":{\"@id\":\"https:\/\/www.loni-infos.com\/index.php\/2025\/09\/05\/kankan-inauguration-de-la-mosquee-de-cheick-souleymane-sidibe\/\"},\"author\":{\"name\":\"\",\"@id\":\"\"},\"headline\":\"Kankan : Inauguration de la mosqu\u00e9e de Cheick Souleymane Sidib\u00e9\",\"datePublished\":\"2025-09-05T19:05:28+00:00\",\"dateModified\":\"2025-09-05T19:05:29+00:00\",\"mainEntityOfPage\":{\"@id\":\"https:\/\/www.loni-infos.com\/index.php\/2025\/09\/05\/kankan-inauguration-de-la-mosquee-de-cheick-souleymane-sidibe\/\"},\"wordCount\":291,\"commentCount\":0,\"image\":{\"@id\":\"https:\/\/www.loni-infos.com\/index.php\/2025\/09\/05\/kankan-inauguration-de-la-mosquee-de-cheick-souleymane-sidibe\/#primaryimage\"},\"thumbnailUrl\":\"https:\/\/www.loni-infos.com\/wp-content\/uploads\/2025\/09\/IMG-20250905-WA0027.jpg\",\"articleSection\":[\"DANS NOS R\u00c9GIONS\"],\"inLanguage\":\"fr-FR\",\"potentialAction\":[{\"@type\":\"CommentAction\",\"name\":\"Comment\",\"target\":[\"https:\/\/www.loni-infos.com\/index.php\/2025\/09\/05\/kankan-inauguration-de-la-mosquee-de-cheick-souleymane-sidibe\/#respond\"]}]},{\"@type\":\"WebPage\",\"@id\":\"https:\/\/www.loni-infos.com\/index.php\/2025\/09\/05\/kankan-inauguration-de-la-mosquee-de-cheick-souleymane-sidibe\/\",\"url\":\"https:\/\/www.loni-infos.com\/index.php\/2025\/09\/05\/kankan-inauguration-de-la-mosquee-de-cheick-souleymane-sidibe\/\",\"name\":\"Kankan : Inauguration de la mosqu\u00e9e de Cheick Souleymane Sidib\u00e9 - Loni-infos\",\"isPartOf\":{\"@id\":\"https:\/\/www.loni-infos.com\/#website\"},\"primaryImageOfPage\":{\"@id\":\"https:\/\/www.loni-infos.com\/index.php\/2025\/09\/05\/kankan-inauguration-de-la-mosquee-de-cheick-souleymane-sidibe\/#primaryimage\"},\"image\":{\"@id\":\"https:\/\/www.loni-infos.com\/index.php\/2025\/09\/05\/kankan-inauguration-de-la-mosquee-de-cheick-souleymane-sidibe\/#primaryimage\"},\"thumbnailUrl\":\"https:\/\/www.loni-infos.com\/wp-content\/uploads\/2025\/09\/IMG-20250905-WA0027.jpg\",\"datePublished\":\"2025-09-05T19:05:28+00:00\",\"dateModified\":\"2025-09-05T19:05:29+00:00\",\"author\":{\"@id\":\"\"},\"breadcrumb\":{\"@id\":\"https:\/\/www.loni-infos.com\/index.php\/2025\/09\/05\/kankan-inauguration-de-la-mosquee-de-cheick-souleymane-sidibe\/#breadcrumb\"},\"inLanguage\":\"fr-FR\",\"potentialAction\":[{\"@type\":\"ReadAction\",\"target\":[\"https:\/\/www.loni-infos.com\/index.php\/2025\/09\/05\/kankan-inauguration-de-la-mosquee-de-cheick-souleymane-sidibe\/\"]}]},{\"@type\":\"ImageObject\",\"inLanguage\":\"fr-FR\",\"@id\":\"https:\/\/www.loni-infos.com\/index.php\/2025\/09\/05\/kankan-inauguration-de-la-mosquee-de-cheick-souleymane-sidibe\/#primaryimage\",\"url\":\"https:\/\/www.loni-infos.com\/wp-content\/uploads\/2025\/09\/IMG-20250905-WA0027.jpg\",\"contentUrl\":\"https:\/\/www.loni-infos.com\/wp-content\/uploads\/2025\/09\/IMG-20250905-WA0027.jpg\",\"width\":1020,\"height\":471},{\"@type\":\"BreadcrumbList\",\"@id\":\"https:\/\/www.loni-infos.com\/index.php\/2025\/09\/05\/kankan-inauguration-de-la-mosquee-de-cheick-souleymane-sidibe\/#breadcrumb\",\"itemListElement\":[{\"@type\":\"ListItem\",\"position\":1,\"name\":\"Accueil\",\"item\":\"https:\/\/www.loni-infos.com\/\"},{\"@type\":\"ListItem\",\"position\":2,\"name\":\"Kankan : Inauguration de la mosqu\u00e9e de Cheick Souleymane Sidib\u00e9\"}]},{\"@type\":\"WebSite\",\"@id\":\"https:\/\/www.loni-infos.com\/#website\",\"url\":\"https:\/\/www.loni-infos.com\/\",\"name\":\"Loni-infos\",\"description\":\"Vous servir des infos est notre devoir\",\"potentialAction\":[{\"@type\":\"SearchAction\",\"target\":{\"@type\":\"EntryPoint\",\"urlTemplate\":\"https:\/\/www.loni-infos.com\/?s={search_term_string}\"},\"query-input\":{\"@type\":\"PropertyValueSpecification\",\"valueRequired\":true,\"valueName\":\"search_term_string\"}}],\"inLanguage\":\"fr-FR\"},{\"@type\":\"Person\",\"@id\":\"\",\"url\":\"https:\/\/www.loni-infos.com\/index.php\/author\/\"}]}<\/script>\n<!-- \/ Yoast SEO plugin. -->","yoast_head_json":{"title":"Kankan : Inauguration de la mosqu\u00e9e de Cheick Souleymane Sidib\u00e9 - Loni-infos","robots":{"index":"index","follow":"follow","max-snippet":"max-snippet:-1","max-image-preview":"max-image-preview:large","max-video-preview":"max-video-preview:-1"},"canonical":"https:\/\/www.loni-infos.com\/index.php\/2025\/09\/05\/kankan-inauguration-de-la-mosquee-de-cheick-souleymane-sidibe\/","og_locale":"fr_FR","og_type":"article","og_title":"Kankan : Inauguration de la mosqu\u00e9e de Cheick Souleymane Sidib\u00e9 - Loni-infos","og_description":"En ce vendredi 05 septembre 2025, la ville de Kankan a v\u00e9cu un moment empreint de ferveur et de symbolisme avec l\u2019inauguration de la mosqu\u00e9e de l&#8217;\u00e9rudit Cheick Souleymane Sidib\u00e9, commun\u00e9ment appel\u00e9 Karamo Solo. Cette maison de pri\u00e8re et de rassemblement vient enrichir le patrimoine religieux et culturel de la commune urbaine. Cette c\u00e9r\u00e9monie solennelle","og_url":"https:\/\/www.loni-infos.com\/index.php\/2025\/09\/05\/kankan-inauguration-de-la-mosquee-de-cheick-souleymane-sidibe\/","og_site_name":"Loni-infos","article_published_time":"2025-09-05T19:05:28+00:00","article_modified_time":"2025-09-05T19:05:29+00:00","og_image":[{"width":1020,"height":471,"url":"https:\/\/www.loni-infos.com\/wp-content\/uploads\/2025\/09\/IMG-20250905-WA0027.jpg","type":"image\/jpeg"}],"twitter_card":"summary_large_image","twitter_misc":{"\u00c9crit par":"","Dur\u00e9e de lecture estim\u00e9e":"2 minutes"},"schema":{"@context":"https:\/\/schema.org","@graph":[{"@type":"Article","@id":"https:\/\/www.loni-infos.com\/index.php\/2025\/09\/05\/kankan-inauguration-de-la-mosquee-de-cheick-souleymane-sidibe\/#article","isPartOf":{"@id":"https:\/\/www.loni-infos.com\/index.php\/2025\/09\/05\/kankan-inauguration-de-la-mosquee-de-cheick-souleymane-sidibe\/"},"author":{"name":"","@id":""},"headline":"Kankan : Inauguration de la mosqu\u00e9e de Cheick Souleymane Sidib\u00e9","datePublished":"2025-09-05T19:05:28+00:00","dateModified":"2025-09-05T19:05:29+00:00","mainEntityOfPage":{"@id":"https:\/\/www.loni-infos.com\/index.php\/2025\/09\/05\/kankan-inauguration-de-la-mosquee-de-cheick-souleymane-sidibe\/"},"wordCount":291,"commentCount":0,"image":{"@id":"https:\/\/www.loni-infos.com\/index.php\/2025\/09\/05\/kankan-inauguration-de-la-mosquee-de-cheick-souleymane-sidibe\/#primaryimage"},"thumbnailUrl":"https:\/\/www.loni-infos.com\/wp-content\/uploads\/2025\/09\/IMG-20250905-WA0027.jpg","articleSection":["DANS NOS R\u00c9GIONS"],"inLanguage":"fr-FR","potentialAction":[{"@type":"CommentAction","name":"Comment","target":["https:\/\/www.loni-infos.com\/index.php\/2025\/09\/05\/kankan-inauguration-de-la-mosquee-de-cheick-souleymane-sidibe\/#respond"]}]},{"@type":"WebPage","@id":"https:\/\/www.loni-infos.com\/index.php\/2025\/09\/05\/kankan-inauguration-de-la-mosquee-de-cheick-souleymane-sidibe\/","url":"https:\/\/www.loni-infos.com\/index.php\/2025\/09\/05\/kankan-inauguration-de-la-mosquee-de-cheick-souleymane-sidibe\/","name":"Kankan : Inauguration de la mosqu\u00e9e de Cheick Souleymane Sidib\u00e9 - Loni-infos","isPartOf":{"@id":"https:\/\/www.loni-infos.com\/#website"},"primaryImageOfPage":{"@id":"https:\/\/www.loni-infos.com\/index.php\/2025\/09\/05\/kankan-inauguration-de-la-mosquee-de-cheick-souleymane-sidibe\/#primaryimage"},"image":{"@id":"https:\/\/www.loni-infos.com\/index.php\/2025\/09\/05\/kankan-inauguration-de-la-mosquee-de-cheick-souleymane-sidibe\/#primaryimage"},"thumbnailUrl":"https:\/\/www.loni-infos.com\/wp-content\/uploads\/2025\/09\/IMG-20250905-WA0027.jpg","datePublished":"2025-09-05T19:05:28+00:00","dateModified":"2025-09-05T19:05:29+00:00","author":{"@id":""},"breadcrumb":{"@id":"https:\/\/www.loni-infos.com\/index.php\/2025\/09\/05\/kankan-inauguration-de-la-mosquee-de-cheick-souleymane-sidibe\/#breadcrumb"},"inLanguage":"fr-FR","potentialAction":[{"@type":"ReadAction","target":["https:\/\/www.loni-infos.com\/index.php\/2025\/09\/05\/kankan-inauguration-de-la-mosquee-de-cheick-souleymane-sidibe\/"]}]},{"@type":"ImageObject","inLanguage":"fr-FR","@id":"https:\/\/www.loni-infos.com\/index.php\/2025\/09\/05\/kankan-inauguration-de-la-mosquee-de-cheick-souleymane-sidibe\/#primaryimage","url":"https:\/\/www.loni-infos.com\/wp-content\/uploads\/2025\/09\/IMG-20250905-WA0027.jpg","contentUrl":"https:\/\/www.loni-infos.com\/wp-content\/uploads\/2025\/09\/IMG-20250905-WA0027.jpg","width":1020,"height":471},{"@type":"BreadcrumbList","@id":"https:\/\/www.loni-infos.com\/index.php\/2025\/09\/05\/kankan-inauguration-de-la-mosquee-de-cheick-souleymane-sidibe\/#breadcrumb","itemListElement":[{"@type":"ListItem","position":1,"name":"Accueil","item":"https:\/\/www.loni-infos.com\/"},{"@type":"ListItem","position":2,"name":"Kankan : Inauguration de la mosqu\u00e9e de Cheick Souleymane Sidib\u00e9"}]},{"@type":"WebSite","@id":"https:\/\/www.loni-infos.com\/#website","url":"https:\/\/www.loni-infos.com\/","name":"Loni-infos","description":"Vous servir des infos est notre devoir","potentialAction":[{"@type":"SearchAction","target":{"@type":"EntryPoint","urlTemplate":"https:\/\/www.loni-infos.com\/?s={search_term_string}"},"query-input":{"@type":"PropertyValueSpecification","valueRequired":true,"valueName":"search_term_string"}}],"inLanguage":"fr-FR"},{"@type":"Person","@id":"","url":"https:\/\/www.loni-infos.com\/index.php\/author\/"}]}},"_links":{"self":[{"href":"https:\/\/www.loni-infos.com\/index.php\/wp-json\/wp\/v2\/posts\/15742","targetHints":{"allow":["GET"]}}],"collection":[{"href":"https:\/\/www.loni-infos.com\/index.php\/wp-json\/wp\/v2\/posts"}],"about":[{"href":"https:\/\/www.loni-infos.com\/index.php\/wp-json\/wp\/v2\/types\/post"}],"author":[{"embeddable":true,"href":"https:\/\/www.loni-infos.com\/index.php\/wp-json\/wp\/v2\/users\/1"}],"replies":[{"embeddable":true,"href":"https:\/\/www.loni-infos.com\/index.php\/wp-json\/wp\/v2\/comments?post=15742"}],"version-history":[{"count":1,"href":"https:\/\/www.loni-infos.com\/index.php\/wp-json\/wp\/v2\/posts\/15742\/revisions"}],"predecessor-version":[{"id":15745,"href":"https:\/\/www.loni-infos.com\/index.php\/wp-json\/wp\/v2\/posts\/15742\/revisions\/15745"}],"wp:featuredmedia":[{"embeddable":true,"href":"https:\/\/www.loni-infos.com\/index.php\/wp-json\/wp\/v2\/media\/15744"}],"wp:attachment":[{"href":"https:\/\/www.loni-infos.com\/index.php\/wp-json\/wp\/v2\/media?parent=15742"}],"wp:term":[{"taxonomy":"category","embeddable":true,"href":"https:\/\/www.loni-infos.com\/index.php\/wp-json\/wp\/v2\/categories?post=15742"},{"taxonomy":"post_tag","embeddable":true,"href":"https:\/\/www.loni-infos.com\/index.php\/wp-json\/wp\/v2\/tags?post=15742"}],"curies":[{"name":"wp","href":"https:\/\/api.w.org\/{rel}","templated":true}]}}