{"id":1604,"date":"2023-11-19T16:10:08","date_gmt":"2023-11-19T15:10:08","guid":{"rendered":"https:\/\/www.loni-infos.com\/?p=1604"},"modified":"2023-11-19T16:10:15","modified_gmt":"2023-11-19T15:10:15","slug":"kouroussa-le-prefet-promet-le-respect-de-la-loi-contre-les-manifestants","status":"publish","type":"post","link":"https:\/\/www.loni-infos.com\/index.php\/2023\/11\/19\/kouroussa-le-prefet-promet-le-respect-de-la-loi-contre-les-manifestants\/","title":{"rendered":"Kouroussa: le pr\u00e9fet promet le respect de la loi contre les manifestants."},"content":{"rendered":"\n<p>Quelques jours apr\u00e8s l&#8217;incendie du grand march\u00e9 de kouroussa qui a fait \u00e9tat de plusieurs d\u00e9g\u00e2ts mat\u00e9riels importants, certains jeunes de la pr\u00e9fecture ont proc\u00e9d\u00e9 \u00e0 une manifestation de quelques heures, pour dit-on montrer leurs m\u00e9contentements aux autorit\u00e9s pr\u00e9fectorales vis-\u00e0-vis de l&#8217;accord qui leur lie \u00e0 la soci\u00e9t\u00e9 mini\u00e8re KGM. Au cours de cette manifestation, des v\u00e9hicules ont \u00e9t\u00e9 caillass\u00e9s, ils se sont attaqu\u00e9s \u00e0 la pr\u00e9fecture \u00e0 travers les jets des pierres. Des acte que le pr\u00e9fet n&#8217;a pas appr\u00e9ci\u00e9. Il promet de s\u00e9vir contre toute personne qui portera atteinte \u00e0 la loi. colonel Idrissa Camara. &#8220;<em>J&#8217;ai le dos tr\u00e8s large, mais celui qui ne respecte pas la loi, je ne l&#8217;aime pas.\u00a0Plusieurs manifestations ont eu lieu dans ces derniers temps ici \u00e0\u00a0kouroussa, \u00e0 cause de leurs int\u00e9grations dans cette soci\u00e9t\u00e9, nous avons eu a g\u00e9r\u00e9 \u00e7a avec la soci\u00e9t\u00e9 au point o\u00f9 s&#8217;est compris sur un certains nombre de chose qui est celui de prendre les fils du territoire.\u00a0De temps en temps, ces jeunes manifestent, en aucun moment, on n&#8217;a\u00a0emprisonn\u00e9 quelqu&#8217;un parmi eux ici, pendant que les v\u00e9hicules gens ont \u00e9t\u00e9 br\u00fbl\u00e9s et caillass\u00e9s, mais cette fois si, toute personne qui faillira \u00e0 la loi aura \u00e0 faire avec la justice, et non au pr\u00e9fet que je suis, mais il aura \u00e0 faire \u00e0 la loi<\/em> &#8220;<br><br>Plus loin, le pr\u00e9fet a laiss\u00e9 entendre qu&#8217;une personne ne ferra jamais la loi dans cette pr\u00e9fecture, et compte poursuivre toute personne qui portera entrave \u00e0 la justice. <\/p>\n\n\n\n<p>&#8220;<em>D\u00e9sormais, une personne ne pourra pas faire la loi ici. On ne veut jamais entendre ou dire par qui que ce soit, que si ce n&#8217;est pas lui, c&#8217;est lui, d\u00e9sormais, c&#8217;est termin\u00e9. Personne ne peut nous effrayer dans le cadre du maintien de la qui\u00e9tude et la stabilit\u00e9 sociale \u00e0 kouroussa, on prend nos dispositions. Toute personne qui serait en porte-\u00e0-faux avec la loi r\u00e9pondra devant la justice. Venir jeter les pierres et aller jusqu&#8217;au camp caillasser des v\u00e9hicules l\u00e0-bas, c&#8217;est du trop, ma porte est grandement ouverte \u00e0 toute personne qui a besoin de moi viens me trouver, on discute. Mais caillasser les v\u00e9hicules des gens n&#8217;est pas la solution et je promets de faire respecter la loi dans sa pl\u00e9nitude.<\/em>&#8220;<\/p>\n\n\n\n<p>Kokoly joseph Koli\u00e9, correspondant r\u00e9gional \u00e0 kankan.<\/p>\n","protected":false},"excerpt":{"rendered":"<p>Quelques jours apr\u00e8s l&#8217;incendie du grand march\u00e9 de kouroussa qui a fait \u00e9tat de plusieurs d\u00e9g\u00e2ts mat\u00e9riels importants, certains jeunes de la pr\u00e9fecture ont proc\u00e9d\u00e9 \u00e0 une manifestation de quelques heures, pour dit-on montrer leurs m\u00e9contentements aux autorit\u00e9s pr\u00e9fectorales vis-\u00e0-vis de l&#8217;accord qui leur lie \u00e0 la soci\u00e9t\u00e9 mini\u00e8re KGM. Au cours de cette manifestation,<\/p>\n","protected":false},"author":1,"featured_media":1603,"comment_status":"open","ping_status":"open","sticky":false,"template":"","format":"standard","meta":{"footnotes":""},"categories":[77],"tags":[432,167],"class_list":{"0":"post-1604","1":"post","2":"type-post","3":"status-publish","4":"format-standard","5":"has-post-thumbnail","7":"category-dans-nos-regions","8":"tag-kouroussa","9":"tag-manifestation"},"yoast_head":"<!-- This site is optimized with the Yoast SEO plugin v27.0 - https:\/\/yoast.com\/product\/yoast-seo-wordpress\/ -->\n<title>Kouroussa: le pr\u00e9fet promet le respect de la loi contre les manifestants. - Loni-infos<\/title>\n<meta name=\"robots\" content=\"index, follow, max-snippet:-1, max-image-preview:large, max-video-preview:-1\" \/>\n<link rel=\"canonical\" href=\"https:\/\/www.loni-infos.com\/index.php\/2023\/11\/19\/kouroussa-le-prefet-promet-le-respect-de-la-loi-contre-les-manifestants\/\" \/>\n<meta property=\"og:locale\" content=\"fr_FR\" \/>\n<meta property=\"og:type\" content=\"article\" \/>\n<meta property=\"og:title\" content=\"Kouroussa: le pr\u00e9fet promet le respect de la loi contre les manifestants. - Loni-infos\" \/>\n<meta property=\"og:description\" content=\"Quelques jours apr\u00e8s l&#8217;incendie du grand march\u00e9 de kouroussa qui a fait \u00e9tat de plusieurs d\u00e9g\u00e2ts mat\u00e9riels importants, certains jeunes de la pr\u00e9fecture ont proc\u00e9d\u00e9 \u00e0 une manifestation de quelques heures, pour dit-on montrer leurs m\u00e9contentements aux autorit\u00e9s pr\u00e9fectorales vis-\u00e0-vis de l&#8217;accord qui leur lie \u00e0 la soci\u00e9t\u00e9 mini\u00e8re KGM. Au cours de cette manifestation,\" \/>\n<meta property=\"og:url\" content=\"https:\/\/www.loni-infos.com\/index.php\/2023\/11\/19\/kouroussa-le-prefet-promet-le-respect-de-la-loi-contre-les-manifestants\/\" \/>\n<meta property=\"og:site_name\" content=\"Loni-infos\" \/>\n<meta property=\"article:published_time\" content=\"2023-11-19T15:10:08+00:00\" \/>\n<meta property=\"article:modified_time\" content=\"2023-11-19T15:10:15+00:00\" \/>\n<meta property=\"og:image\" content=\"https:\/\/www.loni-infos.com\/wp-content\/uploads\/2023\/11\/IMG-20231119-WA0003.jpg\" \/>\n\t<meta property=\"og:image:width\" content=\"720\" \/>\n\t<meta property=\"og:image:height\" content=\"433\" \/>\n\t<meta property=\"og:image:type\" content=\"image\/jpeg\" \/>\n<meta name=\"twitter:card\" content=\"summary_large_image\" \/>\n<meta name=\"twitter:label1\" content=\"\u00c9crit par\" \/>\n\t<meta name=\"twitter:data1\" content=\"\" \/>\n\t<meta name=\"twitter:label2\" content=\"Dur\u00e9e de lecture estim\u00e9e\" \/>\n\t<meta name=\"twitter:data2\" content=\"2 minutes\" \/>\n<script type=\"application\/ld+json\" class=\"yoast-schema-graph\">{\"@context\":\"https:\/\/schema.org\",\"@graph\":[{\"@type\":\"Article\",\"@id\":\"https:\/\/www.loni-infos.com\/index.php\/2023\/11\/19\/kouroussa-le-prefet-promet-le-respect-de-la-loi-contre-les-manifestants\/#article\",\"isPartOf\":{\"@id\":\"https:\/\/www.loni-infos.com\/index.php\/2023\/11\/19\/kouroussa-le-prefet-promet-le-respect-de-la-loi-contre-les-manifestants\/\"},\"author\":{\"name\":\"\",\"@id\":\"\"},\"headline\":\"Kouroussa: le pr\u00e9fet promet le respect de la loi contre les manifestants.\",\"datePublished\":\"2023-11-19T15:10:08+00:00\",\"dateModified\":\"2023-11-19T15:10:15+00:00\",\"mainEntityOfPage\":{\"@id\":\"https:\/\/www.loni-infos.com\/index.php\/2023\/11\/19\/kouroussa-le-prefet-promet-le-respect-de-la-loi-contre-les-manifestants\/\"},\"wordCount\":434,\"commentCount\":0,\"image\":{\"@id\":\"https:\/\/www.loni-infos.com\/index.php\/2023\/11\/19\/kouroussa-le-prefet-promet-le-respect-de-la-loi-contre-les-manifestants\/#primaryimage\"},\"thumbnailUrl\":\"https:\/\/www.loni-infos.com\/wp-content\/uploads\/2023\/11\/IMG-20231119-WA0003.jpg\",\"keywords\":[\"Kouroussa\",\"Manifestation\"],\"articleSection\":[\"DANS NOS R\u00c9GIONS\"],\"inLanguage\":\"fr-FR\",\"potentialAction\":[{\"@type\":\"CommentAction\",\"name\":\"Comment\",\"target\":[\"https:\/\/www.loni-infos.com\/index.php\/2023\/11\/19\/kouroussa-le-prefet-promet-le-respect-de-la-loi-contre-les-manifestants\/#respond\"]}]},{\"@type\":\"WebPage\",\"@id\":\"https:\/\/www.loni-infos.com\/index.php\/2023\/11\/19\/kouroussa-le-prefet-promet-le-respect-de-la-loi-contre-les-manifestants\/\",\"url\":\"https:\/\/www.loni-infos.com\/index.php\/2023\/11\/19\/kouroussa-le-prefet-promet-le-respect-de-la-loi-contre-les-manifestants\/\",\"name\":\"Kouroussa: le pr\u00e9fet promet le respect de la loi contre les manifestants. - Loni-infos\",\"isPartOf\":{\"@id\":\"https:\/\/www.loni-infos.com\/#website\"},\"primaryImageOfPage\":{\"@id\":\"https:\/\/www.loni-infos.com\/index.php\/2023\/11\/19\/kouroussa-le-prefet-promet-le-respect-de-la-loi-contre-les-manifestants\/#primaryimage\"},\"image\":{\"@id\":\"https:\/\/www.loni-infos.com\/index.php\/2023\/11\/19\/kouroussa-le-prefet-promet-le-respect-de-la-loi-contre-les-manifestants\/#primaryimage\"},\"thumbnailUrl\":\"https:\/\/www.loni-infos.com\/wp-content\/uploads\/2023\/11\/IMG-20231119-WA0003.jpg\",\"datePublished\":\"2023-11-19T15:10:08+00:00\",\"dateModified\":\"2023-11-19T15:10:15+00:00\",\"author\":{\"@id\":\"\"},\"breadcrumb\":{\"@id\":\"https:\/\/www.loni-infos.com\/index.php\/2023\/11\/19\/kouroussa-le-prefet-promet-le-respect-de-la-loi-contre-les-manifestants\/#breadcrumb\"},\"inLanguage\":\"fr-FR\",\"potentialAction\":[{\"@type\":\"ReadAction\",\"target\":[\"https:\/\/www.loni-infos.com\/index.php\/2023\/11\/19\/kouroussa-le-prefet-promet-le-respect-de-la-loi-contre-les-manifestants\/\"]}]},{\"@type\":\"ImageObject\",\"inLanguage\":\"fr-FR\",\"@id\":\"https:\/\/www.loni-infos.com\/index.php\/2023\/11\/19\/kouroussa-le-prefet-promet-le-respect-de-la-loi-contre-les-manifestants\/#primaryimage\",\"url\":\"https:\/\/www.loni-infos.com\/wp-content\/uploads\/2023\/11\/IMG-20231119-WA0003.jpg\",\"contentUrl\":\"https:\/\/www.loni-infos.com\/wp-content\/uploads\/2023\/11\/IMG-20231119-WA0003.jpg\",\"width\":720,\"height\":433},{\"@type\":\"BreadcrumbList\",\"@id\":\"https:\/\/www.loni-infos.com\/index.php\/2023\/11\/19\/kouroussa-le-prefet-promet-le-respect-de-la-loi-contre-les-manifestants\/#breadcrumb\",\"itemListElement\":[{\"@type\":\"ListItem\",\"position\":1,\"name\":\"Accueil\",\"item\":\"https:\/\/www.loni-infos.com\/\"},{\"@type\":\"ListItem\",\"position\":2,\"name\":\"Kouroussa: le pr\u00e9fet promet le respect de la loi contre les manifestants.\"}]},{\"@type\":\"WebSite\",\"@id\":\"https:\/\/www.loni-infos.com\/#website\",\"url\":\"https:\/\/www.loni-infos.com\/\",\"name\":\"Loni-infos\",\"description\":\"Vous servir des infos est notre devoir\",\"potentialAction\":[{\"@type\":\"SearchAction\",\"target\":{\"@type\":\"EntryPoint\",\"urlTemplate\":\"https:\/\/www.loni-infos.com\/?s={search_term_string}\"},\"query-input\":{\"@type\":\"PropertyValueSpecification\",\"valueRequired\":true,\"valueName\":\"search_term_string\"}}],\"inLanguage\":\"fr-FR\"},{\"@type\":\"Person\",\"@id\":\"\",\"url\":\"https:\/\/www.loni-infos.com\/index.php\/author\/\"}]}<\/script>\n<!-- \/ Yoast SEO plugin. -->","yoast_head_json":{"title":"Kouroussa: le pr\u00e9fet promet le respect de la loi contre les manifestants. - Loni-infos","robots":{"index":"index","follow":"follow","max-snippet":"max-snippet:-1","max-image-preview":"max-image-preview:large","max-video-preview":"max-video-preview:-1"},"canonical":"https:\/\/www.loni-infos.com\/index.php\/2023\/11\/19\/kouroussa-le-prefet-promet-le-respect-de-la-loi-contre-les-manifestants\/","og_locale":"fr_FR","og_type":"article","og_title":"Kouroussa: le pr\u00e9fet promet le respect de la loi contre les manifestants. - Loni-infos","og_description":"Quelques jours apr\u00e8s l&#8217;incendie du grand march\u00e9 de kouroussa qui a fait \u00e9tat de plusieurs d\u00e9g\u00e2ts mat\u00e9riels importants, certains jeunes de la pr\u00e9fecture ont proc\u00e9d\u00e9 \u00e0 une manifestation de quelques heures, pour dit-on montrer leurs m\u00e9contentements aux autorit\u00e9s pr\u00e9fectorales vis-\u00e0-vis de l&#8217;accord qui leur lie \u00e0 la soci\u00e9t\u00e9 mini\u00e8re KGM. Au cours de cette manifestation,","og_url":"https:\/\/www.loni-infos.com\/index.php\/2023\/11\/19\/kouroussa-le-prefet-promet-le-respect-de-la-loi-contre-les-manifestants\/","og_site_name":"Loni-infos","article_published_time":"2023-11-19T15:10:08+00:00","article_modified_time":"2023-11-19T15:10:15+00:00","og_image":[{"width":720,"height":433,"url":"https:\/\/www.loni-infos.com\/wp-content\/uploads\/2023\/11\/IMG-20231119-WA0003.jpg","type":"image\/jpeg"}],"twitter_card":"summary_large_image","twitter_misc":{"\u00c9crit par":"","Dur\u00e9e de lecture estim\u00e9e":"2 minutes"},"schema":{"@context":"https:\/\/schema.org","@graph":[{"@type":"Article","@id":"https:\/\/www.loni-infos.com\/index.php\/2023\/11\/19\/kouroussa-le-prefet-promet-le-respect-de-la-loi-contre-les-manifestants\/#article","isPartOf":{"@id":"https:\/\/www.loni-infos.com\/index.php\/2023\/11\/19\/kouroussa-le-prefet-promet-le-respect-de-la-loi-contre-les-manifestants\/"},"author":{"name":"","@id":""},"headline":"Kouroussa: le pr\u00e9fet promet le respect de la loi contre les manifestants.","datePublished":"2023-11-19T15:10:08+00:00","dateModified":"2023-11-19T15:10:15+00:00","mainEntityOfPage":{"@id":"https:\/\/www.loni-infos.com\/index.php\/2023\/11\/19\/kouroussa-le-prefet-promet-le-respect-de-la-loi-contre-les-manifestants\/"},"wordCount":434,"commentCount":0,"image":{"@id":"https:\/\/www.loni-infos.com\/index.php\/2023\/11\/19\/kouroussa-le-prefet-promet-le-respect-de-la-loi-contre-les-manifestants\/#primaryimage"},"thumbnailUrl":"https:\/\/www.loni-infos.com\/wp-content\/uploads\/2023\/11\/IMG-20231119-WA0003.jpg","keywords":["Kouroussa","Manifestation"],"articleSection":["DANS NOS R\u00c9GIONS"],"inLanguage":"fr-FR","potentialAction":[{"@type":"CommentAction","name":"Comment","target":["https:\/\/www.loni-infos.com\/index.php\/2023\/11\/19\/kouroussa-le-prefet-promet-le-respect-de-la-loi-contre-les-manifestants\/#respond"]}]},{"@type":"WebPage","@id":"https:\/\/www.loni-infos.com\/index.php\/2023\/11\/19\/kouroussa-le-prefet-promet-le-respect-de-la-loi-contre-les-manifestants\/","url":"https:\/\/www.loni-infos.com\/index.php\/2023\/11\/19\/kouroussa-le-prefet-promet-le-respect-de-la-loi-contre-les-manifestants\/","name":"Kouroussa: le pr\u00e9fet promet le respect de la loi contre les manifestants. - Loni-infos","isPartOf":{"@id":"https:\/\/www.loni-infos.com\/#website"},"primaryImageOfPage":{"@id":"https:\/\/www.loni-infos.com\/index.php\/2023\/11\/19\/kouroussa-le-prefet-promet-le-respect-de-la-loi-contre-les-manifestants\/#primaryimage"},"image":{"@id":"https:\/\/www.loni-infos.com\/index.php\/2023\/11\/19\/kouroussa-le-prefet-promet-le-respect-de-la-loi-contre-les-manifestants\/#primaryimage"},"thumbnailUrl":"https:\/\/www.loni-infos.com\/wp-content\/uploads\/2023\/11\/IMG-20231119-WA0003.jpg","datePublished":"2023-11-19T15:10:08+00:00","dateModified":"2023-11-19T15:10:15+00:00","author":{"@id":""},"breadcrumb":{"@id":"https:\/\/www.loni-infos.com\/index.php\/2023\/11\/19\/kouroussa-le-prefet-promet-le-respect-de-la-loi-contre-les-manifestants\/#breadcrumb"},"inLanguage":"fr-FR","potentialAction":[{"@type":"ReadAction","target":["https:\/\/www.loni-infos.com\/index.php\/2023\/11\/19\/kouroussa-le-prefet-promet-le-respect-de-la-loi-contre-les-manifestants\/"]}]},{"@type":"ImageObject","inLanguage":"fr-FR","@id":"https:\/\/www.loni-infos.com\/index.php\/2023\/11\/19\/kouroussa-le-prefet-promet-le-respect-de-la-loi-contre-les-manifestants\/#primaryimage","url":"https:\/\/www.loni-infos.com\/wp-content\/uploads\/2023\/11\/IMG-20231119-WA0003.jpg","contentUrl":"https:\/\/www.loni-infos.com\/wp-content\/uploads\/2023\/11\/IMG-20231119-WA0003.jpg","width":720,"height":433},{"@type":"BreadcrumbList","@id":"https:\/\/www.loni-infos.com\/index.php\/2023\/11\/19\/kouroussa-le-prefet-promet-le-respect-de-la-loi-contre-les-manifestants\/#breadcrumb","itemListElement":[{"@type":"ListItem","position":1,"name":"Accueil","item":"https:\/\/www.loni-infos.com\/"},{"@type":"ListItem","position":2,"name":"Kouroussa: le pr\u00e9fet promet le respect de la loi contre les manifestants."}]},{"@type":"WebSite","@id":"https:\/\/www.loni-infos.com\/#website","url":"https:\/\/www.loni-infos.com\/","name":"Loni-infos","description":"Vous servir des infos est notre devoir","potentialAction":[{"@type":"SearchAction","target":{"@type":"EntryPoint","urlTemplate":"https:\/\/www.loni-infos.com\/?s={search_term_string}"},"query-input":{"@type":"PropertyValueSpecification","valueRequired":true,"valueName":"search_term_string"}}],"inLanguage":"fr-FR"},{"@type":"Person","@id":"","url":"https:\/\/www.loni-infos.com\/index.php\/author\/"}]}},"_links":{"self":[{"href":"https:\/\/www.loni-infos.com\/index.php\/wp-json\/wp\/v2\/posts\/1604","targetHints":{"allow":["GET"]}}],"collection":[{"href":"https:\/\/www.loni-infos.com\/index.php\/wp-json\/wp\/v2\/posts"}],"about":[{"href":"https:\/\/www.loni-infos.com\/index.php\/wp-json\/wp\/v2\/types\/post"}],"author":[{"embeddable":true,"href":"https:\/\/www.loni-infos.com\/index.php\/wp-json\/wp\/v2\/users\/1"}],"replies":[{"embeddable":true,"href":"https:\/\/www.loni-infos.com\/index.php\/wp-json\/wp\/v2\/comments?post=1604"}],"version-history":[{"count":1,"href":"https:\/\/www.loni-infos.com\/index.php\/wp-json\/wp\/v2\/posts\/1604\/revisions"}],"predecessor-version":[{"id":1605,"href":"https:\/\/www.loni-infos.com\/index.php\/wp-json\/wp\/v2\/posts\/1604\/revisions\/1605"}],"wp:featuredmedia":[{"embeddable":true,"href":"https:\/\/www.loni-infos.com\/index.php\/wp-json\/wp\/v2\/media\/1603"}],"wp:attachment":[{"href":"https:\/\/www.loni-infos.com\/index.php\/wp-json\/wp\/v2\/media?parent=1604"}],"wp:term":[{"taxonomy":"category","embeddable":true,"href":"https:\/\/www.loni-infos.com\/index.php\/wp-json\/wp\/v2\/categories?post=1604"},{"taxonomy":"post_tag","embeddable":true,"href":"https:\/\/www.loni-infos.com\/index.php\/wp-json\/wp\/v2\/tags?post=1604"}],"curies":[{"name":"wp","href":"https:\/\/api.w.org\/{rel}","templated":true}]}}