{"id":17055,"date":"2026-03-24T20:27:40","date_gmt":"2026-03-24T19:27:40","guid":{"rendered":"https:\/\/www.loni-infos.com\/?p=17055"},"modified":"2026-03-24T20:27:41","modified_gmt":"2026-03-24T19:27:41","slug":"badra-aliou-chekna-kone-entre-respect-des-regles-et-ambition-pour-matam","status":"publish","type":"post","link":"https:\/\/www.loni-infos.com\/index.php\/2026\/03\/24\/badra-aliou-chekna-kone-entre-respect-des-regles-et-ambition-pour-matam\/","title":{"rendered":"Badra Aliou Chekna Kon\u00e9 : entre respect des r\u00e8gles et ambition pour Matam."},"content":{"rendered":"\n<p>Depuis plusieurs ann\u00e9es, Badra Aliou Chekna Kon\u00e9 s\u2019inscrit dans la gestion administrative de la commune de Matam, \u00e0 Conakry. \u00c9lu en 2018, il a progressivement gravi les \u00e9chelons au sein du conseil communal.<br>\u00ab Mon envie, c&#8217;est de ne pas trahir les populations de Matam. J&#8217;ai \u00e9t\u00e9 \u00e9lu en 2018. Le conseil communal d&#8217;alors m&#8217;a \u00e9lu deuxi\u00e8me adjoint au maire de 2019 \u00e0 2022. De 2022 \u00e0 2023, j&#8217;ai \u00e9t\u00e9 premier adjoint au maire. Je suis parti de la mairie \u00e0 la fin de la mandature qui avait \u00e9t\u00e9 donn\u00e9e au conseil communal de Matam d&#8217;alors. \u00bb<br>Il insiste sur le fait que son d\u00e9part de la mairie s\u2019est inscrit dans une logique de respect des textes et des r\u00e8gles institutionnelles.<br>\u00ab C&#8217;\u00e9tait dans un principe de respect des r\u00e8gles. \u00bb<\/p>\n\n\n\n<p>Le contexte actuel est marqu\u00e9 par une d\u00e9cision du minist\u00e8re de l\u2019Administration du territoire, qui a r\u00e9cemment publi\u00e9 une circulaire largement relay\u00e9e sur les r\u00e9seaux sociaux.<br>\u00ab Aujourd&#8217;hui, le ministre de l&#8217;administration du territoire a fait une communication, une lettre circulaire qui est virale sur les r\u00e9seaux sociaux, qui interpelle tous les pr\u00e9sidents de d\u00e9l\u00e9gation sp\u00e9ciale, les indiquant la possibilit\u00e9 de se porter candidat, mais \u00e0 condition de quitter leur poste. \u00bb<br>Cette d\u00e9cision red\u00e9finit les conditions de participation aux prochaines \u00e9lections communales, imposant un choix clair aux responsables concern\u00e9s.<\/p>\n\n\n\n<p><br><strong>Une d\u00e9cision imminente, tourn\u00e9e vers la base.<\/strong><br>Face \u00e0 cette situation, Badra Kon\u00e9 affiche une position de principe : respecter la r\u00e8gle tout en restant \u00e0 l\u2019\u00e9coute des populations.<br>\u00ab Moi, je suis pour le fait de partir, si je devrais candidater. Mais le pacte, je dois le signer avec les populations de Matam. Je pense que dans les 48 heures, je me retrouverai avec la base. Je vous dirai d\u00e9finitivement c&#8217;est quoi ma position. \u00bb<br>Cette d\u00e9marche montre sa volont\u00e9 d\u2019ancrer toute d\u00e9cision politique dans une consultation locale, au plus pr\u00e8s des citoyens.<\/p>\n\n\n\n<p><br><strong>Vers une candidature assum\u00e9e<\/strong><br>Dans ses d\u00e9clarations finales, Badra Aliou Chekna Kon\u00e9 semble se diriger clairement vers une candidature, tout en r\u00e9affirmant son attachement au respect des directives gouvernementales.<br>\u00ab Et pour terminer, moi, Badra Aliou Chekna Kone, m&#8217;inscris dans la logique de respecter la d\u00e9cision qui a \u00e9t\u00e9 prise par le ministre de l&#8217;Administration des Territoires aujourd&#8217;hui. La d\u00e9cision qui demande aux Pr\u00e9sident des d\u00e9l\u00e9gations sp\u00e9ciales, s&#8217;ils veulent candidater, de quitter leur poste. Je pense que je vais quitter mon poste dans quelques heures ou quelques jours pour me porter candidat \u00e0 l&#8217;\u00e9lection communale de Matam. \u00bb<\/p>\n\n\n\n<p><br><strong>Une ambition : poursuivre et valoriser les r\u00e9alisations<\/strong><br>Au-del\u00e0 de la candidature, il met en avant une vision politique tourn\u00e9e vers la continuit\u00e9 et l\u2019impact concret sur la vie des citoyens.<br>\u00ab On ne laissera pas tout cet exploit dormir. On fera en sorte que toutes ces r\u00e9alisations soient possibles. On fera en sorte que Badra Kone et les autres qui l&#8217;accompagneront soient \u00e9lus \u00e0 Matam et avoir un mandat pour montrer aux yeux des populations de Matam, des populations de Conakry et les populations du monde leur capacit\u00e9 \u00e0 impacter la vie des citoyens de Matam. \u00bb<\/p>\n\n\n\n<p>Entre respect des institutions, consultation populaire et ambition politique, Badra Aliou Chekna Kon\u00e9 se positionne comme un acteur engag\u00e9 de la sc\u00e8ne locale \u00e0 Matam. Sa d\u00e9cision finale, attendue dans les prochaines heures, pourrait marquer une nouvelle \u00e9tape dans son parcours politique et dans la gouvernance de la commune.<\/p>\n\n\n\n<p>Laleman Guin\u00e9e<\/p>\n","protected":false},"excerpt":{"rendered":"<p>Depuis plusieurs ann\u00e9es, Badra Aliou Chekna Kon\u00e9 s\u2019inscrit dans la gestion administrative de la commune de Matam, \u00e0 Conakry. \u00c9lu en 2018, il a progressivement gravi les \u00e9chelons au sein du conseil communal.\u00ab Mon envie, c&#8217;est de ne pas trahir les populations de Matam. J&#8217;ai \u00e9t\u00e9 \u00e9lu en 2018. Le conseil communal d&#8217;alors m&#8217;a \u00e9lu<\/p>\n","protected":false},"author":6,"featured_media":17056,"comment_status":"open","ping_status":"open","sticky":false,"template":"","format":"standard","meta":{"footnotes":""},"categories":[80],"tags":[],"class_list":{"0":"post-17055","1":"post","2":"type-post","3":"status-publish","4":"format-standard","5":"has-post-thumbnail","7":"category-politique"},"yoast_head":"<!-- This site is optimized with the Yoast SEO plugin v27.0 - https:\/\/yoast.com\/product\/yoast-seo-wordpress\/ -->\n<title>Badra Aliou Chekna Kon\u00e9 : entre respect des r\u00e8gles et ambition pour Matam. - Loni-infos<\/title>\n<meta name=\"robots\" content=\"index, follow, max-snippet:-1, max-image-preview:large, max-video-preview:-1\" \/>\n<link rel=\"canonical\" href=\"https:\/\/www.loni-infos.com\/index.php\/2026\/03\/24\/badra-aliou-chekna-kone-entre-respect-des-regles-et-ambition-pour-matam\/\" \/>\n<meta property=\"og:locale\" content=\"fr_FR\" \/>\n<meta property=\"og:type\" content=\"article\" \/>\n<meta property=\"og:title\" content=\"Badra Aliou Chekna Kon\u00e9 : entre respect des r\u00e8gles et ambition pour Matam. - Loni-infos\" \/>\n<meta property=\"og:description\" content=\"Depuis plusieurs ann\u00e9es, Badra Aliou Chekna Kon\u00e9 s\u2019inscrit dans la gestion administrative de la commune de Matam, \u00e0 Conakry. \u00c9lu en 2018, il a progressivement gravi les \u00e9chelons au sein du conseil communal.\u00ab Mon envie, c&#8217;est de ne pas trahir les populations de Matam. J&#8217;ai \u00e9t\u00e9 \u00e9lu en 2018. Le conseil communal d&#8217;alors m&#8217;a \u00e9lu\" \/>\n<meta property=\"og:url\" content=\"https:\/\/www.loni-infos.com\/index.php\/2026\/03\/24\/badra-aliou-chekna-kone-entre-respect-des-regles-et-ambition-pour-matam\/\" \/>\n<meta property=\"og:site_name\" content=\"Loni-infos\" \/>\n<meta property=\"article:published_time\" content=\"2026-03-24T19:27:40+00:00\" \/>\n<meta property=\"article:modified_time\" content=\"2026-03-24T19:27:41+00:00\" \/>\n<meta property=\"og:image\" content=\"https:\/\/www.loni-infos.com\/wp-content\/uploads\/2026\/03\/IMG-20260324-WA0071.jpg\" \/>\n\t<meta property=\"og:image:width\" content=\"1280\" \/>\n\t<meta property=\"og:image:height\" content=\"960\" \/>\n\t<meta property=\"og:image:type\" content=\"image\/jpeg\" \/>\n<meta name=\"author\" content=\"Madame\" \/>\n<meta name=\"twitter:card\" content=\"summary_large_image\" \/>\n<meta name=\"twitter:label1\" content=\"\u00c9crit par\" \/>\n\t<meta name=\"twitter:data1\" content=\"Madame\" \/>\n\t<meta name=\"twitter:label2\" content=\"Dur\u00e9e de lecture estim\u00e9e\" \/>\n\t<meta name=\"twitter:data2\" content=\"4 minutes\" \/>\n<script type=\"application\/ld+json\" class=\"yoast-schema-graph\">{\"@context\":\"https:\/\/schema.org\",\"@graph\":[{\"@type\":\"Article\",\"@id\":\"https:\/\/www.loni-infos.com\/index.php\/2026\/03\/24\/badra-aliou-chekna-kone-entre-respect-des-regles-et-ambition-pour-matam\/#article\",\"isPartOf\":{\"@id\":\"https:\/\/www.loni-infos.com\/index.php\/2026\/03\/24\/badra-aliou-chekna-kone-entre-respect-des-regles-et-ambition-pour-matam\/\"},\"author\":{\"name\":\"Madame\",\"@id\":\"https:\/\/www.loni-infos.com\/#\/schema\/person\/e16452f14f9b6d926b9a650bb0d1d7c2\"},\"headline\":\"Badra Aliou Chekna Kon\u00e9 : entre respect des r\u00e8gles et ambition pour Matam.\",\"datePublished\":\"2026-03-24T19:27:40+00:00\",\"dateModified\":\"2026-03-24T19:27:41+00:00\",\"mainEntityOfPage\":{\"@id\":\"https:\/\/www.loni-infos.com\/index.php\/2026\/03\/24\/badra-aliou-chekna-kone-entre-respect-des-regles-et-ambition-pour-matam\/\"},\"wordCount\":606,\"commentCount\":0,\"image\":{\"@id\":\"https:\/\/www.loni-infos.com\/index.php\/2026\/03\/24\/badra-aliou-chekna-kone-entre-respect-des-regles-et-ambition-pour-matam\/#primaryimage\"},\"thumbnailUrl\":\"https:\/\/www.loni-infos.com\/wp-content\/uploads\/2026\/03\/IMG-20260324-WA0071.jpg\",\"articleSection\":[\"Politique\"],\"inLanguage\":\"fr-FR\",\"potentialAction\":[{\"@type\":\"CommentAction\",\"name\":\"Comment\",\"target\":[\"https:\/\/www.loni-infos.com\/index.php\/2026\/03\/24\/badra-aliou-chekna-kone-entre-respect-des-regles-et-ambition-pour-matam\/#respond\"]}]},{\"@type\":\"WebPage\",\"@id\":\"https:\/\/www.loni-infos.com\/index.php\/2026\/03\/24\/badra-aliou-chekna-kone-entre-respect-des-regles-et-ambition-pour-matam\/\",\"url\":\"https:\/\/www.loni-infos.com\/index.php\/2026\/03\/24\/badra-aliou-chekna-kone-entre-respect-des-regles-et-ambition-pour-matam\/\",\"name\":\"Badra Aliou Chekna Kon\u00e9 : entre respect des r\u00e8gles et ambition pour Matam. - Loni-infos\",\"isPartOf\":{\"@id\":\"https:\/\/www.loni-infos.com\/#website\"},\"primaryImageOfPage\":{\"@id\":\"https:\/\/www.loni-infos.com\/index.php\/2026\/03\/24\/badra-aliou-chekna-kone-entre-respect-des-regles-et-ambition-pour-matam\/#primaryimage\"},\"image\":{\"@id\":\"https:\/\/www.loni-infos.com\/index.php\/2026\/03\/24\/badra-aliou-chekna-kone-entre-respect-des-regles-et-ambition-pour-matam\/#primaryimage\"},\"thumbnailUrl\":\"https:\/\/www.loni-infos.com\/wp-content\/uploads\/2026\/03\/IMG-20260324-WA0071.jpg\",\"datePublished\":\"2026-03-24T19:27:40+00:00\",\"dateModified\":\"2026-03-24T19:27:41+00:00\",\"author\":{\"@id\":\"https:\/\/www.loni-infos.com\/#\/schema\/person\/e16452f14f9b6d926b9a650bb0d1d7c2\"},\"breadcrumb\":{\"@id\":\"https:\/\/www.loni-infos.com\/index.php\/2026\/03\/24\/badra-aliou-chekna-kone-entre-respect-des-regles-et-ambition-pour-matam\/#breadcrumb\"},\"inLanguage\":\"fr-FR\",\"potentialAction\":[{\"@type\":\"ReadAction\",\"target\":[\"https:\/\/www.loni-infos.com\/index.php\/2026\/03\/24\/badra-aliou-chekna-kone-entre-respect-des-regles-et-ambition-pour-matam\/\"]}]},{\"@type\":\"ImageObject\",\"inLanguage\":\"fr-FR\",\"@id\":\"https:\/\/www.loni-infos.com\/index.php\/2026\/03\/24\/badra-aliou-chekna-kone-entre-respect-des-regles-et-ambition-pour-matam\/#primaryimage\",\"url\":\"https:\/\/www.loni-infos.com\/wp-content\/uploads\/2026\/03\/IMG-20260324-WA0071.jpg\",\"contentUrl\":\"https:\/\/www.loni-infos.com\/wp-content\/uploads\/2026\/03\/IMG-20260324-WA0071.jpg\",\"width\":1280,\"height\":960},{\"@type\":\"BreadcrumbList\",\"@id\":\"https:\/\/www.loni-infos.com\/index.php\/2026\/03\/24\/badra-aliou-chekna-kone-entre-respect-des-regles-et-ambition-pour-matam\/#breadcrumb\",\"itemListElement\":[{\"@type\":\"ListItem\",\"position\":1,\"name\":\"Accueil\",\"item\":\"https:\/\/www.loni-infos.com\/\"},{\"@type\":\"ListItem\",\"position\":2,\"name\":\"Badra Aliou Chekna Kon\u00e9 : entre respect des r\u00e8gles et ambition pour Matam.\"}]},{\"@type\":\"WebSite\",\"@id\":\"https:\/\/www.loni-infos.com\/#website\",\"url\":\"https:\/\/www.loni-infos.com\/\",\"name\":\"Loni-infos\",\"description\":\"Vous servir des infos est notre devoir\",\"potentialAction\":[{\"@type\":\"SearchAction\",\"target\":{\"@type\":\"EntryPoint\",\"urlTemplate\":\"https:\/\/www.loni-infos.com\/?s={search_term_string}\"},\"query-input\":{\"@type\":\"PropertyValueSpecification\",\"valueRequired\":true,\"valueName\":\"search_term_string\"}}],\"inLanguage\":\"fr-FR\"},{\"@type\":\"Person\",\"@id\":\"https:\/\/www.loni-infos.com\/#\/schema\/person\/e16452f14f9b6d926b9a650bb0d1d7c2\",\"name\":\"Madame\",\"image\":{\"@type\":\"ImageObject\",\"inLanguage\":\"fr-FR\",\"@id\":\"https:\/\/www.loni-infos.com\/#\/schema\/person\/image\/\",\"url\":\"https:\/\/secure.gravatar.com\/avatar\/01526220341eccec8a3d64e54b1d8169b578cce35ab5747e90c66ff74fabcc79?s=96&d=mm&r=g\",\"contentUrl\":\"https:\/\/secure.gravatar.com\/avatar\/01526220341eccec8a3d64e54b1d8169b578cce35ab5747e90c66ff74fabcc79?s=96&d=mm&r=g\",\"caption\":\"Madame\"},\"url\":\"https:\/\/www.loni-infos.com\/index.php\/author\/madame\/\"}]}<\/script>\n<!-- \/ Yoast SEO plugin. -->","yoast_head_json":{"title":"Badra Aliou Chekna Kon\u00e9 : entre respect des r\u00e8gles et ambition pour Matam. - Loni-infos","robots":{"index":"index","follow":"follow","max-snippet":"max-snippet:-1","max-image-preview":"max-image-preview:large","max-video-preview":"max-video-preview:-1"},"canonical":"https:\/\/www.loni-infos.com\/index.php\/2026\/03\/24\/badra-aliou-chekna-kone-entre-respect-des-regles-et-ambition-pour-matam\/","og_locale":"fr_FR","og_type":"article","og_title":"Badra Aliou Chekna Kon\u00e9 : entre respect des r\u00e8gles et ambition pour Matam. - Loni-infos","og_description":"Depuis plusieurs ann\u00e9es, Badra Aliou Chekna Kon\u00e9 s\u2019inscrit dans la gestion administrative de la commune de Matam, \u00e0 Conakry. \u00c9lu en 2018, il a progressivement gravi les \u00e9chelons au sein du conseil communal.\u00ab Mon envie, c&#8217;est de ne pas trahir les populations de Matam. J&#8217;ai \u00e9t\u00e9 \u00e9lu en 2018. Le conseil communal d&#8217;alors m&#8217;a \u00e9lu","og_url":"https:\/\/www.loni-infos.com\/index.php\/2026\/03\/24\/badra-aliou-chekna-kone-entre-respect-des-regles-et-ambition-pour-matam\/","og_site_name":"Loni-infos","article_published_time":"2026-03-24T19:27:40+00:00","article_modified_time":"2026-03-24T19:27:41+00:00","og_image":[{"width":1280,"height":960,"url":"https:\/\/www.loni-infos.com\/wp-content\/uploads\/2026\/03\/IMG-20260324-WA0071.jpg","type":"image\/jpeg"}],"author":"Madame","twitter_card":"summary_large_image","twitter_misc":{"\u00c9crit par":"Madame","Dur\u00e9e de lecture estim\u00e9e":"4 minutes"},"schema":{"@context":"https:\/\/schema.org","@graph":[{"@type":"Article","@id":"https:\/\/www.loni-infos.com\/index.php\/2026\/03\/24\/badra-aliou-chekna-kone-entre-respect-des-regles-et-ambition-pour-matam\/#article","isPartOf":{"@id":"https:\/\/www.loni-infos.com\/index.php\/2026\/03\/24\/badra-aliou-chekna-kone-entre-respect-des-regles-et-ambition-pour-matam\/"},"author":{"name":"Madame","@id":"https:\/\/www.loni-infos.com\/#\/schema\/person\/e16452f14f9b6d926b9a650bb0d1d7c2"},"headline":"Badra Aliou Chekna Kon\u00e9 : entre respect des r\u00e8gles et ambition pour Matam.","datePublished":"2026-03-24T19:27:40+00:00","dateModified":"2026-03-24T19:27:41+00:00","mainEntityOfPage":{"@id":"https:\/\/www.loni-infos.com\/index.php\/2026\/03\/24\/badra-aliou-chekna-kone-entre-respect-des-regles-et-ambition-pour-matam\/"},"wordCount":606,"commentCount":0,"image":{"@id":"https:\/\/www.loni-infos.com\/index.php\/2026\/03\/24\/badra-aliou-chekna-kone-entre-respect-des-regles-et-ambition-pour-matam\/#primaryimage"},"thumbnailUrl":"https:\/\/www.loni-infos.com\/wp-content\/uploads\/2026\/03\/IMG-20260324-WA0071.jpg","articleSection":["Politique"],"inLanguage":"fr-FR","potentialAction":[{"@type":"CommentAction","name":"Comment","target":["https:\/\/www.loni-infos.com\/index.php\/2026\/03\/24\/badra-aliou-chekna-kone-entre-respect-des-regles-et-ambition-pour-matam\/#respond"]}]},{"@type":"WebPage","@id":"https:\/\/www.loni-infos.com\/index.php\/2026\/03\/24\/badra-aliou-chekna-kone-entre-respect-des-regles-et-ambition-pour-matam\/","url":"https:\/\/www.loni-infos.com\/index.php\/2026\/03\/24\/badra-aliou-chekna-kone-entre-respect-des-regles-et-ambition-pour-matam\/","name":"Badra Aliou Chekna Kon\u00e9 : entre respect des r\u00e8gles et ambition pour Matam. - Loni-infos","isPartOf":{"@id":"https:\/\/www.loni-infos.com\/#website"},"primaryImageOfPage":{"@id":"https:\/\/www.loni-infos.com\/index.php\/2026\/03\/24\/badra-aliou-chekna-kone-entre-respect-des-regles-et-ambition-pour-matam\/#primaryimage"},"image":{"@id":"https:\/\/www.loni-infos.com\/index.php\/2026\/03\/24\/badra-aliou-chekna-kone-entre-respect-des-regles-et-ambition-pour-matam\/#primaryimage"},"thumbnailUrl":"https:\/\/www.loni-infos.com\/wp-content\/uploads\/2026\/03\/IMG-20260324-WA0071.jpg","datePublished":"2026-03-24T19:27:40+00:00","dateModified":"2026-03-24T19:27:41+00:00","author":{"@id":"https:\/\/www.loni-infos.com\/#\/schema\/person\/e16452f14f9b6d926b9a650bb0d1d7c2"},"breadcrumb":{"@id":"https:\/\/www.loni-infos.com\/index.php\/2026\/03\/24\/badra-aliou-chekna-kone-entre-respect-des-regles-et-ambition-pour-matam\/#breadcrumb"},"inLanguage":"fr-FR","potentialAction":[{"@type":"ReadAction","target":["https:\/\/www.loni-infos.com\/index.php\/2026\/03\/24\/badra-aliou-chekna-kone-entre-respect-des-regles-et-ambition-pour-matam\/"]}]},{"@type":"ImageObject","inLanguage":"fr-FR","@id":"https:\/\/www.loni-infos.com\/index.php\/2026\/03\/24\/badra-aliou-chekna-kone-entre-respect-des-regles-et-ambition-pour-matam\/#primaryimage","url":"https:\/\/www.loni-infos.com\/wp-content\/uploads\/2026\/03\/IMG-20260324-WA0071.jpg","contentUrl":"https:\/\/www.loni-infos.com\/wp-content\/uploads\/2026\/03\/IMG-20260324-WA0071.jpg","width":1280,"height":960},{"@type":"BreadcrumbList","@id":"https:\/\/www.loni-infos.com\/index.php\/2026\/03\/24\/badra-aliou-chekna-kone-entre-respect-des-regles-et-ambition-pour-matam\/#breadcrumb","itemListElement":[{"@type":"ListItem","position":1,"name":"Accueil","item":"https:\/\/www.loni-infos.com\/"},{"@type":"ListItem","position":2,"name":"Badra Aliou Chekna Kon\u00e9 : entre respect des r\u00e8gles et ambition pour Matam."}]},{"@type":"WebSite","@id":"https:\/\/www.loni-infos.com\/#website","url":"https:\/\/www.loni-infos.com\/","name":"Loni-infos","description":"Vous servir des infos est notre devoir","potentialAction":[{"@type":"SearchAction","target":{"@type":"EntryPoint","urlTemplate":"https:\/\/www.loni-infos.com\/?s={search_term_string}"},"query-input":{"@type":"PropertyValueSpecification","valueRequired":true,"valueName":"search_term_string"}}],"inLanguage":"fr-FR"},{"@type":"Person","@id":"https:\/\/www.loni-infos.com\/#\/schema\/person\/e16452f14f9b6d926b9a650bb0d1d7c2","name":"Madame","image":{"@type":"ImageObject","inLanguage":"fr-FR","@id":"https:\/\/www.loni-infos.com\/#\/schema\/person\/image\/","url":"https:\/\/secure.gravatar.com\/avatar\/01526220341eccec8a3d64e54b1d8169b578cce35ab5747e90c66ff74fabcc79?s=96&d=mm&r=g","contentUrl":"https:\/\/secure.gravatar.com\/avatar\/01526220341eccec8a3d64e54b1d8169b578cce35ab5747e90c66ff74fabcc79?s=96&d=mm&r=g","caption":"Madame"},"url":"https:\/\/www.loni-infos.com\/index.php\/author\/madame\/"}]}},"_links":{"self":[{"href":"https:\/\/www.loni-infos.com\/index.php\/wp-json\/wp\/v2\/posts\/17055","targetHints":{"allow":["GET"]}}],"collection":[{"href":"https:\/\/www.loni-infos.com\/index.php\/wp-json\/wp\/v2\/posts"}],"about":[{"href":"https:\/\/www.loni-infos.com\/index.php\/wp-json\/wp\/v2\/types\/post"}],"author":[{"embeddable":true,"href":"https:\/\/www.loni-infos.com\/index.php\/wp-json\/wp\/v2\/users\/6"}],"replies":[{"embeddable":true,"href":"https:\/\/www.loni-infos.com\/index.php\/wp-json\/wp\/v2\/comments?post=17055"}],"version-history":[{"count":1,"href":"https:\/\/www.loni-infos.com\/index.php\/wp-json\/wp\/v2\/posts\/17055\/revisions"}],"predecessor-version":[{"id":17057,"href":"https:\/\/www.loni-infos.com\/index.php\/wp-json\/wp\/v2\/posts\/17055\/revisions\/17057"}],"wp:featuredmedia":[{"embeddable":true,"href":"https:\/\/www.loni-infos.com\/index.php\/wp-json\/wp\/v2\/media\/17056"}],"wp:attachment":[{"href":"https:\/\/www.loni-infos.com\/index.php\/wp-json\/wp\/v2\/media?parent=17055"}],"wp:term":[{"taxonomy":"category","embeddable":true,"href":"https:\/\/www.loni-infos.com\/index.php\/wp-json\/wp\/v2\/categories?post=17055"},{"taxonomy":"post_tag","embeddable":true,"href":"https:\/\/www.loni-infos.com\/index.php\/wp-json\/wp\/v2\/tags?post=17055"}],"curies":[{"name":"wp","href":"https:\/\/api.w.org\/{rel}","templated":true}]}}