{"id":17087,"date":"2026-03-27T15:43:26","date_gmt":"2026-03-27T14:43:26","guid":{"rendered":"https:\/\/www.loni-infos.com\/?p=17087"},"modified":"2026-03-27T15:43:27","modified_gmt":"2026-03-27T14:43:27","slug":"obseques-de-toumba-diakite-emotion-et-hommages-appuyes-a-ignace-deen-avant-son-inhumation-a-mandiana","status":"publish","type":"post","link":"https:\/\/www.loni-infos.com\/index.php\/2026\/03\/27\/obseques-de-toumba-diakite-emotion-et-hommages-appuyes-a-ignace-deen-avant-son-inhumation-a-mandiana\/","title":{"rendered":"Obs\u00e8ques de Toumba Diakit\u00e9 : \u00e9motion et hommages appuy\u00e9s \u00e0 Ignace Deen avant son inhumation \u00e0 Mandiana"},"content":{"rendered":"\n<p>L\u2019\u00e9motion \u00e9tait vive ce vendredi \u00e0 la morgue du CHU Ignace Deen, o\u00f9 famille, proches, autorit\u00e9s et collaborateurs ont rendu un dernier hommage au commandant Aboubacar \u201cToumba\u201d Diakit\u00e9, avant le transfert de son corps vers sa ville natale de Mandiana pour son inhumation.<\/p>\n\n\n\n<p>Organis\u00e9 sous forme de symposium, le recueillement s\u2019est d\u00e9roul\u00e9 devant une foule nombreuse et profond\u00e9ment marqu\u00e9e par la disparition de cet ancien aide de camp de Moussa Dadis Camara, figure embl\u00e9matique des \u00e9v\u00e9nements du 28 septembre 2009.<\/p>\n\n\n\n<p><strong>Des avocats boulevers\u00e9s par la perte d\u2019un \u201ccompagnon de combat\u201d<\/strong><\/p>\n\n\n\n<p>Parmi les pr\u00e9sences remarqu\u00e9es figuraient ses avocats, Paul Yomba Kourouma et Lancin\u00e9 Sylla, qui ont assur\u00e9 sa d\u00e9fense lors du proc\u00e8s historique li\u00e9 aux massacres du 28 septembre 2009.<\/p>\n\n\n\n<p>Tr\u00e8s \u00e9mu, Me Yomba Kourouma a livr\u00e9 un t\u00e9moignage poignant : \u00ab Nous sommes venus rendre un dernier hommage \u00e0 notre compagnon de combat. Le commandant Toumba n\u2019\u00e9tait plus \u00e0 pr\u00e9senter. Il suscitait l\u2019admiration par sa sinc\u00e9rit\u00e9, son \u00e9rudition et sa dignit\u00e9. \u00bb<\/p>\n\n\n\n<p>Revenant sur plus d\u2019une d\u00e9cennie de collaboration, l\u2019avocat a \u00e9voqu\u00e9 une relation qui d\u00e9passait largement le cadre professionnel : \u00ab Pendant plus de dix ans, nous avons partag\u00e9 des confidences et \u00e9labor\u00e9 des strat\u00e9gies qu\u2019il a su ex\u00e9cuter. Il \u00e9tait devenu une partie de nous-m\u00eames. \u00bb<\/p>\n\n\n\n<p>Visiblement \u00e9prouv\u00e9, il a \u00e9galement soulign\u00e9 l\u2019incr\u00e9dulit\u00e9 persistante autour de cette disparition : \u00ab Sa mort n\u2019est pas encore accept\u00e9e par beaucoup. Mais elle est r\u00e9elle. Il a termin\u00e9 son minist\u00e8re terrestre. \u00bb<\/p>\n\n\n\n<p><strong>L\u2019\u00c9tat guin\u00e9en aux c\u00f4t\u00e9s de la famille<\/strong><\/p>\n\n\n\n<p>Repr\u00e9sentant le gouvernement, Karamo Diawara, ministre secr\u00e9taire g\u00e9n\u00e9ral des Affaires religieuses, a transmis le message de compassion du pr\u00e9sident Mamadi Doumbouya.<\/p>\n\n\n\n<p>\u00ab Le Chef de l\u2019\u00c9tat m\u2019a charg\u00e9 d\u2019accompagner ce grand homme jusqu\u2019\u00e0 sa derni\u00e8re demeure. Nous sommes enti\u00e8rement aux c\u00f4t\u00e9s de la famille et de ses proches \u00bb, a-t-il d\u00e9clar\u00e9.<\/p>\n\n\n\n<p>Le ministre a salu\u00e9 l\u2019engagement du d\u00e9funt au sein des forces de d\u00e9fense et de s\u00e9curit\u00e9, \u00e9voquant les sacrifices consentis pour la stabilit\u00e9 du pays : \u00ab Toumba faisait partie de ces hommes qui acceptent contraintes et difficult\u00e9s pour garantir la s\u00e9curit\u00e9 et permettre \u00e0 chacun de pratiquer sa religion librement. \u00bb<\/p>\n\n\n\n<p><strong>\u201cUn homme de Dieu\u201d : un hommage spirituel fort<\/strong><\/p>\n\n\n\n<p>Dans une allocution empreinte de spiritualit\u00e9, Karamo Diawara a insist\u00e9 sur la foi du d\u00e9funt : \u00ab Celui qui est tomb\u00e9 \u00e9tait un homme de Dieu, un homme de foi. Celui qui donne sa vie \u00e0 Dieu, c\u2019est ce m\u00eame Dieu qu\u2019il retrouve. \u00bb<\/p>\n\n\n\n<p>S\u2019inspirant de l\u2019exemple du Proph\u00e8te Mohammed (PSL), il a appel\u00e9 \u00e0 la retenue, au pardon et \u00e0 l\u2019unit\u00e9 nationale dans cette p\u00e9riode de deuil.<\/p>\n\n\n\n<p><strong>Une inhumation pr\u00e9vue \u00e0 Mandiana<\/strong><\/p>\n\n\n\n<p>Selon les informations recueillies sur place, et apr\u00e8s concertation entre la famille, la communaut\u00e9 du Wassolon et les autorit\u00e9s religieuses, le commandant Toumba Diakit\u00e9 sera inhum\u00e9 \u00e0 Mandiana, sa localit\u00e9 d\u2019origine.<\/p>\n\n\n\n<p>En attendant, son corps repose \u00e0 la morgue du CHU Ignace Deen, dans une atmosph\u00e8re de recueillement et de pri\u00e8re.<\/p>\n","protected":false},"excerpt":{"rendered":"<p>L\u2019\u00e9motion \u00e9tait vive ce vendredi \u00e0 la morgue du CHU Ignace Deen, o\u00f9 famille, proches, autorit\u00e9s et collaborateurs ont rendu un dernier hommage au commandant Aboubacar \u201cToumba\u201d Diakit\u00e9, avant le transfert de son corps vers sa ville natale de Mandiana pour son inhumation. Organis\u00e9 sous forme de symposium, le recueillement s\u2019est d\u00e9roul\u00e9 devant une foule<\/p>\n","protected":false},"author":6,"featured_media":17088,"comment_status":"open","ping_status":"open","sticky":false,"template":"","format":"standard","meta":{"footnotes":""},"categories":[20],"tags":[2634,2655,2640,2654,2641,614,2643,2018,17,2645,2650,2636,2648,1074,2649,2647,297,354,2651,2642,2653,2638,486,2635,2652,2644,2639,2656,2637,2646,666],"class_list":{"0":"post-17087","1":"post","2":"type-post","3":"status-publish","4":"format-standard","5":"has-post-thumbnail","7":"category-societe","8":"tag-aboubacar-diakite","9":"tag-affaires-religieuses-guinee","10":"tag-aide-de-camp-dadis-camara","11":"tag-ceremonie-funebre","12":"tag-chu-ignace-deen","13":"tag-conakry","14":"tag-deuil-national","15":"tag-forces-de-defense-et-de-securite","16":"tag-guinee","17":"tag-hommage-au-commandant-toumba-ignace-deen","18":"tag-hommage-officiel","19":"tag-hommage-toumba-diakite","20":"tag-inhumation-mandiana","21":"tag-justice-transitionnelle","22":"tag-karamo-diawara","23":"tag-lancine-sylla","24":"tag-mamadi-doumbouya","25":"tag-mandiana","26":"tag-memoire-collective-guinee","27":"tag-morgue-ignace-deen","28":"tag-mort-de-toumba-diakite-guinee","29":"tag-mort-toumba-diakite","30":"tag-moussa-dadis-camara","31":"tag-obseques-toumba","32":"tag-obseques-toumba-diakite-mandiana","33":"tag-paul-yomba-kourouma-2","34":"tag-proces-28-septembre-2009","35":"tag-reaction-gouvernement-guinee-deces-toumba","36":"tag-symposium-ignace-deen","37":"tag-temoignage-avocats-toumba-diakite","38":"tag-toumba-diakite"},"yoast_head":"<!-- This site is optimized with the Yoast SEO plugin v27.0 - https:\/\/yoast.com\/product\/yoast-seo-wordpress\/ -->\n<title>Obs\u00e8ques de Toumba Diakit\u00e9 : \u00e9motion et hommages appuy\u00e9s \u00e0 Ignace Deen avant son inhumation \u00e0 Mandiana - Loni-infos<\/title>\n<meta name=\"robots\" content=\"index, follow, max-snippet:-1, max-image-preview:large, max-video-preview:-1\" \/>\n<link rel=\"canonical\" href=\"https:\/\/www.loni-infos.com\/index.php\/2026\/03\/27\/obseques-de-toumba-diakite-emotion-et-hommages-appuyes-a-ignace-deen-avant-son-inhumation-a-mandiana\/\" \/>\n<meta property=\"og:locale\" content=\"fr_FR\" \/>\n<meta property=\"og:type\" content=\"article\" \/>\n<meta property=\"og:title\" content=\"Obs\u00e8ques de Toumba Diakit\u00e9 : \u00e9motion et hommages appuy\u00e9s \u00e0 Ignace Deen avant son inhumation \u00e0 Mandiana - Loni-infos\" \/>\n<meta property=\"og:description\" content=\"L\u2019\u00e9motion \u00e9tait vive ce vendredi \u00e0 la morgue du CHU Ignace Deen, o\u00f9 famille, proches, autorit\u00e9s et collaborateurs ont rendu un dernier hommage au commandant Aboubacar \u201cToumba\u201d Diakit\u00e9, avant le transfert de son corps vers sa ville natale de Mandiana pour son inhumation. Organis\u00e9 sous forme de symposium, le recueillement s\u2019est d\u00e9roul\u00e9 devant une foule\" \/>\n<meta property=\"og:url\" content=\"https:\/\/www.loni-infos.com\/index.php\/2026\/03\/27\/obseques-de-toumba-diakite-emotion-et-hommages-appuyes-a-ignace-deen-avant-son-inhumation-a-mandiana\/\" \/>\n<meta property=\"og:site_name\" content=\"Loni-infos\" \/>\n<meta property=\"article:published_time\" content=\"2026-03-27T14:43:26+00:00\" \/>\n<meta property=\"article:modified_time\" content=\"2026-03-27T14:43:27+00:00\" \/>\n<meta property=\"og:image\" content=\"https:\/\/www.loni-infos.com\/wp-content\/uploads\/2026\/03\/avocat-de-toumba.jpeg\" \/>\n\t<meta property=\"og:image:width\" content=\"1280\" \/>\n\t<meta property=\"og:image:height\" content=\"960\" \/>\n\t<meta property=\"og:image:type\" content=\"image\/jpeg\" \/>\n<meta name=\"author\" content=\"Madame\" \/>\n<meta name=\"twitter:card\" content=\"summary_large_image\" \/>\n<meta name=\"twitter:label1\" content=\"\u00c9crit par\" \/>\n\t<meta name=\"twitter:data1\" content=\"Madame\" \/>\n\t<meta name=\"twitter:label2\" content=\"Dur\u00e9e de lecture estim\u00e9e\" \/>\n\t<meta name=\"twitter:data2\" content=\"3 minutes\" \/>\n<script type=\"application\/ld+json\" class=\"yoast-schema-graph\">{\"@context\":\"https:\/\/schema.org\",\"@graph\":[{\"@type\":\"Article\",\"@id\":\"https:\/\/www.loni-infos.com\/index.php\/2026\/03\/27\/obseques-de-toumba-diakite-emotion-et-hommages-appuyes-a-ignace-deen-avant-son-inhumation-a-mandiana\/#article\",\"isPartOf\":{\"@id\":\"https:\/\/www.loni-infos.com\/index.php\/2026\/03\/27\/obseques-de-toumba-diakite-emotion-et-hommages-appuyes-a-ignace-deen-avant-son-inhumation-a-mandiana\/\"},\"author\":{\"name\":\"Madame\",\"@id\":\"https:\/\/www.loni-infos.com\/#\/schema\/person\/e16452f14f9b6d926b9a650bb0d1d7c2\"},\"headline\":\"Obs\u00e8ques de Toumba Diakit\u00e9 : \u00e9motion et hommages appuy\u00e9s \u00e0 Ignace Deen avant son inhumation \u00e0 Mandiana\",\"datePublished\":\"2026-03-27T14:43:26+00:00\",\"dateModified\":\"2026-03-27T14:43:27+00:00\",\"mainEntityOfPage\":{\"@id\":\"https:\/\/www.loni-infos.com\/index.php\/2026\/03\/27\/obseques-de-toumba-diakite-emotion-et-hommages-appuyes-a-ignace-deen-avant-son-inhumation-a-mandiana\/\"},\"wordCount\":540,\"commentCount\":0,\"image\":{\"@id\":\"https:\/\/www.loni-infos.com\/index.php\/2026\/03\/27\/obseques-de-toumba-diakite-emotion-et-hommages-appuyes-a-ignace-deen-avant-son-inhumation-a-mandiana\/#primaryimage\"},\"thumbnailUrl\":\"https:\/\/www.loni-infos.com\/wp-content\/uploads\/2026\/03\/avocat-de-toumba.jpeg\",\"keywords\":[\"Aboubacar Diakit\u00e9\",\"Affaires religieuses Guin\u00e9e\",\"Aide de camp Dadis Camara\",\"C\u00e9r\u00e9monie fun\u00e8bre\",\"CHU Ignace Deen\",\"Conakry\",\"Deuil national\",\"forces de d\u00e9fense et de s\u00e9curit\u00e9\",\"Guin\u00e9e\",\"hommage au commandant Toumba Ignace Deen\",\"Hommage officiel\",\"Hommage Toumba Diakit\u00e9\",\"Inhumation Mandiana\",\"Justice transitionnelle\",\"Karamo Diawara\",\"Lancin\u00e9 Sylla\",\"Mamadi Doumbouya\",\"Mandiana\",\"M\u00e9moire collective Guin\u00e9e\",\"Morgue Ignace Deen\",\"mort de Toumba Diakit\u00e9 Guin\u00e9e\",\"Mort Toumba Diakit\u00e9\",\"Moussa Dadis Camara\",\"Obs\u00e8ques Toumba\",\"obs\u00e8ques Toumba Diakit\u00e9 Mandiana\",\"Paul Yomba Kourouma\",\"Proc\u00e8s 28 septembre 2009\",\"r\u00e9action gouvernement Guin\u00e9e d\u00e9c\u00e8s Toumba\",\"Symposium Ignace Deen\",\"t\u00e9moignage avocats Toumba Diakit\u00e9\",\"Toumba Diakit\u00e9\"],\"articleSection\":[\"Soci\u00e9t\u00e9\"],\"inLanguage\":\"fr-FR\",\"potentialAction\":[{\"@type\":\"CommentAction\",\"name\":\"Comment\",\"target\":[\"https:\/\/www.loni-infos.com\/index.php\/2026\/03\/27\/obseques-de-toumba-diakite-emotion-et-hommages-appuyes-a-ignace-deen-avant-son-inhumation-a-mandiana\/#respond\"]}]},{\"@type\":\"WebPage\",\"@id\":\"https:\/\/www.loni-infos.com\/index.php\/2026\/03\/27\/obseques-de-toumba-diakite-emotion-et-hommages-appuyes-a-ignace-deen-avant-son-inhumation-a-mandiana\/\",\"url\":\"https:\/\/www.loni-infos.com\/index.php\/2026\/03\/27\/obseques-de-toumba-diakite-emotion-et-hommages-appuyes-a-ignace-deen-avant-son-inhumation-a-mandiana\/\",\"name\":\"Obs\u00e8ques de Toumba Diakit\u00e9 : \u00e9motion et hommages appuy\u00e9s \u00e0 Ignace Deen avant son inhumation \u00e0 Mandiana - Loni-infos\",\"isPartOf\":{\"@id\":\"https:\/\/www.loni-infos.com\/#website\"},\"primaryImageOfPage\":{\"@id\":\"https:\/\/www.loni-infos.com\/index.php\/2026\/03\/27\/obseques-de-toumba-diakite-emotion-et-hommages-appuyes-a-ignace-deen-avant-son-inhumation-a-mandiana\/#primaryimage\"},\"image\":{\"@id\":\"https:\/\/www.loni-infos.com\/index.php\/2026\/03\/27\/obseques-de-toumba-diakite-emotion-et-hommages-appuyes-a-ignace-deen-avant-son-inhumation-a-mandiana\/#primaryimage\"},\"thumbnailUrl\":\"https:\/\/www.loni-infos.com\/wp-content\/uploads\/2026\/03\/avocat-de-toumba.jpeg\",\"datePublished\":\"2026-03-27T14:43:26+00:00\",\"dateModified\":\"2026-03-27T14:43:27+00:00\",\"author\":{\"@id\":\"https:\/\/www.loni-infos.com\/#\/schema\/person\/e16452f14f9b6d926b9a650bb0d1d7c2\"},\"breadcrumb\":{\"@id\":\"https:\/\/www.loni-infos.com\/index.php\/2026\/03\/27\/obseques-de-toumba-diakite-emotion-et-hommages-appuyes-a-ignace-deen-avant-son-inhumation-a-mandiana\/#breadcrumb\"},\"inLanguage\":\"fr-FR\",\"potentialAction\":[{\"@type\":\"ReadAction\",\"target\":[\"https:\/\/www.loni-infos.com\/index.php\/2026\/03\/27\/obseques-de-toumba-diakite-emotion-et-hommages-appuyes-a-ignace-deen-avant-son-inhumation-a-mandiana\/\"]}]},{\"@type\":\"ImageObject\",\"inLanguage\":\"fr-FR\",\"@id\":\"https:\/\/www.loni-infos.com\/index.php\/2026\/03\/27\/obseques-de-toumba-diakite-emotion-et-hommages-appuyes-a-ignace-deen-avant-son-inhumation-a-mandiana\/#primaryimage\",\"url\":\"https:\/\/www.loni-infos.com\/wp-content\/uploads\/2026\/03\/avocat-de-toumba.jpeg\",\"contentUrl\":\"https:\/\/www.loni-infos.com\/wp-content\/uploads\/2026\/03\/avocat-de-toumba.jpeg\",\"width\":1280,\"height\":960},{\"@type\":\"BreadcrumbList\",\"@id\":\"https:\/\/www.loni-infos.com\/index.php\/2026\/03\/27\/obseques-de-toumba-diakite-emotion-et-hommages-appuyes-a-ignace-deen-avant-son-inhumation-a-mandiana\/#breadcrumb\",\"itemListElement\":[{\"@type\":\"ListItem\",\"position\":1,\"name\":\"Accueil\",\"item\":\"https:\/\/www.loni-infos.com\/\"},{\"@type\":\"ListItem\",\"position\":2,\"name\":\"Obs\u00e8ques de Toumba Diakit\u00e9 : \u00e9motion et hommages appuy\u00e9s \u00e0 Ignace Deen avant son inhumation \u00e0 Mandiana\"}]},{\"@type\":\"WebSite\",\"@id\":\"https:\/\/www.loni-infos.com\/#website\",\"url\":\"https:\/\/www.loni-infos.com\/\",\"name\":\"Loni-infos\",\"description\":\"Vous servir des infos est notre devoir\",\"potentialAction\":[{\"@type\":\"SearchAction\",\"target\":{\"@type\":\"EntryPoint\",\"urlTemplate\":\"https:\/\/www.loni-infos.com\/?s={search_term_string}\"},\"query-input\":{\"@type\":\"PropertyValueSpecification\",\"valueRequired\":true,\"valueName\":\"search_term_string\"}}],\"inLanguage\":\"fr-FR\"},{\"@type\":\"Person\",\"@id\":\"https:\/\/www.loni-infos.com\/#\/schema\/person\/e16452f14f9b6d926b9a650bb0d1d7c2\",\"name\":\"Madame\",\"image\":{\"@type\":\"ImageObject\",\"inLanguage\":\"fr-FR\",\"@id\":\"https:\/\/www.loni-infos.com\/#\/schema\/person\/image\/\",\"url\":\"https:\/\/secure.gravatar.com\/avatar\/01526220341eccec8a3d64e54b1d8169b578cce35ab5747e90c66ff74fabcc79?s=96&d=mm&r=g\",\"contentUrl\":\"https:\/\/secure.gravatar.com\/avatar\/01526220341eccec8a3d64e54b1d8169b578cce35ab5747e90c66ff74fabcc79?s=96&d=mm&r=g\",\"caption\":\"Madame\"},\"url\":\"https:\/\/www.loni-infos.com\/index.php\/author\/madame\/\"}]}<\/script>\n<!-- \/ Yoast SEO plugin. -->","yoast_head_json":{"title":"Obs\u00e8ques de Toumba Diakit\u00e9 : \u00e9motion et hommages appuy\u00e9s \u00e0 Ignace Deen avant son inhumation \u00e0 Mandiana - Loni-infos","robots":{"index":"index","follow":"follow","max-snippet":"max-snippet:-1","max-image-preview":"max-image-preview:large","max-video-preview":"max-video-preview:-1"},"canonical":"https:\/\/www.loni-infos.com\/index.php\/2026\/03\/27\/obseques-de-toumba-diakite-emotion-et-hommages-appuyes-a-ignace-deen-avant-son-inhumation-a-mandiana\/","og_locale":"fr_FR","og_type":"article","og_title":"Obs\u00e8ques de Toumba Diakit\u00e9 : \u00e9motion et hommages appuy\u00e9s \u00e0 Ignace Deen avant son inhumation \u00e0 Mandiana - Loni-infos","og_description":"L\u2019\u00e9motion \u00e9tait vive ce vendredi \u00e0 la morgue du CHU Ignace Deen, o\u00f9 famille, proches, autorit\u00e9s et collaborateurs ont rendu un dernier hommage au commandant Aboubacar \u201cToumba\u201d Diakit\u00e9, avant le transfert de son corps vers sa ville natale de Mandiana pour son inhumation. Organis\u00e9 sous forme de symposium, le recueillement s\u2019est d\u00e9roul\u00e9 devant une foule","og_url":"https:\/\/www.loni-infos.com\/index.php\/2026\/03\/27\/obseques-de-toumba-diakite-emotion-et-hommages-appuyes-a-ignace-deen-avant-son-inhumation-a-mandiana\/","og_site_name":"Loni-infos","article_published_time":"2026-03-27T14:43:26+00:00","article_modified_time":"2026-03-27T14:43:27+00:00","og_image":[{"width":1280,"height":960,"url":"https:\/\/www.loni-infos.com\/wp-content\/uploads\/2026\/03\/avocat-de-toumba.jpeg","type":"image\/jpeg"}],"author":"Madame","twitter_card":"summary_large_image","twitter_misc":{"\u00c9crit par":"Madame","Dur\u00e9e de lecture estim\u00e9e":"3 minutes"},"schema":{"@context":"https:\/\/schema.org","@graph":[{"@type":"Article","@id":"https:\/\/www.loni-infos.com\/index.php\/2026\/03\/27\/obseques-de-toumba-diakite-emotion-et-hommages-appuyes-a-ignace-deen-avant-son-inhumation-a-mandiana\/#article","isPartOf":{"@id":"https:\/\/www.loni-infos.com\/index.php\/2026\/03\/27\/obseques-de-toumba-diakite-emotion-et-hommages-appuyes-a-ignace-deen-avant-son-inhumation-a-mandiana\/"},"author":{"name":"Madame","@id":"https:\/\/www.loni-infos.com\/#\/schema\/person\/e16452f14f9b6d926b9a650bb0d1d7c2"},"headline":"Obs\u00e8ques de Toumba Diakit\u00e9 : \u00e9motion et hommages appuy\u00e9s \u00e0 Ignace Deen avant son inhumation \u00e0 Mandiana","datePublished":"2026-03-27T14:43:26+00:00","dateModified":"2026-03-27T14:43:27+00:00","mainEntityOfPage":{"@id":"https:\/\/www.loni-infos.com\/index.php\/2026\/03\/27\/obseques-de-toumba-diakite-emotion-et-hommages-appuyes-a-ignace-deen-avant-son-inhumation-a-mandiana\/"},"wordCount":540,"commentCount":0,"image":{"@id":"https:\/\/www.loni-infos.com\/index.php\/2026\/03\/27\/obseques-de-toumba-diakite-emotion-et-hommages-appuyes-a-ignace-deen-avant-son-inhumation-a-mandiana\/#primaryimage"},"thumbnailUrl":"https:\/\/www.loni-infos.com\/wp-content\/uploads\/2026\/03\/avocat-de-toumba.jpeg","keywords":["Aboubacar Diakit\u00e9","Affaires religieuses Guin\u00e9e","Aide de camp Dadis Camara","C\u00e9r\u00e9monie fun\u00e8bre","CHU Ignace Deen","Conakry","Deuil national","forces de d\u00e9fense et de s\u00e9curit\u00e9","Guin\u00e9e","hommage au commandant Toumba Ignace Deen","Hommage officiel","Hommage Toumba Diakit\u00e9","Inhumation Mandiana","Justice transitionnelle","Karamo Diawara","Lancin\u00e9 Sylla","Mamadi Doumbouya","Mandiana","M\u00e9moire collective Guin\u00e9e","Morgue Ignace Deen","mort de Toumba Diakit\u00e9 Guin\u00e9e","Mort Toumba Diakit\u00e9","Moussa Dadis Camara","Obs\u00e8ques Toumba","obs\u00e8ques Toumba Diakit\u00e9 Mandiana","Paul Yomba Kourouma","Proc\u00e8s 28 septembre 2009","r\u00e9action gouvernement Guin\u00e9e d\u00e9c\u00e8s Toumba","Symposium Ignace Deen","t\u00e9moignage avocats Toumba Diakit\u00e9","Toumba Diakit\u00e9"],"articleSection":["Soci\u00e9t\u00e9"],"inLanguage":"fr-FR","potentialAction":[{"@type":"CommentAction","name":"Comment","target":["https:\/\/www.loni-infos.com\/index.php\/2026\/03\/27\/obseques-de-toumba-diakite-emotion-et-hommages-appuyes-a-ignace-deen-avant-son-inhumation-a-mandiana\/#respond"]}]},{"@type":"WebPage","@id":"https:\/\/www.loni-infos.com\/index.php\/2026\/03\/27\/obseques-de-toumba-diakite-emotion-et-hommages-appuyes-a-ignace-deen-avant-son-inhumation-a-mandiana\/","url":"https:\/\/www.loni-infos.com\/index.php\/2026\/03\/27\/obseques-de-toumba-diakite-emotion-et-hommages-appuyes-a-ignace-deen-avant-son-inhumation-a-mandiana\/","name":"Obs\u00e8ques de Toumba Diakit\u00e9 : \u00e9motion et hommages appuy\u00e9s \u00e0 Ignace Deen avant son inhumation \u00e0 Mandiana - Loni-infos","isPartOf":{"@id":"https:\/\/www.loni-infos.com\/#website"},"primaryImageOfPage":{"@id":"https:\/\/www.loni-infos.com\/index.php\/2026\/03\/27\/obseques-de-toumba-diakite-emotion-et-hommages-appuyes-a-ignace-deen-avant-son-inhumation-a-mandiana\/#primaryimage"},"image":{"@id":"https:\/\/www.loni-infos.com\/index.php\/2026\/03\/27\/obseques-de-toumba-diakite-emotion-et-hommages-appuyes-a-ignace-deen-avant-son-inhumation-a-mandiana\/#primaryimage"},"thumbnailUrl":"https:\/\/www.loni-infos.com\/wp-content\/uploads\/2026\/03\/avocat-de-toumba.jpeg","datePublished":"2026-03-27T14:43:26+00:00","dateModified":"2026-03-27T14:43:27+00:00","author":{"@id":"https:\/\/www.loni-infos.com\/#\/schema\/person\/e16452f14f9b6d926b9a650bb0d1d7c2"},"breadcrumb":{"@id":"https:\/\/www.loni-infos.com\/index.php\/2026\/03\/27\/obseques-de-toumba-diakite-emotion-et-hommages-appuyes-a-ignace-deen-avant-son-inhumation-a-mandiana\/#breadcrumb"},"inLanguage":"fr-FR","potentialAction":[{"@type":"ReadAction","target":["https:\/\/www.loni-infos.com\/index.php\/2026\/03\/27\/obseques-de-toumba-diakite-emotion-et-hommages-appuyes-a-ignace-deen-avant-son-inhumation-a-mandiana\/"]}]},{"@type":"ImageObject","inLanguage":"fr-FR","@id":"https:\/\/www.loni-infos.com\/index.php\/2026\/03\/27\/obseques-de-toumba-diakite-emotion-et-hommages-appuyes-a-ignace-deen-avant-son-inhumation-a-mandiana\/#primaryimage","url":"https:\/\/www.loni-infos.com\/wp-content\/uploads\/2026\/03\/avocat-de-toumba.jpeg","contentUrl":"https:\/\/www.loni-infos.com\/wp-content\/uploads\/2026\/03\/avocat-de-toumba.jpeg","width":1280,"height":960},{"@type":"BreadcrumbList","@id":"https:\/\/www.loni-infos.com\/index.php\/2026\/03\/27\/obseques-de-toumba-diakite-emotion-et-hommages-appuyes-a-ignace-deen-avant-son-inhumation-a-mandiana\/#breadcrumb","itemListElement":[{"@type":"ListItem","position":1,"name":"Accueil","item":"https:\/\/www.loni-infos.com\/"},{"@type":"ListItem","position":2,"name":"Obs\u00e8ques de Toumba Diakit\u00e9 : \u00e9motion et hommages appuy\u00e9s \u00e0 Ignace Deen avant son inhumation \u00e0 Mandiana"}]},{"@type":"WebSite","@id":"https:\/\/www.loni-infos.com\/#website","url":"https:\/\/www.loni-infos.com\/","name":"Loni-infos","description":"Vous servir des infos est notre devoir","potentialAction":[{"@type":"SearchAction","target":{"@type":"EntryPoint","urlTemplate":"https:\/\/www.loni-infos.com\/?s={search_term_string}"},"query-input":{"@type":"PropertyValueSpecification","valueRequired":true,"valueName":"search_term_string"}}],"inLanguage":"fr-FR"},{"@type":"Person","@id":"https:\/\/www.loni-infos.com\/#\/schema\/person\/e16452f14f9b6d926b9a650bb0d1d7c2","name":"Madame","image":{"@type":"ImageObject","inLanguage":"fr-FR","@id":"https:\/\/www.loni-infos.com\/#\/schema\/person\/image\/","url":"https:\/\/secure.gravatar.com\/avatar\/01526220341eccec8a3d64e54b1d8169b578cce35ab5747e90c66ff74fabcc79?s=96&d=mm&r=g","contentUrl":"https:\/\/secure.gravatar.com\/avatar\/01526220341eccec8a3d64e54b1d8169b578cce35ab5747e90c66ff74fabcc79?s=96&d=mm&r=g","caption":"Madame"},"url":"https:\/\/www.loni-infos.com\/index.php\/author\/madame\/"}]}},"_links":{"self":[{"href":"https:\/\/www.loni-infos.com\/index.php\/wp-json\/wp\/v2\/posts\/17087","targetHints":{"allow":["GET"]}}],"collection":[{"href":"https:\/\/www.loni-infos.com\/index.php\/wp-json\/wp\/v2\/posts"}],"about":[{"href":"https:\/\/www.loni-infos.com\/index.php\/wp-json\/wp\/v2\/types\/post"}],"author":[{"embeddable":true,"href":"https:\/\/www.loni-infos.com\/index.php\/wp-json\/wp\/v2\/users\/6"}],"replies":[{"embeddable":true,"href":"https:\/\/www.loni-infos.com\/index.php\/wp-json\/wp\/v2\/comments?post=17087"}],"version-history":[{"count":1,"href":"https:\/\/www.loni-infos.com\/index.php\/wp-json\/wp\/v2\/posts\/17087\/revisions"}],"predecessor-version":[{"id":17089,"href":"https:\/\/www.loni-infos.com\/index.php\/wp-json\/wp\/v2\/posts\/17087\/revisions\/17089"}],"wp:featuredmedia":[{"embeddable":true,"href":"https:\/\/www.loni-infos.com\/index.php\/wp-json\/wp\/v2\/media\/17088"}],"wp:attachment":[{"href":"https:\/\/www.loni-infos.com\/index.php\/wp-json\/wp\/v2\/media?parent=17087"}],"wp:term":[{"taxonomy":"category","embeddable":true,"href":"https:\/\/www.loni-infos.com\/index.php\/wp-json\/wp\/v2\/categories?post=17087"},{"taxonomy":"post_tag","embeddable":true,"href":"https:\/\/www.loni-infos.com\/index.php\/wp-json\/wp\/v2\/tags?post=17087"}],"curies":[{"name":"wp","href":"https:\/\/api.w.org\/{rel}","templated":true}]}}