{"id":17102,"date":"2026-03-30T20:36:47","date_gmt":"2026-03-30T18:36:47","guid":{"rendered":"https:\/\/www.loni-infos.com\/?p=17102"},"modified":"2026-03-30T20:37:04","modified_gmt":"2026-03-30T18:37:04","slug":"journee-mondiale-du-zero-dechet-un-appel-urgent-a-la-responsabilite-citoyenne-en-guinee","status":"publish","type":"post","link":"https:\/\/www.loni-infos.com\/index.php\/2026\/03\/30\/journee-mondiale-du-zero-dechet-un-appel-urgent-a-la-responsabilite-citoyenne-en-guinee\/","title":{"rendered":"Journ\u00e9e mondiale du z\u00e9ro d\u00e9chet : un appel urgent \u00e0 la responsabilit\u00e9 citoyenne en Guin\u00e9e."},"content":{"rendered":"\n<p>\u00c0 l\u2019occasion de la Journ\u00e9e internationale du z\u00e9ro d\u00e9chet, la question de la gestion des d\u00e9chets refait surface avec acuit\u00e9 en Guin\u00e9e. Entre insuffisance des politiques publiques et comportements inadapt\u00e9s des citoyens, le pays fait face \u00e0 un d\u00e9fi environnemental majeur.<\/p>\n\n\n<div class=\"wp-block-image\">\n<figure class=\"aligncenter size-large\"><img fetchpriority=\"high\" decoding=\"async\" width=\"678\" height=\"1024\" src=\"https:\/\/www.loni-infos.com\/wp-content\/uploads\/2026\/03\/IMG-20260330-WA0032-678x1024.jpg\" alt=\"\" class=\"wp-image-17103\" srcset=\"https:\/\/www.loni-infos.com\/wp-content\/uploads\/2026\/03\/IMG-20260330-WA0032-678x1024.jpg 678w, https:\/\/www.loni-infos.com\/wp-content\/uploads\/2026\/03\/IMG-20260330-WA0032-199x300.jpg 199w, https:\/\/www.loni-infos.com\/wp-content\/uploads\/2026\/03\/IMG-20260330-WA0032-150x227.jpg 150w, https:\/\/www.loni-infos.com\/wp-content\/uploads\/2026\/03\/IMG-20260330-WA0032-450x680.jpg 450w, https:\/\/www.loni-infos.com\/wp-content\/uploads\/2026\/03\/IMG-20260330-WA0032.jpg 715w\" sizes=\"(max-width: 678px) 100vw, 678px\" \/><\/figure>\n<\/div>\n\n\n<p>Intervenant sur cette th\u00e9matique, le journaliste environnementaliste Aliou Diallo souligne l\u2019importance de cette journ\u00e9e : \u00ab C\u2019est une journ\u00e9e transversale qui concerne tout le monde : d\u00e9cideurs, citoyens, activistes, scientifiques. Les d\u00e9chets sont produits par l\u2019homme, donc l\u2019homme est au centre du probl\u00e8me. \u00bb<\/p>\n\n\n\n<p><br>Selon lui, cette journ\u00e9e constitue une opportunit\u00e9 essentielle pour prendre conscience de l\u2019ampleur de la crise environnementale li\u00e9e aux d\u00e9chets.<br>Conakry, symbole d\u2019une crise visible<br>Le constat est alarmant, notamment dans la capitale guin\u00e9enne, Conakry, o\u00f9 les d\u00e9chets plastiques envahissent l\u2019espace public.<br>\u00ab Partout o\u00f9 nous passons, nous rencontrons des d\u00e9chets plastiques. Ils font d\u00e9sormais partie de notre quotidien. \u00bb<br>Cette omnipr\u00e9sence traduit l\u2019incapacit\u00e9 actuelle du pays \u00e0 g\u00e9rer efficacement ses d\u00e9chets, malgr\u00e9 quelques initiatives encore insuffisantes.<\/p>\n\n\n\n<p>Au-del\u00e0 des limites institutionnelles, le comportement des citoyens est fortement mis en cause. L\u2019insouciance et le manque de civisme apparaissent comme des facteurs aggravants.<br>\u00ab Les citoyens pensent que c\u2019est un ph\u00e9nom\u00e8ne avec lequel on peut vivre. Pourtant, ce sont eux les producteurs de ces d\u00e9chets. \u00bb<br>Jeter les ordures dans la rue, ignorer les r\u00e8gles d\u2019assainissement ou banaliser la pollution sont autant de pratiques qui illustrent un d\u00e9ficit d\u2019\u00e9ducation environnementale.<br>Cette attitude traduit une incompr\u00e9hension profonde de la responsabilit\u00e9 individuelle dans la gestion des d\u00e9chets.<\/p>\n\n\n\n<p>Le journaliste met \u00e9galement en lumi\u00e8re un autre probl\u00e8me majeur : l\u2019absence de synergie entre les diff\u00e9rents acteurs.<br>\u00ab Il y a un manque de coordination entre citoyens, d\u00e9cideurs, scientifiques. Chacun doit jouer sa partition. \u00bb<br>Cette d\u00e9sorganisation freine la mise en place de solutions durables et efficaces.<\/p>\n\n\n\n<p>Pour inverser la tendance, plusieurs actions sont n\u00e9cessaires :<br>Renforcer la sensibilisation et l\u2019\u00e9ducation environnementale<br>Encourager des comportements civiques responsables<br>Consid\u00e9rer les d\u00e9chets comme des opportunit\u00e9s \u00e9conomiques<br>Am\u00e9liorer la collaboration entre institutions et citoyens<br>\u00ab Les d\u00e9chets ne doivent pas \u00eatre vus comme un probl\u00e8me, mais comme une source d\u2019opportunit\u00e9s et d\u2019emplois. \u00bb<\/p>\n\n\n\n<p>Selon cet environnementaliste, Les jeunes repr\u00e9sentent un levier essentiel dans cette lutte.<br>\u00ab Les jeunes sont des acteurs cl\u00e9s. Ils sont dynamiques et peuvent impulser le changement. \u00bb<br>Des initiatives locales \u00e9mergent d\u00e9j\u00e0, notamment dans le recyclage :<br>Transformation des d\u00e9chets plastiques en pav\u00e9s<br>Production de charbon \u00e9cologique<br>Cr\u00e9ation d\u2019entreprises vertes comme Mananyuma<br>Ces actions, bien que prometteuses, n\u00e9cessitent davantage de soutien pour se d\u00e9velopper.<br>Des cons\u00e9quences graves sur la sant\u00e9 et l\u2019environnement<br>Plus loins il affirme que la mauvaise gestion des d\u00e9chets a des impacts consid\u00e9rables :<br>Prolif\u00e9ration de maladies<br>D\u00e9gradation des sols agricoles<br>Pollution de l\u2019air et de l\u2019eau<br>Contribution au r\u00e9chauffement climatique<br>\u00ab Les d\u00e9chets plastiques peuvent entra\u00eener des maladies et d\u00e9grader durablement l\u2019environnement. C\u2019est pourquoi je fait un appel \u00e0 une responsable sur la gestion des d\u00e9chets en Guin\u00e9e \u00bb<br>Le message du journaliste est clair : la lutte contre les d\u00e9chets est une responsabilit\u00e9 partag\u00e9e.<br>\u00ab Les d\u00e9chets sont produits dans nos maisons et jet\u00e9s par nous-m\u00eames. Les citoyens doivent se sentir responsables. \u00bb<br>Il appelle \u00e9galement les autorit\u00e9s \u00e0 aller au-del\u00e0 des discours en mettant en place une politique nationale efficace de gestion des d\u00e9chets.<\/p>\n\n\n\n<p>La gestion des d\u00e9chets en Guin\u00e9e ne pourra s\u2019am\u00e9liorer sans un changement profond des mentalit\u00e9s. Si les autorit\u00e9s ont un r\u00f4le cl\u00e9 \u00e0 jouer, les citoyens restent les premiers responsables. Sans discipline collective et engagement r\u00e9el, les initiatives resteront insuffisantes face \u00e0 l\u2019ampleur du probl\u00e8me.<\/p>\n\n\n\n<p><br>Laleman Guin\u00e9e.<\/p>\n","protected":false},"excerpt":{"rendered":"<p>\u00c0 l\u2019occasion de la Journ\u00e9e internationale du z\u00e9ro d\u00e9chet, la question de la gestion des d\u00e9chets refait surface avec acuit\u00e9 en Guin\u00e9e. Entre insuffisance des politiques publiques et comportements inadapt\u00e9s des citoyens, le pays fait face \u00e0 un d\u00e9fi environnemental majeur. Intervenant sur cette th\u00e9matique, le journaliste environnementaliste Aliou Diallo souligne l\u2019importance de cette journ\u00e9e<\/p>\n","protected":false},"author":6,"featured_media":17104,"comment_status":"open","ping_status":"open","sticky":false,"template":"","format":"standard","meta":{"footnotes":""},"categories":[2],"tags":[],"class_list":{"0":"post-17102","1":"post","2":"type-post","3":"status-publish","4":"format-standard","5":"has-post-thumbnail","7":"category-environnement"},"yoast_head":"<!-- This site is optimized with the Yoast SEO plugin v27.0 - https:\/\/yoast.com\/product\/yoast-seo-wordpress\/ -->\n<title>Journ\u00e9e mondiale du z\u00e9ro d\u00e9chet : un appel urgent \u00e0 la responsabilit\u00e9 citoyenne en Guin\u00e9e. - Loni-infos<\/title>\n<meta name=\"robots\" content=\"index, follow, max-snippet:-1, max-image-preview:large, max-video-preview:-1\" \/>\n<link rel=\"canonical\" href=\"https:\/\/www.loni-infos.com\/index.php\/2026\/03\/30\/journee-mondiale-du-zero-dechet-un-appel-urgent-a-la-responsabilite-citoyenne-en-guinee\/\" \/>\n<meta property=\"og:locale\" content=\"fr_FR\" \/>\n<meta property=\"og:type\" content=\"article\" \/>\n<meta property=\"og:title\" content=\"Journ\u00e9e mondiale du z\u00e9ro d\u00e9chet : un appel urgent \u00e0 la responsabilit\u00e9 citoyenne en Guin\u00e9e. - Loni-infos\" \/>\n<meta property=\"og:description\" content=\"\u00c0 l\u2019occasion de la Journ\u00e9e internationale du z\u00e9ro d\u00e9chet, la question de la gestion des d\u00e9chets refait surface avec acuit\u00e9 en Guin\u00e9e. Entre insuffisance des politiques publiques et comportements inadapt\u00e9s des citoyens, le pays fait face \u00e0 un d\u00e9fi environnemental majeur. Intervenant sur cette th\u00e9matique, le journaliste environnementaliste Aliou Diallo souligne l\u2019importance de cette journ\u00e9e\" \/>\n<meta property=\"og:url\" content=\"https:\/\/www.loni-infos.com\/index.php\/2026\/03\/30\/journee-mondiale-du-zero-dechet-un-appel-urgent-a-la-responsabilite-citoyenne-en-guinee\/\" \/>\n<meta property=\"og:site_name\" content=\"Loni-infos\" \/>\n<meta property=\"article:published_time\" content=\"2026-03-30T18:36:47+00:00\" \/>\n<meta property=\"article:modified_time\" content=\"2026-03-30T18:37:04+00:00\" \/>\n<meta property=\"og:image\" content=\"https:\/\/www.loni-infos.com\/wp-content\/uploads\/2026\/03\/IMG-20260330-WA0034.jpg\" \/>\n\t<meta property=\"og:image:width\" content=\"1140\" \/>\n\t<meta property=\"og:image:height\" content=\"570\" \/>\n\t<meta property=\"og:image:type\" content=\"image\/jpeg\" \/>\n<meta name=\"author\" content=\"Madame\" \/>\n<meta name=\"twitter:card\" content=\"summary_large_image\" \/>\n<meta name=\"twitter:label1\" content=\"\u00c9crit par\" \/>\n\t<meta name=\"twitter:data1\" content=\"Madame\" \/>\n\t<meta name=\"twitter:label2\" content=\"Dur\u00e9e de lecture estim\u00e9e\" \/>\n\t<meta name=\"twitter:data2\" content=\"4 minutes\" \/>\n<script type=\"application\/ld+json\" class=\"yoast-schema-graph\">{\"@context\":\"https:\/\/schema.org\",\"@graph\":[{\"@type\":\"Article\",\"@id\":\"https:\/\/www.loni-infos.com\/index.php\/2026\/03\/30\/journee-mondiale-du-zero-dechet-un-appel-urgent-a-la-responsabilite-citoyenne-en-guinee\/#article\",\"isPartOf\":{\"@id\":\"https:\/\/www.loni-infos.com\/index.php\/2026\/03\/30\/journee-mondiale-du-zero-dechet-un-appel-urgent-a-la-responsabilite-citoyenne-en-guinee\/\"},\"author\":{\"name\":\"Madame\",\"@id\":\"https:\/\/www.loni-infos.com\/#\/schema\/person\/e16452f14f9b6d926b9a650bb0d1d7c2\"},\"headline\":\"Journ\u00e9e mondiale du z\u00e9ro d\u00e9chet : un appel urgent \u00e0 la responsabilit\u00e9 citoyenne en Guin\u00e9e.\",\"datePublished\":\"2026-03-30T18:36:47+00:00\",\"dateModified\":\"2026-03-30T18:37:04+00:00\",\"mainEntityOfPage\":{\"@id\":\"https:\/\/www.loni-infos.com\/index.php\/2026\/03\/30\/journee-mondiale-du-zero-dechet-un-appel-urgent-a-la-responsabilite-citoyenne-en-guinee\/\"},\"wordCount\":666,\"commentCount\":0,\"image\":{\"@id\":\"https:\/\/www.loni-infos.com\/index.php\/2026\/03\/30\/journee-mondiale-du-zero-dechet-un-appel-urgent-a-la-responsabilite-citoyenne-en-guinee\/#primaryimage\"},\"thumbnailUrl\":\"https:\/\/www.loni-infos.com\/wp-content\/uploads\/2026\/03\/IMG-20260330-WA0034.jpg\",\"articleSection\":[\"Environnement\"],\"inLanguage\":\"fr-FR\",\"potentialAction\":[{\"@type\":\"CommentAction\",\"name\":\"Comment\",\"target\":[\"https:\/\/www.loni-infos.com\/index.php\/2026\/03\/30\/journee-mondiale-du-zero-dechet-un-appel-urgent-a-la-responsabilite-citoyenne-en-guinee\/#respond\"]}]},{\"@type\":\"WebPage\",\"@id\":\"https:\/\/www.loni-infos.com\/index.php\/2026\/03\/30\/journee-mondiale-du-zero-dechet-un-appel-urgent-a-la-responsabilite-citoyenne-en-guinee\/\",\"url\":\"https:\/\/www.loni-infos.com\/index.php\/2026\/03\/30\/journee-mondiale-du-zero-dechet-un-appel-urgent-a-la-responsabilite-citoyenne-en-guinee\/\",\"name\":\"Journ\u00e9e mondiale du z\u00e9ro d\u00e9chet : un appel urgent \u00e0 la responsabilit\u00e9 citoyenne en Guin\u00e9e. - Loni-infos\",\"isPartOf\":{\"@id\":\"https:\/\/www.loni-infos.com\/#website\"},\"primaryImageOfPage\":{\"@id\":\"https:\/\/www.loni-infos.com\/index.php\/2026\/03\/30\/journee-mondiale-du-zero-dechet-un-appel-urgent-a-la-responsabilite-citoyenne-en-guinee\/#primaryimage\"},\"image\":{\"@id\":\"https:\/\/www.loni-infos.com\/index.php\/2026\/03\/30\/journee-mondiale-du-zero-dechet-un-appel-urgent-a-la-responsabilite-citoyenne-en-guinee\/#primaryimage\"},\"thumbnailUrl\":\"https:\/\/www.loni-infos.com\/wp-content\/uploads\/2026\/03\/IMG-20260330-WA0034.jpg\",\"datePublished\":\"2026-03-30T18:36:47+00:00\",\"dateModified\":\"2026-03-30T18:37:04+00:00\",\"author\":{\"@id\":\"https:\/\/www.loni-infos.com\/#\/schema\/person\/e16452f14f9b6d926b9a650bb0d1d7c2\"},\"breadcrumb\":{\"@id\":\"https:\/\/www.loni-infos.com\/index.php\/2026\/03\/30\/journee-mondiale-du-zero-dechet-un-appel-urgent-a-la-responsabilite-citoyenne-en-guinee\/#breadcrumb\"},\"inLanguage\":\"fr-FR\",\"potentialAction\":[{\"@type\":\"ReadAction\",\"target\":[\"https:\/\/www.loni-infos.com\/index.php\/2026\/03\/30\/journee-mondiale-du-zero-dechet-un-appel-urgent-a-la-responsabilite-citoyenne-en-guinee\/\"]}]},{\"@type\":\"ImageObject\",\"inLanguage\":\"fr-FR\",\"@id\":\"https:\/\/www.loni-infos.com\/index.php\/2026\/03\/30\/journee-mondiale-du-zero-dechet-un-appel-urgent-a-la-responsabilite-citoyenne-en-guinee\/#primaryimage\",\"url\":\"https:\/\/www.loni-infos.com\/wp-content\/uploads\/2026\/03\/IMG-20260330-WA0034.jpg\",\"contentUrl\":\"https:\/\/www.loni-infos.com\/wp-content\/uploads\/2026\/03\/IMG-20260330-WA0034.jpg\",\"width\":1140,\"height\":570},{\"@type\":\"BreadcrumbList\",\"@id\":\"https:\/\/www.loni-infos.com\/index.php\/2026\/03\/30\/journee-mondiale-du-zero-dechet-un-appel-urgent-a-la-responsabilite-citoyenne-en-guinee\/#breadcrumb\",\"itemListElement\":[{\"@type\":\"ListItem\",\"position\":1,\"name\":\"Accueil\",\"item\":\"https:\/\/www.loni-infos.com\/\"},{\"@type\":\"ListItem\",\"position\":2,\"name\":\"Journ\u00e9e mondiale du z\u00e9ro d\u00e9chet : un appel urgent \u00e0 la responsabilit\u00e9 citoyenne en Guin\u00e9e.\"}]},{\"@type\":\"WebSite\",\"@id\":\"https:\/\/www.loni-infos.com\/#website\",\"url\":\"https:\/\/www.loni-infos.com\/\",\"name\":\"Loni-infos\",\"description\":\"Vous servir des infos est notre devoir\",\"potentialAction\":[{\"@type\":\"SearchAction\",\"target\":{\"@type\":\"EntryPoint\",\"urlTemplate\":\"https:\/\/www.loni-infos.com\/?s={search_term_string}\"},\"query-input\":{\"@type\":\"PropertyValueSpecification\",\"valueRequired\":true,\"valueName\":\"search_term_string\"}}],\"inLanguage\":\"fr-FR\"},{\"@type\":\"Person\",\"@id\":\"https:\/\/www.loni-infos.com\/#\/schema\/person\/e16452f14f9b6d926b9a650bb0d1d7c2\",\"name\":\"Madame\",\"image\":{\"@type\":\"ImageObject\",\"inLanguage\":\"fr-FR\",\"@id\":\"https:\/\/www.loni-infos.com\/#\/schema\/person\/image\/\",\"url\":\"https:\/\/secure.gravatar.com\/avatar\/01526220341eccec8a3d64e54b1d8169b578cce35ab5747e90c66ff74fabcc79?s=96&d=mm&r=g\",\"contentUrl\":\"https:\/\/secure.gravatar.com\/avatar\/01526220341eccec8a3d64e54b1d8169b578cce35ab5747e90c66ff74fabcc79?s=96&d=mm&r=g\",\"caption\":\"Madame\"},\"url\":\"https:\/\/www.loni-infos.com\/index.php\/author\/madame\/\"}]}<\/script>\n<!-- \/ Yoast SEO plugin. -->","yoast_head_json":{"title":"Journ\u00e9e mondiale du z\u00e9ro d\u00e9chet : un appel urgent \u00e0 la responsabilit\u00e9 citoyenne en Guin\u00e9e. - Loni-infos","robots":{"index":"index","follow":"follow","max-snippet":"max-snippet:-1","max-image-preview":"max-image-preview:large","max-video-preview":"max-video-preview:-1"},"canonical":"https:\/\/www.loni-infos.com\/index.php\/2026\/03\/30\/journee-mondiale-du-zero-dechet-un-appel-urgent-a-la-responsabilite-citoyenne-en-guinee\/","og_locale":"fr_FR","og_type":"article","og_title":"Journ\u00e9e mondiale du z\u00e9ro d\u00e9chet : un appel urgent \u00e0 la responsabilit\u00e9 citoyenne en Guin\u00e9e. - Loni-infos","og_description":"\u00c0 l\u2019occasion de la Journ\u00e9e internationale du z\u00e9ro d\u00e9chet, la question de la gestion des d\u00e9chets refait surface avec acuit\u00e9 en Guin\u00e9e. Entre insuffisance des politiques publiques et comportements inadapt\u00e9s des citoyens, le pays fait face \u00e0 un d\u00e9fi environnemental majeur. Intervenant sur cette th\u00e9matique, le journaliste environnementaliste Aliou Diallo souligne l\u2019importance de cette journ\u00e9e","og_url":"https:\/\/www.loni-infos.com\/index.php\/2026\/03\/30\/journee-mondiale-du-zero-dechet-un-appel-urgent-a-la-responsabilite-citoyenne-en-guinee\/","og_site_name":"Loni-infos","article_published_time":"2026-03-30T18:36:47+00:00","article_modified_time":"2026-03-30T18:37:04+00:00","og_image":[{"width":1140,"height":570,"url":"https:\/\/www.loni-infos.com\/wp-content\/uploads\/2026\/03\/IMG-20260330-WA0034.jpg","type":"image\/jpeg"}],"author":"Madame","twitter_card":"summary_large_image","twitter_misc":{"\u00c9crit par":"Madame","Dur\u00e9e de lecture estim\u00e9e":"4 minutes"},"schema":{"@context":"https:\/\/schema.org","@graph":[{"@type":"Article","@id":"https:\/\/www.loni-infos.com\/index.php\/2026\/03\/30\/journee-mondiale-du-zero-dechet-un-appel-urgent-a-la-responsabilite-citoyenne-en-guinee\/#article","isPartOf":{"@id":"https:\/\/www.loni-infos.com\/index.php\/2026\/03\/30\/journee-mondiale-du-zero-dechet-un-appel-urgent-a-la-responsabilite-citoyenne-en-guinee\/"},"author":{"name":"Madame","@id":"https:\/\/www.loni-infos.com\/#\/schema\/person\/e16452f14f9b6d926b9a650bb0d1d7c2"},"headline":"Journ\u00e9e mondiale du z\u00e9ro d\u00e9chet : un appel urgent \u00e0 la responsabilit\u00e9 citoyenne en Guin\u00e9e.","datePublished":"2026-03-30T18:36:47+00:00","dateModified":"2026-03-30T18:37:04+00:00","mainEntityOfPage":{"@id":"https:\/\/www.loni-infos.com\/index.php\/2026\/03\/30\/journee-mondiale-du-zero-dechet-un-appel-urgent-a-la-responsabilite-citoyenne-en-guinee\/"},"wordCount":666,"commentCount":0,"image":{"@id":"https:\/\/www.loni-infos.com\/index.php\/2026\/03\/30\/journee-mondiale-du-zero-dechet-un-appel-urgent-a-la-responsabilite-citoyenne-en-guinee\/#primaryimage"},"thumbnailUrl":"https:\/\/www.loni-infos.com\/wp-content\/uploads\/2026\/03\/IMG-20260330-WA0034.jpg","articleSection":["Environnement"],"inLanguage":"fr-FR","potentialAction":[{"@type":"CommentAction","name":"Comment","target":["https:\/\/www.loni-infos.com\/index.php\/2026\/03\/30\/journee-mondiale-du-zero-dechet-un-appel-urgent-a-la-responsabilite-citoyenne-en-guinee\/#respond"]}]},{"@type":"WebPage","@id":"https:\/\/www.loni-infos.com\/index.php\/2026\/03\/30\/journee-mondiale-du-zero-dechet-un-appel-urgent-a-la-responsabilite-citoyenne-en-guinee\/","url":"https:\/\/www.loni-infos.com\/index.php\/2026\/03\/30\/journee-mondiale-du-zero-dechet-un-appel-urgent-a-la-responsabilite-citoyenne-en-guinee\/","name":"Journ\u00e9e mondiale du z\u00e9ro d\u00e9chet : un appel urgent \u00e0 la responsabilit\u00e9 citoyenne en Guin\u00e9e. - Loni-infos","isPartOf":{"@id":"https:\/\/www.loni-infos.com\/#website"},"primaryImageOfPage":{"@id":"https:\/\/www.loni-infos.com\/index.php\/2026\/03\/30\/journee-mondiale-du-zero-dechet-un-appel-urgent-a-la-responsabilite-citoyenne-en-guinee\/#primaryimage"},"image":{"@id":"https:\/\/www.loni-infos.com\/index.php\/2026\/03\/30\/journee-mondiale-du-zero-dechet-un-appel-urgent-a-la-responsabilite-citoyenne-en-guinee\/#primaryimage"},"thumbnailUrl":"https:\/\/www.loni-infos.com\/wp-content\/uploads\/2026\/03\/IMG-20260330-WA0034.jpg","datePublished":"2026-03-30T18:36:47+00:00","dateModified":"2026-03-30T18:37:04+00:00","author":{"@id":"https:\/\/www.loni-infos.com\/#\/schema\/person\/e16452f14f9b6d926b9a650bb0d1d7c2"},"breadcrumb":{"@id":"https:\/\/www.loni-infos.com\/index.php\/2026\/03\/30\/journee-mondiale-du-zero-dechet-un-appel-urgent-a-la-responsabilite-citoyenne-en-guinee\/#breadcrumb"},"inLanguage":"fr-FR","potentialAction":[{"@type":"ReadAction","target":["https:\/\/www.loni-infos.com\/index.php\/2026\/03\/30\/journee-mondiale-du-zero-dechet-un-appel-urgent-a-la-responsabilite-citoyenne-en-guinee\/"]}]},{"@type":"ImageObject","inLanguage":"fr-FR","@id":"https:\/\/www.loni-infos.com\/index.php\/2026\/03\/30\/journee-mondiale-du-zero-dechet-un-appel-urgent-a-la-responsabilite-citoyenne-en-guinee\/#primaryimage","url":"https:\/\/www.loni-infos.com\/wp-content\/uploads\/2026\/03\/IMG-20260330-WA0034.jpg","contentUrl":"https:\/\/www.loni-infos.com\/wp-content\/uploads\/2026\/03\/IMG-20260330-WA0034.jpg","width":1140,"height":570},{"@type":"BreadcrumbList","@id":"https:\/\/www.loni-infos.com\/index.php\/2026\/03\/30\/journee-mondiale-du-zero-dechet-un-appel-urgent-a-la-responsabilite-citoyenne-en-guinee\/#breadcrumb","itemListElement":[{"@type":"ListItem","position":1,"name":"Accueil","item":"https:\/\/www.loni-infos.com\/"},{"@type":"ListItem","position":2,"name":"Journ\u00e9e mondiale du z\u00e9ro d\u00e9chet : un appel urgent \u00e0 la responsabilit\u00e9 citoyenne en Guin\u00e9e."}]},{"@type":"WebSite","@id":"https:\/\/www.loni-infos.com\/#website","url":"https:\/\/www.loni-infos.com\/","name":"Loni-infos","description":"Vous servir des infos est notre devoir","potentialAction":[{"@type":"SearchAction","target":{"@type":"EntryPoint","urlTemplate":"https:\/\/www.loni-infos.com\/?s={search_term_string}"},"query-input":{"@type":"PropertyValueSpecification","valueRequired":true,"valueName":"search_term_string"}}],"inLanguage":"fr-FR"},{"@type":"Person","@id":"https:\/\/www.loni-infos.com\/#\/schema\/person\/e16452f14f9b6d926b9a650bb0d1d7c2","name":"Madame","image":{"@type":"ImageObject","inLanguage":"fr-FR","@id":"https:\/\/www.loni-infos.com\/#\/schema\/person\/image\/","url":"https:\/\/secure.gravatar.com\/avatar\/01526220341eccec8a3d64e54b1d8169b578cce35ab5747e90c66ff74fabcc79?s=96&d=mm&r=g","contentUrl":"https:\/\/secure.gravatar.com\/avatar\/01526220341eccec8a3d64e54b1d8169b578cce35ab5747e90c66ff74fabcc79?s=96&d=mm&r=g","caption":"Madame"},"url":"https:\/\/www.loni-infos.com\/index.php\/author\/madame\/"}]}},"_links":{"self":[{"href":"https:\/\/www.loni-infos.com\/index.php\/wp-json\/wp\/v2\/posts\/17102","targetHints":{"allow":["GET"]}}],"collection":[{"href":"https:\/\/www.loni-infos.com\/index.php\/wp-json\/wp\/v2\/posts"}],"about":[{"href":"https:\/\/www.loni-infos.com\/index.php\/wp-json\/wp\/v2\/types\/post"}],"author":[{"embeddable":true,"href":"https:\/\/www.loni-infos.com\/index.php\/wp-json\/wp\/v2\/users\/6"}],"replies":[{"embeddable":true,"href":"https:\/\/www.loni-infos.com\/index.php\/wp-json\/wp\/v2\/comments?post=17102"}],"version-history":[{"count":1,"href":"https:\/\/www.loni-infos.com\/index.php\/wp-json\/wp\/v2\/posts\/17102\/revisions"}],"predecessor-version":[{"id":17105,"href":"https:\/\/www.loni-infos.com\/index.php\/wp-json\/wp\/v2\/posts\/17102\/revisions\/17105"}],"wp:featuredmedia":[{"embeddable":true,"href":"https:\/\/www.loni-infos.com\/index.php\/wp-json\/wp\/v2\/media\/17104"}],"wp:attachment":[{"href":"https:\/\/www.loni-infos.com\/index.php\/wp-json\/wp\/v2\/media?parent=17102"}],"wp:term":[{"taxonomy":"category","embeddable":true,"href":"https:\/\/www.loni-infos.com\/index.php\/wp-json\/wp\/v2\/categories?post=17102"},{"taxonomy":"post_tag","embeddable":true,"href":"https:\/\/www.loni-infos.com\/index.php\/wp-json\/wp\/v2\/tags?post=17102"}],"curies":[{"name":"wp","href":"https:\/\/api.w.org\/{rel}","templated":true}]}}