{"id":17161,"date":"2026-04-08T09:27:21","date_gmt":"2026-04-08T07:27:21","guid":{"rendered":"https:\/\/www.loni-infos.com\/?p=17161"},"modified":"2026-04-08T09:27:23","modified_gmt":"2026-04-08T07:27:23","slug":"treve-de-deux-semaines-entre-washington-et-teheran-des-negociations-sous-tension","status":"publish","type":"post","link":"https:\/\/www.loni-infos.com\/index.php\/2026\/04\/08\/treve-de-deux-semaines-entre-washington-et-teheran-des-negociations-sous-tension\/","title":{"rendered":"Tr\u00eave de deux semaines entre Washington et T\u00e9h\u00e9ran : des n\u00e9gociations sous tension"},"content":{"rendered":"\n<p>Un cessez-le-feu de deux semaines a \u00e9t\u00e9 conclu entre les \u00c9tats-Unis et l\u2019Iran, apr\u00e8s plus de cinq semaines d\u2019intenses affrontements ayant plong\u00e9 le Moyen-Orient dans une nouvelle spirale de violence. Cette tr\u00eave, annonc\u00e9e dans la nuit du mardi 7 au mercredi 8 avril 2026, ouvre la voie \u00e0 des n\u00e9gociations, mais laisse subsister de nombreuses incertitudes.<\/p>\n\n\n\n<p>Selon les autorit\u00e9s am\u00e9ricaines, le pr\u00e9sident Donald Trump a accept\u00e9 de suspendre les bombardements contre l\u2019Iran pour une dur\u00e9e de deux semaines, en \u00e9change notamment de la r\u00e9ouverture du strat\u00e9gique d\u00e9troit d\u2019Ormuz, par lequel transite une part importante du p\u00e9trole mondial. Washington affirme que T\u00e9h\u00e9ran a propos\u00e9 un plan en dix points jug\u00e9 \u00ab viable \u00bb, servant de base aux discussions \u00e0 venir.<\/p>\n\n\n\n<p>De son c\u00f4t\u00e9, l\u2019Iran a confirm\u00e9 son engagement \u00e0 rouvrir temporairement ce passage maritime crucial, tout en conditionnant cette d\u00e9cision \u00e0 l\u2019arr\u00eat des attaques contre son territoire. Les autorit\u00e9s iraniennes ont \u00e9galement annonc\u00e9 l\u2019ouverture prochaine de n\u00e9gociations avec les \u00c9tats-Unis, pr\u00e9vues au Pakistan.<\/p>\n\n\n\n<p><strong>Un accord d\u00e9j\u00e0 contest\u00e9<\/strong><\/p>\n\n\n\n<p>Malgr\u00e9 cette avanc\u00e9e diplomatique, des divergences persistent quant \u00e0 l\u2019application du cessez-le-feu. Le Pakistan, qui a jou\u00e9 un r\u00f4le de m\u00e9diateur, a \u00e9voqu\u00e9 un accord global incluant plusieurs fronts du conflit. Toutefois, Isra\u00ebl a rapidement d\u00e9menti cette version, affirmant que la tr\u00eave \u00ab n\u2019inclut pas le Liban \u00bb.<\/p>\n\n\n\n<p>Sur le terrain, la situation reste tendue. Au Liban, les combats entre l\u2019arm\u00e9e isra\u00e9lienne et le mouvement Hezbollah se poursuivent, malgr\u00e9 une baisse relative de l\u2019intensit\u00e9 des affrontements. Des frappes ont encore \u00e9t\u00e9 signal\u00e9es dans le sud du pays, tandis que des tirs de roquettes ont \u00e9t\u00e9 revendiqu\u00e9s par le Hezbollah.<\/p>\n\n\n\n<p><strong>Une situation humanitaire pr\u00e9occupante<\/strong><\/p>\n\n\n\n<p>Apr\u00e8s plus de 40 jours de conflit, le bilan humain est lourd, notamment au Liban o\u00f9 l\u2019on d\u00e9nombre d\u00e9j\u00e0 plus de 1 500 morts et pr\u00e8s de 5 000 bless\u00e9s. Les infrastructures civiles ont \u00e9galement \u00e9t\u00e9 durement touch\u00e9es, suscitant l\u2019inqui\u00e9tude de la communaut\u00e9 internationale.<\/p>\n\n\n\n<p>Le Haut-Commissaire des Nations unies aux droits de l\u2019homme a rappel\u00e9 que les attaques visant d\u00e9lib\u00e9r\u00e9ment des civils ou des infrastructures civiles constituent des crimes de guerre, appelant toutes les parties \u00e0 respecter le droit international.<\/p>\n\n\n\n<p><strong>Vers des n\u00e9gociations d\u00e9cisives ?<\/strong><\/p>\n\n\n\n<p>Si cette tr\u00eave offre une fen\u00eatre d\u2019opportunit\u00e9 pour la diplomatie, elle appara\u00eet avant tout comme une pause strat\u00e9gique dans un conflit complexe aux multiples acteurs. Plusieurs dirigeants internationaux ont salu\u00e9 cette initiative, tout en appelant \u00e0 des efforts accrus pour parvenir \u00e0 une paix durable dans la r\u00e9gion.<\/p>\n\n\n\n<p>Les prochains jours seront donc d\u00e9terminants pour \u00e9valuer la solidit\u00e9 de cet accord et la capacit\u00e9 des parties \u00e0 transformer cette tr\u00eave en v\u00e9ritable processus de paix.<\/p>\n","protected":false},"excerpt":{"rendered":"<p>Un cessez-le-feu de deux semaines a \u00e9t\u00e9 conclu entre les \u00c9tats-Unis et l\u2019Iran, apr\u00e8s plus de cinq semaines d\u2019intenses affrontements ayant plong\u00e9 le Moyen-Orient dans une nouvelle spirale de violence. Cette tr\u00eave, annonc\u00e9e dans la nuit du mardi 7 au mercredi 8 avril 2026, ouvre la voie \u00e0 des n\u00e9gociations, mais laisse subsister de nombreuses<\/p>\n","protected":false},"author":6,"featured_media":17162,"comment_status":"open","ping_status":"open","sticky":false,"template":"","format":"standard","meta":{"footnotes":""},"categories":[32],"tags":[],"class_list":{"0":"post-17161","1":"post","2":"type-post","3":"status-publish","4":"format-standard","5":"has-post-thumbnail","7":"category-monde"},"yoast_head":"<!-- This site is optimized with the Yoast SEO plugin v27.0 - https:\/\/yoast.com\/product\/yoast-seo-wordpress\/ -->\n<title>Tr\u00eave de deux semaines entre Washington et T\u00e9h\u00e9ran : des n\u00e9gociations sous tension - Loni-infos<\/title>\n<meta name=\"robots\" content=\"index, follow, max-snippet:-1, max-image-preview:large, max-video-preview:-1\" \/>\n<link rel=\"canonical\" href=\"https:\/\/www.loni-infos.com\/index.php\/2026\/04\/08\/treve-de-deux-semaines-entre-washington-et-teheran-des-negociations-sous-tension\/\" \/>\n<meta property=\"og:locale\" content=\"fr_FR\" \/>\n<meta property=\"og:type\" content=\"article\" \/>\n<meta property=\"og:title\" content=\"Tr\u00eave de deux semaines entre Washington et T\u00e9h\u00e9ran : des n\u00e9gociations sous tension - Loni-infos\" \/>\n<meta property=\"og:description\" content=\"Un cessez-le-feu de deux semaines a \u00e9t\u00e9 conclu entre les \u00c9tats-Unis et l\u2019Iran, apr\u00e8s plus de cinq semaines d\u2019intenses affrontements ayant plong\u00e9 le Moyen-Orient dans une nouvelle spirale de violence. Cette tr\u00eave, annonc\u00e9e dans la nuit du mardi 7 au mercredi 8 avril 2026, ouvre la voie \u00e0 des n\u00e9gociations, mais laisse subsister de nombreuses\" \/>\n<meta property=\"og:url\" content=\"https:\/\/www.loni-infos.com\/index.php\/2026\/04\/08\/treve-de-deux-semaines-entre-washington-et-teheran-des-negociations-sous-tension\/\" \/>\n<meta property=\"og:site_name\" content=\"Loni-infos\" \/>\n<meta property=\"article:published_time\" content=\"2026-04-08T07:27:21+00:00\" \/>\n<meta property=\"article:modified_time\" content=\"2026-04-08T07:27:23+00:00\" \/>\n<meta property=\"og:image\" content=\"https:\/\/www.loni-infos.com\/wp-content\/uploads\/2026\/04\/Capture-decran-2026-04-08-072627.png\" \/>\n\t<meta property=\"og:image:width\" content=\"1251\" \/>\n\t<meta property=\"og:image:height\" content=\"650\" \/>\n\t<meta property=\"og:image:type\" content=\"image\/png\" \/>\n<meta name=\"author\" content=\"Madame\" \/>\n<meta name=\"twitter:card\" content=\"summary_large_image\" \/>\n<meta name=\"twitter:label1\" content=\"\u00c9crit par\" \/>\n\t<meta name=\"twitter:data1\" content=\"Madame\" \/>\n\t<meta name=\"twitter:label2\" content=\"Dur\u00e9e de lecture estim\u00e9e\" \/>\n\t<meta name=\"twitter:data2\" content=\"3 minutes\" \/>\n<script type=\"application\/ld+json\" class=\"yoast-schema-graph\">{\"@context\":\"https:\/\/schema.org\",\"@graph\":[{\"@type\":\"Article\",\"@id\":\"https:\/\/www.loni-infos.com\/index.php\/2026\/04\/08\/treve-de-deux-semaines-entre-washington-et-teheran-des-negociations-sous-tension\/#article\",\"isPartOf\":{\"@id\":\"https:\/\/www.loni-infos.com\/index.php\/2026\/04\/08\/treve-de-deux-semaines-entre-washington-et-teheran-des-negociations-sous-tension\/\"},\"author\":{\"name\":\"Madame\",\"@id\":\"https:\/\/www.loni-infos.com\/#\/schema\/person\/e16452f14f9b6d926b9a650bb0d1d7c2\"},\"headline\":\"Tr\u00eave de deux semaines entre Washington et T\u00e9h\u00e9ran : des n\u00e9gociations sous tension\",\"datePublished\":\"2026-04-08T07:27:21+00:00\",\"dateModified\":\"2026-04-08T07:27:23+00:00\",\"mainEntityOfPage\":{\"@id\":\"https:\/\/www.loni-infos.com\/index.php\/2026\/04\/08\/treve-de-deux-semaines-entre-washington-et-teheran-des-negociations-sous-tension\/\"},\"wordCount\":490,\"commentCount\":0,\"image\":{\"@id\":\"https:\/\/www.loni-infos.com\/index.php\/2026\/04\/08\/treve-de-deux-semaines-entre-washington-et-teheran-des-negociations-sous-tension\/#primaryimage\"},\"thumbnailUrl\":\"https:\/\/www.loni-infos.com\/wp-content\/uploads\/2026\/04\/Capture-decran-2026-04-08-072627.png\",\"articleSection\":[\"Monde\"],\"inLanguage\":\"fr-FR\",\"potentialAction\":[{\"@type\":\"CommentAction\",\"name\":\"Comment\",\"target\":[\"https:\/\/www.loni-infos.com\/index.php\/2026\/04\/08\/treve-de-deux-semaines-entre-washington-et-teheran-des-negociations-sous-tension\/#respond\"]}]},{\"@type\":\"WebPage\",\"@id\":\"https:\/\/www.loni-infos.com\/index.php\/2026\/04\/08\/treve-de-deux-semaines-entre-washington-et-teheran-des-negociations-sous-tension\/\",\"url\":\"https:\/\/www.loni-infos.com\/index.php\/2026\/04\/08\/treve-de-deux-semaines-entre-washington-et-teheran-des-negociations-sous-tension\/\",\"name\":\"Tr\u00eave de deux semaines entre Washington et T\u00e9h\u00e9ran : des n\u00e9gociations sous tension - Loni-infos\",\"isPartOf\":{\"@id\":\"https:\/\/www.loni-infos.com\/#website\"},\"primaryImageOfPage\":{\"@id\":\"https:\/\/www.loni-infos.com\/index.php\/2026\/04\/08\/treve-de-deux-semaines-entre-washington-et-teheran-des-negociations-sous-tension\/#primaryimage\"},\"image\":{\"@id\":\"https:\/\/www.loni-infos.com\/index.php\/2026\/04\/08\/treve-de-deux-semaines-entre-washington-et-teheran-des-negociations-sous-tension\/#primaryimage\"},\"thumbnailUrl\":\"https:\/\/www.loni-infos.com\/wp-content\/uploads\/2026\/04\/Capture-decran-2026-04-08-072627.png\",\"datePublished\":\"2026-04-08T07:27:21+00:00\",\"dateModified\":\"2026-04-08T07:27:23+00:00\",\"author\":{\"@id\":\"https:\/\/www.loni-infos.com\/#\/schema\/person\/e16452f14f9b6d926b9a650bb0d1d7c2\"},\"breadcrumb\":{\"@id\":\"https:\/\/www.loni-infos.com\/index.php\/2026\/04\/08\/treve-de-deux-semaines-entre-washington-et-teheran-des-negociations-sous-tension\/#breadcrumb\"},\"inLanguage\":\"fr-FR\",\"potentialAction\":[{\"@type\":\"ReadAction\",\"target\":[\"https:\/\/www.loni-infos.com\/index.php\/2026\/04\/08\/treve-de-deux-semaines-entre-washington-et-teheran-des-negociations-sous-tension\/\"]}]},{\"@type\":\"ImageObject\",\"inLanguage\":\"fr-FR\",\"@id\":\"https:\/\/www.loni-infos.com\/index.php\/2026\/04\/08\/treve-de-deux-semaines-entre-washington-et-teheran-des-negociations-sous-tension\/#primaryimage\",\"url\":\"https:\/\/www.loni-infos.com\/wp-content\/uploads\/2026\/04\/Capture-decran-2026-04-08-072627.png\",\"contentUrl\":\"https:\/\/www.loni-infos.com\/wp-content\/uploads\/2026\/04\/Capture-decran-2026-04-08-072627.png\",\"width\":1251,\"height\":650},{\"@type\":\"BreadcrumbList\",\"@id\":\"https:\/\/www.loni-infos.com\/index.php\/2026\/04\/08\/treve-de-deux-semaines-entre-washington-et-teheran-des-negociations-sous-tension\/#breadcrumb\",\"itemListElement\":[{\"@type\":\"ListItem\",\"position\":1,\"name\":\"Accueil\",\"item\":\"https:\/\/www.loni-infos.com\/\"},{\"@type\":\"ListItem\",\"position\":2,\"name\":\"Tr\u00eave de deux semaines entre Washington et T\u00e9h\u00e9ran : des n\u00e9gociations sous tension\"}]},{\"@type\":\"WebSite\",\"@id\":\"https:\/\/www.loni-infos.com\/#website\",\"url\":\"https:\/\/www.loni-infos.com\/\",\"name\":\"Loni-infos\",\"description\":\"Vous servir des infos est notre devoir\",\"potentialAction\":[{\"@type\":\"SearchAction\",\"target\":{\"@type\":\"EntryPoint\",\"urlTemplate\":\"https:\/\/www.loni-infos.com\/?s={search_term_string}\"},\"query-input\":{\"@type\":\"PropertyValueSpecification\",\"valueRequired\":true,\"valueName\":\"search_term_string\"}}],\"inLanguage\":\"fr-FR\"},{\"@type\":\"Person\",\"@id\":\"https:\/\/www.loni-infos.com\/#\/schema\/person\/e16452f14f9b6d926b9a650bb0d1d7c2\",\"name\":\"Madame\",\"image\":{\"@type\":\"ImageObject\",\"inLanguage\":\"fr-FR\",\"@id\":\"https:\/\/www.loni-infos.com\/#\/schema\/person\/image\/\",\"url\":\"https:\/\/secure.gravatar.com\/avatar\/01526220341eccec8a3d64e54b1d8169b578cce35ab5747e90c66ff74fabcc79?s=96&d=mm&r=g\",\"contentUrl\":\"https:\/\/secure.gravatar.com\/avatar\/01526220341eccec8a3d64e54b1d8169b578cce35ab5747e90c66ff74fabcc79?s=96&d=mm&r=g\",\"caption\":\"Madame\"},\"url\":\"https:\/\/www.loni-infos.com\/index.php\/author\/madame\/\"}]}<\/script>\n<!-- \/ Yoast SEO plugin. -->","yoast_head_json":{"title":"Tr\u00eave de deux semaines entre Washington et T\u00e9h\u00e9ran : des n\u00e9gociations sous tension - Loni-infos","robots":{"index":"index","follow":"follow","max-snippet":"max-snippet:-1","max-image-preview":"max-image-preview:large","max-video-preview":"max-video-preview:-1"},"canonical":"https:\/\/www.loni-infos.com\/index.php\/2026\/04\/08\/treve-de-deux-semaines-entre-washington-et-teheran-des-negociations-sous-tension\/","og_locale":"fr_FR","og_type":"article","og_title":"Tr\u00eave de deux semaines entre Washington et T\u00e9h\u00e9ran : des n\u00e9gociations sous tension - Loni-infos","og_description":"Un cessez-le-feu de deux semaines a \u00e9t\u00e9 conclu entre les \u00c9tats-Unis et l\u2019Iran, apr\u00e8s plus de cinq semaines d\u2019intenses affrontements ayant plong\u00e9 le Moyen-Orient dans une nouvelle spirale de violence. Cette tr\u00eave, annonc\u00e9e dans la nuit du mardi 7 au mercredi 8 avril 2026, ouvre la voie \u00e0 des n\u00e9gociations, mais laisse subsister de nombreuses","og_url":"https:\/\/www.loni-infos.com\/index.php\/2026\/04\/08\/treve-de-deux-semaines-entre-washington-et-teheran-des-negociations-sous-tension\/","og_site_name":"Loni-infos","article_published_time":"2026-04-08T07:27:21+00:00","article_modified_time":"2026-04-08T07:27:23+00:00","og_image":[{"width":1251,"height":650,"url":"https:\/\/www.loni-infos.com\/wp-content\/uploads\/2026\/04\/Capture-decran-2026-04-08-072627.png","type":"image\/png"}],"author":"Madame","twitter_card":"summary_large_image","twitter_misc":{"\u00c9crit par":"Madame","Dur\u00e9e de lecture estim\u00e9e":"3 minutes"},"schema":{"@context":"https:\/\/schema.org","@graph":[{"@type":"Article","@id":"https:\/\/www.loni-infos.com\/index.php\/2026\/04\/08\/treve-de-deux-semaines-entre-washington-et-teheran-des-negociations-sous-tension\/#article","isPartOf":{"@id":"https:\/\/www.loni-infos.com\/index.php\/2026\/04\/08\/treve-de-deux-semaines-entre-washington-et-teheran-des-negociations-sous-tension\/"},"author":{"name":"Madame","@id":"https:\/\/www.loni-infos.com\/#\/schema\/person\/e16452f14f9b6d926b9a650bb0d1d7c2"},"headline":"Tr\u00eave de deux semaines entre Washington et T\u00e9h\u00e9ran : des n\u00e9gociations sous tension","datePublished":"2026-04-08T07:27:21+00:00","dateModified":"2026-04-08T07:27:23+00:00","mainEntityOfPage":{"@id":"https:\/\/www.loni-infos.com\/index.php\/2026\/04\/08\/treve-de-deux-semaines-entre-washington-et-teheran-des-negociations-sous-tension\/"},"wordCount":490,"commentCount":0,"image":{"@id":"https:\/\/www.loni-infos.com\/index.php\/2026\/04\/08\/treve-de-deux-semaines-entre-washington-et-teheran-des-negociations-sous-tension\/#primaryimage"},"thumbnailUrl":"https:\/\/www.loni-infos.com\/wp-content\/uploads\/2026\/04\/Capture-decran-2026-04-08-072627.png","articleSection":["Monde"],"inLanguage":"fr-FR","potentialAction":[{"@type":"CommentAction","name":"Comment","target":["https:\/\/www.loni-infos.com\/index.php\/2026\/04\/08\/treve-de-deux-semaines-entre-washington-et-teheran-des-negociations-sous-tension\/#respond"]}]},{"@type":"WebPage","@id":"https:\/\/www.loni-infos.com\/index.php\/2026\/04\/08\/treve-de-deux-semaines-entre-washington-et-teheran-des-negociations-sous-tension\/","url":"https:\/\/www.loni-infos.com\/index.php\/2026\/04\/08\/treve-de-deux-semaines-entre-washington-et-teheran-des-negociations-sous-tension\/","name":"Tr\u00eave de deux semaines entre Washington et T\u00e9h\u00e9ran : des n\u00e9gociations sous tension - Loni-infos","isPartOf":{"@id":"https:\/\/www.loni-infos.com\/#website"},"primaryImageOfPage":{"@id":"https:\/\/www.loni-infos.com\/index.php\/2026\/04\/08\/treve-de-deux-semaines-entre-washington-et-teheran-des-negociations-sous-tension\/#primaryimage"},"image":{"@id":"https:\/\/www.loni-infos.com\/index.php\/2026\/04\/08\/treve-de-deux-semaines-entre-washington-et-teheran-des-negociations-sous-tension\/#primaryimage"},"thumbnailUrl":"https:\/\/www.loni-infos.com\/wp-content\/uploads\/2026\/04\/Capture-decran-2026-04-08-072627.png","datePublished":"2026-04-08T07:27:21+00:00","dateModified":"2026-04-08T07:27:23+00:00","author":{"@id":"https:\/\/www.loni-infos.com\/#\/schema\/person\/e16452f14f9b6d926b9a650bb0d1d7c2"},"breadcrumb":{"@id":"https:\/\/www.loni-infos.com\/index.php\/2026\/04\/08\/treve-de-deux-semaines-entre-washington-et-teheran-des-negociations-sous-tension\/#breadcrumb"},"inLanguage":"fr-FR","potentialAction":[{"@type":"ReadAction","target":["https:\/\/www.loni-infos.com\/index.php\/2026\/04\/08\/treve-de-deux-semaines-entre-washington-et-teheran-des-negociations-sous-tension\/"]}]},{"@type":"ImageObject","inLanguage":"fr-FR","@id":"https:\/\/www.loni-infos.com\/index.php\/2026\/04\/08\/treve-de-deux-semaines-entre-washington-et-teheran-des-negociations-sous-tension\/#primaryimage","url":"https:\/\/www.loni-infos.com\/wp-content\/uploads\/2026\/04\/Capture-decran-2026-04-08-072627.png","contentUrl":"https:\/\/www.loni-infos.com\/wp-content\/uploads\/2026\/04\/Capture-decran-2026-04-08-072627.png","width":1251,"height":650},{"@type":"BreadcrumbList","@id":"https:\/\/www.loni-infos.com\/index.php\/2026\/04\/08\/treve-de-deux-semaines-entre-washington-et-teheran-des-negociations-sous-tension\/#breadcrumb","itemListElement":[{"@type":"ListItem","position":1,"name":"Accueil","item":"https:\/\/www.loni-infos.com\/"},{"@type":"ListItem","position":2,"name":"Tr\u00eave de deux semaines entre Washington et T\u00e9h\u00e9ran : des n\u00e9gociations sous tension"}]},{"@type":"WebSite","@id":"https:\/\/www.loni-infos.com\/#website","url":"https:\/\/www.loni-infos.com\/","name":"Loni-infos","description":"Vous servir des infos est notre devoir","potentialAction":[{"@type":"SearchAction","target":{"@type":"EntryPoint","urlTemplate":"https:\/\/www.loni-infos.com\/?s={search_term_string}"},"query-input":{"@type":"PropertyValueSpecification","valueRequired":true,"valueName":"search_term_string"}}],"inLanguage":"fr-FR"},{"@type":"Person","@id":"https:\/\/www.loni-infos.com\/#\/schema\/person\/e16452f14f9b6d926b9a650bb0d1d7c2","name":"Madame","image":{"@type":"ImageObject","inLanguage":"fr-FR","@id":"https:\/\/www.loni-infos.com\/#\/schema\/person\/image\/","url":"https:\/\/secure.gravatar.com\/avatar\/01526220341eccec8a3d64e54b1d8169b578cce35ab5747e90c66ff74fabcc79?s=96&d=mm&r=g","contentUrl":"https:\/\/secure.gravatar.com\/avatar\/01526220341eccec8a3d64e54b1d8169b578cce35ab5747e90c66ff74fabcc79?s=96&d=mm&r=g","caption":"Madame"},"url":"https:\/\/www.loni-infos.com\/index.php\/author\/madame\/"}]}},"_links":{"self":[{"href":"https:\/\/www.loni-infos.com\/index.php\/wp-json\/wp\/v2\/posts\/17161","targetHints":{"allow":["GET"]}}],"collection":[{"href":"https:\/\/www.loni-infos.com\/index.php\/wp-json\/wp\/v2\/posts"}],"about":[{"href":"https:\/\/www.loni-infos.com\/index.php\/wp-json\/wp\/v2\/types\/post"}],"author":[{"embeddable":true,"href":"https:\/\/www.loni-infos.com\/index.php\/wp-json\/wp\/v2\/users\/6"}],"replies":[{"embeddable":true,"href":"https:\/\/www.loni-infos.com\/index.php\/wp-json\/wp\/v2\/comments?post=17161"}],"version-history":[{"count":1,"href":"https:\/\/www.loni-infos.com\/index.php\/wp-json\/wp\/v2\/posts\/17161\/revisions"}],"predecessor-version":[{"id":17163,"href":"https:\/\/www.loni-infos.com\/index.php\/wp-json\/wp\/v2\/posts\/17161\/revisions\/17163"}],"wp:featuredmedia":[{"embeddable":true,"href":"https:\/\/www.loni-infos.com\/index.php\/wp-json\/wp\/v2\/media\/17162"}],"wp:attachment":[{"href":"https:\/\/www.loni-infos.com\/index.php\/wp-json\/wp\/v2\/media?parent=17161"}],"wp:term":[{"taxonomy":"category","embeddable":true,"href":"https:\/\/www.loni-infos.com\/index.php\/wp-json\/wp\/v2\/categories?post=17161"},{"taxonomy":"post_tag","embeddable":true,"href":"https:\/\/www.loni-infos.com\/index.php\/wp-json\/wp\/v2\/tags?post=17161"}],"curies":[{"name":"wp","href":"https:\/\/api.w.org\/{rel}","templated":true}]}}