{"id":17229,"date":"2026-04-14T18:08:43","date_gmt":"2026-04-14T16:08:43","guid":{"rendered":"https:\/\/www.loni-infos.com\/?p=17229"},"modified":"2026-04-14T18:21:11","modified_gmt":"2026-04-14T16:21:11","slug":"formation-des-superviseurs-de-la-campagne-mediatique-des-elections-du-31-mai-2026","status":"publish","type":"post","link":"https:\/\/www.loni-infos.com\/index.php\/2026\/04\/14\/formation-des-superviseurs-de-la-campagne-mediatique-des-elections-du-31-mai-2026\/","title":{"rendered":"Formation des superviseurs de la campagne m\u00e9diatique des \u00e9lections du 31 mai 2026"},"content":{"rendered":"\n<p>Le lundi 13 avril 2026, la Direction G\u00e9n\u00e9rale des \u00c9lections (DGE) a proc\u00e9d\u00e9 au lancement d\u2019un atelier de formation des superviseurs de la campagne m\u00e9diatique des \u00e9lections l\u00e9gislatives et communales pr\u00e9vues le 31 mai 2026, \u00e0 Kindia.<\/p>\n\n\n\n<p>La Directrice g\u00e9n\u00e9rale des \u00e9lections, Djenabou Tour\u00e9, a pris part \u00e0 cette c\u00e9r\u00e9monie d\u2019ouverture, pr\u00e9sid\u00e9e par Boubacar Yacine Diallo, pr\u00e9sident de la Haute Autorit\u00e9 de la Communication (HAC). Cette pr\u00e9sence conjointe t\u00e9moigne de l\u2019importance accord\u00e9e \u00e0 l\u2019encadrement et \u00e0 la r\u00e9gulation de la communication \u00e9lectorale.<\/p>\n\n\n\n<p>Au cours de la session, Djenabou Tour\u00e9 a pr\u00e9sent\u00e9 les objectifs du scrutin ainsi que le cadre juridique encadrant les \u00e9lections l\u00e9gislatives et communales. Elle a apport\u00e9 des \u00e9claircissements sur les r\u00e8gles, principes et exigences devant guider l\u2019ensemble des acteurs impliqu\u00e9s dans le processus \u00e9lectoral.<\/p>\n\n\n<div class=\"wp-block-image\">\n<figure class=\"aligncenter size-large\"><img fetchpriority=\"high\" decoding=\"async\" width=\"1024\" height=\"768\" src=\"https:\/\/www.loni-infos.com\/wp-content\/uploads\/2026\/04\/dddddddddddd-1024x768.jpg\" alt=\"\" class=\"wp-image-17231\" srcset=\"https:\/\/www.loni-infos.com\/wp-content\/uploads\/2026\/04\/dddddddddddd-1024x768.jpg 1024w, https:\/\/www.loni-infos.com\/wp-content\/uploads\/2026\/04\/dddddddddddd-300x225.jpg 300w, https:\/\/www.loni-infos.com\/wp-content\/uploads\/2026\/04\/dddddddddddd-768x576.jpg 768w, https:\/\/www.loni-infos.com\/wp-content\/uploads\/2026\/04\/dddddddddddd-150x113.jpg 150w, https:\/\/www.loni-infos.com\/wp-content\/uploads\/2026\/04\/dddddddddddd-450x338.jpg 450w, https:\/\/www.loni-infos.com\/wp-content\/uploads\/2026\/04\/dddddddddddd-1200x900.jpg 1200w, https:\/\/www.loni-infos.com\/wp-content\/uploads\/2026\/04\/dddddddddddd.jpg 1440w\" sizes=\"(max-width: 1024px) 100vw, 1024px\" \/><\/figure>\n<\/div>\n\n\n<p>Elle a \u00e9galement insist\u00e9 sur le r\u00f4le essentiel d\u2019une couverture m\u00e9diatique professionnelle et responsable, gage de transparence, d\u2019\u00e9quit\u00e9 entre les candidats et de cr\u00e9dibilit\u00e9 du processus \u00e9lectoral. Une information fiable et ma\u00eetris\u00e9e contribue, selon elle, \u00e0 renforcer la confiance des citoyens et \u00e0 pr\u00e9server un climat apais\u00e9 durant la p\u00e9riode \u00e9lectorale.<\/p>\n\n\n\n<p>Cet atelier vise \u00e0 renforcer les capacit\u00e9s des superviseurs afin d\u2019assurer une mise en \u0153uvre efficace et conforme aux dispositions l\u00e9gales de la campagne m\u00e9diatique, dans la perspective d\u2019\u00e9lections libres, transparentes et inclusives.<\/p>\n","protected":false},"excerpt":{"rendered":"<p>Le lundi 13 avril 2026, la Direction G\u00e9n\u00e9rale des \u00c9lections (DGE) a proc\u00e9d\u00e9 au lancement d\u2019un atelier de formation des superviseurs de la campagne m\u00e9diatique des \u00e9lections l\u00e9gislatives et communales pr\u00e9vues le 31 mai 2026, \u00e0 Kindia. La Directrice g\u00e9n\u00e9rale des \u00e9lections, Djenabou Tour\u00e9, a pris part \u00e0 cette c\u00e9r\u00e9monie d\u2019ouverture, pr\u00e9sid\u00e9e par Boubacar Yacine<\/p>\n","protected":false},"author":6,"featured_media":17230,"comment_status":"open","ping_status":"open","sticky":false,"template":"","format":"standard","meta":{"footnotes":""},"categories":[80],"tags":[],"class_list":{"0":"post-17229","1":"post","2":"type-post","3":"status-publish","4":"format-standard","5":"has-post-thumbnail","7":"category-politique"},"yoast_head":"<!-- This site is optimized with the Yoast SEO plugin v27.0 - https:\/\/yoast.com\/product\/yoast-seo-wordpress\/ -->\n<title>Formation des superviseurs de la campagne m\u00e9diatique des \u00e9lections du 31 mai 2026 - Loni-infos<\/title>\n<meta name=\"robots\" content=\"index, follow, max-snippet:-1, max-image-preview:large, max-video-preview:-1\" \/>\n<link rel=\"canonical\" href=\"https:\/\/www.loni-infos.com\/index.php\/2026\/04\/14\/formation-des-superviseurs-de-la-campagne-mediatique-des-elections-du-31-mai-2026\/\" \/>\n<meta property=\"og:locale\" content=\"fr_FR\" \/>\n<meta property=\"og:type\" content=\"article\" \/>\n<meta property=\"og:title\" content=\"Formation des superviseurs de la campagne m\u00e9diatique des \u00e9lections du 31 mai 2026 - Loni-infos\" \/>\n<meta property=\"og:description\" content=\"Le lundi 13 avril 2026, la Direction G\u00e9n\u00e9rale des \u00c9lections (DGE) a proc\u00e9d\u00e9 au lancement d\u2019un atelier de formation des superviseurs de la campagne m\u00e9diatique des \u00e9lections l\u00e9gislatives et communales pr\u00e9vues le 31 mai 2026, \u00e0 Kindia. La Directrice g\u00e9n\u00e9rale des \u00e9lections, Djenabou Tour\u00e9, a pris part \u00e0 cette c\u00e9r\u00e9monie d\u2019ouverture, pr\u00e9sid\u00e9e par Boubacar Yacine\" \/>\n<meta property=\"og:url\" content=\"https:\/\/www.loni-infos.com\/index.php\/2026\/04\/14\/formation-des-superviseurs-de-la-campagne-mediatique-des-elections-du-31-mai-2026\/\" \/>\n<meta property=\"og:site_name\" content=\"Loni-infos\" \/>\n<meta property=\"article:published_time\" content=\"2026-04-14T16:08:43+00:00\" \/>\n<meta property=\"article:modified_time\" content=\"2026-04-14T16:21:11+00:00\" \/>\n<meta property=\"og:image\" content=\"https:\/\/www.loni-infos.com\/wp-content\/uploads\/2026\/04\/669911694_122170886192863310_2598712451147723396_n.jpg\" \/>\n\t<meta property=\"og:image:width\" content=\"1440\" \/>\n\t<meta property=\"og:image:height\" content=\"1080\" \/>\n\t<meta property=\"og:image:type\" content=\"image\/jpeg\" \/>\n<meta name=\"author\" content=\"Madame\" \/>\n<meta name=\"twitter:card\" content=\"summary_large_image\" \/>\n<meta name=\"twitter:label1\" content=\"\u00c9crit par\" \/>\n\t<meta name=\"twitter:data1\" content=\"Madame\" \/>\n\t<meta name=\"twitter:label2\" content=\"Dur\u00e9e de lecture estim\u00e9e\" \/>\n\t<meta name=\"twitter:data2\" content=\"2 minutes\" \/>\n<script type=\"application\/ld+json\" class=\"yoast-schema-graph\">{\"@context\":\"https:\/\/schema.org\",\"@graph\":[{\"@type\":\"Article\",\"@id\":\"https:\/\/www.loni-infos.com\/index.php\/2026\/04\/14\/formation-des-superviseurs-de-la-campagne-mediatique-des-elections-du-31-mai-2026\/#article\",\"isPartOf\":{\"@id\":\"https:\/\/www.loni-infos.com\/index.php\/2026\/04\/14\/formation-des-superviseurs-de-la-campagne-mediatique-des-elections-du-31-mai-2026\/\"},\"author\":{\"name\":\"Madame\",\"@id\":\"https:\/\/www.loni-infos.com\/#\/schema\/person\/e16452f14f9b6d926b9a650bb0d1d7c2\"},\"headline\":\"Formation des superviseurs de la campagne m\u00e9diatique des \u00e9lections du 31 mai 2026\",\"datePublished\":\"2026-04-14T16:08:43+00:00\",\"dateModified\":\"2026-04-14T16:21:11+00:00\",\"mainEntityOfPage\":{\"@id\":\"https:\/\/www.loni-infos.com\/index.php\/2026\/04\/14\/formation-des-superviseurs-de-la-campagne-mediatique-des-elections-du-31-mai-2026\/\"},\"wordCount\":252,\"commentCount\":0,\"image\":{\"@id\":\"https:\/\/www.loni-infos.com\/index.php\/2026\/04\/14\/formation-des-superviseurs-de-la-campagne-mediatique-des-elections-du-31-mai-2026\/#primaryimage\"},\"thumbnailUrl\":\"https:\/\/www.loni-infos.com\/wp-content\/uploads\/2026\/04\/669911694_122170886192863310_2598712451147723396_n.jpg\",\"articleSection\":[\"Politique\"],\"inLanguage\":\"fr-FR\",\"potentialAction\":[{\"@type\":\"CommentAction\",\"name\":\"Comment\",\"target\":[\"https:\/\/www.loni-infos.com\/index.php\/2026\/04\/14\/formation-des-superviseurs-de-la-campagne-mediatique-des-elections-du-31-mai-2026\/#respond\"]}]},{\"@type\":\"WebPage\",\"@id\":\"https:\/\/www.loni-infos.com\/index.php\/2026\/04\/14\/formation-des-superviseurs-de-la-campagne-mediatique-des-elections-du-31-mai-2026\/\",\"url\":\"https:\/\/www.loni-infos.com\/index.php\/2026\/04\/14\/formation-des-superviseurs-de-la-campagne-mediatique-des-elections-du-31-mai-2026\/\",\"name\":\"Formation des superviseurs de la campagne m\u00e9diatique des \u00e9lections du 31 mai 2026 - Loni-infos\",\"isPartOf\":{\"@id\":\"https:\/\/www.loni-infos.com\/#website\"},\"primaryImageOfPage\":{\"@id\":\"https:\/\/www.loni-infos.com\/index.php\/2026\/04\/14\/formation-des-superviseurs-de-la-campagne-mediatique-des-elections-du-31-mai-2026\/#primaryimage\"},\"image\":{\"@id\":\"https:\/\/www.loni-infos.com\/index.php\/2026\/04\/14\/formation-des-superviseurs-de-la-campagne-mediatique-des-elections-du-31-mai-2026\/#primaryimage\"},\"thumbnailUrl\":\"https:\/\/www.loni-infos.com\/wp-content\/uploads\/2026\/04\/669911694_122170886192863310_2598712451147723396_n.jpg\",\"datePublished\":\"2026-04-14T16:08:43+00:00\",\"dateModified\":\"2026-04-14T16:21:11+00:00\",\"author\":{\"@id\":\"https:\/\/www.loni-infos.com\/#\/schema\/person\/e16452f14f9b6d926b9a650bb0d1d7c2\"},\"breadcrumb\":{\"@id\":\"https:\/\/www.loni-infos.com\/index.php\/2026\/04\/14\/formation-des-superviseurs-de-la-campagne-mediatique-des-elections-du-31-mai-2026\/#breadcrumb\"},\"inLanguage\":\"fr-FR\",\"potentialAction\":[{\"@type\":\"ReadAction\",\"target\":[\"https:\/\/www.loni-infos.com\/index.php\/2026\/04\/14\/formation-des-superviseurs-de-la-campagne-mediatique-des-elections-du-31-mai-2026\/\"]}]},{\"@type\":\"ImageObject\",\"inLanguage\":\"fr-FR\",\"@id\":\"https:\/\/www.loni-infos.com\/index.php\/2026\/04\/14\/formation-des-superviseurs-de-la-campagne-mediatique-des-elections-du-31-mai-2026\/#primaryimage\",\"url\":\"https:\/\/www.loni-infos.com\/wp-content\/uploads\/2026\/04\/669911694_122170886192863310_2598712451147723396_n.jpg\",\"contentUrl\":\"https:\/\/www.loni-infos.com\/wp-content\/uploads\/2026\/04\/669911694_122170886192863310_2598712451147723396_n.jpg\",\"width\":1440,\"height\":1080},{\"@type\":\"BreadcrumbList\",\"@id\":\"https:\/\/www.loni-infos.com\/index.php\/2026\/04\/14\/formation-des-superviseurs-de-la-campagne-mediatique-des-elections-du-31-mai-2026\/#breadcrumb\",\"itemListElement\":[{\"@type\":\"ListItem\",\"position\":1,\"name\":\"Accueil\",\"item\":\"https:\/\/www.loni-infos.com\/\"},{\"@type\":\"ListItem\",\"position\":2,\"name\":\"Formation des superviseurs de la campagne m\u00e9diatique des \u00e9lections du 31 mai 2026\"}]},{\"@type\":\"WebSite\",\"@id\":\"https:\/\/www.loni-infos.com\/#website\",\"url\":\"https:\/\/www.loni-infos.com\/\",\"name\":\"Loni-infos\",\"description\":\"Vous servir des infos est notre devoir\",\"potentialAction\":[{\"@type\":\"SearchAction\",\"target\":{\"@type\":\"EntryPoint\",\"urlTemplate\":\"https:\/\/www.loni-infos.com\/?s={search_term_string}\"},\"query-input\":{\"@type\":\"PropertyValueSpecification\",\"valueRequired\":true,\"valueName\":\"search_term_string\"}}],\"inLanguage\":\"fr-FR\"},{\"@type\":\"Person\",\"@id\":\"https:\/\/www.loni-infos.com\/#\/schema\/person\/e16452f14f9b6d926b9a650bb0d1d7c2\",\"name\":\"Madame\",\"image\":{\"@type\":\"ImageObject\",\"inLanguage\":\"fr-FR\",\"@id\":\"https:\/\/www.loni-infos.com\/#\/schema\/person\/image\/\",\"url\":\"https:\/\/secure.gravatar.com\/avatar\/01526220341eccec8a3d64e54b1d8169b578cce35ab5747e90c66ff74fabcc79?s=96&d=mm&r=g\",\"contentUrl\":\"https:\/\/secure.gravatar.com\/avatar\/01526220341eccec8a3d64e54b1d8169b578cce35ab5747e90c66ff74fabcc79?s=96&d=mm&r=g\",\"caption\":\"Madame\"},\"url\":\"https:\/\/www.loni-infos.com\/index.php\/author\/madame\/\"}]}<\/script>\n<!-- \/ Yoast SEO plugin. -->","yoast_head_json":{"title":"Formation des superviseurs de la campagne m\u00e9diatique des \u00e9lections du 31 mai 2026 - Loni-infos","robots":{"index":"index","follow":"follow","max-snippet":"max-snippet:-1","max-image-preview":"max-image-preview:large","max-video-preview":"max-video-preview:-1"},"canonical":"https:\/\/www.loni-infos.com\/index.php\/2026\/04\/14\/formation-des-superviseurs-de-la-campagne-mediatique-des-elections-du-31-mai-2026\/","og_locale":"fr_FR","og_type":"article","og_title":"Formation des superviseurs de la campagne m\u00e9diatique des \u00e9lections du 31 mai 2026 - Loni-infos","og_description":"Le lundi 13 avril 2026, la Direction G\u00e9n\u00e9rale des \u00c9lections (DGE) a proc\u00e9d\u00e9 au lancement d\u2019un atelier de formation des superviseurs de la campagne m\u00e9diatique des \u00e9lections l\u00e9gislatives et communales pr\u00e9vues le 31 mai 2026, \u00e0 Kindia. La Directrice g\u00e9n\u00e9rale des \u00e9lections, Djenabou Tour\u00e9, a pris part \u00e0 cette c\u00e9r\u00e9monie d\u2019ouverture, pr\u00e9sid\u00e9e par Boubacar Yacine","og_url":"https:\/\/www.loni-infos.com\/index.php\/2026\/04\/14\/formation-des-superviseurs-de-la-campagne-mediatique-des-elections-du-31-mai-2026\/","og_site_name":"Loni-infos","article_published_time":"2026-04-14T16:08:43+00:00","article_modified_time":"2026-04-14T16:21:11+00:00","og_image":[{"width":1440,"height":1080,"url":"https:\/\/www.loni-infos.com\/wp-content\/uploads\/2026\/04\/669911694_122170886192863310_2598712451147723396_n.jpg","type":"image\/jpeg"}],"author":"Madame","twitter_card":"summary_large_image","twitter_misc":{"\u00c9crit par":"Madame","Dur\u00e9e de lecture estim\u00e9e":"2 minutes"},"schema":{"@context":"https:\/\/schema.org","@graph":[{"@type":"Article","@id":"https:\/\/www.loni-infos.com\/index.php\/2026\/04\/14\/formation-des-superviseurs-de-la-campagne-mediatique-des-elections-du-31-mai-2026\/#article","isPartOf":{"@id":"https:\/\/www.loni-infos.com\/index.php\/2026\/04\/14\/formation-des-superviseurs-de-la-campagne-mediatique-des-elections-du-31-mai-2026\/"},"author":{"name":"Madame","@id":"https:\/\/www.loni-infos.com\/#\/schema\/person\/e16452f14f9b6d926b9a650bb0d1d7c2"},"headline":"Formation des superviseurs de la campagne m\u00e9diatique des \u00e9lections du 31 mai 2026","datePublished":"2026-04-14T16:08:43+00:00","dateModified":"2026-04-14T16:21:11+00:00","mainEntityOfPage":{"@id":"https:\/\/www.loni-infos.com\/index.php\/2026\/04\/14\/formation-des-superviseurs-de-la-campagne-mediatique-des-elections-du-31-mai-2026\/"},"wordCount":252,"commentCount":0,"image":{"@id":"https:\/\/www.loni-infos.com\/index.php\/2026\/04\/14\/formation-des-superviseurs-de-la-campagne-mediatique-des-elections-du-31-mai-2026\/#primaryimage"},"thumbnailUrl":"https:\/\/www.loni-infos.com\/wp-content\/uploads\/2026\/04\/669911694_122170886192863310_2598712451147723396_n.jpg","articleSection":["Politique"],"inLanguage":"fr-FR","potentialAction":[{"@type":"CommentAction","name":"Comment","target":["https:\/\/www.loni-infos.com\/index.php\/2026\/04\/14\/formation-des-superviseurs-de-la-campagne-mediatique-des-elections-du-31-mai-2026\/#respond"]}]},{"@type":"WebPage","@id":"https:\/\/www.loni-infos.com\/index.php\/2026\/04\/14\/formation-des-superviseurs-de-la-campagne-mediatique-des-elections-du-31-mai-2026\/","url":"https:\/\/www.loni-infos.com\/index.php\/2026\/04\/14\/formation-des-superviseurs-de-la-campagne-mediatique-des-elections-du-31-mai-2026\/","name":"Formation des superviseurs de la campagne m\u00e9diatique des \u00e9lections du 31 mai 2026 - Loni-infos","isPartOf":{"@id":"https:\/\/www.loni-infos.com\/#website"},"primaryImageOfPage":{"@id":"https:\/\/www.loni-infos.com\/index.php\/2026\/04\/14\/formation-des-superviseurs-de-la-campagne-mediatique-des-elections-du-31-mai-2026\/#primaryimage"},"image":{"@id":"https:\/\/www.loni-infos.com\/index.php\/2026\/04\/14\/formation-des-superviseurs-de-la-campagne-mediatique-des-elections-du-31-mai-2026\/#primaryimage"},"thumbnailUrl":"https:\/\/www.loni-infos.com\/wp-content\/uploads\/2026\/04\/669911694_122170886192863310_2598712451147723396_n.jpg","datePublished":"2026-04-14T16:08:43+00:00","dateModified":"2026-04-14T16:21:11+00:00","author":{"@id":"https:\/\/www.loni-infos.com\/#\/schema\/person\/e16452f14f9b6d926b9a650bb0d1d7c2"},"breadcrumb":{"@id":"https:\/\/www.loni-infos.com\/index.php\/2026\/04\/14\/formation-des-superviseurs-de-la-campagne-mediatique-des-elections-du-31-mai-2026\/#breadcrumb"},"inLanguage":"fr-FR","potentialAction":[{"@type":"ReadAction","target":["https:\/\/www.loni-infos.com\/index.php\/2026\/04\/14\/formation-des-superviseurs-de-la-campagne-mediatique-des-elections-du-31-mai-2026\/"]}]},{"@type":"ImageObject","inLanguage":"fr-FR","@id":"https:\/\/www.loni-infos.com\/index.php\/2026\/04\/14\/formation-des-superviseurs-de-la-campagne-mediatique-des-elections-du-31-mai-2026\/#primaryimage","url":"https:\/\/www.loni-infos.com\/wp-content\/uploads\/2026\/04\/669911694_122170886192863310_2598712451147723396_n.jpg","contentUrl":"https:\/\/www.loni-infos.com\/wp-content\/uploads\/2026\/04\/669911694_122170886192863310_2598712451147723396_n.jpg","width":1440,"height":1080},{"@type":"BreadcrumbList","@id":"https:\/\/www.loni-infos.com\/index.php\/2026\/04\/14\/formation-des-superviseurs-de-la-campagne-mediatique-des-elections-du-31-mai-2026\/#breadcrumb","itemListElement":[{"@type":"ListItem","position":1,"name":"Accueil","item":"https:\/\/www.loni-infos.com\/"},{"@type":"ListItem","position":2,"name":"Formation des superviseurs de la campagne m\u00e9diatique des \u00e9lections du 31 mai 2026"}]},{"@type":"WebSite","@id":"https:\/\/www.loni-infos.com\/#website","url":"https:\/\/www.loni-infos.com\/","name":"Loni-infos","description":"Vous servir des infos est notre devoir","potentialAction":[{"@type":"SearchAction","target":{"@type":"EntryPoint","urlTemplate":"https:\/\/www.loni-infos.com\/?s={search_term_string}"},"query-input":{"@type":"PropertyValueSpecification","valueRequired":true,"valueName":"search_term_string"}}],"inLanguage":"fr-FR"},{"@type":"Person","@id":"https:\/\/www.loni-infos.com\/#\/schema\/person\/e16452f14f9b6d926b9a650bb0d1d7c2","name":"Madame","image":{"@type":"ImageObject","inLanguage":"fr-FR","@id":"https:\/\/www.loni-infos.com\/#\/schema\/person\/image\/","url":"https:\/\/secure.gravatar.com\/avatar\/01526220341eccec8a3d64e54b1d8169b578cce35ab5747e90c66ff74fabcc79?s=96&d=mm&r=g","contentUrl":"https:\/\/secure.gravatar.com\/avatar\/01526220341eccec8a3d64e54b1d8169b578cce35ab5747e90c66ff74fabcc79?s=96&d=mm&r=g","caption":"Madame"},"url":"https:\/\/www.loni-infos.com\/index.php\/author\/madame\/"}]}},"_links":{"self":[{"href":"https:\/\/www.loni-infos.com\/index.php\/wp-json\/wp\/v2\/posts\/17229","targetHints":{"allow":["GET"]}}],"collection":[{"href":"https:\/\/www.loni-infos.com\/index.php\/wp-json\/wp\/v2\/posts"}],"about":[{"href":"https:\/\/www.loni-infos.com\/index.php\/wp-json\/wp\/v2\/types\/post"}],"author":[{"embeddable":true,"href":"https:\/\/www.loni-infos.com\/index.php\/wp-json\/wp\/v2\/users\/6"}],"replies":[{"embeddable":true,"href":"https:\/\/www.loni-infos.com\/index.php\/wp-json\/wp\/v2\/comments?post=17229"}],"version-history":[{"count":2,"href":"https:\/\/www.loni-infos.com\/index.php\/wp-json\/wp\/v2\/posts\/17229\/revisions"}],"predecessor-version":[{"id":17233,"href":"https:\/\/www.loni-infos.com\/index.php\/wp-json\/wp\/v2\/posts\/17229\/revisions\/17233"}],"wp:featuredmedia":[{"embeddable":true,"href":"https:\/\/www.loni-infos.com\/index.php\/wp-json\/wp\/v2\/media\/17230"}],"wp:attachment":[{"href":"https:\/\/www.loni-infos.com\/index.php\/wp-json\/wp\/v2\/media?parent=17229"}],"wp:term":[{"taxonomy":"category","embeddable":true,"href":"https:\/\/www.loni-infos.com\/index.php\/wp-json\/wp\/v2\/categories?post=17229"},{"taxonomy":"post_tag","embeddable":true,"href":"https:\/\/www.loni-infos.com\/index.php\/wp-json\/wp\/v2\/tags?post=17229"}],"curies":[{"name":"wp","href":"https:\/\/api.w.org\/{rel}","templated":true}]}}