{"id":17234,"date":"2026-04-16T10:48:38","date_gmt":"2026-04-16T08:48:38","guid":{"rendered":"https:\/\/www.loni-infos.com\/?p=17234"},"modified":"2026-04-16T10:49:16","modified_gmt":"2026-04-16T08:49:16","slug":"deces-de-mamadou-sylla-ancien-depute-et-homme-daffaires-une-figure-publique-seteint","status":"publish","type":"post","link":"https:\/\/www.loni-infos.com\/index.php\/2026\/04\/16\/deces-de-mamadou-sylla-ancien-depute-et-homme-daffaires-une-figure-publique-seteint\/","title":{"rendered":"D\u00e9c\u00e8s de Mamadou Sylla : ancien d\u00e9put\u00e9 et homme d\u2019affaires, une figure publique s\u2019\u00e9teint"},"content":{"rendered":"\n<p>Mamadou Sylla, homme politique guin\u00e9en, ancien d\u00e9put\u00e9 et homme d\u2019affaires, est d\u00e9c\u00e9d\u00e9 ce jeudi 16 avril 2026 \u00e0 Conakry, suscitant une vive \u00e9motion au sein de la classe politique et de l\u2019opinion.<\/p>\n\n\n\n<p>Pr\u00e9sident de l\u2019Union d\u00e9mocratique de Guin\u00e9e (UDG), il s\u2019\u00e9tait impos\u00e9 comme une figure connue du paysage politique national. Son parcours, \u00e0 la crois\u00e9e des affaires et de la politique, a \u00e9t\u00e9 marqu\u00e9 par une pr\u00e9sence constante dans les d\u00e9bats publics.<\/p>\n\n\n\n<p>Mamadou Sylla \u00e9tait \u00e9galement connu pour sa proximit\u00e9 avec l\u2019ancien pr\u00e9sident Lansana Cont\u00e9, une relation qui a contribu\u00e9 \u00e0 forger son influence \u00e0 une certaine \u00e9poque de la vie politique guin\u00e9enne.<\/p>\n\n\n\n<p>Fondateur de la Radio Continentale FM, il nourrissait aussi un attachement particulier au secteur des m\u00e9dias, qu\u2019il consid\u00e9rait comme un levier essentiel d\u2019expression et de d\u00e9bat.<\/p>\n\n\n\n<p>Au-del\u00e0 de ses fonctions, il \u00e9tait reconnu pour sa proximit\u00e9 avec ses interlocuteurs et son int\u00e9r\u00eat pour le travail des autres, notamment \u00e0 travers le partage de ses \u00e9crits.<\/p>\n\n\n\n<p>Sa disparition constitue une perte notable pour la Guin\u00e9e, tant sur le plan politique qu\u2019\u00e9conomique.<\/p>\n\n\n\n<p>En cette circonstance douloureuse, les messages de condol\u00e9ances se multiplient \u00e0 l\u2019endroit de sa famille, de ses proches et de ses collaborateurs.<\/p>\n\n\n\n<p>Les obs\u00e8ques devraient \u00eatre annonc\u00e9es dans les prochaines heures.<\/p>\n","protected":false},"excerpt":{"rendered":"<p>Mamadou Sylla, homme politique guin\u00e9en, ancien d\u00e9put\u00e9 et homme d\u2019affaires, est d\u00e9c\u00e9d\u00e9 ce jeudi 16 avril 2026 \u00e0 Conakry, suscitant une vive \u00e9motion au sein de la classe politique et de l\u2019opinion. Pr\u00e9sident de l\u2019Union d\u00e9mocratique de Guin\u00e9e (UDG), il s\u2019\u00e9tait impos\u00e9 comme une figure connue du paysage politique national. Son parcours, \u00e0 la crois\u00e9e<\/p>\n","protected":false},"author":6,"featured_media":17235,"comment_status":"open","ping_status":"open","sticky":false,"template":"","format":"standard","meta":{"footnotes":""},"categories":[80],"tags":[],"class_list":{"0":"post-17234","1":"post","2":"type-post","3":"status-publish","4":"format-standard","5":"has-post-thumbnail","7":"category-politique"},"yoast_head":"<!-- This site is optimized with the Yoast SEO plugin v27.0 - https:\/\/yoast.com\/product\/yoast-seo-wordpress\/ -->\n<title>D\u00e9c\u00e8s de Mamadou Sylla : ancien d\u00e9put\u00e9 et homme d\u2019affaires, une figure publique s\u2019\u00e9teint - Loni-infos<\/title>\n<meta name=\"robots\" content=\"index, follow, max-snippet:-1, max-image-preview:large, max-video-preview:-1\" \/>\n<link rel=\"canonical\" href=\"https:\/\/www.loni-infos.com\/index.php\/2026\/04\/16\/deces-de-mamadou-sylla-ancien-depute-et-homme-daffaires-une-figure-publique-seteint\/\" \/>\n<meta property=\"og:locale\" content=\"fr_FR\" \/>\n<meta property=\"og:type\" content=\"article\" \/>\n<meta property=\"og:title\" content=\"D\u00e9c\u00e8s de Mamadou Sylla : ancien d\u00e9put\u00e9 et homme d\u2019affaires, une figure publique s\u2019\u00e9teint - Loni-infos\" \/>\n<meta property=\"og:description\" content=\"Mamadou Sylla, homme politique guin\u00e9en, ancien d\u00e9put\u00e9 et homme d\u2019affaires, est d\u00e9c\u00e9d\u00e9 ce jeudi 16 avril 2026 \u00e0 Conakry, suscitant une vive \u00e9motion au sein de la classe politique et de l\u2019opinion. Pr\u00e9sident de l\u2019Union d\u00e9mocratique de Guin\u00e9e (UDG), il s\u2019\u00e9tait impos\u00e9 comme une figure connue du paysage politique national. Son parcours, \u00e0 la crois\u00e9e\" \/>\n<meta property=\"og:url\" content=\"https:\/\/www.loni-infos.com\/index.php\/2026\/04\/16\/deces-de-mamadou-sylla-ancien-depute-et-homme-daffaires-une-figure-publique-seteint\/\" \/>\n<meta property=\"og:site_name\" content=\"Loni-infos\" \/>\n<meta property=\"article:published_time\" content=\"2026-04-16T08:48:38+00:00\" \/>\n<meta property=\"article:modified_time\" content=\"2026-04-16T08:49:16+00:00\" \/>\n<meta property=\"og:image\" content=\"https:\/\/www.loni-infos.com\/wp-content\/uploads\/2026\/04\/Mamadou-Sylla-UDG.jpg\" \/>\n\t<meta property=\"og:image:width\" content=\"1600\" \/>\n\t<meta property=\"og:image:height\" content=\"1157\" \/>\n\t<meta property=\"og:image:type\" content=\"image\/jpeg\" \/>\n<meta name=\"author\" content=\"Madame\" \/>\n<meta name=\"twitter:card\" content=\"summary_large_image\" \/>\n<meta name=\"twitter:label1\" content=\"\u00c9crit par\" \/>\n\t<meta name=\"twitter:data1\" content=\"Madame\" \/>\n\t<meta name=\"twitter:label2\" content=\"Dur\u00e9e de lecture estim\u00e9e\" \/>\n\t<meta name=\"twitter:data2\" content=\"2 minutes\" \/>\n<script type=\"application\/ld+json\" class=\"yoast-schema-graph\">{\"@context\":\"https:\/\/schema.org\",\"@graph\":[{\"@type\":\"Article\",\"@id\":\"https:\/\/www.loni-infos.com\/index.php\/2026\/04\/16\/deces-de-mamadou-sylla-ancien-depute-et-homme-daffaires-une-figure-publique-seteint\/#article\",\"isPartOf\":{\"@id\":\"https:\/\/www.loni-infos.com\/index.php\/2026\/04\/16\/deces-de-mamadou-sylla-ancien-depute-et-homme-daffaires-une-figure-publique-seteint\/\"},\"author\":{\"name\":\"Madame\",\"@id\":\"https:\/\/www.loni-infos.com\/#\/schema\/person\/e16452f14f9b6d926b9a650bb0d1d7c2\"},\"headline\":\"D\u00e9c\u00e8s de Mamadou Sylla : ancien d\u00e9put\u00e9 et homme d\u2019affaires, une figure publique s\u2019\u00e9teint\",\"datePublished\":\"2026-04-16T08:48:38+00:00\",\"dateModified\":\"2026-04-16T08:49:16+00:00\",\"mainEntityOfPage\":{\"@id\":\"https:\/\/www.loni-infos.com\/index.php\/2026\/04\/16\/deces-de-mamadou-sylla-ancien-depute-et-homme-daffaires-une-figure-publique-seteint\/\"},\"wordCount\":244,\"commentCount\":0,\"image\":{\"@id\":\"https:\/\/www.loni-infos.com\/index.php\/2026\/04\/16\/deces-de-mamadou-sylla-ancien-depute-et-homme-daffaires-une-figure-publique-seteint\/#primaryimage\"},\"thumbnailUrl\":\"https:\/\/www.loni-infos.com\/wp-content\/uploads\/2026\/04\/Mamadou-Sylla-UDG.jpg\",\"articleSection\":[\"Politique\"],\"inLanguage\":\"fr-FR\",\"potentialAction\":[{\"@type\":\"CommentAction\",\"name\":\"Comment\",\"target\":[\"https:\/\/www.loni-infos.com\/index.php\/2026\/04\/16\/deces-de-mamadou-sylla-ancien-depute-et-homme-daffaires-une-figure-publique-seteint\/#respond\"]}]},{\"@type\":\"WebPage\",\"@id\":\"https:\/\/www.loni-infos.com\/index.php\/2026\/04\/16\/deces-de-mamadou-sylla-ancien-depute-et-homme-daffaires-une-figure-publique-seteint\/\",\"url\":\"https:\/\/www.loni-infos.com\/index.php\/2026\/04\/16\/deces-de-mamadou-sylla-ancien-depute-et-homme-daffaires-une-figure-publique-seteint\/\",\"name\":\"D\u00e9c\u00e8s de Mamadou Sylla : ancien d\u00e9put\u00e9 et homme d\u2019affaires, une figure publique s\u2019\u00e9teint - Loni-infos\",\"isPartOf\":{\"@id\":\"https:\/\/www.loni-infos.com\/#website\"},\"primaryImageOfPage\":{\"@id\":\"https:\/\/www.loni-infos.com\/index.php\/2026\/04\/16\/deces-de-mamadou-sylla-ancien-depute-et-homme-daffaires-une-figure-publique-seteint\/#primaryimage\"},\"image\":{\"@id\":\"https:\/\/www.loni-infos.com\/index.php\/2026\/04\/16\/deces-de-mamadou-sylla-ancien-depute-et-homme-daffaires-une-figure-publique-seteint\/#primaryimage\"},\"thumbnailUrl\":\"https:\/\/www.loni-infos.com\/wp-content\/uploads\/2026\/04\/Mamadou-Sylla-UDG.jpg\",\"datePublished\":\"2026-04-16T08:48:38+00:00\",\"dateModified\":\"2026-04-16T08:49:16+00:00\",\"author\":{\"@id\":\"https:\/\/www.loni-infos.com\/#\/schema\/person\/e16452f14f9b6d926b9a650bb0d1d7c2\"},\"breadcrumb\":{\"@id\":\"https:\/\/www.loni-infos.com\/index.php\/2026\/04\/16\/deces-de-mamadou-sylla-ancien-depute-et-homme-daffaires-une-figure-publique-seteint\/#breadcrumb\"},\"inLanguage\":\"fr-FR\",\"potentialAction\":[{\"@type\":\"ReadAction\",\"target\":[\"https:\/\/www.loni-infos.com\/index.php\/2026\/04\/16\/deces-de-mamadou-sylla-ancien-depute-et-homme-daffaires-une-figure-publique-seteint\/\"]}]},{\"@type\":\"ImageObject\",\"inLanguage\":\"fr-FR\",\"@id\":\"https:\/\/www.loni-infos.com\/index.php\/2026\/04\/16\/deces-de-mamadou-sylla-ancien-depute-et-homme-daffaires-une-figure-publique-seteint\/#primaryimage\",\"url\":\"https:\/\/www.loni-infos.com\/wp-content\/uploads\/2026\/04\/Mamadou-Sylla-UDG.jpg\",\"contentUrl\":\"https:\/\/www.loni-infos.com\/wp-content\/uploads\/2026\/04\/Mamadou-Sylla-UDG.jpg\",\"width\":1600,\"height\":1157},{\"@type\":\"BreadcrumbList\",\"@id\":\"https:\/\/www.loni-infos.com\/index.php\/2026\/04\/16\/deces-de-mamadou-sylla-ancien-depute-et-homme-daffaires-une-figure-publique-seteint\/#breadcrumb\",\"itemListElement\":[{\"@type\":\"ListItem\",\"position\":1,\"name\":\"Accueil\",\"item\":\"https:\/\/www.loni-infos.com\/\"},{\"@type\":\"ListItem\",\"position\":2,\"name\":\"D\u00e9c\u00e8s de Mamadou Sylla : ancien d\u00e9put\u00e9 et homme d\u2019affaires, une figure publique s\u2019\u00e9teint\"}]},{\"@type\":\"WebSite\",\"@id\":\"https:\/\/www.loni-infos.com\/#website\",\"url\":\"https:\/\/www.loni-infos.com\/\",\"name\":\"Loni-infos\",\"description\":\"Vous servir des infos est notre devoir\",\"potentialAction\":[{\"@type\":\"SearchAction\",\"target\":{\"@type\":\"EntryPoint\",\"urlTemplate\":\"https:\/\/www.loni-infos.com\/?s={search_term_string}\"},\"query-input\":{\"@type\":\"PropertyValueSpecification\",\"valueRequired\":true,\"valueName\":\"search_term_string\"}}],\"inLanguage\":\"fr-FR\"},{\"@type\":\"Person\",\"@id\":\"https:\/\/www.loni-infos.com\/#\/schema\/person\/e16452f14f9b6d926b9a650bb0d1d7c2\",\"name\":\"Madame\",\"image\":{\"@type\":\"ImageObject\",\"inLanguage\":\"fr-FR\",\"@id\":\"https:\/\/www.loni-infos.com\/#\/schema\/person\/image\/\",\"url\":\"https:\/\/secure.gravatar.com\/avatar\/01526220341eccec8a3d64e54b1d8169b578cce35ab5747e90c66ff74fabcc79?s=96&d=mm&r=g\",\"contentUrl\":\"https:\/\/secure.gravatar.com\/avatar\/01526220341eccec8a3d64e54b1d8169b578cce35ab5747e90c66ff74fabcc79?s=96&d=mm&r=g\",\"caption\":\"Madame\"},\"url\":\"https:\/\/www.loni-infos.com\/index.php\/author\/madame\/\"}]}<\/script>\n<!-- \/ Yoast SEO plugin. -->","yoast_head_json":{"title":"D\u00e9c\u00e8s de Mamadou Sylla : ancien d\u00e9put\u00e9 et homme d\u2019affaires, une figure publique s\u2019\u00e9teint - Loni-infos","robots":{"index":"index","follow":"follow","max-snippet":"max-snippet:-1","max-image-preview":"max-image-preview:large","max-video-preview":"max-video-preview:-1"},"canonical":"https:\/\/www.loni-infos.com\/index.php\/2026\/04\/16\/deces-de-mamadou-sylla-ancien-depute-et-homme-daffaires-une-figure-publique-seteint\/","og_locale":"fr_FR","og_type":"article","og_title":"D\u00e9c\u00e8s de Mamadou Sylla : ancien d\u00e9put\u00e9 et homme d\u2019affaires, une figure publique s\u2019\u00e9teint - Loni-infos","og_description":"Mamadou Sylla, homme politique guin\u00e9en, ancien d\u00e9put\u00e9 et homme d\u2019affaires, est d\u00e9c\u00e9d\u00e9 ce jeudi 16 avril 2026 \u00e0 Conakry, suscitant une vive \u00e9motion au sein de la classe politique et de l\u2019opinion. Pr\u00e9sident de l\u2019Union d\u00e9mocratique de Guin\u00e9e (UDG), il s\u2019\u00e9tait impos\u00e9 comme une figure connue du paysage politique national. Son parcours, \u00e0 la crois\u00e9e","og_url":"https:\/\/www.loni-infos.com\/index.php\/2026\/04\/16\/deces-de-mamadou-sylla-ancien-depute-et-homme-daffaires-une-figure-publique-seteint\/","og_site_name":"Loni-infos","article_published_time":"2026-04-16T08:48:38+00:00","article_modified_time":"2026-04-16T08:49:16+00:00","og_image":[{"width":1600,"height":1157,"url":"https:\/\/www.loni-infos.com\/wp-content\/uploads\/2026\/04\/Mamadou-Sylla-UDG.jpg","type":"image\/jpeg"}],"author":"Madame","twitter_card":"summary_large_image","twitter_misc":{"\u00c9crit par":"Madame","Dur\u00e9e de lecture estim\u00e9e":"2 minutes"},"schema":{"@context":"https:\/\/schema.org","@graph":[{"@type":"Article","@id":"https:\/\/www.loni-infos.com\/index.php\/2026\/04\/16\/deces-de-mamadou-sylla-ancien-depute-et-homme-daffaires-une-figure-publique-seteint\/#article","isPartOf":{"@id":"https:\/\/www.loni-infos.com\/index.php\/2026\/04\/16\/deces-de-mamadou-sylla-ancien-depute-et-homme-daffaires-une-figure-publique-seteint\/"},"author":{"name":"Madame","@id":"https:\/\/www.loni-infos.com\/#\/schema\/person\/e16452f14f9b6d926b9a650bb0d1d7c2"},"headline":"D\u00e9c\u00e8s de Mamadou Sylla : ancien d\u00e9put\u00e9 et homme d\u2019affaires, une figure publique s\u2019\u00e9teint","datePublished":"2026-04-16T08:48:38+00:00","dateModified":"2026-04-16T08:49:16+00:00","mainEntityOfPage":{"@id":"https:\/\/www.loni-infos.com\/index.php\/2026\/04\/16\/deces-de-mamadou-sylla-ancien-depute-et-homme-daffaires-une-figure-publique-seteint\/"},"wordCount":244,"commentCount":0,"image":{"@id":"https:\/\/www.loni-infos.com\/index.php\/2026\/04\/16\/deces-de-mamadou-sylla-ancien-depute-et-homme-daffaires-une-figure-publique-seteint\/#primaryimage"},"thumbnailUrl":"https:\/\/www.loni-infos.com\/wp-content\/uploads\/2026\/04\/Mamadou-Sylla-UDG.jpg","articleSection":["Politique"],"inLanguage":"fr-FR","potentialAction":[{"@type":"CommentAction","name":"Comment","target":["https:\/\/www.loni-infos.com\/index.php\/2026\/04\/16\/deces-de-mamadou-sylla-ancien-depute-et-homme-daffaires-une-figure-publique-seteint\/#respond"]}]},{"@type":"WebPage","@id":"https:\/\/www.loni-infos.com\/index.php\/2026\/04\/16\/deces-de-mamadou-sylla-ancien-depute-et-homme-daffaires-une-figure-publique-seteint\/","url":"https:\/\/www.loni-infos.com\/index.php\/2026\/04\/16\/deces-de-mamadou-sylla-ancien-depute-et-homme-daffaires-une-figure-publique-seteint\/","name":"D\u00e9c\u00e8s de Mamadou Sylla : ancien d\u00e9put\u00e9 et homme d\u2019affaires, une figure publique s\u2019\u00e9teint - Loni-infos","isPartOf":{"@id":"https:\/\/www.loni-infos.com\/#website"},"primaryImageOfPage":{"@id":"https:\/\/www.loni-infos.com\/index.php\/2026\/04\/16\/deces-de-mamadou-sylla-ancien-depute-et-homme-daffaires-une-figure-publique-seteint\/#primaryimage"},"image":{"@id":"https:\/\/www.loni-infos.com\/index.php\/2026\/04\/16\/deces-de-mamadou-sylla-ancien-depute-et-homme-daffaires-une-figure-publique-seteint\/#primaryimage"},"thumbnailUrl":"https:\/\/www.loni-infos.com\/wp-content\/uploads\/2026\/04\/Mamadou-Sylla-UDG.jpg","datePublished":"2026-04-16T08:48:38+00:00","dateModified":"2026-04-16T08:49:16+00:00","author":{"@id":"https:\/\/www.loni-infos.com\/#\/schema\/person\/e16452f14f9b6d926b9a650bb0d1d7c2"},"breadcrumb":{"@id":"https:\/\/www.loni-infos.com\/index.php\/2026\/04\/16\/deces-de-mamadou-sylla-ancien-depute-et-homme-daffaires-une-figure-publique-seteint\/#breadcrumb"},"inLanguage":"fr-FR","potentialAction":[{"@type":"ReadAction","target":["https:\/\/www.loni-infos.com\/index.php\/2026\/04\/16\/deces-de-mamadou-sylla-ancien-depute-et-homme-daffaires-une-figure-publique-seteint\/"]}]},{"@type":"ImageObject","inLanguage":"fr-FR","@id":"https:\/\/www.loni-infos.com\/index.php\/2026\/04\/16\/deces-de-mamadou-sylla-ancien-depute-et-homme-daffaires-une-figure-publique-seteint\/#primaryimage","url":"https:\/\/www.loni-infos.com\/wp-content\/uploads\/2026\/04\/Mamadou-Sylla-UDG.jpg","contentUrl":"https:\/\/www.loni-infos.com\/wp-content\/uploads\/2026\/04\/Mamadou-Sylla-UDG.jpg","width":1600,"height":1157},{"@type":"BreadcrumbList","@id":"https:\/\/www.loni-infos.com\/index.php\/2026\/04\/16\/deces-de-mamadou-sylla-ancien-depute-et-homme-daffaires-une-figure-publique-seteint\/#breadcrumb","itemListElement":[{"@type":"ListItem","position":1,"name":"Accueil","item":"https:\/\/www.loni-infos.com\/"},{"@type":"ListItem","position":2,"name":"D\u00e9c\u00e8s de Mamadou Sylla : ancien d\u00e9put\u00e9 et homme d\u2019affaires, une figure publique s\u2019\u00e9teint"}]},{"@type":"WebSite","@id":"https:\/\/www.loni-infos.com\/#website","url":"https:\/\/www.loni-infos.com\/","name":"Loni-infos","description":"Vous servir des infos est notre devoir","potentialAction":[{"@type":"SearchAction","target":{"@type":"EntryPoint","urlTemplate":"https:\/\/www.loni-infos.com\/?s={search_term_string}"},"query-input":{"@type":"PropertyValueSpecification","valueRequired":true,"valueName":"search_term_string"}}],"inLanguage":"fr-FR"},{"@type":"Person","@id":"https:\/\/www.loni-infos.com\/#\/schema\/person\/e16452f14f9b6d926b9a650bb0d1d7c2","name":"Madame","image":{"@type":"ImageObject","inLanguage":"fr-FR","@id":"https:\/\/www.loni-infos.com\/#\/schema\/person\/image\/","url":"https:\/\/secure.gravatar.com\/avatar\/01526220341eccec8a3d64e54b1d8169b578cce35ab5747e90c66ff74fabcc79?s=96&d=mm&r=g","contentUrl":"https:\/\/secure.gravatar.com\/avatar\/01526220341eccec8a3d64e54b1d8169b578cce35ab5747e90c66ff74fabcc79?s=96&d=mm&r=g","caption":"Madame"},"url":"https:\/\/www.loni-infos.com\/index.php\/author\/madame\/"}]}},"_links":{"self":[{"href":"https:\/\/www.loni-infos.com\/index.php\/wp-json\/wp\/v2\/posts\/17234","targetHints":{"allow":["GET"]}}],"collection":[{"href":"https:\/\/www.loni-infos.com\/index.php\/wp-json\/wp\/v2\/posts"}],"about":[{"href":"https:\/\/www.loni-infos.com\/index.php\/wp-json\/wp\/v2\/types\/post"}],"author":[{"embeddable":true,"href":"https:\/\/www.loni-infos.com\/index.php\/wp-json\/wp\/v2\/users\/6"}],"replies":[{"embeddable":true,"href":"https:\/\/www.loni-infos.com\/index.php\/wp-json\/wp\/v2\/comments?post=17234"}],"version-history":[{"count":2,"href":"https:\/\/www.loni-infos.com\/index.php\/wp-json\/wp\/v2\/posts\/17234\/revisions"}],"predecessor-version":[{"id":17237,"href":"https:\/\/www.loni-infos.com\/index.php\/wp-json\/wp\/v2\/posts\/17234\/revisions\/17237"}],"wp:featuredmedia":[{"embeddable":true,"href":"https:\/\/www.loni-infos.com\/index.php\/wp-json\/wp\/v2\/media\/17235"}],"wp:attachment":[{"href":"https:\/\/www.loni-infos.com\/index.php\/wp-json\/wp\/v2\/media?parent=17234"}],"wp:term":[{"taxonomy":"category","embeddable":true,"href":"https:\/\/www.loni-infos.com\/index.php\/wp-json\/wp\/v2\/categories?post=17234"},{"taxonomy":"post_tag","embeddable":true,"href":"https:\/\/www.loni-infos.com\/index.php\/wp-json\/wp\/v2\/tags?post=17234"}],"curies":[{"name":"wp","href":"https:\/\/api.w.org\/{rel}","templated":true}]}}