{"id":17242,"date":"2026-04-17T13:36:44","date_gmt":"2026-04-17T11:36:44","guid":{"rendered":"https:\/\/www.loni-infos.com\/?p=17242"},"modified":"2026-04-17T13:36:46","modified_gmt":"2026-04-17T11:36:46","slug":"guinee-prorogation-dun-an-de-lage-de-depart-a-la-retraite-pour-certains-magistrats","status":"publish","type":"post","link":"https:\/\/www.loni-infos.com\/index.php\/2026\/04\/17\/guinee-prorogation-dun-an-de-lage-de-depart-a-la-retraite-pour-certains-magistrats\/","title":{"rendered":"Guin\u00e9e : prorogation d\u2019un an de l\u2019\u00e2ge de d\u00e9part \u00e0 la retraite pour certains magistrats"},"content":{"rendered":"\n<p>Le pr\u00e9sident de la R\u00e9publique, Mamadi Doumbouya, a sign\u00e9 un d\u00e9cret prorogeant de 12 mois l\u2019\u00e2ge de d\u00e9part \u00e0 la retraite de certains magistrats, selon un texte officiel publi\u00e9 jeudi 16 avril 2026.<\/p>\n\n\n\n<p>Cette mesure concerne les magistrats devant faire valoir leurs droits \u00e0 la retraite \u00e0 compter du 31 d\u00e9cembre 2025. Elle s\u2019appliquera sur la p\u00e9riode allant du 30 juin 2026 au 30 juin 2027.<\/p>\n\n\n\n<p>Le d\u00e9cret s\u2019appuie sur l\u2019article 76 de la loi organique L\/054\/CNT du 17 mai 2013 portant statut des magistrats. Il pr\u00e9voit, \u00e0 titre d\u00e9rogatoire, une prolongation de la limite d\u2019\u00e2ge fix\u00e9e par l\u2019article 92 du m\u00eame texte.<\/p>\n","protected":false},"excerpt":{"rendered":"<p>Le pr\u00e9sident de la R\u00e9publique, Mamadi Doumbouya, a sign\u00e9 un d\u00e9cret prorogeant de 12 mois l\u2019\u00e2ge de d\u00e9part \u00e0 la retraite de certains magistrats, selon un texte officiel publi\u00e9 jeudi 16 avril 2026. Cette mesure concerne les magistrats devant faire valoir leurs droits \u00e0 la retraite \u00e0 compter du 31 d\u00e9cembre 2025. Elle s\u2019appliquera sur<\/p>\n","protected":false},"author":6,"featured_media":17180,"comment_status":"open","ping_status":"open","sticky":false,"template":"","format":"standard","meta":{"footnotes":""},"categories":[20],"tags":[],"class_list":{"0":"post-17242","1":"post","2":"type-post","3":"status-publish","4":"format-standard","5":"has-post-thumbnail","7":"category-societe"},"yoast_head":"<!-- This site is optimized with the Yoast SEO plugin v27.0 - https:\/\/yoast.com\/product\/yoast-seo-wordpress\/ -->\n<title>Guin\u00e9e : prorogation d\u2019un an de l\u2019\u00e2ge de d\u00e9part \u00e0 la retraite pour certains magistrats - Loni-infos<\/title>\n<meta name=\"robots\" content=\"index, follow, max-snippet:-1, max-image-preview:large, max-video-preview:-1\" \/>\n<link rel=\"canonical\" href=\"https:\/\/www.loni-infos.com\/index.php\/2026\/04\/17\/guinee-prorogation-dun-an-de-lage-de-depart-a-la-retraite-pour-certains-magistrats\/\" \/>\n<meta property=\"og:locale\" content=\"fr_FR\" \/>\n<meta property=\"og:type\" content=\"article\" \/>\n<meta property=\"og:title\" content=\"Guin\u00e9e : prorogation d\u2019un an de l\u2019\u00e2ge de d\u00e9part \u00e0 la retraite pour certains magistrats - Loni-infos\" \/>\n<meta property=\"og:description\" content=\"Le pr\u00e9sident de la R\u00e9publique, Mamadi Doumbouya, a sign\u00e9 un d\u00e9cret prorogeant de 12 mois l\u2019\u00e2ge de d\u00e9part \u00e0 la retraite de certains magistrats, selon un texte officiel publi\u00e9 jeudi 16 avril 2026. Cette mesure concerne les magistrats devant faire valoir leurs droits \u00e0 la retraite \u00e0 compter du 31 d\u00e9cembre 2025. Elle s\u2019appliquera sur\" \/>\n<meta property=\"og:url\" content=\"https:\/\/www.loni-infos.com\/index.php\/2026\/04\/17\/guinee-prorogation-dun-an-de-lage-de-depart-a-la-retraite-pour-certains-magistrats\/\" \/>\n<meta property=\"og:site_name\" content=\"Loni-infos\" \/>\n<meta property=\"article:published_time\" content=\"2026-04-17T11:36:44+00:00\" \/>\n<meta property=\"article:modified_time\" content=\"2026-04-17T11:36:46+00:00\" \/>\n<meta property=\"og:image\" content=\"https:\/\/www.loni-infos.com\/wp-content\/uploads\/2026\/04\/Mamadi-Doumbouya-5.jpg\" \/>\n\t<meta property=\"og:image:width\" content=\"2048\" \/>\n\t<meta property=\"og:image:height\" content=\"1365\" \/>\n\t<meta property=\"og:image:type\" content=\"image\/jpeg\" \/>\n<meta name=\"author\" content=\"Madame\" \/>\n<meta name=\"twitter:card\" content=\"summary_large_image\" \/>\n<meta name=\"twitter:label1\" content=\"\u00c9crit par\" \/>\n\t<meta name=\"twitter:data1\" content=\"Madame\" \/>\n\t<meta name=\"twitter:label2\" content=\"Dur\u00e9e de lecture estim\u00e9e\" \/>\n\t<meta name=\"twitter:data2\" content=\"1 minute\" \/>\n<script type=\"application\/ld+json\" class=\"yoast-schema-graph\">{\"@context\":\"https:\/\/schema.org\",\"@graph\":[{\"@type\":\"Article\",\"@id\":\"https:\/\/www.loni-infos.com\/index.php\/2026\/04\/17\/guinee-prorogation-dun-an-de-lage-de-depart-a-la-retraite-pour-certains-magistrats\/#article\",\"isPartOf\":{\"@id\":\"https:\/\/www.loni-infos.com\/index.php\/2026\/04\/17\/guinee-prorogation-dun-an-de-lage-de-depart-a-la-retraite-pour-certains-magistrats\/\"},\"author\":{\"name\":\"Madame\",\"@id\":\"https:\/\/www.loni-infos.com\/#\/schema\/person\/e16452f14f9b6d926b9a650bb0d1d7c2\"},\"headline\":\"Guin\u00e9e : prorogation d\u2019un an de l\u2019\u00e2ge de d\u00e9part \u00e0 la retraite pour certains magistrats\",\"datePublished\":\"2026-04-17T11:36:44+00:00\",\"dateModified\":\"2026-04-17T11:36:46+00:00\",\"mainEntityOfPage\":{\"@id\":\"https:\/\/www.loni-infos.com\/index.php\/2026\/04\/17\/guinee-prorogation-dun-an-de-lage-de-depart-a-la-retraite-pour-certains-magistrats\/\"},\"wordCount\":121,\"commentCount\":0,\"image\":{\"@id\":\"https:\/\/www.loni-infos.com\/index.php\/2026\/04\/17\/guinee-prorogation-dun-an-de-lage-de-depart-a-la-retraite-pour-certains-magistrats\/#primaryimage\"},\"thumbnailUrl\":\"https:\/\/www.loni-infos.com\/wp-content\/uploads\/2026\/04\/Mamadi-Doumbouya-5.jpg\",\"articleSection\":[\"Soci\u00e9t\u00e9\"],\"inLanguage\":\"fr-FR\",\"potentialAction\":[{\"@type\":\"CommentAction\",\"name\":\"Comment\",\"target\":[\"https:\/\/www.loni-infos.com\/index.php\/2026\/04\/17\/guinee-prorogation-dun-an-de-lage-de-depart-a-la-retraite-pour-certains-magistrats\/#respond\"]}]},{\"@type\":\"WebPage\",\"@id\":\"https:\/\/www.loni-infos.com\/index.php\/2026\/04\/17\/guinee-prorogation-dun-an-de-lage-de-depart-a-la-retraite-pour-certains-magistrats\/\",\"url\":\"https:\/\/www.loni-infos.com\/index.php\/2026\/04\/17\/guinee-prorogation-dun-an-de-lage-de-depart-a-la-retraite-pour-certains-magistrats\/\",\"name\":\"Guin\u00e9e : prorogation d\u2019un an de l\u2019\u00e2ge de d\u00e9part \u00e0 la retraite pour certains magistrats - Loni-infos\",\"isPartOf\":{\"@id\":\"https:\/\/www.loni-infos.com\/#website\"},\"primaryImageOfPage\":{\"@id\":\"https:\/\/www.loni-infos.com\/index.php\/2026\/04\/17\/guinee-prorogation-dun-an-de-lage-de-depart-a-la-retraite-pour-certains-magistrats\/#primaryimage\"},\"image\":{\"@id\":\"https:\/\/www.loni-infos.com\/index.php\/2026\/04\/17\/guinee-prorogation-dun-an-de-lage-de-depart-a-la-retraite-pour-certains-magistrats\/#primaryimage\"},\"thumbnailUrl\":\"https:\/\/www.loni-infos.com\/wp-content\/uploads\/2026\/04\/Mamadi-Doumbouya-5.jpg\",\"datePublished\":\"2026-04-17T11:36:44+00:00\",\"dateModified\":\"2026-04-17T11:36:46+00:00\",\"author\":{\"@id\":\"https:\/\/www.loni-infos.com\/#\/schema\/person\/e16452f14f9b6d926b9a650bb0d1d7c2\"},\"breadcrumb\":{\"@id\":\"https:\/\/www.loni-infos.com\/index.php\/2026\/04\/17\/guinee-prorogation-dun-an-de-lage-de-depart-a-la-retraite-pour-certains-magistrats\/#breadcrumb\"},\"inLanguage\":\"fr-FR\",\"potentialAction\":[{\"@type\":\"ReadAction\",\"target\":[\"https:\/\/www.loni-infos.com\/index.php\/2026\/04\/17\/guinee-prorogation-dun-an-de-lage-de-depart-a-la-retraite-pour-certains-magistrats\/\"]}]},{\"@type\":\"ImageObject\",\"inLanguage\":\"fr-FR\",\"@id\":\"https:\/\/www.loni-infos.com\/index.php\/2026\/04\/17\/guinee-prorogation-dun-an-de-lage-de-depart-a-la-retraite-pour-certains-magistrats\/#primaryimage\",\"url\":\"https:\/\/www.loni-infos.com\/wp-content\/uploads\/2026\/04\/Mamadi-Doumbouya-5.jpg\",\"contentUrl\":\"https:\/\/www.loni-infos.com\/wp-content\/uploads\/2026\/04\/Mamadi-Doumbouya-5.jpg\",\"width\":2048,\"height\":1365},{\"@type\":\"BreadcrumbList\",\"@id\":\"https:\/\/www.loni-infos.com\/index.php\/2026\/04\/17\/guinee-prorogation-dun-an-de-lage-de-depart-a-la-retraite-pour-certains-magistrats\/#breadcrumb\",\"itemListElement\":[{\"@type\":\"ListItem\",\"position\":1,\"name\":\"Accueil\",\"item\":\"https:\/\/www.loni-infos.com\/\"},{\"@type\":\"ListItem\",\"position\":2,\"name\":\"Guin\u00e9e : prorogation d\u2019un an de l\u2019\u00e2ge de d\u00e9part \u00e0 la retraite pour certains magistrats\"}]},{\"@type\":\"WebSite\",\"@id\":\"https:\/\/www.loni-infos.com\/#website\",\"url\":\"https:\/\/www.loni-infos.com\/\",\"name\":\"Loni-infos\",\"description\":\"Vous servir des infos est notre devoir\",\"potentialAction\":[{\"@type\":\"SearchAction\",\"target\":{\"@type\":\"EntryPoint\",\"urlTemplate\":\"https:\/\/www.loni-infos.com\/?s={search_term_string}\"},\"query-input\":{\"@type\":\"PropertyValueSpecification\",\"valueRequired\":true,\"valueName\":\"search_term_string\"}}],\"inLanguage\":\"fr-FR\"},{\"@type\":\"Person\",\"@id\":\"https:\/\/www.loni-infos.com\/#\/schema\/person\/e16452f14f9b6d926b9a650bb0d1d7c2\",\"name\":\"Madame\",\"image\":{\"@type\":\"ImageObject\",\"inLanguage\":\"fr-FR\",\"@id\":\"https:\/\/www.loni-infos.com\/#\/schema\/person\/image\/\",\"url\":\"https:\/\/secure.gravatar.com\/avatar\/01526220341eccec8a3d64e54b1d8169b578cce35ab5747e90c66ff74fabcc79?s=96&d=mm&r=g\",\"contentUrl\":\"https:\/\/secure.gravatar.com\/avatar\/01526220341eccec8a3d64e54b1d8169b578cce35ab5747e90c66ff74fabcc79?s=96&d=mm&r=g\",\"caption\":\"Madame\"},\"url\":\"https:\/\/www.loni-infos.com\/index.php\/author\/madame\/\"}]}<\/script>\n<!-- \/ Yoast SEO plugin. -->","yoast_head_json":{"title":"Guin\u00e9e : prorogation d\u2019un an de l\u2019\u00e2ge de d\u00e9part \u00e0 la retraite pour certains magistrats - Loni-infos","robots":{"index":"index","follow":"follow","max-snippet":"max-snippet:-1","max-image-preview":"max-image-preview:large","max-video-preview":"max-video-preview:-1"},"canonical":"https:\/\/www.loni-infos.com\/index.php\/2026\/04\/17\/guinee-prorogation-dun-an-de-lage-de-depart-a-la-retraite-pour-certains-magistrats\/","og_locale":"fr_FR","og_type":"article","og_title":"Guin\u00e9e : prorogation d\u2019un an de l\u2019\u00e2ge de d\u00e9part \u00e0 la retraite pour certains magistrats - Loni-infos","og_description":"Le pr\u00e9sident de la R\u00e9publique, Mamadi Doumbouya, a sign\u00e9 un d\u00e9cret prorogeant de 12 mois l\u2019\u00e2ge de d\u00e9part \u00e0 la retraite de certains magistrats, selon un texte officiel publi\u00e9 jeudi 16 avril 2026. Cette mesure concerne les magistrats devant faire valoir leurs droits \u00e0 la retraite \u00e0 compter du 31 d\u00e9cembre 2025. Elle s\u2019appliquera sur","og_url":"https:\/\/www.loni-infos.com\/index.php\/2026\/04\/17\/guinee-prorogation-dun-an-de-lage-de-depart-a-la-retraite-pour-certains-magistrats\/","og_site_name":"Loni-infos","article_published_time":"2026-04-17T11:36:44+00:00","article_modified_time":"2026-04-17T11:36:46+00:00","og_image":[{"width":2048,"height":1365,"url":"https:\/\/www.loni-infos.com\/wp-content\/uploads\/2026\/04\/Mamadi-Doumbouya-5.jpg","type":"image\/jpeg"}],"author":"Madame","twitter_card":"summary_large_image","twitter_misc":{"\u00c9crit par":"Madame","Dur\u00e9e de lecture estim\u00e9e":"1 minute"},"schema":{"@context":"https:\/\/schema.org","@graph":[{"@type":"Article","@id":"https:\/\/www.loni-infos.com\/index.php\/2026\/04\/17\/guinee-prorogation-dun-an-de-lage-de-depart-a-la-retraite-pour-certains-magistrats\/#article","isPartOf":{"@id":"https:\/\/www.loni-infos.com\/index.php\/2026\/04\/17\/guinee-prorogation-dun-an-de-lage-de-depart-a-la-retraite-pour-certains-magistrats\/"},"author":{"name":"Madame","@id":"https:\/\/www.loni-infos.com\/#\/schema\/person\/e16452f14f9b6d926b9a650bb0d1d7c2"},"headline":"Guin\u00e9e : prorogation d\u2019un an de l\u2019\u00e2ge de d\u00e9part \u00e0 la retraite pour certains magistrats","datePublished":"2026-04-17T11:36:44+00:00","dateModified":"2026-04-17T11:36:46+00:00","mainEntityOfPage":{"@id":"https:\/\/www.loni-infos.com\/index.php\/2026\/04\/17\/guinee-prorogation-dun-an-de-lage-de-depart-a-la-retraite-pour-certains-magistrats\/"},"wordCount":121,"commentCount":0,"image":{"@id":"https:\/\/www.loni-infos.com\/index.php\/2026\/04\/17\/guinee-prorogation-dun-an-de-lage-de-depart-a-la-retraite-pour-certains-magistrats\/#primaryimage"},"thumbnailUrl":"https:\/\/www.loni-infos.com\/wp-content\/uploads\/2026\/04\/Mamadi-Doumbouya-5.jpg","articleSection":["Soci\u00e9t\u00e9"],"inLanguage":"fr-FR","potentialAction":[{"@type":"CommentAction","name":"Comment","target":["https:\/\/www.loni-infos.com\/index.php\/2026\/04\/17\/guinee-prorogation-dun-an-de-lage-de-depart-a-la-retraite-pour-certains-magistrats\/#respond"]}]},{"@type":"WebPage","@id":"https:\/\/www.loni-infos.com\/index.php\/2026\/04\/17\/guinee-prorogation-dun-an-de-lage-de-depart-a-la-retraite-pour-certains-magistrats\/","url":"https:\/\/www.loni-infos.com\/index.php\/2026\/04\/17\/guinee-prorogation-dun-an-de-lage-de-depart-a-la-retraite-pour-certains-magistrats\/","name":"Guin\u00e9e : prorogation d\u2019un an de l\u2019\u00e2ge de d\u00e9part \u00e0 la retraite pour certains magistrats - Loni-infos","isPartOf":{"@id":"https:\/\/www.loni-infos.com\/#website"},"primaryImageOfPage":{"@id":"https:\/\/www.loni-infos.com\/index.php\/2026\/04\/17\/guinee-prorogation-dun-an-de-lage-de-depart-a-la-retraite-pour-certains-magistrats\/#primaryimage"},"image":{"@id":"https:\/\/www.loni-infos.com\/index.php\/2026\/04\/17\/guinee-prorogation-dun-an-de-lage-de-depart-a-la-retraite-pour-certains-magistrats\/#primaryimage"},"thumbnailUrl":"https:\/\/www.loni-infos.com\/wp-content\/uploads\/2026\/04\/Mamadi-Doumbouya-5.jpg","datePublished":"2026-04-17T11:36:44+00:00","dateModified":"2026-04-17T11:36:46+00:00","author":{"@id":"https:\/\/www.loni-infos.com\/#\/schema\/person\/e16452f14f9b6d926b9a650bb0d1d7c2"},"breadcrumb":{"@id":"https:\/\/www.loni-infos.com\/index.php\/2026\/04\/17\/guinee-prorogation-dun-an-de-lage-de-depart-a-la-retraite-pour-certains-magistrats\/#breadcrumb"},"inLanguage":"fr-FR","potentialAction":[{"@type":"ReadAction","target":["https:\/\/www.loni-infos.com\/index.php\/2026\/04\/17\/guinee-prorogation-dun-an-de-lage-de-depart-a-la-retraite-pour-certains-magistrats\/"]}]},{"@type":"ImageObject","inLanguage":"fr-FR","@id":"https:\/\/www.loni-infos.com\/index.php\/2026\/04\/17\/guinee-prorogation-dun-an-de-lage-de-depart-a-la-retraite-pour-certains-magistrats\/#primaryimage","url":"https:\/\/www.loni-infos.com\/wp-content\/uploads\/2026\/04\/Mamadi-Doumbouya-5.jpg","contentUrl":"https:\/\/www.loni-infos.com\/wp-content\/uploads\/2026\/04\/Mamadi-Doumbouya-5.jpg","width":2048,"height":1365},{"@type":"BreadcrumbList","@id":"https:\/\/www.loni-infos.com\/index.php\/2026\/04\/17\/guinee-prorogation-dun-an-de-lage-de-depart-a-la-retraite-pour-certains-magistrats\/#breadcrumb","itemListElement":[{"@type":"ListItem","position":1,"name":"Accueil","item":"https:\/\/www.loni-infos.com\/"},{"@type":"ListItem","position":2,"name":"Guin\u00e9e : prorogation d\u2019un an de l\u2019\u00e2ge de d\u00e9part \u00e0 la retraite pour certains magistrats"}]},{"@type":"WebSite","@id":"https:\/\/www.loni-infos.com\/#website","url":"https:\/\/www.loni-infos.com\/","name":"Loni-infos","description":"Vous servir des infos est notre devoir","potentialAction":[{"@type":"SearchAction","target":{"@type":"EntryPoint","urlTemplate":"https:\/\/www.loni-infos.com\/?s={search_term_string}"},"query-input":{"@type":"PropertyValueSpecification","valueRequired":true,"valueName":"search_term_string"}}],"inLanguage":"fr-FR"},{"@type":"Person","@id":"https:\/\/www.loni-infos.com\/#\/schema\/person\/e16452f14f9b6d926b9a650bb0d1d7c2","name":"Madame","image":{"@type":"ImageObject","inLanguage":"fr-FR","@id":"https:\/\/www.loni-infos.com\/#\/schema\/person\/image\/","url":"https:\/\/secure.gravatar.com\/avatar\/01526220341eccec8a3d64e54b1d8169b578cce35ab5747e90c66ff74fabcc79?s=96&d=mm&r=g","contentUrl":"https:\/\/secure.gravatar.com\/avatar\/01526220341eccec8a3d64e54b1d8169b578cce35ab5747e90c66ff74fabcc79?s=96&d=mm&r=g","caption":"Madame"},"url":"https:\/\/www.loni-infos.com\/index.php\/author\/madame\/"}]}},"_links":{"self":[{"href":"https:\/\/www.loni-infos.com\/index.php\/wp-json\/wp\/v2\/posts\/17242","targetHints":{"allow":["GET"]}}],"collection":[{"href":"https:\/\/www.loni-infos.com\/index.php\/wp-json\/wp\/v2\/posts"}],"about":[{"href":"https:\/\/www.loni-infos.com\/index.php\/wp-json\/wp\/v2\/types\/post"}],"author":[{"embeddable":true,"href":"https:\/\/www.loni-infos.com\/index.php\/wp-json\/wp\/v2\/users\/6"}],"replies":[{"embeddable":true,"href":"https:\/\/www.loni-infos.com\/index.php\/wp-json\/wp\/v2\/comments?post=17242"}],"version-history":[{"count":1,"href":"https:\/\/www.loni-infos.com\/index.php\/wp-json\/wp\/v2\/posts\/17242\/revisions"}],"predecessor-version":[{"id":17243,"href":"https:\/\/www.loni-infos.com\/index.php\/wp-json\/wp\/v2\/posts\/17242\/revisions\/17243"}],"wp:featuredmedia":[{"embeddable":true,"href":"https:\/\/www.loni-infos.com\/index.php\/wp-json\/wp\/v2\/media\/17180"}],"wp:attachment":[{"href":"https:\/\/www.loni-infos.com\/index.php\/wp-json\/wp\/v2\/media?parent=17242"}],"wp:term":[{"taxonomy":"category","embeddable":true,"href":"https:\/\/www.loni-infos.com\/index.php\/wp-json\/wp\/v2\/categories?post=17242"},{"taxonomy":"post_tag","embeddable":true,"href":"https:\/\/www.loni-infos.com\/index.php\/wp-json\/wp\/v2\/tags?post=17242"}],"curies":[{"name":"wp","href":"https:\/\/api.w.org\/{rel}","templated":true}]}}