{"id":17309,"date":"2026-04-25T00:04:20","date_gmt":"2026-04-24T22:04:20","guid":{"rendered":"https:\/\/www.loni-infos.com\/?p=17309"},"modified":"2026-04-25T00:04:21","modified_gmt":"2026-04-24T22:04:21","slug":"elections-legislatives-que-devient-la-candidature-de-mamadou-sylla-apres-son-deces","status":"publish","type":"post","link":"https:\/\/www.loni-infos.com\/index.php\/2026\/04\/25\/elections-legislatives-que-devient-la-candidature-de-mamadou-sylla-apres-son-deces\/","title":{"rendered":"\u00c9lections l\u00e9gislatives : que devient la candidature de Mamadou Sylla apr\u00e8s son d\u00e9c\u00e8s ?"},"content":{"rendered":"\n<p>\u00c0 l\u2019approche des \u00e9lections l\u00e9gislatives et communales en Guin\u00e9e, la question du traitement des cas de d\u00e9c\u00e8s parmi les candidats suscite des interrogations. \u00c0 ce sujet, Djenabou Tour\u00e9 a apport\u00e9 des \u00e9claircissements importants sur la proc\u00e9dure administrative et \u00e9lectorale \u00e0 suivre.<br>Prenant l\u2019exemple du regrett\u00e9 Elhadj Mamadou Sylla, figure marquante de la sc\u00e8ne politique et du monde des affaires guin\u00e9en, elle a rappel\u00e9 les \u00e9tapes officielles qui encadrent la d\u00e9claration d\u2019un d\u00e9c\u00e8s. Elle a \u00e9galement tenu \u00e0 rendre hommage \u00e0 l\u2019homme disparu, saluant son parcours et priant pour le repos de son \u00e2me.<br>Selon les explications fournies, la proc\u00e9dure commence par la d\u00e9claration officielle du d\u00e9c\u00e8s. Celle-ci est suivie de l\u2019\u00e9tablissement de deux documents essentiels : l\u2019acte de d\u00e9c\u00e8s et l\u2019autorisation d\u2019inhumation. Ces pi\u00e8ces attestent formellement que la personne a \u00e9t\u00e9 mise en terre.<br>Au niveau de la commune, notamment \u00e0 Dixinn dans ce cas pr\u00e9cis, l\u2019officier d\u2019\u00e9tat civil est charg\u00e9 d\u2019\u00e9tablir le certificat de d\u00e9c\u00e8s. Ce document est ensuite enregistr\u00e9 et une copie est transmise au Registre National des Personnes Physiques (RNPP). Cette \u00e9tape est cruciale, car elle permet de mettre \u00e0 jour les donn\u00e9es administratives.<br>Ainsi, une fois le certificat de d\u00e9c\u00e8s int\u00e9gr\u00e9 dans le syst\u00e8me, la personne concern\u00e9e est automatiquement retir\u00e9e du fichier \u00e9lectoral et ne peut plus appara\u00eetre sur une liste. Djenabou Tour\u00e9 insiste sur le fait que cette mise \u00e0 jour ne rel\u00e8ve pas directement de la Direction G\u00e9n\u00e9rale des \u00c9lections (DGE), mais bien d\u2019un processus administratif rigoureux impliquant plusieurs \u00e9tapes successives.<br>Elle souligne \u00e9galement que ce syst\u00e8me est en cours de modernisation afin de le rendre plus efficace et fiable, m\u00eame si tous les d\u00e9tails techniques ne sont pas encore largement expliqu\u00e9s au public.<br>Enfin, sur le plan juridique, l\u2019article 169 est explicite : en cas de d\u00e9c\u00e8s d\u2019un candidat apr\u00e8s le d\u00e9p\u00f4t des dossiers, le parti politique concern\u00e9 est tenu de d\u00e9signer un rempla\u00e7ant. Dans le cas \u00e9voqu\u00e9, cette disposition avait d\u00e9j\u00e0 \u00e9t\u00e9 appliqu\u00e9e.<br>En r\u00e9sum\u00e9, la gestion des cas de d\u00e9c\u00e8s dans le processus \u00e9lectoral guin\u00e9en repose sur une cha\u00eene administrative bien d\u00e9finie, garantissant la transparence et la mise \u00e0 jour des listes \u00e9lectorales conform\u00e9ment \u00e0 la loi.<\/p>\n\n\n\n<p>Laleman Guin\u00e9e<\/p>\n","protected":false},"excerpt":{"rendered":"<p>\u00c0 l\u2019approche des \u00e9lections l\u00e9gislatives et communales en Guin\u00e9e, la question du traitement des cas de d\u00e9c\u00e8s parmi les candidats suscite des interrogations. \u00c0 ce sujet, Djenabou Tour\u00e9 a apport\u00e9 des \u00e9claircissements importants sur la proc\u00e9dure administrative et \u00e9lectorale \u00e0 suivre.Prenant l\u2019exemple du regrett\u00e9 Elhadj Mamadou Sylla, figure marquante de la sc\u00e8ne politique et du<\/p>\n","protected":false},"author":6,"featured_media":16897,"comment_status":"open","ping_status":"open","sticky":false,"template":"","format":"standard","meta":{"footnotes":""},"categories":[80],"tags":[],"class_list":{"0":"post-17309","1":"post","2":"type-post","3":"status-publish","4":"format-standard","5":"has-post-thumbnail","7":"category-politique"},"yoast_head":"<!-- This site is optimized with the Yoast SEO plugin v27.0 - https:\/\/yoast.com\/product\/yoast-seo-wordpress\/ -->\n<title>\u00c9lections l\u00e9gislatives : que devient la candidature de Mamadou Sylla apr\u00e8s son d\u00e9c\u00e8s ? - Loni-infos<\/title>\n<meta name=\"robots\" content=\"index, follow, max-snippet:-1, max-image-preview:large, max-video-preview:-1\" \/>\n<link rel=\"canonical\" href=\"https:\/\/www.loni-infos.com\/index.php\/2026\/04\/25\/elections-legislatives-que-devient-la-candidature-de-mamadou-sylla-apres-son-deces\/\" \/>\n<meta property=\"og:locale\" content=\"fr_FR\" \/>\n<meta property=\"og:type\" content=\"article\" \/>\n<meta property=\"og:title\" content=\"\u00c9lections l\u00e9gislatives : que devient la candidature de Mamadou Sylla apr\u00e8s son d\u00e9c\u00e8s ? - Loni-infos\" \/>\n<meta property=\"og:description\" content=\"\u00c0 l\u2019approche des \u00e9lections l\u00e9gislatives et communales en Guin\u00e9e, la question du traitement des cas de d\u00e9c\u00e8s parmi les candidats suscite des interrogations. \u00c0 ce sujet, Djenabou Tour\u00e9 a apport\u00e9 des \u00e9claircissements importants sur la proc\u00e9dure administrative et \u00e9lectorale \u00e0 suivre.Prenant l\u2019exemple du regrett\u00e9 Elhadj Mamadou Sylla, figure marquante de la sc\u00e8ne politique et du\" \/>\n<meta property=\"og:url\" content=\"https:\/\/www.loni-infos.com\/index.php\/2026\/04\/25\/elections-legislatives-que-devient-la-candidature-de-mamadou-sylla-apres-son-deces\/\" \/>\n<meta property=\"og:site_name\" content=\"Loni-infos\" \/>\n<meta property=\"article:published_time\" content=\"2026-04-24T22:04:20+00:00\" \/>\n<meta property=\"article:modified_time\" content=\"2026-04-24T22:04:21+00:00\" \/>\n<meta property=\"og:image\" content=\"https:\/\/www.loni-infos.com\/wp-content\/uploads\/2026\/02\/Mamadou-Sylla-a-lUDG.jpeg\" \/>\n\t<meta property=\"og:image:width\" content=\"912\" \/>\n\t<meta property=\"og:image:height\" content=\"420\" \/>\n\t<meta property=\"og:image:type\" content=\"image\/jpeg\" \/>\n<meta name=\"author\" content=\"Madame\" \/>\n<meta name=\"twitter:card\" content=\"summary_large_image\" \/>\n<meta name=\"twitter:label1\" content=\"\u00c9crit par\" \/>\n\t<meta name=\"twitter:data1\" content=\"Madame\" \/>\n\t<meta name=\"twitter:label2\" content=\"Dur\u00e9e de lecture estim\u00e9e\" \/>\n\t<meta name=\"twitter:data2\" content=\"3 minutes\" \/>\n<script type=\"application\/ld+json\" class=\"yoast-schema-graph\">{\"@context\":\"https:\/\/schema.org\",\"@graph\":[{\"@type\":\"Article\",\"@id\":\"https:\/\/www.loni-infos.com\/index.php\/2026\/04\/25\/elections-legislatives-que-devient-la-candidature-de-mamadou-sylla-apres-son-deces\/#article\",\"isPartOf\":{\"@id\":\"https:\/\/www.loni-infos.com\/index.php\/2026\/04\/25\/elections-legislatives-que-devient-la-candidature-de-mamadou-sylla-apres-son-deces\/\"},\"author\":{\"name\":\"Madame\",\"@id\":\"https:\/\/www.loni-infos.com\/#\/schema\/person\/e16452f14f9b6d926b9a650bb0d1d7c2\"},\"headline\":\"\u00c9lections l\u00e9gislatives : que devient la candidature de Mamadou Sylla apr\u00e8s son d\u00e9c\u00e8s ?\",\"datePublished\":\"2026-04-24T22:04:20+00:00\",\"dateModified\":\"2026-04-24T22:04:21+00:00\",\"mainEntityOfPage\":{\"@id\":\"https:\/\/www.loni-infos.com\/index.php\/2026\/04\/25\/elections-legislatives-que-devient-la-candidature-de-mamadou-sylla-apres-son-deces\/\"},\"wordCount\":427,\"commentCount\":0,\"image\":{\"@id\":\"https:\/\/www.loni-infos.com\/index.php\/2026\/04\/25\/elections-legislatives-que-devient-la-candidature-de-mamadou-sylla-apres-son-deces\/#primaryimage\"},\"thumbnailUrl\":\"https:\/\/www.loni-infos.com\/wp-content\/uploads\/2026\/02\/Mamadou-Sylla-a-lUDG.jpeg\",\"articleSection\":[\"Politique\"],\"inLanguage\":\"fr-FR\",\"potentialAction\":[{\"@type\":\"CommentAction\",\"name\":\"Comment\",\"target\":[\"https:\/\/www.loni-infos.com\/index.php\/2026\/04\/25\/elections-legislatives-que-devient-la-candidature-de-mamadou-sylla-apres-son-deces\/#respond\"]}]},{\"@type\":\"WebPage\",\"@id\":\"https:\/\/www.loni-infos.com\/index.php\/2026\/04\/25\/elections-legislatives-que-devient-la-candidature-de-mamadou-sylla-apres-son-deces\/\",\"url\":\"https:\/\/www.loni-infos.com\/index.php\/2026\/04\/25\/elections-legislatives-que-devient-la-candidature-de-mamadou-sylla-apres-son-deces\/\",\"name\":\"\u00c9lections l\u00e9gislatives : que devient la candidature de Mamadou Sylla apr\u00e8s son d\u00e9c\u00e8s ? - Loni-infos\",\"isPartOf\":{\"@id\":\"https:\/\/www.loni-infos.com\/#website\"},\"primaryImageOfPage\":{\"@id\":\"https:\/\/www.loni-infos.com\/index.php\/2026\/04\/25\/elections-legislatives-que-devient-la-candidature-de-mamadou-sylla-apres-son-deces\/#primaryimage\"},\"image\":{\"@id\":\"https:\/\/www.loni-infos.com\/index.php\/2026\/04\/25\/elections-legislatives-que-devient-la-candidature-de-mamadou-sylla-apres-son-deces\/#primaryimage\"},\"thumbnailUrl\":\"https:\/\/www.loni-infos.com\/wp-content\/uploads\/2026\/02\/Mamadou-Sylla-a-lUDG.jpeg\",\"datePublished\":\"2026-04-24T22:04:20+00:00\",\"dateModified\":\"2026-04-24T22:04:21+00:00\",\"author\":{\"@id\":\"https:\/\/www.loni-infos.com\/#\/schema\/person\/e16452f14f9b6d926b9a650bb0d1d7c2\"},\"breadcrumb\":{\"@id\":\"https:\/\/www.loni-infos.com\/index.php\/2026\/04\/25\/elections-legislatives-que-devient-la-candidature-de-mamadou-sylla-apres-son-deces\/#breadcrumb\"},\"inLanguage\":\"fr-FR\",\"potentialAction\":[{\"@type\":\"ReadAction\",\"target\":[\"https:\/\/www.loni-infos.com\/index.php\/2026\/04\/25\/elections-legislatives-que-devient-la-candidature-de-mamadou-sylla-apres-son-deces\/\"]}]},{\"@type\":\"ImageObject\",\"inLanguage\":\"fr-FR\",\"@id\":\"https:\/\/www.loni-infos.com\/index.php\/2026\/04\/25\/elections-legislatives-que-devient-la-candidature-de-mamadou-sylla-apres-son-deces\/#primaryimage\",\"url\":\"https:\/\/www.loni-infos.com\/wp-content\/uploads\/2026\/02\/Mamadou-Sylla-a-lUDG.jpeg\",\"contentUrl\":\"https:\/\/www.loni-infos.com\/wp-content\/uploads\/2026\/02\/Mamadou-Sylla-a-lUDG.jpeg\",\"width\":912,\"height\":420},{\"@type\":\"BreadcrumbList\",\"@id\":\"https:\/\/www.loni-infos.com\/index.php\/2026\/04\/25\/elections-legislatives-que-devient-la-candidature-de-mamadou-sylla-apres-son-deces\/#breadcrumb\",\"itemListElement\":[{\"@type\":\"ListItem\",\"position\":1,\"name\":\"Accueil\",\"item\":\"https:\/\/www.loni-infos.com\/\"},{\"@type\":\"ListItem\",\"position\":2,\"name\":\"\u00c9lections l\u00e9gislatives : que devient la candidature de Mamadou Sylla apr\u00e8s son d\u00e9c\u00e8s ?\"}]},{\"@type\":\"WebSite\",\"@id\":\"https:\/\/www.loni-infos.com\/#website\",\"url\":\"https:\/\/www.loni-infos.com\/\",\"name\":\"Loni-infos\",\"description\":\"Vous servir des infos est notre devoir\",\"potentialAction\":[{\"@type\":\"SearchAction\",\"target\":{\"@type\":\"EntryPoint\",\"urlTemplate\":\"https:\/\/www.loni-infos.com\/?s={search_term_string}\"},\"query-input\":{\"@type\":\"PropertyValueSpecification\",\"valueRequired\":true,\"valueName\":\"search_term_string\"}}],\"inLanguage\":\"fr-FR\"},{\"@type\":\"Person\",\"@id\":\"https:\/\/www.loni-infos.com\/#\/schema\/person\/e16452f14f9b6d926b9a650bb0d1d7c2\",\"name\":\"Madame\",\"image\":{\"@type\":\"ImageObject\",\"inLanguage\":\"fr-FR\",\"@id\":\"https:\/\/www.loni-infos.com\/#\/schema\/person\/image\/\",\"url\":\"https:\/\/secure.gravatar.com\/avatar\/01526220341eccec8a3d64e54b1d8169b578cce35ab5747e90c66ff74fabcc79?s=96&d=mm&r=g\",\"contentUrl\":\"https:\/\/secure.gravatar.com\/avatar\/01526220341eccec8a3d64e54b1d8169b578cce35ab5747e90c66ff74fabcc79?s=96&d=mm&r=g\",\"caption\":\"Madame\"},\"url\":\"https:\/\/www.loni-infos.com\/index.php\/author\/madame\/\"}]}<\/script>\n<!-- \/ Yoast SEO plugin. -->","yoast_head_json":{"title":"\u00c9lections l\u00e9gislatives : que devient la candidature de Mamadou Sylla apr\u00e8s son d\u00e9c\u00e8s ? - Loni-infos","robots":{"index":"index","follow":"follow","max-snippet":"max-snippet:-1","max-image-preview":"max-image-preview:large","max-video-preview":"max-video-preview:-1"},"canonical":"https:\/\/www.loni-infos.com\/index.php\/2026\/04\/25\/elections-legislatives-que-devient-la-candidature-de-mamadou-sylla-apres-son-deces\/","og_locale":"fr_FR","og_type":"article","og_title":"\u00c9lections l\u00e9gislatives : que devient la candidature de Mamadou Sylla apr\u00e8s son d\u00e9c\u00e8s ? - Loni-infos","og_description":"\u00c0 l\u2019approche des \u00e9lections l\u00e9gislatives et communales en Guin\u00e9e, la question du traitement des cas de d\u00e9c\u00e8s parmi les candidats suscite des interrogations. \u00c0 ce sujet, Djenabou Tour\u00e9 a apport\u00e9 des \u00e9claircissements importants sur la proc\u00e9dure administrative et \u00e9lectorale \u00e0 suivre.Prenant l\u2019exemple du regrett\u00e9 Elhadj Mamadou Sylla, figure marquante de la sc\u00e8ne politique et du","og_url":"https:\/\/www.loni-infos.com\/index.php\/2026\/04\/25\/elections-legislatives-que-devient-la-candidature-de-mamadou-sylla-apres-son-deces\/","og_site_name":"Loni-infos","article_published_time":"2026-04-24T22:04:20+00:00","article_modified_time":"2026-04-24T22:04:21+00:00","og_image":[{"width":912,"height":420,"url":"https:\/\/www.loni-infos.com\/wp-content\/uploads\/2026\/02\/Mamadou-Sylla-a-lUDG.jpeg","type":"image\/jpeg"}],"author":"Madame","twitter_card":"summary_large_image","twitter_misc":{"\u00c9crit par":"Madame","Dur\u00e9e de lecture estim\u00e9e":"3 minutes"},"schema":{"@context":"https:\/\/schema.org","@graph":[{"@type":"Article","@id":"https:\/\/www.loni-infos.com\/index.php\/2026\/04\/25\/elections-legislatives-que-devient-la-candidature-de-mamadou-sylla-apres-son-deces\/#article","isPartOf":{"@id":"https:\/\/www.loni-infos.com\/index.php\/2026\/04\/25\/elections-legislatives-que-devient-la-candidature-de-mamadou-sylla-apres-son-deces\/"},"author":{"name":"Madame","@id":"https:\/\/www.loni-infos.com\/#\/schema\/person\/e16452f14f9b6d926b9a650bb0d1d7c2"},"headline":"\u00c9lections l\u00e9gislatives : que devient la candidature de Mamadou Sylla apr\u00e8s son d\u00e9c\u00e8s ?","datePublished":"2026-04-24T22:04:20+00:00","dateModified":"2026-04-24T22:04:21+00:00","mainEntityOfPage":{"@id":"https:\/\/www.loni-infos.com\/index.php\/2026\/04\/25\/elections-legislatives-que-devient-la-candidature-de-mamadou-sylla-apres-son-deces\/"},"wordCount":427,"commentCount":0,"image":{"@id":"https:\/\/www.loni-infos.com\/index.php\/2026\/04\/25\/elections-legislatives-que-devient-la-candidature-de-mamadou-sylla-apres-son-deces\/#primaryimage"},"thumbnailUrl":"https:\/\/www.loni-infos.com\/wp-content\/uploads\/2026\/02\/Mamadou-Sylla-a-lUDG.jpeg","articleSection":["Politique"],"inLanguage":"fr-FR","potentialAction":[{"@type":"CommentAction","name":"Comment","target":["https:\/\/www.loni-infos.com\/index.php\/2026\/04\/25\/elections-legislatives-que-devient-la-candidature-de-mamadou-sylla-apres-son-deces\/#respond"]}]},{"@type":"WebPage","@id":"https:\/\/www.loni-infos.com\/index.php\/2026\/04\/25\/elections-legislatives-que-devient-la-candidature-de-mamadou-sylla-apres-son-deces\/","url":"https:\/\/www.loni-infos.com\/index.php\/2026\/04\/25\/elections-legislatives-que-devient-la-candidature-de-mamadou-sylla-apres-son-deces\/","name":"\u00c9lections l\u00e9gislatives : que devient la candidature de Mamadou Sylla apr\u00e8s son d\u00e9c\u00e8s ? - Loni-infos","isPartOf":{"@id":"https:\/\/www.loni-infos.com\/#website"},"primaryImageOfPage":{"@id":"https:\/\/www.loni-infos.com\/index.php\/2026\/04\/25\/elections-legislatives-que-devient-la-candidature-de-mamadou-sylla-apres-son-deces\/#primaryimage"},"image":{"@id":"https:\/\/www.loni-infos.com\/index.php\/2026\/04\/25\/elections-legislatives-que-devient-la-candidature-de-mamadou-sylla-apres-son-deces\/#primaryimage"},"thumbnailUrl":"https:\/\/www.loni-infos.com\/wp-content\/uploads\/2026\/02\/Mamadou-Sylla-a-lUDG.jpeg","datePublished":"2026-04-24T22:04:20+00:00","dateModified":"2026-04-24T22:04:21+00:00","author":{"@id":"https:\/\/www.loni-infos.com\/#\/schema\/person\/e16452f14f9b6d926b9a650bb0d1d7c2"},"breadcrumb":{"@id":"https:\/\/www.loni-infos.com\/index.php\/2026\/04\/25\/elections-legislatives-que-devient-la-candidature-de-mamadou-sylla-apres-son-deces\/#breadcrumb"},"inLanguage":"fr-FR","potentialAction":[{"@type":"ReadAction","target":["https:\/\/www.loni-infos.com\/index.php\/2026\/04\/25\/elections-legislatives-que-devient-la-candidature-de-mamadou-sylla-apres-son-deces\/"]}]},{"@type":"ImageObject","inLanguage":"fr-FR","@id":"https:\/\/www.loni-infos.com\/index.php\/2026\/04\/25\/elections-legislatives-que-devient-la-candidature-de-mamadou-sylla-apres-son-deces\/#primaryimage","url":"https:\/\/www.loni-infos.com\/wp-content\/uploads\/2026\/02\/Mamadou-Sylla-a-lUDG.jpeg","contentUrl":"https:\/\/www.loni-infos.com\/wp-content\/uploads\/2026\/02\/Mamadou-Sylla-a-lUDG.jpeg","width":912,"height":420},{"@type":"BreadcrumbList","@id":"https:\/\/www.loni-infos.com\/index.php\/2026\/04\/25\/elections-legislatives-que-devient-la-candidature-de-mamadou-sylla-apres-son-deces\/#breadcrumb","itemListElement":[{"@type":"ListItem","position":1,"name":"Accueil","item":"https:\/\/www.loni-infos.com\/"},{"@type":"ListItem","position":2,"name":"\u00c9lections l\u00e9gislatives : que devient la candidature de Mamadou Sylla apr\u00e8s son d\u00e9c\u00e8s ?"}]},{"@type":"WebSite","@id":"https:\/\/www.loni-infos.com\/#website","url":"https:\/\/www.loni-infos.com\/","name":"Loni-infos","description":"Vous servir des infos est notre devoir","potentialAction":[{"@type":"SearchAction","target":{"@type":"EntryPoint","urlTemplate":"https:\/\/www.loni-infos.com\/?s={search_term_string}"},"query-input":{"@type":"PropertyValueSpecification","valueRequired":true,"valueName":"search_term_string"}}],"inLanguage":"fr-FR"},{"@type":"Person","@id":"https:\/\/www.loni-infos.com\/#\/schema\/person\/e16452f14f9b6d926b9a650bb0d1d7c2","name":"Madame","image":{"@type":"ImageObject","inLanguage":"fr-FR","@id":"https:\/\/www.loni-infos.com\/#\/schema\/person\/image\/","url":"https:\/\/secure.gravatar.com\/avatar\/01526220341eccec8a3d64e54b1d8169b578cce35ab5747e90c66ff74fabcc79?s=96&d=mm&r=g","contentUrl":"https:\/\/secure.gravatar.com\/avatar\/01526220341eccec8a3d64e54b1d8169b578cce35ab5747e90c66ff74fabcc79?s=96&d=mm&r=g","caption":"Madame"},"url":"https:\/\/www.loni-infos.com\/index.php\/author\/madame\/"}]}},"_links":{"self":[{"href":"https:\/\/www.loni-infos.com\/index.php\/wp-json\/wp\/v2\/posts\/17309","targetHints":{"allow":["GET"]}}],"collection":[{"href":"https:\/\/www.loni-infos.com\/index.php\/wp-json\/wp\/v2\/posts"}],"about":[{"href":"https:\/\/www.loni-infos.com\/index.php\/wp-json\/wp\/v2\/types\/post"}],"author":[{"embeddable":true,"href":"https:\/\/www.loni-infos.com\/index.php\/wp-json\/wp\/v2\/users\/6"}],"replies":[{"embeddable":true,"href":"https:\/\/www.loni-infos.com\/index.php\/wp-json\/wp\/v2\/comments?post=17309"}],"version-history":[{"count":1,"href":"https:\/\/www.loni-infos.com\/index.php\/wp-json\/wp\/v2\/posts\/17309\/revisions"}],"predecessor-version":[{"id":17310,"href":"https:\/\/www.loni-infos.com\/index.php\/wp-json\/wp\/v2\/posts\/17309\/revisions\/17310"}],"wp:featuredmedia":[{"embeddable":true,"href":"https:\/\/www.loni-infos.com\/index.php\/wp-json\/wp\/v2\/media\/16897"}],"wp:attachment":[{"href":"https:\/\/www.loni-infos.com\/index.php\/wp-json\/wp\/v2\/media?parent=17309"}],"wp:term":[{"taxonomy":"category","embeddable":true,"href":"https:\/\/www.loni-infos.com\/index.php\/wp-json\/wp\/v2\/categories?post=17309"},{"taxonomy":"post_tag","embeddable":true,"href":"https:\/\/www.loni-infos.com\/index.php\/wp-json\/wp\/v2\/tags?post=17309"}],"curies":[{"name":"wp","href":"https:\/\/api.w.org\/{rel}","templated":true}]}}