{"id":17318,"date":"2026-04-28T16:29:05","date_gmt":"2026-04-28T14:29:05","guid":{"rendered":"https:\/\/www.loni-infos.com\/?p=17318"},"modified":"2026-04-28T16:29:07","modified_gmt":"2026-04-28T14:29:07","slug":"forum-national-sur-la-biodiversite-le-gouvernement-lance-la-concertation-pour-un-nouveau-reseau-daires-protegees-et-les-compensations-ecologiques-de-simandou","status":"publish","type":"post","link":"https:\/\/www.loni-infos.com\/index.php\/2026\/04\/28\/forum-national-sur-la-biodiversite-le-gouvernement-lance-la-concertation-pour-un-nouveau-reseau-daires-protegees-et-les-compensations-ecologiques-de-simandou\/","title":{"rendered":"Forum national sur la biodiversit\u00e9 : le gouvernement lance la concertation pour un nouveau r\u00e9seau d\u2019aires prot\u00e9g\u00e9es et les compensations \u00e9cologiques de Simandou"},"content":{"rendered":"\n<p>Le gouvernement guin\u00e9en a officiellement lanc\u00e9, ce mardi 28 avril 2026, le Forum national sur la biodiversit\u00e9, une rencontre strat\u00e9gique consacr\u00e9e \u00e0 la d\u00e9finition du nouveau r\u00e9seau guin\u00e9en des aires prot\u00e9g\u00e9es et \u00e0 l\u2019\u00e9laboration des m\u00e9canismes de compensation des pertes de biodiversit\u00e9 li\u00e9es au projet minier Simandou.<\/p>\n\n\n\n<p>Pr\u00e9sid\u00e9e par le Premier ministre, Chef du gouvernement, Amadou Oury Bah, en pr\u00e9sence de la ministre de l\u2019Environnement et du D\u00e9veloppement durable, Djami Diallo, ainsi que de plusieurs membres du gouvernement, partenaires techniques et financiers, repr\u00e9sentants du secteur priv\u00e9 et de la soci\u00e9t\u00e9 civile, cette rencontre marque le lancement officiel d\u2019un vaste processus de concertation nationale.<\/p>\n\n\n\n<p>Dans son allocution, la ministre Djami Diallo a rappel\u00e9 que la Guin\u00e9e constitue l\u2019un des plus importants r\u00e9servoirs \u00e9cologiques d\u2019Afrique de l\u2019Ouest, gr\u00e2ce \u00e0 ses for\u00eats, ses fleuves et ses nombreuses esp\u00e8ces end\u00e9miques.<\/p>\n\n\n\n<p>\u00ab La Guin\u00e9e est aujourd\u2019hui l\u2019une des terres les plus riches du monde, non seulement parce que son sous-sol rec\u00e8le du fer, de la bauxite et de l\u2019or, mais aussi parce que ses for\u00eats abritent des esp\u00e8ces que l\u2019on ne trouve nulle part ailleurs sur la plan\u00e8te \u00bb, a-t-elle d\u00e9clar\u00e9.<\/p>\n\n\n\n<p>Selon elle, ce forum vise \u00e0 b\u00e2tir le nouveau R\u00e9seau guin\u00e9en des aires prot\u00e9g\u00e9es (REGAP), compos\u00e9 de 18 sites identifi\u00e9s, avec l\u2019ambition de faire passer la couverture des aires prot\u00e9g\u00e9es de 15 % \u00e0 28 % du territoire national d\u2019ici 2030, se rapprochant ainsi de l\u2019objectif international de 30 % fix\u00e9 par le cadre mondial de Kunming-Montr\u00e9al sur la biodiversit\u00e9.<\/p>\n\n\n\n<p>La ministre a \u00e9galement annonc\u00e9 plusieurs avanc\u00e9es majeures : l\u2019\u00e9laboration du tout premier Code des aires prot\u00e9g\u00e9es, une nouvelle strat\u00e9gie nationale de conservation de la biodiversit\u00e9, ainsi qu\u2019un vaste programme de renforcement des capacit\u00e9s ayant permis la formation de plus de 600 conservateurs et agents.<\/p>\n\n\n\n<p>Sur le plan logistique, les parcs nationaux ont \u00e9t\u00e9 dot\u00e9s de plus de 21 v\u00e9hicules tout-terrain, de 200 motos ainsi que de drones de surveillance afin de mieux lutter contre les activit\u00e9s ill\u00e9gales dans les zones prot\u00e9g\u00e9es.<\/p>\n\n\n\n<p>Pour assurer un financement durable, une Fondation pour la conservation de la biodiversit\u00e9 en Guin\u00e9e est en cours de mise en place afin de garantir la p\u00e9rennit\u00e9 des actions de protection environnementale.<\/p>\n\n\n\n<p>Prenant la parole \u00e0 son tour, le Premier ministre Amadou Oury Bah a insist\u00e9 sur la n\u00e9cessit\u00e9 de concilier transformation \u00e9conomique et pr\u00e9servation du capital naturel. \u00ab La terre ne nous appartient pas, nous en sommes les d\u00e9positaires \u00bb, a-t-il affirm\u00e9, soulignant que la Guin\u00e9e doit avancer \u201csur ses deux jambes\u201d : d\u00e9velopper son \u00e9conomie tout en prot\u00e9geant ses \u00e9cosyst\u00e8mes.<\/p>\n\n\n\n<p>Le chef du gouvernement a notamment \u00e9voqu\u00e9 l\u2019importance du massif du Fouta-Djalon, dont l\u2019inscription au patrimoine mondial de l\u2019UNESCO constitue une priorit\u00e9 nationale.<\/p>\n\n\n\n<p>Le forum de deux jours va \u00e9galement permettre de mettre en avant le mod\u00e8le guin\u00e9en de compensation \u00e9cologique des pertes de biodiversit\u00e9, notamment autour du Parc national du Moyen-Bafing, o\u00f9 des partenariats entre l\u2019\u00c9tat, les compagnies mini\u00e8res et des organisations de conservation ont permis la protection de milliers de chimpanz\u00e9s et d\u2019autres esp\u00e8ces end\u00e9miques.<\/p>\n\n\n\n<p>Le gouvernement insiste sur le caract\u00e8re participatif de cette r\u00e9forme. Les communaut\u00e9s locales, collectivit\u00e9s territoriales, entreprises priv\u00e9es et services techniques de l\u2019\u00c9tat sont appel\u00e9s \u00e0 prendre part activement \u00e0 la d\u00e9finition des limites des aires prot\u00e9g\u00e9es, des r\u00e8gles de gouvernance et des projets de d\u00e9veloppement associ\u00e9s.<\/p>\n\n\n\n<p>\u00c0 l\u2019issue de son intervention, le Premier ministre Bah Oury a officiellement d\u00e9clar\u00e9 ouvert le Forum national sur la biodiversit\u00e9, appelant \u00e0 une mobilisation collective pour faire des aires prot\u00e9g\u00e9es \u00ab des territoires vivants, g\u00e9n\u00e9rateurs d\u2019opportunit\u00e9s \u00e9conomiques et garants de l\u2019avenir des g\u00e9n\u00e9rations futures \u00bb.<\/p>\n","protected":false},"excerpt":{"rendered":"<p>Le gouvernement guin\u00e9en a officiellement lanc\u00e9, ce mardi 28 avril 2026, le Forum national sur la biodiversit\u00e9, une rencontre strat\u00e9gique consacr\u00e9e \u00e0 la d\u00e9finition du nouveau r\u00e9seau guin\u00e9en des aires prot\u00e9g\u00e9es et \u00e0 l\u2019\u00e9laboration des m\u00e9canismes de compensation des pertes de biodiversit\u00e9 li\u00e9es au projet minier Simandou. Pr\u00e9sid\u00e9e par le Premier ministre, Chef du gouvernement,<\/p>\n","protected":false},"author":6,"featured_media":17323,"comment_status":"open","ping_status":"open","sticky":false,"template":"","format":"standard","meta":{"footnotes":""},"categories":[2],"tags":[2717,162,1439,2724,2719,2720,1070,2715,192,2716,2721,17,297,2723,2725,2726,2718,2722,310,954],"class_list":{"0":"post-17318","1":"post","2":"type-post","3":"status-publish","4":"format-standard","5":"has-post-thumbnail","7":"category-environnement","8":"tag-aires-protegees","9":"tag-bah-oury","10":"tag-biodiversite","11":"tag-chimpanzes","12":"tag-compensation-ecologique","13":"tag-conservation","14":"tag-developpement-durable","15":"tag-djami-diallo","16":"tag-environnement","17":"tag-forum-biodiversite","18":"tag-fouta-djalon","19":"tag-guinee","20":"tag-mamadi-doumbouya","21":"tag-moyen-bafing","22":"tag-patrimoine-naturel","23":"tag-protection-de-lenvironnemen","24":"tag-regap","25":"tag-rio-tinto","26":"tag-simandou","27":"tag-unesco"},"yoast_head":"<!-- This site is optimized with the Yoast SEO plugin v27.0 - https:\/\/yoast.com\/product\/yoast-seo-wordpress\/ -->\n<title>Forum national sur la biodiversit\u00e9 : le gouvernement lance la concertation pour un nouveau r\u00e9seau d\u2019aires prot\u00e9g\u00e9es et les compensations \u00e9cologiques de Simandou - Loni-infos<\/title>\n<meta name=\"robots\" content=\"index, follow, max-snippet:-1, max-image-preview:large, max-video-preview:-1\" \/>\n<link rel=\"canonical\" href=\"https:\/\/www.loni-infos.com\/index.php\/2026\/04\/28\/forum-national-sur-la-biodiversite-le-gouvernement-lance-la-concertation-pour-un-nouveau-reseau-daires-protegees-et-les-compensations-ecologiques-de-simandou\/\" \/>\n<meta property=\"og:locale\" content=\"fr_FR\" \/>\n<meta property=\"og:type\" content=\"article\" \/>\n<meta property=\"og:title\" content=\"Forum national sur la biodiversit\u00e9 : le gouvernement lance la concertation pour un nouveau r\u00e9seau d\u2019aires prot\u00e9g\u00e9es et les compensations \u00e9cologiques de Simandou - Loni-infos\" \/>\n<meta property=\"og:description\" content=\"Le gouvernement guin\u00e9en a officiellement lanc\u00e9, ce mardi 28 avril 2026, le Forum national sur la biodiversit\u00e9, une rencontre strat\u00e9gique consacr\u00e9e \u00e0 la d\u00e9finition du nouveau r\u00e9seau guin\u00e9en des aires prot\u00e9g\u00e9es et \u00e0 l\u2019\u00e9laboration des m\u00e9canismes de compensation des pertes de biodiversit\u00e9 li\u00e9es au projet minier Simandou. Pr\u00e9sid\u00e9e par le Premier ministre, Chef du gouvernement,\" \/>\n<meta property=\"og:url\" content=\"https:\/\/www.loni-infos.com\/index.php\/2026\/04\/28\/forum-national-sur-la-biodiversite-le-gouvernement-lance-la-concertation-pour-un-nouveau-reseau-daires-protegees-et-les-compensations-ecologiques-de-simandou\/\" \/>\n<meta property=\"og:site_name\" content=\"Loni-infos\" \/>\n<meta property=\"article:published_time\" content=\"2026-04-28T14:29:05+00:00\" \/>\n<meta property=\"article:modified_time\" content=\"2026-04-28T14:29:07+00:00\" \/>\n<meta property=\"og:image\" content=\"https:\/\/www.loni-infos.com\/wp-content\/uploads\/2026\/04\/WhatsApp-Image-2026-04-28-at-14.02.34.jpeg\" \/>\n\t<meta property=\"og:image:width\" content=\"1280\" \/>\n\t<meta property=\"og:image:height\" content=\"960\" \/>\n\t<meta property=\"og:image:type\" content=\"image\/jpeg\" \/>\n<meta name=\"author\" content=\"Madame\" \/>\n<meta name=\"twitter:card\" content=\"summary_large_image\" \/>\n<meta name=\"twitter:label1\" content=\"\u00c9crit par\" \/>\n\t<meta name=\"twitter:data1\" content=\"Madame\" \/>\n\t<meta name=\"twitter:label2\" content=\"Dur\u00e9e de lecture estim\u00e9e\" \/>\n\t<meta name=\"twitter:data2\" content=\"4 minutes\" \/>\n<script type=\"application\/ld+json\" class=\"yoast-schema-graph\">{\"@context\":\"https:\/\/schema.org\",\"@graph\":[{\"@type\":\"Article\",\"@id\":\"https:\/\/www.loni-infos.com\/index.php\/2026\/04\/28\/forum-national-sur-la-biodiversite-le-gouvernement-lance-la-concertation-pour-un-nouveau-reseau-daires-protegees-et-les-compensations-ecologiques-de-simandou\/#article\",\"isPartOf\":{\"@id\":\"https:\/\/www.loni-infos.com\/index.php\/2026\/04\/28\/forum-national-sur-la-biodiversite-le-gouvernement-lance-la-concertation-pour-un-nouveau-reseau-daires-protegees-et-les-compensations-ecologiques-de-simandou\/\"},\"author\":{\"name\":\"Madame\",\"@id\":\"https:\/\/www.loni-infos.com\/#\/schema\/person\/e16452f14f9b6d926b9a650bb0d1d7c2\"},\"headline\":\"Forum national sur la biodiversit\u00e9 : le gouvernement lance la concertation pour un nouveau r\u00e9seau d\u2019aires prot\u00e9g\u00e9es et les compensations \u00e9cologiques de Simandou\",\"datePublished\":\"2026-04-28T14:29:05+00:00\",\"dateModified\":\"2026-04-28T14:29:07+00:00\",\"mainEntityOfPage\":{\"@id\":\"https:\/\/www.loni-infos.com\/index.php\/2026\/04\/28\/forum-national-sur-la-biodiversite-le-gouvernement-lance-la-concertation-pour-un-nouveau-reseau-daires-protegees-et-les-compensations-ecologiques-de-simandou\/\"},\"wordCount\":690,\"commentCount\":0,\"image\":{\"@id\":\"https:\/\/www.loni-infos.com\/index.php\/2026\/04\/28\/forum-national-sur-la-biodiversite-le-gouvernement-lance-la-concertation-pour-un-nouveau-reseau-daires-protegees-et-les-compensations-ecologiques-de-simandou\/#primaryimage\"},\"thumbnailUrl\":\"https:\/\/www.loni-infos.com\/wp-content\/uploads\/2026\/04\/WhatsApp-Image-2026-04-28-at-14.02.34.jpeg\",\"keywords\":[\"aires prot\u00e9g\u00e9es\",\"Bah Oury\",\"biodiversit\u00e9\",\"chimpanz\u00e9s\",\"compensation \u00e9cologique\",\"conservation\",\"d\u00e9veloppement durable\",\"Djami Diallo\",\"Environnement\",\"Forum biodiversit\u00e9\",\"Fouta-Djalon\",\"Guin\u00e9e\",\"Mamadi Doumbouya\",\"Moyen-Bafing\",\"patrimoine naturel\",\"protection de l\u2019environnemen\",\"REGAP\",\"Rio Tinto\",\"Simandou\",\"Unesco\"],\"articleSection\":[\"Environnement\"],\"inLanguage\":\"fr-FR\",\"potentialAction\":[{\"@type\":\"CommentAction\",\"name\":\"Comment\",\"target\":[\"https:\/\/www.loni-infos.com\/index.php\/2026\/04\/28\/forum-national-sur-la-biodiversite-le-gouvernement-lance-la-concertation-pour-un-nouveau-reseau-daires-protegees-et-les-compensations-ecologiques-de-simandou\/#respond\"]}]},{\"@type\":\"WebPage\",\"@id\":\"https:\/\/www.loni-infos.com\/index.php\/2026\/04\/28\/forum-national-sur-la-biodiversite-le-gouvernement-lance-la-concertation-pour-un-nouveau-reseau-daires-protegees-et-les-compensations-ecologiques-de-simandou\/\",\"url\":\"https:\/\/www.loni-infos.com\/index.php\/2026\/04\/28\/forum-national-sur-la-biodiversite-le-gouvernement-lance-la-concertation-pour-un-nouveau-reseau-daires-protegees-et-les-compensations-ecologiques-de-simandou\/\",\"name\":\"Forum national sur la biodiversit\u00e9 : le gouvernement lance la concertation pour un nouveau r\u00e9seau d\u2019aires prot\u00e9g\u00e9es et les compensations \u00e9cologiques de Simandou - Loni-infos\",\"isPartOf\":{\"@id\":\"https:\/\/www.loni-infos.com\/#website\"},\"primaryImageOfPage\":{\"@id\":\"https:\/\/www.loni-infos.com\/index.php\/2026\/04\/28\/forum-national-sur-la-biodiversite-le-gouvernement-lance-la-concertation-pour-un-nouveau-reseau-daires-protegees-et-les-compensations-ecologiques-de-simandou\/#primaryimage\"},\"image\":{\"@id\":\"https:\/\/www.loni-infos.com\/index.php\/2026\/04\/28\/forum-national-sur-la-biodiversite-le-gouvernement-lance-la-concertation-pour-un-nouveau-reseau-daires-protegees-et-les-compensations-ecologiques-de-simandou\/#primaryimage\"},\"thumbnailUrl\":\"https:\/\/www.loni-infos.com\/wp-content\/uploads\/2026\/04\/WhatsApp-Image-2026-04-28-at-14.02.34.jpeg\",\"datePublished\":\"2026-04-28T14:29:05+00:00\",\"dateModified\":\"2026-04-28T14:29:07+00:00\",\"author\":{\"@id\":\"https:\/\/www.loni-infos.com\/#\/schema\/person\/e16452f14f9b6d926b9a650bb0d1d7c2\"},\"breadcrumb\":{\"@id\":\"https:\/\/www.loni-infos.com\/index.php\/2026\/04\/28\/forum-national-sur-la-biodiversite-le-gouvernement-lance-la-concertation-pour-un-nouveau-reseau-daires-protegees-et-les-compensations-ecologiques-de-simandou\/#breadcrumb\"},\"inLanguage\":\"fr-FR\",\"potentialAction\":[{\"@type\":\"ReadAction\",\"target\":[\"https:\/\/www.loni-infos.com\/index.php\/2026\/04\/28\/forum-national-sur-la-biodiversite-le-gouvernement-lance-la-concertation-pour-un-nouveau-reseau-daires-protegees-et-les-compensations-ecologiques-de-simandou\/\"]}]},{\"@type\":\"ImageObject\",\"inLanguage\":\"fr-FR\",\"@id\":\"https:\/\/www.loni-infos.com\/index.php\/2026\/04\/28\/forum-national-sur-la-biodiversite-le-gouvernement-lance-la-concertation-pour-un-nouveau-reseau-daires-protegees-et-les-compensations-ecologiques-de-simandou\/#primaryimage\",\"url\":\"https:\/\/www.loni-infos.com\/wp-content\/uploads\/2026\/04\/WhatsApp-Image-2026-04-28-at-14.02.34.jpeg\",\"contentUrl\":\"https:\/\/www.loni-infos.com\/wp-content\/uploads\/2026\/04\/WhatsApp-Image-2026-04-28-at-14.02.34.jpeg\",\"width\":1280,\"height\":960},{\"@type\":\"BreadcrumbList\",\"@id\":\"https:\/\/www.loni-infos.com\/index.php\/2026\/04\/28\/forum-national-sur-la-biodiversite-le-gouvernement-lance-la-concertation-pour-un-nouveau-reseau-daires-protegees-et-les-compensations-ecologiques-de-simandou\/#breadcrumb\",\"itemListElement\":[{\"@type\":\"ListItem\",\"position\":1,\"name\":\"Accueil\",\"item\":\"https:\/\/www.loni-infos.com\/\"},{\"@type\":\"ListItem\",\"position\":2,\"name\":\"Forum national sur la biodiversit\u00e9 : le gouvernement lance la concertation pour un nouveau r\u00e9seau d\u2019aires prot\u00e9g\u00e9es et les compensations \u00e9cologiques de Simandou\"}]},{\"@type\":\"WebSite\",\"@id\":\"https:\/\/www.loni-infos.com\/#website\",\"url\":\"https:\/\/www.loni-infos.com\/\",\"name\":\"Loni-infos\",\"description\":\"Vous servir des infos est notre devoir\",\"potentialAction\":[{\"@type\":\"SearchAction\",\"target\":{\"@type\":\"EntryPoint\",\"urlTemplate\":\"https:\/\/www.loni-infos.com\/?s={search_term_string}\"},\"query-input\":{\"@type\":\"PropertyValueSpecification\",\"valueRequired\":true,\"valueName\":\"search_term_string\"}}],\"inLanguage\":\"fr-FR\"},{\"@type\":\"Person\",\"@id\":\"https:\/\/www.loni-infos.com\/#\/schema\/person\/e16452f14f9b6d926b9a650bb0d1d7c2\",\"name\":\"Madame\",\"image\":{\"@type\":\"ImageObject\",\"inLanguage\":\"fr-FR\",\"@id\":\"https:\/\/www.loni-infos.com\/#\/schema\/person\/image\/\",\"url\":\"https:\/\/secure.gravatar.com\/avatar\/01526220341eccec8a3d64e54b1d8169b578cce35ab5747e90c66ff74fabcc79?s=96&d=mm&r=g\",\"contentUrl\":\"https:\/\/secure.gravatar.com\/avatar\/01526220341eccec8a3d64e54b1d8169b578cce35ab5747e90c66ff74fabcc79?s=96&d=mm&r=g\",\"caption\":\"Madame\"},\"url\":\"https:\/\/www.loni-infos.com\/index.php\/author\/madame\/\"}]}<\/script>\n<!-- \/ Yoast SEO plugin. -->","yoast_head_json":{"title":"Forum national sur la biodiversit\u00e9 : le gouvernement lance la concertation pour un nouveau r\u00e9seau d\u2019aires prot\u00e9g\u00e9es et les compensations \u00e9cologiques de Simandou - Loni-infos","robots":{"index":"index","follow":"follow","max-snippet":"max-snippet:-1","max-image-preview":"max-image-preview:large","max-video-preview":"max-video-preview:-1"},"canonical":"https:\/\/www.loni-infos.com\/index.php\/2026\/04\/28\/forum-national-sur-la-biodiversite-le-gouvernement-lance-la-concertation-pour-un-nouveau-reseau-daires-protegees-et-les-compensations-ecologiques-de-simandou\/","og_locale":"fr_FR","og_type":"article","og_title":"Forum national sur la biodiversit\u00e9 : le gouvernement lance la concertation pour un nouveau r\u00e9seau d\u2019aires prot\u00e9g\u00e9es et les compensations \u00e9cologiques de Simandou - Loni-infos","og_description":"Le gouvernement guin\u00e9en a officiellement lanc\u00e9, ce mardi 28 avril 2026, le Forum national sur la biodiversit\u00e9, une rencontre strat\u00e9gique consacr\u00e9e \u00e0 la d\u00e9finition du nouveau r\u00e9seau guin\u00e9en des aires prot\u00e9g\u00e9es et \u00e0 l\u2019\u00e9laboration des m\u00e9canismes de compensation des pertes de biodiversit\u00e9 li\u00e9es au projet minier Simandou. Pr\u00e9sid\u00e9e par le Premier ministre, Chef du gouvernement,","og_url":"https:\/\/www.loni-infos.com\/index.php\/2026\/04\/28\/forum-national-sur-la-biodiversite-le-gouvernement-lance-la-concertation-pour-un-nouveau-reseau-daires-protegees-et-les-compensations-ecologiques-de-simandou\/","og_site_name":"Loni-infos","article_published_time":"2026-04-28T14:29:05+00:00","article_modified_time":"2026-04-28T14:29:07+00:00","og_image":[{"width":1280,"height":960,"url":"https:\/\/www.loni-infos.com\/wp-content\/uploads\/2026\/04\/WhatsApp-Image-2026-04-28-at-14.02.34.jpeg","type":"image\/jpeg"}],"author":"Madame","twitter_card":"summary_large_image","twitter_misc":{"\u00c9crit par":"Madame","Dur\u00e9e de lecture estim\u00e9e":"4 minutes"},"schema":{"@context":"https:\/\/schema.org","@graph":[{"@type":"Article","@id":"https:\/\/www.loni-infos.com\/index.php\/2026\/04\/28\/forum-national-sur-la-biodiversite-le-gouvernement-lance-la-concertation-pour-un-nouveau-reseau-daires-protegees-et-les-compensations-ecologiques-de-simandou\/#article","isPartOf":{"@id":"https:\/\/www.loni-infos.com\/index.php\/2026\/04\/28\/forum-national-sur-la-biodiversite-le-gouvernement-lance-la-concertation-pour-un-nouveau-reseau-daires-protegees-et-les-compensations-ecologiques-de-simandou\/"},"author":{"name":"Madame","@id":"https:\/\/www.loni-infos.com\/#\/schema\/person\/e16452f14f9b6d926b9a650bb0d1d7c2"},"headline":"Forum national sur la biodiversit\u00e9 : le gouvernement lance la concertation pour un nouveau r\u00e9seau d\u2019aires prot\u00e9g\u00e9es et les compensations \u00e9cologiques de Simandou","datePublished":"2026-04-28T14:29:05+00:00","dateModified":"2026-04-28T14:29:07+00:00","mainEntityOfPage":{"@id":"https:\/\/www.loni-infos.com\/index.php\/2026\/04\/28\/forum-national-sur-la-biodiversite-le-gouvernement-lance-la-concertation-pour-un-nouveau-reseau-daires-protegees-et-les-compensations-ecologiques-de-simandou\/"},"wordCount":690,"commentCount":0,"image":{"@id":"https:\/\/www.loni-infos.com\/index.php\/2026\/04\/28\/forum-national-sur-la-biodiversite-le-gouvernement-lance-la-concertation-pour-un-nouveau-reseau-daires-protegees-et-les-compensations-ecologiques-de-simandou\/#primaryimage"},"thumbnailUrl":"https:\/\/www.loni-infos.com\/wp-content\/uploads\/2026\/04\/WhatsApp-Image-2026-04-28-at-14.02.34.jpeg","keywords":["aires prot\u00e9g\u00e9es","Bah Oury","biodiversit\u00e9","chimpanz\u00e9s","compensation \u00e9cologique","conservation","d\u00e9veloppement durable","Djami Diallo","Environnement","Forum biodiversit\u00e9","Fouta-Djalon","Guin\u00e9e","Mamadi Doumbouya","Moyen-Bafing","patrimoine naturel","protection de l\u2019environnemen","REGAP","Rio Tinto","Simandou","Unesco"],"articleSection":["Environnement"],"inLanguage":"fr-FR","potentialAction":[{"@type":"CommentAction","name":"Comment","target":["https:\/\/www.loni-infos.com\/index.php\/2026\/04\/28\/forum-national-sur-la-biodiversite-le-gouvernement-lance-la-concertation-pour-un-nouveau-reseau-daires-protegees-et-les-compensations-ecologiques-de-simandou\/#respond"]}]},{"@type":"WebPage","@id":"https:\/\/www.loni-infos.com\/index.php\/2026\/04\/28\/forum-national-sur-la-biodiversite-le-gouvernement-lance-la-concertation-pour-un-nouveau-reseau-daires-protegees-et-les-compensations-ecologiques-de-simandou\/","url":"https:\/\/www.loni-infos.com\/index.php\/2026\/04\/28\/forum-national-sur-la-biodiversite-le-gouvernement-lance-la-concertation-pour-un-nouveau-reseau-daires-protegees-et-les-compensations-ecologiques-de-simandou\/","name":"Forum national sur la biodiversit\u00e9 : le gouvernement lance la concertation pour un nouveau r\u00e9seau d\u2019aires prot\u00e9g\u00e9es et les compensations \u00e9cologiques de Simandou - Loni-infos","isPartOf":{"@id":"https:\/\/www.loni-infos.com\/#website"},"primaryImageOfPage":{"@id":"https:\/\/www.loni-infos.com\/index.php\/2026\/04\/28\/forum-national-sur-la-biodiversite-le-gouvernement-lance-la-concertation-pour-un-nouveau-reseau-daires-protegees-et-les-compensations-ecologiques-de-simandou\/#primaryimage"},"image":{"@id":"https:\/\/www.loni-infos.com\/index.php\/2026\/04\/28\/forum-national-sur-la-biodiversite-le-gouvernement-lance-la-concertation-pour-un-nouveau-reseau-daires-protegees-et-les-compensations-ecologiques-de-simandou\/#primaryimage"},"thumbnailUrl":"https:\/\/www.loni-infos.com\/wp-content\/uploads\/2026\/04\/WhatsApp-Image-2026-04-28-at-14.02.34.jpeg","datePublished":"2026-04-28T14:29:05+00:00","dateModified":"2026-04-28T14:29:07+00:00","author":{"@id":"https:\/\/www.loni-infos.com\/#\/schema\/person\/e16452f14f9b6d926b9a650bb0d1d7c2"},"breadcrumb":{"@id":"https:\/\/www.loni-infos.com\/index.php\/2026\/04\/28\/forum-national-sur-la-biodiversite-le-gouvernement-lance-la-concertation-pour-un-nouveau-reseau-daires-protegees-et-les-compensations-ecologiques-de-simandou\/#breadcrumb"},"inLanguage":"fr-FR","potentialAction":[{"@type":"ReadAction","target":["https:\/\/www.loni-infos.com\/index.php\/2026\/04\/28\/forum-national-sur-la-biodiversite-le-gouvernement-lance-la-concertation-pour-un-nouveau-reseau-daires-protegees-et-les-compensations-ecologiques-de-simandou\/"]}]},{"@type":"ImageObject","inLanguage":"fr-FR","@id":"https:\/\/www.loni-infos.com\/index.php\/2026\/04\/28\/forum-national-sur-la-biodiversite-le-gouvernement-lance-la-concertation-pour-un-nouveau-reseau-daires-protegees-et-les-compensations-ecologiques-de-simandou\/#primaryimage","url":"https:\/\/www.loni-infos.com\/wp-content\/uploads\/2026\/04\/WhatsApp-Image-2026-04-28-at-14.02.34.jpeg","contentUrl":"https:\/\/www.loni-infos.com\/wp-content\/uploads\/2026\/04\/WhatsApp-Image-2026-04-28-at-14.02.34.jpeg","width":1280,"height":960},{"@type":"BreadcrumbList","@id":"https:\/\/www.loni-infos.com\/index.php\/2026\/04\/28\/forum-national-sur-la-biodiversite-le-gouvernement-lance-la-concertation-pour-un-nouveau-reseau-daires-protegees-et-les-compensations-ecologiques-de-simandou\/#breadcrumb","itemListElement":[{"@type":"ListItem","position":1,"name":"Accueil","item":"https:\/\/www.loni-infos.com\/"},{"@type":"ListItem","position":2,"name":"Forum national sur la biodiversit\u00e9 : le gouvernement lance la concertation pour un nouveau r\u00e9seau d\u2019aires prot\u00e9g\u00e9es et les compensations \u00e9cologiques de Simandou"}]},{"@type":"WebSite","@id":"https:\/\/www.loni-infos.com\/#website","url":"https:\/\/www.loni-infos.com\/","name":"Loni-infos","description":"Vous servir des infos est notre devoir","potentialAction":[{"@type":"SearchAction","target":{"@type":"EntryPoint","urlTemplate":"https:\/\/www.loni-infos.com\/?s={search_term_string}"},"query-input":{"@type":"PropertyValueSpecification","valueRequired":true,"valueName":"search_term_string"}}],"inLanguage":"fr-FR"},{"@type":"Person","@id":"https:\/\/www.loni-infos.com\/#\/schema\/person\/e16452f14f9b6d926b9a650bb0d1d7c2","name":"Madame","image":{"@type":"ImageObject","inLanguage":"fr-FR","@id":"https:\/\/www.loni-infos.com\/#\/schema\/person\/image\/","url":"https:\/\/secure.gravatar.com\/avatar\/01526220341eccec8a3d64e54b1d8169b578cce35ab5747e90c66ff74fabcc79?s=96&d=mm&r=g","contentUrl":"https:\/\/secure.gravatar.com\/avatar\/01526220341eccec8a3d64e54b1d8169b578cce35ab5747e90c66ff74fabcc79?s=96&d=mm&r=g","caption":"Madame"},"url":"https:\/\/www.loni-infos.com\/index.php\/author\/madame\/"}]}},"_links":{"self":[{"href":"https:\/\/www.loni-infos.com\/index.php\/wp-json\/wp\/v2\/posts\/17318","targetHints":{"allow":["GET"]}}],"collection":[{"href":"https:\/\/www.loni-infos.com\/index.php\/wp-json\/wp\/v2\/posts"}],"about":[{"href":"https:\/\/www.loni-infos.com\/index.php\/wp-json\/wp\/v2\/types\/post"}],"author":[{"embeddable":true,"href":"https:\/\/www.loni-infos.com\/index.php\/wp-json\/wp\/v2\/users\/6"}],"replies":[{"embeddable":true,"href":"https:\/\/www.loni-infos.com\/index.php\/wp-json\/wp\/v2\/comments?post=17318"}],"version-history":[{"count":1,"href":"https:\/\/www.loni-infos.com\/index.php\/wp-json\/wp\/v2\/posts\/17318\/revisions"}],"predecessor-version":[{"id":17319,"href":"https:\/\/www.loni-infos.com\/index.php\/wp-json\/wp\/v2\/posts\/17318\/revisions\/17319"}],"wp:featuredmedia":[{"embeddable":true,"href":"https:\/\/www.loni-infos.com\/index.php\/wp-json\/wp\/v2\/media\/17323"}],"wp:attachment":[{"href":"https:\/\/www.loni-infos.com\/index.php\/wp-json\/wp\/v2\/media?parent=17318"}],"wp:term":[{"taxonomy":"category","embeddable":true,"href":"https:\/\/www.loni-infos.com\/index.php\/wp-json\/wp\/v2\/categories?post=17318"},{"taxonomy":"post_tag","embeddable":true,"href":"https:\/\/www.loni-infos.com\/index.php\/wp-json\/wp\/v2\/tags?post=17318"}],"curies":[{"name":"wp","href":"https:\/\/api.w.org\/{rel}","templated":true}]}}