{"id":17320,"date":"2026-04-28T15:35:25","date_gmt":"2026-04-28T13:35:25","guid":{"rendered":"https:\/\/www.loni-infos.com\/?p=17320"},"modified":"2026-04-28T15:35:26","modified_gmt":"2026-04-28T13:35:26","slug":"communales-a-matam-les-colistiers-de-badra-kone-denoncent-une-detention-illegale-et-exigent-sa-liberation","status":"publish","type":"post","link":"https:\/\/www.loni-infos.com\/index.php\/2026\/04\/28\/communales-a-matam-les-colistiers-de-badra-kone-denoncent-une-detention-illegale-et-exigent-sa-liberation\/","title":{"rendered":"Communales \u00e0 Matam : les colistiers de Badra Kon\u00e9 d\u00e9noncent une \u00ab d\u00e9tention ill\u00e9gale \u00bb et exigent sa lib\u00e9ration"},"content":{"rendered":"\n<p>Les tensions montent autour des \u00e9lections communales \u00e0 Matam. Ce mardi, des membres de la liste GMD (G\u00e9n\u00e9ration pour la Modernit\u00e9 et le D\u00e9veloppement) se sont rendus devant la Direction centrale de la Police judiciaire (DPJ) pour r\u00e9clamer la lib\u00e9ration de leur t\u00eate de liste, le maire Badra Kon\u00e9, qu\u2019ils estiment d\u00e9tenu en violation des dispositions du Code \u00e9lectoral guin\u00e9en.<\/p>\n\n\n\n<p>Prenant la parole au nom des 41 conseillers de la liste GMD, Tour\u00e9 Aboubacar, candidat sur la liste \u00e9lectorale communale de Matam, a d\u00e9nonc\u00e9 ce qu\u2019il qualifie de \u00ab d\u00e9tention ill\u00e9gale \u00bb de leur candidat. \u00ab Nous sommes aujourd\u2019hui devant la Direction centrale de la Police judiciaire pour venir aux nouvelles de notre t\u00eate de liste, M. le maire Badra Kon\u00e9. Ce que nous constatons, c\u2019est que notre candidat est aujourd\u2019hui d\u00e9tenu de fa\u00e7on ill\u00e9gale \u00bb, a-t-il d\u00e9clar\u00e9.<\/p>\n\n\n\n<p>Selon lui, Badra Kon\u00e9 s\u2019est pr\u00e9sent\u00e9 de lui-m\u00eame \u00e0 la suite d\u2019une invitation des services de s\u00e9curit\u00e9, sans chercher \u00e0 se soustraire \u00e0 la justice. Cependant, depuis son arriv\u00e9e, sa garde \u00e0 vue aurait \u00e9t\u00e9 renouvel\u00e9e \u00e0 plusieurs reprises, d\u00e9passant, selon ses partisans, les d\u00e9lais l\u00e9gaux pr\u00e9vus. \u00ab Il s\u2019est pr\u00e9sent\u00e9 volontairement. Depuis son arriv\u00e9e, sa garde \u00e0 vue a \u00e9t\u00e9 renouvel\u00e9e \u00e0 plusieurs reprises, d\u00e9passant largement les d\u00e9lais pr\u00e9vus par la loi \u00bb, a insist\u00e9 Tour\u00e9 Aboubacar.<\/p>\n\n\n\n<p>Les membres de la liste GMD affirment \u00e9galement qu\u2019aucune preuve concr\u00e8te n\u2019a \u00e9t\u00e9 apport\u00e9e contre leur candidat et que sa d\u00e9tention reposerait uniquement sur les accusations formul\u00e9es par d\u2019autres candidats de la commune de Matam.<\/p>\n\n\n\n<p>Ils invoquent par ailleurs l\u2019article 66 du Code \u00e9lectoral guin\u00e9en, qui, selon eux, prot\u00e8ge les candidats contre toute privation de libert\u00e9 pendant la p\u00e9riode de campagne \u00e9lectorale. \u00ab Aucun candidat ne peut \u00eatre priv\u00e9 de sa libert\u00e9 durant la p\u00e9riode de campagne \u00e9lectorale \u00bb, a rappel\u00e9 le porte-parole.<\/p>\n\n\n\n<p>Face \u00e0 cette situation, les colistiers de Badra Kon\u00e9 lancent un appel aux autorit\u00e9s guin\u00e9ennes afin que la loi soit appliqu\u00e9e et que leur t\u00eate de liste soit lib\u00e9r\u00e9e sans d\u00e9lai.<\/p>\n\n\n\n<p>Ils pr\u00e9viennent \u00e9galement qu\u2019ils ne sont pas dispos\u00e9s \u00e0 accepter la tenue des \u00e9lections communales \u00e0 Matam tant que leur candidat restera d\u00e9tenu. \u00ab Nous ne sommes pas pr\u00eats \u00e0 ce qu\u2019il y ait des \u00e9lections communales \u00e0 Matam tant que notre candidat n\u2019est pas libre. Pour qu\u2019il y ait une comp\u00e9tition juste, il faut que tous les candidats soient libres de circuler et de battre campagne \u00bb, ont-ils martel\u00e9.<\/p>\n\n\n\n<p>Cette affaire pourrait raviver les tensions politiques locales \u00e0 l\u2019approche du scrutin communal, alors que plusieurs formations appellent \u00e0 des \u00e9lections transparentes, \u00e9quitables et apais\u00e9es.<\/p>\n","protected":false},"excerpt":{"rendered":"<p>Les tensions montent autour des \u00e9lections communales \u00e0 Matam. Ce mardi, des membres de la liste GMD (G\u00e9n\u00e9ration pour la Modernit\u00e9 et le D\u00e9veloppement) se sont rendus devant la Direction centrale de la Police judiciaire (DPJ) pour r\u00e9clamer la lib\u00e9ration de leur t\u00eate de liste, le maire Badra Kon\u00e9, qu\u2019ils estiment d\u00e9tenu en violation des<\/p>\n","protected":false},"author":6,"featured_media":17321,"comment_status":"open","ping_status":"open","sticky":false,"template":"","format":"standard","meta":{"footnotes":""},"categories":[20],"tags":[2731,2727,1958,2733,2730,2728,2684,2729,2658,2460,17,2179,2734,424,2732],"class_list":{"0":"post-17320","1":"post","2":"type-post","3":"status-publish","4":"format-standard","5":"has-post-thumbnail","7":"category-societe","8":"tag-article-66-du-code-electoral","9":"tag-badra-kone","10":"tag-campagne-electorale","11":"tag-candidats-communaux","12":"tag-detention-illegale","13":"tag-dpj","14":"tag-elections-communales-2","15":"tag-garde-a-vue","16":"tag-generation-pour-la-modernite-et-le-developpement","17":"tag-gmd","18":"tag-guinee","19":"tag-justice-electorale","20":"tag-liberation-de-badra-kone","21":"tag-matam","22":"tag-toure-aboubacar"},"yoast_head":"<!-- This site is optimized with the Yoast SEO plugin v27.0 - https:\/\/yoast.com\/product\/yoast-seo-wordpress\/ -->\n<title>Communales \u00e0 Matam : les colistiers de Badra Kon\u00e9 d\u00e9noncent une \u00ab d\u00e9tention ill\u00e9gale \u00bb et exigent sa lib\u00e9ration - Loni-infos<\/title>\n<meta name=\"robots\" content=\"index, follow, max-snippet:-1, max-image-preview:large, max-video-preview:-1\" \/>\n<link rel=\"canonical\" href=\"https:\/\/www.loni-infos.com\/index.php\/2026\/04\/28\/communales-a-matam-les-colistiers-de-badra-kone-denoncent-une-detention-illegale-et-exigent-sa-liberation\/\" \/>\n<meta property=\"og:locale\" content=\"fr_FR\" \/>\n<meta property=\"og:type\" content=\"article\" \/>\n<meta property=\"og:title\" content=\"Communales \u00e0 Matam : les colistiers de Badra Kon\u00e9 d\u00e9noncent une \u00ab d\u00e9tention ill\u00e9gale \u00bb et exigent sa lib\u00e9ration - Loni-infos\" \/>\n<meta property=\"og:description\" content=\"Les tensions montent autour des \u00e9lections communales \u00e0 Matam. Ce mardi, des membres de la liste GMD (G\u00e9n\u00e9ration pour la Modernit\u00e9 et le D\u00e9veloppement) se sont rendus devant la Direction centrale de la Police judiciaire (DPJ) pour r\u00e9clamer la lib\u00e9ration de leur t\u00eate de liste, le maire Badra Kon\u00e9, qu\u2019ils estiment d\u00e9tenu en violation des\" \/>\n<meta property=\"og:url\" content=\"https:\/\/www.loni-infos.com\/index.php\/2026\/04\/28\/communales-a-matam-les-colistiers-de-badra-kone-denoncent-une-detention-illegale-et-exigent-sa-liberation\/\" \/>\n<meta property=\"og:site_name\" content=\"Loni-infos\" \/>\n<meta property=\"article:published_time\" content=\"2026-04-28T13:35:25+00:00\" \/>\n<meta property=\"article:modified_time\" content=\"2026-04-28T13:35:26+00:00\" \/>\n<meta property=\"og:image\" content=\"https:\/\/www.loni-infos.com\/wp-content\/uploads\/2026\/04\/WhatsApp-Image-2026-04-28-at-10.52.20.jpeg\" \/>\n\t<meta property=\"og:image:width\" content=\"1280\" \/>\n\t<meta property=\"og:image:height\" content=\"720\" \/>\n\t<meta property=\"og:image:type\" content=\"image\/jpeg\" \/>\n<meta name=\"author\" content=\"Madame\" \/>\n<meta name=\"twitter:card\" content=\"summary_large_image\" \/>\n<meta name=\"twitter:label1\" content=\"\u00c9crit par\" \/>\n\t<meta name=\"twitter:data1\" content=\"Madame\" \/>\n\t<meta name=\"twitter:label2\" content=\"Dur\u00e9e de lecture estim\u00e9e\" \/>\n\t<meta name=\"twitter:data2\" content=\"3 minutes\" \/>\n<script type=\"application\/ld+json\" class=\"yoast-schema-graph\">{\"@context\":\"https:\/\/schema.org\",\"@graph\":[{\"@type\":\"Article\",\"@id\":\"https:\/\/www.loni-infos.com\/index.php\/2026\/04\/28\/communales-a-matam-les-colistiers-de-badra-kone-denoncent-une-detention-illegale-et-exigent-sa-liberation\/#article\",\"isPartOf\":{\"@id\":\"https:\/\/www.loni-infos.com\/index.php\/2026\/04\/28\/communales-a-matam-les-colistiers-de-badra-kone-denoncent-une-detention-illegale-et-exigent-sa-liberation\/\"},\"author\":{\"name\":\"Madame\",\"@id\":\"https:\/\/www.loni-infos.com\/#\/schema\/person\/e16452f14f9b6d926b9a650bb0d1d7c2\"},\"headline\":\"Communales \u00e0 Matam : les colistiers de Badra Kon\u00e9 d\u00e9noncent une \u00ab d\u00e9tention ill\u00e9gale \u00bb et exigent sa lib\u00e9ration\",\"datePublished\":\"2026-04-28T13:35:25+00:00\",\"dateModified\":\"2026-04-28T13:35:26+00:00\",\"mainEntityOfPage\":{\"@id\":\"https:\/\/www.loni-infos.com\/index.php\/2026\/04\/28\/communales-a-matam-les-colistiers-de-badra-kone-denoncent-une-detention-illegale-et-exigent-sa-liberation\/\"},\"wordCount\":486,\"commentCount\":0,\"image\":{\"@id\":\"https:\/\/www.loni-infos.com\/index.php\/2026\/04\/28\/communales-a-matam-les-colistiers-de-badra-kone-denoncent-une-detention-illegale-et-exigent-sa-liberation\/#primaryimage\"},\"thumbnailUrl\":\"https:\/\/www.loni-infos.com\/wp-content\/uploads\/2026\/04\/WhatsApp-Image-2026-04-28-at-10.52.20.jpeg\",\"keywords\":[\"article 66 du Code \u00e9lectoral\",\"Badra Kon\u00e9\",\"campagne \u00e9lectorale\",\"candidats communaux\",\"d\u00e9tention ill\u00e9gale\",\"DPJ\",\"\u00e9lections communales\",\"garde \u00e0 vue\",\"G\u00e9n\u00e9ration pour la modernit\u00e9 et le d\u00e9veloppement\",\"GMD\",\"Guin\u00e9e\",\"justice \u00e9lectorale\",\"lib\u00e9ration de Badra Kon\u00e9\",\"Matam\",\"Tour\u00e9 Aboubacar\"],\"articleSection\":[\"Soci\u00e9t\u00e9\"],\"inLanguage\":\"fr-FR\",\"potentialAction\":[{\"@type\":\"CommentAction\",\"name\":\"Comment\",\"target\":[\"https:\/\/www.loni-infos.com\/index.php\/2026\/04\/28\/communales-a-matam-les-colistiers-de-badra-kone-denoncent-une-detention-illegale-et-exigent-sa-liberation\/#respond\"]}]},{\"@type\":\"WebPage\",\"@id\":\"https:\/\/www.loni-infos.com\/index.php\/2026\/04\/28\/communales-a-matam-les-colistiers-de-badra-kone-denoncent-une-detention-illegale-et-exigent-sa-liberation\/\",\"url\":\"https:\/\/www.loni-infos.com\/index.php\/2026\/04\/28\/communales-a-matam-les-colistiers-de-badra-kone-denoncent-une-detention-illegale-et-exigent-sa-liberation\/\",\"name\":\"Communales \u00e0 Matam : les colistiers de Badra Kon\u00e9 d\u00e9noncent une \u00ab d\u00e9tention ill\u00e9gale \u00bb et exigent sa lib\u00e9ration - Loni-infos\",\"isPartOf\":{\"@id\":\"https:\/\/www.loni-infos.com\/#website\"},\"primaryImageOfPage\":{\"@id\":\"https:\/\/www.loni-infos.com\/index.php\/2026\/04\/28\/communales-a-matam-les-colistiers-de-badra-kone-denoncent-une-detention-illegale-et-exigent-sa-liberation\/#primaryimage\"},\"image\":{\"@id\":\"https:\/\/www.loni-infos.com\/index.php\/2026\/04\/28\/communales-a-matam-les-colistiers-de-badra-kone-denoncent-une-detention-illegale-et-exigent-sa-liberation\/#primaryimage\"},\"thumbnailUrl\":\"https:\/\/www.loni-infos.com\/wp-content\/uploads\/2026\/04\/WhatsApp-Image-2026-04-28-at-10.52.20.jpeg\",\"datePublished\":\"2026-04-28T13:35:25+00:00\",\"dateModified\":\"2026-04-28T13:35:26+00:00\",\"author\":{\"@id\":\"https:\/\/www.loni-infos.com\/#\/schema\/person\/e16452f14f9b6d926b9a650bb0d1d7c2\"},\"breadcrumb\":{\"@id\":\"https:\/\/www.loni-infos.com\/index.php\/2026\/04\/28\/communales-a-matam-les-colistiers-de-badra-kone-denoncent-une-detention-illegale-et-exigent-sa-liberation\/#breadcrumb\"},\"inLanguage\":\"fr-FR\",\"potentialAction\":[{\"@type\":\"ReadAction\",\"target\":[\"https:\/\/www.loni-infos.com\/index.php\/2026\/04\/28\/communales-a-matam-les-colistiers-de-badra-kone-denoncent-une-detention-illegale-et-exigent-sa-liberation\/\"]}]},{\"@type\":\"ImageObject\",\"inLanguage\":\"fr-FR\",\"@id\":\"https:\/\/www.loni-infos.com\/index.php\/2026\/04\/28\/communales-a-matam-les-colistiers-de-badra-kone-denoncent-une-detention-illegale-et-exigent-sa-liberation\/#primaryimage\",\"url\":\"https:\/\/www.loni-infos.com\/wp-content\/uploads\/2026\/04\/WhatsApp-Image-2026-04-28-at-10.52.20.jpeg\",\"contentUrl\":\"https:\/\/www.loni-infos.com\/wp-content\/uploads\/2026\/04\/WhatsApp-Image-2026-04-28-at-10.52.20.jpeg\",\"width\":1280,\"height\":720},{\"@type\":\"BreadcrumbList\",\"@id\":\"https:\/\/www.loni-infos.com\/index.php\/2026\/04\/28\/communales-a-matam-les-colistiers-de-badra-kone-denoncent-une-detention-illegale-et-exigent-sa-liberation\/#breadcrumb\",\"itemListElement\":[{\"@type\":\"ListItem\",\"position\":1,\"name\":\"Accueil\",\"item\":\"https:\/\/www.loni-infos.com\/\"},{\"@type\":\"ListItem\",\"position\":2,\"name\":\"Communales \u00e0 Matam : les colistiers de Badra Kon\u00e9 d\u00e9noncent une \u00ab d\u00e9tention ill\u00e9gale \u00bb et exigent sa lib\u00e9ration\"}]},{\"@type\":\"WebSite\",\"@id\":\"https:\/\/www.loni-infos.com\/#website\",\"url\":\"https:\/\/www.loni-infos.com\/\",\"name\":\"Loni-infos\",\"description\":\"Vous servir des infos est notre devoir\",\"potentialAction\":[{\"@type\":\"SearchAction\",\"target\":{\"@type\":\"EntryPoint\",\"urlTemplate\":\"https:\/\/www.loni-infos.com\/?s={search_term_string}\"},\"query-input\":{\"@type\":\"PropertyValueSpecification\",\"valueRequired\":true,\"valueName\":\"search_term_string\"}}],\"inLanguage\":\"fr-FR\"},{\"@type\":\"Person\",\"@id\":\"https:\/\/www.loni-infos.com\/#\/schema\/person\/e16452f14f9b6d926b9a650bb0d1d7c2\",\"name\":\"Madame\",\"image\":{\"@type\":\"ImageObject\",\"inLanguage\":\"fr-FR\",\"@id\":\"https:\/\/www.loni-infos.com\/#\/schema\/person\/image\/\",\"url\":\"https:\/\/secure.gravatar.com\/avatar\/01526220341eccec8a3d64e54b1d8169b578cce35ab5747e90c66ff74fabcc79?s=96&d=mm&r=g\",\"contentUrl\":\"https:\/\/secure.gravatar.com\/avatar\/01526220341eccec8a3d64e54b1d8169b578cce35ab5747e90c66ff74fabcc79?s=96&d=mm&r=g\",\"caption\":\"Madame\"},\"url\":\"https:\/\/www.loni-infos.com\/index.php\/author\/madame\/\"}]}<\/script>\n<!-- \/ Yoast SEO plugin. -->","yoast_head_json":{"title":"Communales \u00e0 Matam : les colistiers de Badra Kon\u00e9 d\u00e9noncent une \u00ab d\u00e9tention ill\u00e9gale \u00bb et exigent sa lib\u00e9ration - Loni-infos","robots":{"index":"index","follow":"follow","max-snippet":"max-snippet:-1","max-image-preview":"max-image-preview:large","max-video-preview":"max-video-preview:-1"},"canonical":"https:\/\/www.loni-infos.com\/index.php\/2026\/04\/28\/communales-a-matam-les-colistiers-de-badra-kone-denoncent-une-detention-illegale-et-exigent-sa-liberation\/","og_locale":"fr_FR","og_type":"article","og_title":"Communales \u00e0 Matam : les colistiers de Badra Kon\u00e9 d\u00e9noncent une \u00ab d\u00e9tention ill\u00e9gale \u00bb et exigent sa lib\u00e9ration - Loni-infos","og_description":"Les tensions montent autour des \u00e9lections communales \u00e0 Matam. Ce mardi, des membres de la liste GMD (G\u00e9n\u00e9ration pour la Modernit\u00e9 et le D\u00e9veloppement) se sont rendus devant la Direction centrale de la Police judiciaire (DPJ) pour r\u00e9clamer la lib\u00e9ration de leur t\u00eate de liste, le maire Badra Kon\u00e9, qu\u2019ils estiment d\u00e9tenu en violation des","og_url":"https:\/\/www.loni-infos.com\/index.php\/2026\/04\/28\/communales-a-matam-les-colistiers-de-badra-kone-denoncent-une-detention-illegale-et-exigent-sa-liberation\/","og_site_name":"Loni-infos","article_published_time":"2026-04-28T13:35:25+00:00","article_modified_time":"2026-04-28T13:35:26+00:00","og_image":[{"width":1280,"height":720,"url":"https:\/\/www.loni-infos.com\/wp-content\/uploads\/2026\/04\/WhatsApp-Image-2026-04-28-at-10.52.20.jpeg","type":"image\/jpeg"}],"author":"Madame","twitter_card":"summary_large_image","twitter_misc":{"\u00c9crit par":"Madame","Dur\u00e9e de lecture estim\u00e9e":"3 minutes"},"schema":{"@context":"https:\/\/schema.org","@graph":[{"@type":"Article","@id":"https:\/\/www.loni-infos.com\/index.php\/2026\/04\/28\/communales-a-matam-les-colistiers-de-badra-kone-denoncent-une-detention-illegale-et-exigent-sa-liberation\/#article","isPartOf":{"@id":"https:\/\/www.loni-infos.com\/index.php\/2026\/04\/28\/communales-a-matam-les-colistiers-de-badra-kone-denoncent-une-detention-illegale-et-exigent-sa-liberation\/"},"author":{"name":"Madame","@id":"https:\/\/www.loni-infos.com\/#\/schema\/person\/e16452f14f9b6d926b9a650bb0d1d7c2"},"headline":"Communales \u00e0 Matam : les colistiers de Badra Kon\u00e9 d\u00e9noncent une \u00ab d\u00e9tention ill\u00e9gale \u00bb et exigent sa lib\u00e9ration","datePublished":"2026-04-28T13:35:25+00:00","dateModified":"2026-04-28T13:35:26+00:00","mainEntityOfPage":{"@id":"https:\/\/www.loni-infos.com\/index.php\/2026\/04\/28\/communales-a-matam-les-colistiers-de-badra-kone-denoncent-une-detention-illegale-et-exigent-sa-liberation\/"},"wordCount":486,"commentCount":0,"image":{"@id":"https:\/\/www.loni-infos.com\/index.php\/2026\/04\/28\/communales-a-matam-les-colistiers-de-badra-kone-denoncent-une-detention-illegale-et-exigent-sa-liberation\/#primaryimage"},"thumbnailUrl":"https:\/\/www.loni-infos.com\/wp-content\/uploads\/2026\/04\/WhatsApp-Image-2026-04-28-at-10.52.20.jpeg","keywords":["article 66 du Code \u00e9lectoral","Badra Kon\u00e9","campagne \u00e9lectorale","candidats communaux","d\u00e9tention ill\u00e9gale","DPJ","\u00e9lections communales","garde \u00e0 vue","G\u00e9n\u00e9ration pour la modernit\u00e9 et le d\u00e9veloppement","GMD","Guin\u00e9e","justice \u00e9lectorale","lib\u00e9ration de Badra Kon\u00e9","Matam","Tour\u00e9 Aboubacar"],"articleSection":["Soci\u00e9t\u00e9"],"inLanguage":"fr-FR","potentialAction":[{"@type":"CommentAction","name":"Comment","target":["https:\/\/www.loni-infos.com\/index.php\/2026\/04\/28\/communales-a-matam-les-colistiers-de-badra-kone-denoncent-une-detention-illegale-et-exigent-sa-liberation\/#respond"]}]},{"@type":"WebPage","@id":"https:\/\/www.loni-infos.com\/index.php\/2026\/04\/28\/communales-a-matam-les-colistiers-de-badra-kone-denoncent-une-detention-illegale-et-exigent-sa-liberation\/","url":"https:\/\/www.loni-infos.com\/index.php\/2026\/04\/28\/communales-a-matam-les-colistiers-de-badra-kone-denoncent-une-detention-illegale-et-exigent-sa-liberation\/","name":"Communales \u00e0 Matam : les colistiers de Badra Kon\u00e9 d\u00e9noncent une \u00ab d\u00e9tention ill\u00e9gale \u00bb et exigent sa lib\u00e9ration - Loni-infos","isPartOf":{"@id":"https:\/\/www.loni-infos.com\/#website"},"primaryImageOfPage":{"@id":"https:\/\/www.loni-infos.com\/index.php\/2026\/04\/28\/communales-a-matam-les-colistiers-de-badra-kone-denoncent-une-detention-illegale-et-exigent-sa-liberation\/#primaryimage"},"image":{"@id":"https:\/\/www.loni-infos.com\/index.php\/2026\/04\/28\/communales-a-matam-les-colistiers-de-badra-kone-denoncent-une-detention-illegale-et-exigent-sa-liberation\/#primaryimage"},"thumbnailUrl":"https:\/\/www.loni-infos.com\/wp-content\/uploads\/2026\/04\/WhatsApp-Image-2026-04-28-at-10.52.20.jpeg","datePublished":"2026-04-28T13:35:25+00:00","dateModified":"2026-04-28T13:35:26+00:00","author":{"@id":"https:\/\/www.loni-infos.com\/#\/schema\/person\/e16452f14f9b6d926b9a650bb0d1d7c2"},"breadcrumb":{"@id":"https:\/\/www.loni-infos.com\/index.php\/2026\/04\/28\/communales-a-matam-les-colistiers-de-badra-kone-denoncent-une-detention-illegale-et-exigent-sa-liberation\/#breadcrumb"},"inLanguage":"fr-FR","potentialAction":[{"@type":"ReadAction","target":["https:\/\/www.loni-infos.com\/index.php\/2026\/04\/28\/communales-a-matam-les-colistiers-de-badra-kone-denoncent-une-detention-illegale-et-exigent-sa-liberation\/"]}]},{"@type":"ImageObject","inLanguage":"fr-FR","@id":"https:\/\/www.loni-infos.com\/index.php\/2026\/04\/28\/communales-a-matam-les-colistiers-de-badra-kone-denoncent-une-detention-illegale-et-exigent-sa-liberation\/#primaryimage","url":"https:\/\/www.loni-infos.com\/wp-content\/uploads\/2026\/04\/WhatsApp-Image-2026-04-28-at-10.52.20.jpeg","contentUrl":"https:\/\/www.loni-infos.com\/wp-content\/uploads\/2026\/04\/WhatsApp-Image-2026-04-28-at-10.52.20.jpeg","width":1280,"height":720},{"@type":"BreadcrumbList","@id":"https:\/\/www.loni-infos.com\/index.php\/2026\/04\/28\/communales-a-matam-les-colistiers-de-badra-kone-denoncent-une-detention-illegale-et-exigent-sa-liberation\/#breadcrumb","itemListElement":[{"@type":"ListItem","position":1,"name":"Accueil","item":"https:\/\/www.loni-infos.com\/"},{"@type":"ListItem","position":2,"name":"Communales \u00e0 Matam : les colistiers de Badra Kon\u00e9 d\u00e9noncent une \u00ab d\u00e9tention ill\u00e9gale \u00bb et exigent sa lib\u00e9ration"}]},{"@type":"WebSite","@id":"https:\/\/www.loni-infos.com\/#website","url":"https:\/\/www.loni-infos.com\/","name":"Loni-infos","description":"Vous servir des infos est notre devoir","potentialAction":[{"@type":"SearchAction","target":{"@type":"EntryPoint","urlTemplate":"https:\/\/www.loni-infos.com\/?s={search_term_string}"},"query-input":{"@type":"PropertyValueSpecification","valueRequired":true,"valueName":"search_term_string"}}],"inLanguage":"fr-FR"},{"@type":"Person","@id":"https:\/\/www.loni-infos.com\/#\/schema\/person\/e16452f14f9b6d926b9a650bb0d1d7c2","name":"Madame","image":{"@type":"ImageObject","inLanguage":"fr-FR","@id":"https:\/\/www.loni-infos.com\/#\/schema\/person\/image\/","url":"https:\/\/secure.gravatar.com\/avatar\/01526220341eccec8a3d64e54b1d8169b578cce35ab5747e90c66ff74fabcc79?s=96&d=mm&r=g","contentUrl":"https:\/\/secure.gravatar.com\/avatar\/01526220341eccec8a3d64e54b1d8169b578cce35ab5747e90c66ff74fabcc79?s=96&d=mm&r=g","caption":"Madame"},"url":"https:\/\/www.loni-infos.com\/index.php\/author\/madame\/"}]}},"_links":{"self":[{"href":"https:\/\/www.loni-infos.com\/index.php\/wp-json\/wp\/v2\/posts\/17320","targetHints":{"allow":["GET"]}}],"collection":[{"href":"https:\/\/www.loni-infos.com\/index.php\/wp-json\/wp\/v2\/posts"}],"about":[{"href":"https:\/\/www.loni-infos.com\/index.php\/wp-json\/wp\/v2\/types\/post"}],"author":[{"embeddable":true,"href":"https:\/\/www.loni-infos.com\/index.php\/wp-json\/wp\/v2\/users\/6"}],"replies":[{"embeddable":true,"href":"https:\/\/www.loni-infos.com\/index.php\/wp-json\/wp\/v2\/comments?post=17320"}],"version-history":[{"count":1,"href":"https:\/\/www.loni-infos.com\/index.php\/wp-json\/wp\/v2\/posts\/17320\/revisions"}],"predecessor-version":[{"id":17322,"href":"https:\/\/www.loni-infos.com\/index.php\/wp-json\/wp\/v2\/posts\/17320\/revisions\/17322"}],"wp:featuredmedia":[{"embeddable":true,"href":"https:\/\/www.loni-infos.com\/index.php\/wp-json\/wp\/v2\/media\/17321"}],"wp:attachment":[{"href":"https:\/\/www.loni-infos.com\/index.php\/wp-json\/wp\/v2\/media?parent=17320"}],"wp:term":[{"taxonomy":"category","embeddable":true,"href":"https:\/\/www.loni-infos.com\/index.php\/wp-json\/wp\/v2\/categories?post=17320"},{"taxonomy":"post_tag","embeddable":true,"href":"https:\/\/www.loni-infos.com\/index.php\/wp-json\/wp\/v2\/tags?post=17320"}],"curies":[{"name":"wp","href":"https:\/\/api.w.org\/{rel}","templated":true}]}}