{"id":17355,"date":"2026-04-30T11:52:31","date_gmt":"2026-04-30T09:52:31","guid":{"rendered":"https:\/\/www.loni-infos.com\/?p=17355"},"modified":"2026-04-30T11:52:32","modified_gmt":"2026-04-30T09:52:32","slug":"communales-a-sonfonia-le-ppc-retabli-dans-ses-droits-par-le-tribunal-de-premiere-instance-de-dixinn","status":"publish","type":"post","link":"https:\/\/www.loni-infos.com\/index.php\/2026\/04\/30\/communales-a-sonfonia-le-ppc-retabli-dans-ses-droits-par-le-tribunal-de-premiere-instance-de-dixinn\/","title":{"rendered":"Communales \u00e0 Sonfonia : le PPC r\u00e9tabli dans ses droits par le Tribunal de Premi\u00e8re Instance de Dixinn"},"content":{"rendered":"\n<p>Le Parti pour le Progr\u00e8s et le Changement informe l\u2019ensemble de ses militants, sympathisants et candidats que, saisi dans le cadre du contentieux relatif \u00e0 la validation des listes pour les \u00e9lections communales dans la circonscription \u00e9lectorale de Sonfonia, le Tribunal de Premi\u00e8re Instance de Dixinn a rendu, ce mercredi soir, une d\u00e9cision favorable au parti.<\/p>\n\n\n\n<p>Par ce verdict, la juridiction a ordonn\u00e9 la r\u00e9int\u00e9gration de la liste du PPC dans le processus \u00e9lectoral, permettant ainsi au parti de poursuivre sa participation au scrutin communal.<\/p>\n\n\n\n<p>Le Directoire de campagne salue cette d\u00e9cision de justice qui vient r\u00e9tablir les droits du parti et confirme la justesse de la d\u00e9marche engag\u00e9e devant les instances comp\u00e9tentes.<\/p>\n\n\n\n<p>Le PPC exprime sa profonde reconnaissance \u00e0 l\u2019ensemble de ses militants et sympathisants pour leur patience, leur discipline et leur sens de la maturit\u00e9 politique tout au long de cette p\u00e9riode de proc\u00e9dure.<\/p>\n\n\n\n<p>Le parti adresse \u00e9galement ses remerciements \u00e0 l\u2019ensemble des candidats investis sur la liste de Sonfonia pour leur engagement et leur esprit de responsabilit\u00e9.<\/p>\n\n\n\n<p>Enfin, le PPC tient \u00e0 saluer le travail remarquable de l\u2019avocat en charge du dossier, dont la comp\u00e9tence, le professionnalisme et la rigueur ont \u00e9t\u00e9 d\u00e9terminants dans l\u2019aboutissement favorable de ce recours.<\/p>\n\n\n\n<p>Le Parti pour le Progr\u00e8s et le Changement r\u00e9affirme, \u00e0 cette occasion, sa d\u00e9termination \u00e0 poursuivre son engagement sur le terrain, dans le respect des institutions et des r\u00e8gles du jeu d\u00e9mocratique.<\/p>\n\n\n\n<p><strong>Fait \u00e0 Conakry, le 29 avril 2026<\/strong><\/p>\n","protected":false},"excerpt":{"rendered":"<p>Le Parti pour le Progr\u00e8s et le Changement informe l\u2019ensemble de ses militants, sympathisants et candidats que, saisi dans le cadre du contentieux relatif \u00e0 la validation des listes pour les \u00e9lections communales dans la circonscription \u00e9lectorale de Sonfonia, le Tribunal de Premi\u00e8re Instance de Dixinn a rendu, ce mercredi soir, une d\u00e9cision favorable au<\/p>\n","protected":false},"author":6,"featured_media":17356,"comment_status":"open","ping_status":"open","sticky":false,"template":"","format":"standard","meta":{"footnotes":""},"categories":[79],"tags":[],"class_list":{"0":"post-17355","1":"post","2":"type-post","3":"status-publish","4":"format-standard","5":"has-post-thumbnail","7":"category-publireportage"},"yoast_head":"<!-- This site is optimized with the Yoast SEO plugin v27.0 - https:\/\/yoast.com\/product\/yoast-seo-wordpress\/ -->\n<title>Communales \u00e0 Sonfonia : le PPC r\u00e9tabli dans ses droits par le Tribunal de Premi\u00e8re Instance de Dixinn - Loni-infos<\/title>\n<meta name=\"robots\" content=\"index, follow, max-snippet:-1, max-image-preview:large, max-video-preview:-1\" \/>\n<link rel=\"canonical\" href=\"https:\/\/www.loni-infos.com\/index.php\/2026\/04\/30\/communales-a-sonfonia-le-ppc-retabli-dans-ses-droits-par-le-tribunal-de-premiere-instance-de-dixinn\/\" \/>\n<meta property=\"og:locale\" content=\"fr_FR\" \/>\n<meta property=\"og:type\" content=\"article\" \/>\n<meta property=\"og:title\" content=\"Communales \u00e0 Sonfonia : le PPC r\u00e9tabli dans ses droits par le Tribunal de Premi\u00e8re Instance de Dixinn - Loni-infos\" \/>\n<meta property=\"og:description\" content=\"Le Parti pour le Progr\u00e8s et le Changement informe l\u2019ensemble de ses militants, sympathisants et candidats que, saisi dans le cadre du contentieux relatif \u00e0 la validation des listes pour les \u00e9lections communales dans la circonscription \u00e9lectorale de Sonfonia, le Tribunal de Premi\u00e8re Instance de Dixinn a rendu, ce mercredi soir, une d\u00e9cision favorable au\" \/>\n<meta property=\"og:url\" content=\"https:\/\/www.loni-infos.com\/index.php\/2026\/04\/30\/communales-a-sonfonia-le-ppc-retabli-dans-ses-droits-par-le-tribunal-de-premiere-instance-de-dixinn\/\" \/>\n<meta property=\"og:site_name\" content=\"Loni-infos\" \/>\n<meta property=\"article:published_time\" content=\"2026-04-30T09:52:31+00:00\" \/>\n<meta property=\"article:modified_time\" content=\"2026-04-30T09:52:32+00:00\" \/>\n<meta property=\"og:image\" content=\"https:\/\/www.loni-infos.com\/wp-content\/uploads\/2026\/04\/WhatsApp-Image-2026-04-30-at-08.14.35.jpeg\" \/>\n\t<meta property=\"og:image:width\" content=\"700\" \/>\n\t<meta property=\"og:image:height\" content=\"347\" \/>\n\t<meta property=\"og:image:type\" content=\"image\/jpeg\" \/>\n<meta name=\"author\" content=\"Madame\" \/>\n<meta name=\"twitter:card\" content=\"summary_large_image\" \/>\n<meta name=\"twitter:label1\" content=\"\u00c9crit par\" \/>\n\t<meta name=\"twitter:data1\" content=\"Madame\" \/>\n\t<meta name=\"twitter:label2\" content=\"Dur\u00e9e de lecture estim\u00e9e\" \/>\n\t<meta name=\"twitter:data2\" content=\"2 minutes\" \/>\n<script type=\"application\/ld+json\" class=\"yoast-schema-graph\">{\"@context\":\"https:\/\/schema.org\",\"@graph\":[{\"@type\":\"Article\",\"@id\":\"https:\/\/www.loni-infos.com\/index.php\/2026\/04\/30\/communales-a-sonfonia-le-ppc-retabli-dans-ses-droits-par-le-tribunal-de-premiere-instance-de-dixinn\/#article\",\"isPartOf\":{\"@id\":\"https:\/\/www.loni-infos.com\/index.php\/2026\/04\/30\/communales-a-sonfonia-le-ppc-retabli-dans-ses-droits-par-le-tribunal-de-premiere-instance-de-dixinn\/\"},\"author\":{\"name\":\"Madame\",\"@id\":\"https:\/\/www.loni-infos.com\/#\/schema\/person\/e16452f14f9b6d926b9a650bb0d1d7c2\"},\"headline\":\"Communales \u00e0 Sonfonia : le PPC r\u00e9tabli dans ses droits par le Tribunal de Premi\u00e8re Instance de Dixinn\",\"datePublished\":\"2026-04-30T09:52:31+00:00\",\"dateModified\":\"2026-04-30T09:52:32+00:00\",\"mainEntityOfPage\":{\"@id\":\"https:\/\/www.loni-infos.com\/index.php\/2026\/04\/30\/communales-a-sonfonia-le-ppc-retabli-dans-ses-droits-par-le-tribunal-de-premiere-instance-de-dixinn\/\"},\"wordCount\":274,\"commentCount\":0,\"image\":{\"@id\":\"https:\/\/www.loni-infos.com\/index.php\/2026\/04\/30\/communales-a-sonfonia-le-ppc-retabli-dans-ses-droits-par-le-tribunal-de-premiere-instance-de-dixinn\/#primaryimage\"},\"thumbnailUrl\":\"https:\/\/www.loni-infos.com\/wp-content\/uploads\/2026\/04\/WhatsApp-Image-2026-04-30-at-08.14.35.jpeg\",\"articleSection\":[\"Publireportage\"],\"inLanguage\":\"fr-FR\",\"potentialAction\":[{\"@type\":\"CommentAction\",\"name\":\"Comment\",\"target\":[\"https:\/\/www.loni-infos.com\/index.php\/2026\/04\/30\/communales-a-sonfonia-le-ppc-retabli-dans-ses-droits-par-le-tribunal-de-premiere-instance-de-dixinn\/#respond\"]}]},{\"@type\":\"WebPage\",\"@id\":\"https:\/\/www.loni-infos.com\/index.php\/2026\/04\/30\/communales-a-sonfonia-le-ppc-retabli-dans-ses-droits-par-le-tribunal-de-premiere-instance-de-dixinn\/\",\"url\":\"https:\/\/www.loni-infos.com\/index.php\/2026\/04\/30\/communales-a-sonfonia-le-ppc-retabli-dans-ses-droits-par-le-tribunal-de-premiere-instance-de-dixinn\/\",\"name\":\"Communales \u00e0 Sonfonia : le PPC r\u00e9tabli dans ses droits par le Tribunal de Premi\u00e8re Instance de Dixinn - Loni-infos\",\"isPartOf\":{\"@id\":\"https:\/\/www.loni-infos.com\/#website\"},\"primaryImageOfPage\":{\"@id\":\"https:\/\/www.loni-infos.com\/index.php\/2026\/04\/30\/communales-a-sonfonia-le-ppc-retabli-dans-ses-droits-par-le-tribunal-de-premiere-instance-de-dixinn\/#primaryimage\"},\"image\":{\"@id\":\"https:\/\/www.loni-infos.com\/index.php\/2026\/04\/30\/communales-a-sonfonia-le-ppc-retabli-dans-ses-droits-par-le-tribunal-de-premiere-instance-de-dixinn\/#primaryimage\"},\"thumbnailUrl\":\"https:\/\/www.loni-infos.com\/wp-content\/uploads\/2026\/04\/WhatsApp-Image-2026-04-30-at-08.14.35.jpeg\",\"datePublished\":\"2026-04-30T09:52:31+00:00\",\"dateModified\":\"2026-04-30T09:52:32+00:00\",\"author\":{\"@id\":\"https:\/\/www.loni-infos.com\/#\/schema\/person\/e16452f14f9b6d926b9a650bb0d1d7c2\"},\"breadcrumb\":{\"@id\":\"https:\/\/www.loni-infos.com\/index.php\/2026\/04\/30\/communales-a-sonfonia-le-ppc-retabli-dans-ses-droits-par-le-tribunal-de-premiere-instance-de-dixinn\/#breadcrumb\"},\"inLanguage\":\"fr-FR\",\"potentialAction\":[{\"@type\":\"ReadAction\",\"target\":[\"https:\/\/www.loni-infos.com\/index.php\/2026\/04\/30\/communales-a-sonfonia-le-ppc-retabli-dans-ses-droits-par-le-tribunal-de-premiere-instance-de-dixinn\/\"]}]},{\"@type\":\"ImageObject\",\"inLanguage\":\"fr-FR\",\"@id\":\"https:\/\/www.loni-infos.com\/index.php\/2026\/04\/30\/communales-a-sonfonia-le-ppc-retabli-dans-ses-droits-par-le-tribunal-de-premiere-instance-de-dixinn\/#primaryimage\",\"url\":\"https:\/\/www.loni-infos.com\/wp-content\/uploads\/2026\/04\/WhatsApp-Image-2026-04-30-at-08.14.35.jpeg\",\"contentUrl\":\"https:\/\/www.loni-infos.com\/wp-content\/uploads\/2026\/04\/WhatsApp-Image-2026-04-30-at-08.14.35.jpeg\",\"width\":700,\"height\":347},{\"@type\":\"BreadcrumbList\",\"@id\":\"https:\/\/www.loni-infos.com\/index.php\/2026\/04\/30\/communales-a-sonfonia-le-ppc-retabli-dans-ses-droits-par-le-tribunal-de-premiere-instance-de-dixinn\/#breadcrumb\",\"itemListElement\":[{\"@type\":\"ListItem\",\"position\":1,\"name\":\"Accueil\",\"item\":\"https:\/\/www.loni-infos.com\/\"},{\"@type\":\"ListItem\",\"position\":2,\"name\":\"Communales \u00e0 Sonfonia : le PPC r\u00e9tabli dans ses droits par le Tribunal de Premi\u00e8re Instance de Dixinn\"}]},{\"@type\":\"WebSite\",\"@id\":\"https:\/\/www.loni-infos.com\/#website\",\"url\":\"https:\/\/www.loni-infos.com\/\",\"name\":\"Loni-infos\",\"description\":\"Vous servir des infos est notre devoir\",\"potentialAction\":[{\"@type\":\"SearchAction\",\"target\":{\"@type\":\"EntryPoint\",\"urlTemplate\":\"https:\/\/www.loni-infos.com\/?s={search_term_string}\"},\"query-input\":{\"@type\":\"PropertyValueSpecification\",\"valueRequired\":true,\"valueName\":\"search_term_string\"}}],\"inLanguage\":\"fr-FR\"},{\"@type\":\"Person\",\"@id\":\"https:\/\/www.loni-infos.com\/#\/schema\/person\/e16452f14f9b6d926b9a650bb0d1d7c2\",\"name\":\"Madame\",\"image\":{\"@type\":\"ImageObject\",\"inLanguage\":\"fr-FR\",\"@id\":\"https:\/\/www.loni-infos.com\/#\/schema\/person\/image\/\",\"url\":\"https:\/\/secure.gravatar.com\/avatar\/01526220341eccec8a3d64e54b1d8169b578cce35ab5747e90c66ff74fabcc79?s=96&d=mm&r=g\",\"contentUrl\":\"https:\/\/secure.gravatar.com\/avatar\/01526220341eccec8a3d64e54b1d8169b578cce35ab5747e90c66ff74fabcc79?s=96&d=mm&r=g\",\"caption\":\"Madame\"},\"url\":\"https:\/\/www.loni-infos.com\/index.php\/author\/madame\/\"}]}<\/script>\n<!-- \/ Yoast SEO plugin. -->","yoast_head_json":{"title":"Communales \u00e0 Sonfonia : le PPC r\u00e9tabli dans ses droits par le Tribunal de Premi\u00e8re Instance de Dixinn - Loni-infos","robots":{"index":"index","follow":"follow","max-snippet":"max-snippet:-1","max-image-preview":"max-image-preview:large","max-video-preview":"max-video-preview:-1"},"canonical":"https:\/\/www.loni-infos.com\/index.php\/2026\/04\/30\/communales-a-sonfonia-le-ppc-retabli-dans-ses-droits-par-le-tribunal-de-premiere-instance-de-dixinn\/","og_locale":"fr_FR","og_type":"article","og_title":"Communales \u00e0 Sonfonia : le PPC r\u00e9tabli dans ses droits par le Tribunal de Premi\u00e8re Instance de Dixinn - Loni-infos","og_description":"Le Parti pour le Progr\u00e8s et le Changement informe l\u2019ensemble de ses militants, sympathisants et candidats que, saisi dans le cadre du contentieux relatif \u00e0 la validation des listes pour les \u00e9lections communales dans la circonscription \u00e9lectorale de Sonfonia, le Tribunal de Premi\u00e8re Instance de Dixinn a rendu, ce mercredi soir, une d\u00e9cision favorable au","og_url":"https:\/\/www.loni-infos.com\/index.php\/2026\/04\/30\/communales-a-sonfonia-le-ppc-retabli-dans-ses-droits-par-le-tribunal-de-premiere-instance-de-dixinn\/","og_site_name":"Loni-infos","article_published_time":"2026-04-30T09:52:31+00:00","article_modified_time":"2026-04-30T09:52:32+00:00","og_image":[{"width":700,"height":347,"url":"https:\/\/www.loni-infos.com\/wp-content\/uploads\/2026\/04\/WhatsApp-Image-2026-04-30-at-08.14.35.jpeg","type":"image\/jpeg"}],"author":"Madame","twitter_card":"summary_large_image","twitter_misc":{"\u00c9crit par":"Madame","Dur\u00e9e de lecture estim\u00e9e":"2 minutes"},"schema":{"@context":"https:\/\/schema.org","@graph":[{"@type":"Article","@id":"https:\/\/www.loni-infos.com\/index.php\/2026\/04\/30\/communales-a-sonfonia-le-ppc-retabli-dans-ses-droits-par-le-tribunal-de-premiere-instance-de-dixinn\/#article","isPartOf":{"@id":"https:\/\/www.loni-infos.com\/index.php\/2026\/04\/30\/communales-a-sonfonia-le-ppc-retabli-dans-ses-droits-par-le-tribunal-de-premiere-instance-de-dixinn\/"},"author":{"name":"Madame","@id":"https:\/\/www.loni-infos.com\/#\/schema\/person\/e16452f14f9b6d926b9a650bb0d1d7c2"},"headline":"Communales \u00e0 Sonfonia : le PPC r\u00e9tabli dans ses droits par le Tribunal de Premi\u00e8re Instance de Dixinn","datePublished":"2026-04-30T09:52:31+00:00","dateModified":"2026-04-30T09:52:32+00:00","mainEntityOfPage":{"@id":"https:\/\/www.loni-infos.com\/index.php\/2026\/04\/30\/communales-a-sonfonia-le-ppc-retabli-dans-ses-droits-par-le-tribunal-de-premiere-instance-de-dixinn\/"},"wordCount":274,"commentCount":0,"image":{"@id":"https:\/\/www.loni-infos.com\/index.php\/2026\/04\/30\/communales-a-sonfonia-le-ppc-retabli-dans-ses-droits-par-le-tribunal-de-premiere-instance-de-dixinn\/#primaryimage"},"thumbnailUrl":"https:\/\/www.loni-infos.com\/wp-content\/uploads\/2026\/04\/WhatsApp-Image-2026-04-30-at-08.14.35.jpeg","articleSection":["Publireportage"],"inLanguage":"fr-FR","potentialAction":[{"@type":"CommentAction","name":"Comment","target":["https:\/\/www.loni-infos.com\/index.php\/2026\/04\/30\/communales-a-sonfonia-le-ppc-retabli-dans-ses-droits-par-le-tribunal-de-premiere-instance-de-dixinn\/#respond"]}]},{"@type":"WebPage","@id":"https:\/\/www.loni-infos.com\/index.php\/2026\/04\/30\/communales-a-sonfonia-le-ppc-retabli-dans-ses-droits-par-le-tribunal-de-premiere-instance-de-dixinn\/","url":"https:\/\/www.loni-infos.com\/index.php\/2026\/04\/30\/communales-a-sonfonia-le-ppc-retabli-dans-ses-droits-par-le-tribunal-de-premiere-instance-de-dixinn\/","name":"Communales \u00e0 Sonfonia : le PPC r\u00e9tabli dans ses droits par le Tribunal de Premi\u00e8re Instance de Dixinn - Loni-infos","isPartOf":{"@id":"https:\/\/www.loni-infos.com\/#website"},"primaryImageOfPage":{"@id":"https:\/\/www.loni-infos.com\/index.php\/2026\/04\/30\/communales-a-sonfonia-le-ppc-retabli-dans-ses-droits-par-le-tribunal-de-premiere-instance-de-dixinn\/#primaryimage"},"image":{"@id":"https:\/\/www.loni-infos.com\/index.php\/2026\/04\/30\/communales-a-sonfonia-le-ppc-retabli-dans-ses-droits-par-le-tribunal-de-premiere-instance-de-dixinn\/#primaryimage"},"thumbnailUrl":"https:\/\/www.loni-infos.com\/wp-content\/uploads\/2026\/04\/WhatsApp-Image-2026-04-30-at-08.14.35.jpeg","datePublished":"2026-04-30T09:52:31+00:00","dateModified":"2026-04-30T09:52:32+00:00","author":{"@id":"https:\/\/www.loni-infos.com\/#\/schema\/person\/e16452f14f9b6d926b9a650bb0d1d7c2"},"breadcrumb":{"@id":"https:\/\/www.loni-infos.com\/index.php\/2026\/04\/30\/communales-a-sonfonia-le-ppc-retabli-dans-ses-droits-par-le-tribunal-de-premiere-instance-de-dixinn\/#breadcrumb"},"inLanguage":"fr-FR","potentialAction":[{"@type":"ReadAction","target":["https:\/\/www.loni-infos.com\/index.php\/2026\/04\/30\/communales-a-sonfonia-le-ppc-retabli-dans-ses-droits-par-le-tribunal-de-premiere-instance-de-dixinn\/"]}]},{"@type":"ImageObject","inLanguage":"fr-FR","@id":"https:\/\/www.loni-infos.com\/index.php\/2026\/04\/30\/communales-a-sonfonia-le-ppc-retabli-dans-ses-droits-par-le-tribunal-de-premiere-instance-de-dixinn\/#primaryimage","url":"https:\/\/www.loni-infos.com\/wp-content\/uploads\/2026\/04\/WhatsApp-Image-2026-04-30-at-08.14.35.jpeg","contentUrl":"https:\/\/www.loni-infos.com\/wp-content\/uploads\/2026\/04\/WhatsApp-Image-2026-04-30-at-08.14.35.jpeg","width":700,"height":347},{"@type":"BreadcrumbList","@id":"https:\/\/www.loni-infos.com\/index.php\/2026\/04\/30\/communales-a-sonfonia-le-ppc-retabli-dans-ses-droits-par-le-tribunal-de-premiere-instance-de-dixinn\/#breadcrumb","itemListElement":[{"@type":"ListItem","position":1,"name":"Accueil","item":"https:\/\/www.loni-infos.com\/"},{"@type":"ListItem","position":2,"name":"Communales \u00e0 Sonfonia : le PPC r\u00e9tabli dans ses droits par le Tribunal de Premi\u00e8re Instance de Dixinn"}]},{"@type":"WebSite","@id":"https:\/\/www.loni-infos.com\/#website","url":"https:\/\/www.loni-infos.com\/","name":"Loni-infos","description":"Vous servir des infos est notre devoir","potentialAction":[{"@type":"SearchAction","target":{"@type":"EntryPoint","urlTemplate":"https:\/\/www.loni-infos.com\/?s={search_term_string}"},"query-input":{"@type":"PropertyValueSpecification","valueRequired":true,"valueName":"search_term_string"}}],"inLanguage":"fr-FR"},{"@type":"Person","@id":"https:\/\/www.loni-infos.com\/#\/schema\/person\/e16452f14f9b6d926b9a650bb0d1d7c2","name":"Madame","image":{"@type":"ImageObject","inLanguage":"fr-FR","@id":"https:\/\/www.loni-infos.com\/#\/schema\/person\/image\/","url":"https:\/\/secure.gravatar.com\/avatar\/01526220341eccec8a3d64e54b1d8169b578cce35ab5747e90c66ff74fabcc79?s=96&d=mm&r=g","contentUrl":"https:\/\/secure.gravatar.com\/avatar\/01526220341eccec8a3d64e54b1d8169b578cce35ab5747e90c66ff74fabcc79?s=96&d=mm&r=g","caption":"Madame"},"url":"https:\/\/www.loni-infos.com\/index.php\/author\/madame\/"}]}},"_links":{"self":[{"href":"https:\/\/www.loni-infos.com\/index.php\/wp-json\/wp\/v2\/posts\/17355","targetHints":{"allow":["GET"]}}],"collection":[{"href":"https:\/\/www.loni-infos.com\/index.php\/wp-json\/wp\/v2\/posts"}],"about":[{"href":"https:\/\/www.loni-infos.com\/index.php\/wp-json\/wp\/v2\/types\/post"}],"author":[{"embeddable":true,"href":"https:\/\/www.loni-infos.com\/index.php\/wp-json\/wp\/v2\/users\/6"}],"replies":[{"embeddable":true,"href":"https:\/\/www.loni-infos.com\/index.php\/wp-json\/wp\/v2\/comments?post=17355"}],"version-history":[{"count":1,"href":"https:\/\/www.loni-infos.com\/index.php\/wp-json\/wp\/v2\/posts\/17355\/revisions"}],"predecessor-version":[{"id":17357,"href":"https:\/\/www.loni-infos.com\/index.php\/wp-json\/wp\/v2\/posts\/17355\/revisions\/17357"}],"wp:featuredmedia":[{"embeddable":true,"href":"https:\/\/www.loni-infos.com\/index.php\/wp-json\/wp\/v2\/media\/17356"}],"wp:attachment":[{"href":"https:\/\/www.loni-infos.com\/index.php\/wp-json\/wp\/v2\/media?parent=17355"}],"wp:term":[{"taxonomy":"category","embeddable":true,"href":"https:\/\/www.loni-infos.com\/index.php\/wp-json\/wp\/v2\/categories?post=17355"},{"taxonomy":"post_tag","embeddable":true,"href":"https:\/\/www.loni-infos.com\/index.php\/wp-json\/wp\/v2\/tags?post=17355"}],"curies":[{"name":"wp","href":"https:\/\/api.w.org\/{rel}","templated":true}]}}