{"id":17363,"date":"2026-04-30T19:20:03","date_gmt":"2026-04-30T17:20:03","guid":{"rendered":"https:\/\/www.loni-infos.com\/?p=17363"},"modified":"2026-04-30T19:20:04","modified_gmt":"2026-04-30T17:20:04","slug":"kankan-le-nko-a-lhonneur-77-ans-apres-sa-creation","status":"publish","type":"post","link":"https:\/\/www.loni-infos.com\/index.php\/2026\/04\/30\/kankan-le-nko-a-lhonneur-77-ans-apres-sa-creation\/","title":{"rendered":"Kankan : le N\u2019ko \u00e0 l\u2019honneur, 77 ans apr\u00e8s sa cr\u00e9ation"},"content":{"rendered":"\n<p>La communaut\u00e9 mandingue s\u2019est r\u00e9unie ce jeudi 30 avril 2026, dans la salle de conf\u00e9rence de la biblioth\u00e8que Williams, pour c\u00e9l\u00e9brer en diff\u00e9r\u00e9 le 77\u1d49 anniversaire de la cr\u00e9ation de l\u2019alphabet N\u2019ko. Organis\u00e9e autour d\u2019\u00e9changes scientifiques et culturels, cette rencontre a mis en lumi\u00e8re l\u2019importance de cette \u00e9criture dans la valorisation des langues africaines et le d\u00e9veloppement du continent.<\/p>\n\n\n\n<p>Prenant la parole, Bassabati Sidib\u00e9, coordinateur de N\u2019ko Semba, a rappel\u00e9 les objectifs de cette rencontre. Selon lui, il s\u2019agissait avant tout de sensibiliser les participants \u00e0 l\u2019importance de cette c\u00e9l\u00e9bration, tout en abordant des th\u00e9matiques scientifiques li\u00e9es \u00e0 l\u2019\u0153uvre de Solomana Kant\u00e9.<\/p>\n\n\n\n<p>\u00ab Nous avons appel\u00e9 les gens pour leur rappeler la c\u00e9l\u00e9bration en diff\u00e9r\u00e9 de l\u2019\u00e9criture N\u2019ko. Pendant cette rencontre, nous avons parl\u00e9 du tableau de Mendele\u00efev en N\u2019ko. Nous avons aussi parl\u00e9 de Kant\u00e9 Souleymana en tant que savant. La troisi\u00e8me chose \u00e9tait d\u2019expliquer aux gens comment valoriser nos langues. Quand vous prenez le monde entier, le N\u2019ko fait partie des langues vivantes. Le N\u2019ko est en train de prendre une dimension internationale et beaucoup de choses se font en N\u2019ko \u00bb, a-t-il expliqu\u00e9.<\/p>\n\n\n\n<p>Marraine de l\u2019\u00e9v\u00e9nement, Camara Fatoumata Bamba, enseignante-chercheure \u00e0 l\u2019Universit\u00e9 Julius Nyerere de Kankan, a exprim\u00e9 sa satisfaction face \u00e0 l\u2019\u00e9volution et \u00e0 la reconnaissance croissante de cette \u00e9criture. Elle a notamment insist\u00e9 sur le fait que l\u2019enseignement en langues locales est le moteur indispensable du progr\u00e8s technique et social.<\/p>\n\n\n\n<p>\u00ab J\u2019ai des sentiments de satisfaction et de fiert\u00e9. C\u2019est suite aux propos malveillants d\u2019un journaliste \u00e0 l\u2019\u00e9gard des Africains, qui nous qualifiait de continent sans \u00e9criture, qu\u2019il fallait inventer une \u00e9criture africaine. Aujourd\u2019hui, cette \u00e9criture, \u00e0 travers la langue mandingue, est \u00e9tudi\u00e9e partout dans le monde. D\u2019ailleurs, on peut \u00e9tudier toutes les mati\u00e8res en \u00e9criture N\u2019ko. Nous devons \u00eatre fiers d\u2019\u00eatre mandingues et africains. Si nous \u00e9tudions dans notre langue, nous pouvons aller mieux, nous pouvons avancer. Le d\u00e9veloppement tant souhait\u00e9 en Afrique peut \u00eatre atteint si nous \u00e9tudions dans nos langues. Toutes les grandes nations du monde qui ont r\u00e9ussi \u00e0 se d\u00e9velopper et \u00e0 se d\u00e9marquer dans les domaines technologique, scientifique, culturel et autres, se sont d\u00e9velopp\u00e9es dans leurs langues \u00bb, a-t-elle soulign\u00e9.<\/p>\n\n\n\n<p>De son c\u00f4t\u00e9, Sory Mandinka Kaba, promoteur et \u00e9crivain en N\u2019ko, est revenu sur la gen\u00e8se historique de cet alphabet et sa port\u00e9e symbolique pour les peuples du continent.<\/p>\n\n\n\n<p>\u00ab Nous sommes r\u00e9unis pour c\u00e9l\u00e9brer le 77\u1d49 anniversaire de la cr\u00e9ation de l\u2019alphabet N\u2019ko. Le N\u2019ko a \u00e9t\u00e9 cr\u00e9\u00e9 le 14 avril 1949 \u00e0 Bingerville, en C\u00f4te d\u2019Ivoire, par Souleymana Kant\u00e9. Ce mois est un mois sacr\u00e9 pour tous les N\u2019kofones et pour tous les Africains. Le mois d\u2019avril est notre mois, c\u2019est le mois de l\u2019alphabet N\u2019ko. Aujourd\u2019hui, notre gouvernement a commenc\u00e9 \u00e0 faire la promotion de nos langues. Sans nos langues, l\u2019Afrique ne peut pas se d\u00e9velopper. On ne peut pas faire la science et la technologie dans une autre langue que la sienne. Les autres nations se sont d\u00e9velopp\u00e9es \u00e0 travers leurs langues. Nous sommes l\u00e0 aujourd\u2019hui pour faire la promotion de notre langue \u00bb, a-t-il expliqu\u00e9.<\/p>\n\n\n\n<p>Les intervenants ont unanimement appel\u00e9 \u00e0 un engagement collectif pour renforcer l\u2019usage du N\u2019ko dans l\u2019\u00e9ducation, la recherche et la vie quotidienne, r\u00e9affirmant leur volont\u00e9 d\u2019en faire un levier essentiel de d\u00e9veloppement pour l\u2019Afrique.<\/p>\n\n\n\n<p><strong>Kokoly Joseph Koli\u00e9, correspondant r\u00e9gional \u00e0 Kankan.<\/strong><\/p>\n","protected":false},"excerpt":{"rendered":"<p>La communaut\u00e9 mandingue s\u2019est r\u00e9unie ce jeudi 30 avril 2026, dans la salle de conf\u00e9rence de la biblioth\u00e8que Williams, pour c\u00e9l\u00e9brer en diff\u00e9r\u00e9 le 77\u1d49 anniversaire de la cr\u00e9ation de l\u2019alphabet N\u2019ko. Organis\u00e9e autour d\u2019\u00e9changes scientifiques et culturels, cette rencontre a mis en lumi\u00e8re l\u2019importance de cette \u00e9criture dans la valorisation des langues africaines et<\/p>\n","protected":false},"author":6,"featured_media":17361,"comment_status":"open","ping_status":"open","sticky":false,"template":"","format":"standard","meta":{"footnotes":""},"categories":[20],"tags":[],"class_list":{"0":"post-17363","1":"post","2":"type-post","3":"status-publish","4":"format-standard","5":"has-post-thumbnail","7":"category-societe"},"yoast_head":"<!-- This site is optimized with the Yoast SEO plugin v27.0 - https:\/\/yoast.com\/product\/yoast-seo-wordpress\/ -->\n<title>Kankan : le N\u2019ko \u00e0 l\u2019honneur, 77 ans apr\u00e8s sa cr\u00e9ation - Loni-infos<\/title>\n<meta name=\"robots\" content=\"index, follow, max-snippet:-1, max-image-preview:large, max-video-preview:-1\" \/>\n<link rel=\"canonical\" href=\"https:\/\/www.loni-infos.com\/index.php\/2026\/04\/30\/kankan-le-nko-a-lhonneur-77-ans-apres-sa-creation\/\" \/>\n<meta property=\"og:locale\" content=\"fr_FR\" \/>\n<meta property=\"og:type\" content=\"article\" \/>\n<meta property=\"og:title\" content=\"Kankan : le N\u2019ko \u00e0 l\u2019honneur, 77 ans apr\u00e8s sa cr\u00e9ation - Loni-infos\" \/>\n<meta property=\"og:description\" content=\"La communaut\u00e9 mandingue s\u2019est r\u00e9unie ce jeudi 30 avril 2026, dans la salle de conf\u00e9rence de la biblioth\u00e8que Williams, pour c\u00e9l\u00e9brer en diff\u00e9r\u00e9 le 77\u1d49 anniversaire de la cr\u00e9ation de l\u2019alphabet N\u2019ko. Organis\u00e9e autour d\u2019\u00e9changes scientifiques et culturels, cette rencontre a mis en lumi\u00e8re l\u2019importance de cette \u00e9criture dans la valorisation des langues africaines et\" \/>\n<meta property=\"og:url\" content=\"https:\/\/www.loni-infos.com\/index.php\/2026\/04\/30\/kankan-le-nko-a-lhonneur-77-ans-apres-sa-creation\/\" \/>\n<meta property=\"og:site_name\" content=\"Loni-infos\" \/>\n<meta property=\"article:published_time\" content=\"2026-04-30T17:20:03+00:00\" \/>\n<meta property=\"article:modified_time\" content=\"2026-04-30T17:20:04+00:00\" \/>\n<meta property=\"og:image\" content=\"https:\/\/www.loni-infos.com\/wp-content\/uploads\/2026\/04\/WhatsApp-Image-2026-04-30-at-17.07.23.jpeg\" \/>\n\t<meta property=\"og:image:width\" content=\"1020\" \/>\n\t<meta property=\"og:image:height\" content=\"471\" \/>\n\t<meta property=\"og:image:type\" content=\"image\/jpeg\" \/>\n<meta name=\"author\" content=\"Madame\" \/>\n<meta name=\"twitter:card\" content=\"summary_large_image\" \/>\n<meta name=\"twitter:label1\" content=\"\u00c9crit par\" \/>\n\t<meta name=\"twitter:data1\" content=\"Madame\" \/>\n\t<meta name=\"twitter:label2\" content=\"Dur\u00e9e de lecture estim\u00e9e\" \/>\n\t<meta name=\"twitter:data2\" content=\"3 minutes\" \/>\n<script type=\"application\/ld+json\" class=\"yoast-schema-graph\">{\"@context\":\"https:\/\/schema.org\",\"@graph\":[{\"@type\":\"Article\",\"@id\":\"https:\/\/www.loni-infos.com\/index.php\/2026\/04\/30\/kankan-le-nko-a-lhonneur-77-ans-apres-sa-creation\/#article\",\"isPartOf\":{\"@id\":\"https:\/\/www.loni-infos.com\/index.php\/2026\/04\/30\/kankan-le-nko-a-lhonneur-77-ans-apres-sa-creation\/\"},\"author\":{\"name\":\"Madame\",\"@id\":\"https:\/\/www.loni-infos.com\/#\/schema\/person\/e16452f14f9b6d926b9a650bb0d1d7c2\"},\"headline\":\"Kankan : le N\u2019ko \u00e0 l\u2019honneur, 77 ans apr\u00e8s sa cr\u00e9ation\",\"datePublished\":\"2026-04-30T17:20:03+00:00\",\"dateModified\":\"2026-04-30T17:20:04+00:00\",\"mainEntityOfPage\":{\"@id\":\"https:\/\/www.loni-infos.com\/index.php\/2026\/04\/30\/kankan-le-nko-a-lhonneur-77-ans-apres-sa-creation\/\"},\"wordCount\":628,\"commentCount\":0,\"image\":{\"@id\":\"https:\/\/www.loni-infos.com\/index.php\/2026\/04\/30\/kankan-le-nko-a-lhonneur-77-ans-apres-sa-creation\/#primaryimage\"},\"thumbnailUrl\":\"https:\/\/www.loni-infos.com\/wp-content\/uploads\/2026\/04\/WhatsApp-Image-2026-04-30-at-17.07.23.jpeg\",\"articleSection\":[\"Soci\u00e9t\u00e9\"],\"inLanguage\":\"fr-FR\",\"potentialAction\":[{\"@type\":\"CommentAction\",\"name\":\"Comment\",\"target\":[\"https:\/\/www.loni-infos.com\/index.php\/2026\/04\/30\/kankan-le-nko-a-lhonneur-77-ans-apres-sa-creation\/#respond\"]}]},{\"@type\":\"WebPage\",\"@id\":\"https:\/\/www.loni-infos.com\/index.php\/2026\/04\/30\/kankan-le-nko-a-lhonneur-77-ans-apres-sa-creation\/\",\"url\":\"https:\/\/www.loni-infos.com\/index.php\/2026\/04\/30\/kankan-le-nko-a-lhonneur-77-ans-apres-sa-creation\/\",\"name\":\"Kankan : le N\u2019ko \u00e0 l\u2019honneur, 77 ans apr\u00e8s sa cr\u00e9ation - Loni-infos\",\"isPartOf\":{\"@id\":\"https:\/\/www.loni-infos.com\/#website\"},\"primaryImageOfPage\":{\"@id\":\"https:\/\/www.loni-infos.com\/index.php\/2026\/04\/30\/kankan-le-nko-a-lhonneur-77-ans-apres-sa-creation\/#primaryimage\"},\"image\":{\"@id\":\"https:\/\/www.loni-infos.com\/index.php\/2026\/04\/30\/kankan-le-nko-a-lhonneur-77-ans-apres-sa-creation\/#primaryimage\"},\"thumbnailUrl\":\"https:\/\/www.loni-infos.com\/wp-content\/uploads\/2026\/04\/WhatsApp-Image-2026-04-30-at-17.07.23.jpeg\",\"datePublished\":\"2026-04-30T17:20:03+00:00\",\"dateModified\":\"2026-04-30T17:20:04+00:00\",\"author\":{\"@id\":\"https:\/\/www.loni-infos.com\/#\/schema\/person\/e16452f14f9b6d926b9a650bb0d1d7c2\"},\"breadcrumb\":{\"@id\":\"https:\/\/www.loni-infos.com\/index.php\/2026\/04\/30\/kankan-le-nko-a-lhonneur-77-ans-apres-sa-creation\/#breadcrumb\"},\"inLanguage\":\"fr-FR\",\"potentialAction\":[{\"@type\":\"ReadAction\",\"target\":[\"https:\/\/www.loni-infos.com\/index.php\/2026\/04\/30\/kankan-le-nko-a-lhonneur-77-ans-apres-sa-creation\/\"]}]},{\"@type\":\"ImageObject\",\"inLanguage\":\"fr-FR\",\"@id\":\"https:\/\/www.loni-infos.com\/index.php\/2026\/04\/30\/kankan-le-nko-a-lhonneur-77-ans-apres-sa-creation\/#primaryimage\",\"url\":\"https:\/\/www.loni-infos.com\/wp-content\/uploads\/2026\/04\/WhatsApp-Image-2026-04-30-at-17.07.23.jpeg\",\"contentUrl\":\"https:\/\/www.loni-infos.com\/wp-content\/uploads\/2026\/04\/WhatsApp-Image-2026-04-30-at-17.07.23.jpeg\",\"width\":1020,\"height\":471},{\"@type\":\"BreadcrumbList\",\"@id\":\"https:\/\/www.loni-infos.com\/index.php\/2026\/04\/30\/kankan-le-nko-a-lhonneur-77-ans-apres-sa-creation\/#breadcrumb\",\"itemListElement\":[{\"@type\":\"ListItem\",\"position\":1,\"name\":\"Accueil\",\"item\":\"https:\/\/www.loni-infos.com\/\"},{\"@type\":\"ListItem\",\"position\":2,\"name\":\"Kankan : le N\u2019ko \u00e0 l\u2019honneur, 77 ans apr\u00e8s sa cr\u00e9ation\"}]},{\"@type\":\"WebSite\",\"@id\":\"https:\/\/www.loni-infos.com\/#website\",\"url\":\"https:\/\/www.loni-infos.com\/\",\"name\":\"Loni-infos\",\"description\":\"Vous servir des infos est notre devoir\",\"potentialAction\":[{\"@type\":\"SearchAction\",\"target\":{\"@type\":\"EntryPoint\",\"urlTemplate\":\"https:\/\/www.loni-infos.com\/?s={search_term_string}\"},\"query-input\":{\"@type\":\"PropertyValueSpecification\",\"valueRequired\":true,\"valueName\":\"search_term_string\"}}],\"inLanguage\":\"fr-FR\"},{\"@type\":\"Person\",\"@id\":\"https:\/\/www.loni-infos.com\/#\/schema\/person\/e16452f14f9b6d926b9a650bb0d1d7c2\",\"name\":\"Madame\",\"image\":{\"@type\":\"ImageObject\",\"inLanguage\":\"fr-FR\",\"@id\":\"https:\/\/www.loni-infos.com\/#\/schema\/person\/image\/\",\"url\":\"https:\/\/secure.gravatar.com\/avatar\/01526220341eccec8a3d64e54b1d8169b578cce35ab5747e90c66ff74fabcc79?s=96&d=mm&r=g\",\"contentUrl\":\"https:\/\/secure.gravatar.com\/avatar\/01526220341eccec8a3d64e54b1d8169b578cce35ab5747e90c66ff74fabcc79?s=96&d=mm&r=g\",\"caption\":\"Madame\"},\"url\":\"https:\/\/www.loni-infos.com\/index.php\/author\/madame\/\"}]}<\/script>\n<!-- \/ Yoast SEO plugin. -->","yoast_head_json":{"title":"Kankan : le N\u2019ko \u00e0 l\u2019honneur, 77 ans apr\u00e8s sa cr\u00e9ation - Loni-infos","robots":{"index":"index","follow":"follow","max-snippet":"max-snippet:-1","max-image-preview":"max-image-preview:large","max-video-preview":"max-video-preview:-1"},"canonical":"https:\/\/www.loni-infos.com\/index.php\/2026\/04\/30\/kankan-le-nko-a-lhonneur-77-ans-apres-sa-creation\/","og_locale":"fr_FR","og_type":"article","og_title":"Kankan : le N\u2019ko \u00e0 l\u2019honneur, 77 ans apr\u00e8s sa cr\u00e9ation - Loni-infos","og_description":"La communaut\u00e9 mandingue s\u2019est r\u00e9unie ce jeudi 30 avril 2026, dans la salle de conf\u00e9rence de la biblioth\u00e8que Williams, pour c\u00e9l\u00e9brer en diff\u00e9r\u00e9 le 77\u1d49 anniversaire de la cr\u00e9ation de l\u2019alphabet N\u2019ko. Organis\u00e9e autour d\u2019\u00e9changes scientifiques et culturels, cette rencontre a mis en lumi\u00e8re l\u2019importance de cette \u00e9criture dans la valorisation des langues africaines et","og_url":"https:\/\/www.loni-infos.com\/index.php\/2026\/04\/30\/kankan-le-nko-a-lhonneur-77-ans-apres-sa-creation\/","og_site_name":"Loni-infos","article_published_time":"2026-04-30T17:20:03+00:00","article_modified_time":"2026-04-30T17:20:04+00:00","og_image":[{"width":1020,"height":471,"url":"https:\/\/www.loni-infos.com\/wp-content\/uploads\/2026\/04\/WhatsApp-Image-2026-04-30-at-17.07.23.jpeg","type":"image\/jpeg"}],"author":"Madame","twitter_card":"summary_large_image","twitter_misc":{"\u00c9crit par":"Madame","Dur\u00e9e de lecture estim\u00e9e":"3 minutes"},"schema":{"@context":"https:\/\/schema.org","@graph":[{"@type":"Article","@id":"https:\/\/www.loni-infos.com\/index.php\/2026\/04\/30\/kankan-le-nko-a-lhonneur-77-ans-apres-sa-creation\/#article","isPartOf":{"@id":"https:\/\/www.loni-infos.com\/index.php\/2026\/04\/30\/kankan-le-nko-a-lhonneur-77-ans-apres-sa-creation\/"},"author":{"name":"Madame","@id":"https:\/\/www.loni-infos.com\/#\/schema\/person\/e16452f14f9b6d926b9a650bb0d1d7c2"},"headline":"Kankan : le N\u2019ko \u00e0 l\u2019honneur, 77 ans apr\u00e8s sa cr\u00e9ation","datePublished":"2026-04-30T17:20:03+00:00","dateModified":"2026-04-30T17:20:04+00:00","mainEntityOfPage":{"@id":"https:\/\/www.loni-infos.com\/index.php\/2026\/04\/30\/kankan-le-nko-a-lhonneur-77-ans-apres-sa-creation\/"},"wordCount":628,"commentCount":0,"image":{"@id":"https:\/\/www.loni-infos.com\/index.php\/2026\/04\/30\/kankan-le-nko-a-lhonneur-77-ans-apres-sa-creation\/#primaryimage"},"thumbnailUrl":"https:\/\/www.loni-infos.com\/wp-content\/uploads\/2026\/04\/WhatsApp-Image-2026-04-30-at-17.07.23.jpeg","articleSection":["Soci\u00e9t\u00e9"],"inLanguage":"fr-FR","potentialAction":[{"@type":"CommentAction","name":"Comment","target":["https:\/\/www.loni-infos.com\/index.php\/2026\/04\/30\/kankan-le-nko-a-lhonneur-77-ans-apres-sa-creation\/#respond"]}]},{"@type":"WebPage","@id":"https:\/\/www.loni-infos.com\/index.php\/2026\/04\/30\/kankan-le-nko-a-lhonneur-77-ans-apres-sa-creation\/","url":"https:\/\/www.loni-infos.com\/index.php\/2026\/04\/30\/kankan-le-nko-a-lhonneur-77-ans-apres-sa-creation\/","name":"Kankan : le N\u2019ko \u00e0 l\u2019honneur, 77 ans apr\u00e8s sa cr\u00e9ation - Loni-infos","isPartOf":{"@id":"https:\/\/www.loni-infos.com\/#website"},"primaryImageOfPage":{"@id":"https:\/\/www.loni-infos.com\/index.php\/2026\/04\/30\/kankan-le-nko-a-lhonneur-77-ans-apres-sa-creation\/#primaryimage"},"image":{"@id":"https:\/\/www.loni-infos.com\/index.php\/2026\/04\/30\/kankan-le-nko-a-lhonneur-77-ans-apres-sa-creation\/#primaryimage"},"thumbnailUrl":"https:\/\/www.loni-infos.com\/wp-content\/uploads\/2026\/04\/WhatsApp-Image-2026-04-30-at-17.07.23.jpeg","datePublished":"2026-04-30T17:20:03+00:00","dateModified":"2026-04-30T17:20:04+00:00","author":{"@id":"https:\/\/www.loni-infos.com\/#\/schema\/person\/e16452f14f9b6d926b9a650bb0d1d7c2"},"breadcrumb":{"@id":"https:\/\/www.loni-infos.com\/index.php\/2026\/04\/30\/kankan-le-nko-a-lhonneur-77-ans-apres-sa-creation\/#breadcrumb"},"inLanguage":"fr-FR","potentialAction":[{"@type":"ReadAction","target":["https:\/\/www.loni-infos.com\/index.php\/2026\/04\/30\/kankan-le-nko-a-lhonneur-77-ans-apres-sa-creation\/"]}]},{"@type":"ImageObject","inLanguage":"fr-FR","@id":"https:\/\/www.loni-infos.com\/index.php\/2026\/04\/30\/kankan-le-nko-a-lhonneur-77-ans-apres-sa-creation\/#primaryimage","url":"https:\/\/www.loni-infos.com\/wp-content\/uploads\/2026\/04\/WhatsApp-Image-2026-04-30-at-17.07.23.jpeg","contentUrl":"https:\/\/www.loni-infos.com\/wp-content\/uploads\/2026\/04\/WhatsApp-Image-2026-04-30-at-17.07.23.jpeg","width":1020,"height":471},{"@type":"BreadcrumbList","@id":"https:\/\/www.loni-infos.com\/index.php\/2026\/04\/30\/kankan-le-nko-a-lhonneur-77-ans-apres-sa-creation\/#breadcrumb","itemListElement":[{"@type":"ListItem","position":1,"name":"Accueil","item":"https:\/\/www.loni-infos.com\/"},{"@type":"ListItem","position":2,"name":"Kankan : le N\u2019ko \u00e0 l\u2019honneur, 77 ans apr\u00e8s sa cr\u00e9ation"}]},{"@type":"WebSite","@id":"https:\/\/www.loni-infos.com\/#website","url":"https:\/\/www.loni-infos.com\/","name":"Loni-infos","description":"Vous servir des infos est notre devoir","potentialAction":[{"@type":"SearchAction","target":{"@type":"EntryPoint","urlTemplate":"https:\/\/www.loni-infos.com\/?s={search_term_string}"},"query-input":{"@type":"PropertyValueSpecification","valueRequired":true,"valueName":"search_term_string"}}],"inLanguage":"fr-FR"},{"@type":"Person","@id":"https:\/\/www.loni-infos.com\/#\/schema\/person\/e16452f14f9b6d926b9a650bb0d1d7c2","name":"Madame","image":{"@type":"ImageObject","inLanguage":"fr-FR","@id":"https:\/\/www.loni-infos.com\/#\/schema\/person\/image\/","url":"https:\/\/secure.gravatar.com\/avatar\/01526220341eccec8a3d64e54b1d8169b578cce35ab5747e90c66ff74fabcc79?s=96&d=mm&r=g","contentUrl":"https:\/\/secure.gravatar.com\/avatar\/01526220341eccec8a3d64e54b1d8169b578cce35ab5747e90c66ff74fabcc79?s=96&d=mm&r=g","caption":"Madame"},"url":"https:\/\/www.loni-infos.com\/index.php\/author\/madame\/"}]}},"_links":{"self":[{"href":"https:\/\/www.loni-infos.com\/index.php\/wp-json\/wp\/v2\/posts\/17363","targetHints":{"allow":["GET"]}}],"collection":[{"href":"https:\/\/www.loni-infos.com\/index.php\/wp-json\/wp\/v2\/posts"}],"about":[{"href":"https:\/\/www.loni-infos.com\/index.php\/wp-json\/wp\/v2\/types\/post"}],"author":[{"embeddable":true,"href":"https:\/\/www.loni-infos.com\/index.php\/wp-json\/wp\/v2\/users\/6"}],"replies":[{"embeddable":true,"href":"https:\/\/www.loni-infos.com\/index.php\/wp-json\/wp\/v2\/comments?post=17363"}],"version-history":[{"count":1,"href":"https:\/\/www.loni-infos.com\/index.php\/wp-json\/wp\/v2\/posts\/17363\/revisions"}],"predecessor-version":[{"id":17364,"href":"https:\/\/www.loni-infos.com\/index.php\/wp-json\/wp\/v2\/posts\/17363\/revisions\/17364"}],"wp:featuredmedia":[{"embeddable":true,"href":"https:\/\/www.loni-infos.com\/index.php\/wp-json\/wp\/v2\/media\/17361"}],"wp:attachment":[{"href":"https:\/\/www.loni-infos.com\/index.php\/wp-json\/wp\/v2\/media?parent=17363"}],"wp:term":[{"taxonomy":"category","embeddable":true,"href":"https:\/\/www.loni-infos.com\/index.php\/wp-json\/wp\/v2\/categories?post=17363"},{"taxonomy":"post_tag","embeddable":true,"href":"https:\/\/www.loni-infos.com\/index.php\/wp-json\/wp\/v2\/tags?post=17363"}],"curies":[{"name":"wp","href":"https:\/\/api.w.org\/{rel}","templated":true}]}}