{"id":17365,"date":"2026-04-30T19:34:43","date_gmt":"2026-04-30T17:34:43","guid":{"rendered":"https:\/\/www.loni-infos.com\/?p=17365"},"modified":"2026-04-30T19:35:11","modified_gmt":"2026-04-30T17:35:11","slug":"mediation-cedeao-aes-lansana-kouyate-lance-sa-mission-et-consulte-alassane-ouattara","status":"publish","type":"post","link":"https:\/\/www.loni-infos.com\/index.php\/2026\/04\/30\/mediation-cedeao-aes-lansana-kouyate-lance-sa-mission-et-consulte-alassane-ouattara\/","title":{"rendered":"M\u00e9diation CEDEAO\u2013AES : Lansana Kouyat\u00e9 lance sa mission et consulte Alassane Ouattara"},"content":{"rendered":"\n<p>N\u00e9gociateur en chef entre la CEDEAO et l\u2019Alliance des \u00c9tats du Sahel, Lansana Kouyat\u00e9 a officiellement entam\u00e9 sa mission diplomatique. Dans ce cadre, il a \u00e9t\u00e9 re\u00e7u ce jeudi par le Pr\u00e9sident ivoirien, Alassane Ouattara.<\/p>\n\n\n<div class=\"wp-block-image\">\n<figure class=\"aligncenter size-large\"><img fetchpriority=\"high\" decoding=\"async\" width=\"1024\" height=\"682\" src=\"https:\/\/www.loni-infos.com\/wp-content\/uploads\/2026\/04\/Ouattara-et-Lansana-Kouyate-1024x682.jpg\" alt=\"\" class=\"wp-image-17366\" srcset=\"https:\/\/www.loni-infos.com\/wp-content\/uploads\/2026\/04\/Ouattara-et-Lansana-Kouyate-1024x682.jpg 1024w, https:\/\/www.loni-infos.com\/wp-content\/uploads\/2026\/04\/Ouattara-et-Lansana-Kouyate-300x200.jpg 300w, https:\/\/www.loni-infos.com\/wp-content\/uploads\/2026\/04\/Ouattara-et-Lansana-Kouyate-768x512.jpg 768w, https:\/\/www.loni-infos.com\/wp-content\/uploads\/2026\/04\/Ouattara-et-Lansana-Kouyate-1536x1023.jpg 1536w, https:\/\/www.loni-infos.com\/wp-content\/uploads\/2026\/04\/Ouattara-et-Lansana-Kouyate-150x100.jpg 150w, https:\/\/www.loni-infos.com\/wp-content\/uploads\/2026\/04\/Ouattara-et-Lansana-Kouyate-450x300.jpg 450w, https:\/\/www.loni-infos.com\/wp-content\/uploads\/2026\/04\/Ouattara-et-Lansana-Kouyate-1200x799.jpg 1200w, https:\/\/www.loni-infos.com\/wp-content\/uploads\/2026\/04\/Ouattara-et-Lansana-Kouyate.jpg 2048w\" sizes=\"(max-width: 1024px) 100vw, 1024px\" \/><\/figure>\n<\/div>\n\n\n<p>Au c\u0153ur de cette rencontre, Lansana Kouyat\u00e9 est venu annoncer le d\u00e9marrage effectif de sa mission de m\u00e9diation, visant \u00e0 rapprocher les positions entre la CEDEAO et les pays de l\u2019AES. L\u2019ancien Premier ministre guin\u00e9en, fort de son exp\u00e9rience diplomatique, s\u2019est engag\u00e9 dans une s\u00e9rie de consultations avec les dirigeants de la sous-r\u00e9gion afin de poser les bases d\u2019un dialogue constructif.<\/p>\n\n\n\n<p>Face au Pr\u00e9sident Ouattara, il a \u00e9galement recueilli des conseils strat\u00e9giques pour mener \u00e0 bien cette mission jug\u00e9e sensible, dans un contexte de tensions persistantes entre les deux blocs. Cette d\u00e9marche illustre la volont\u00e9 du m\u00e9diateur de s\u2019appuyer sur l\u2019expertise des chefs d\u2019\u00c9tat de la r\u00e9gion pour favoriser une sortie de crise.<\/p>\n\n\n\n<p>La d\u00e9signation de Lansana Kouyat\u00e9 \u00e0 ce poste cl\u00e9 traduit la confiance plac\u00e9e en sa capacit\u00e9 \u00e0 conduire des n\u00e9gociations complexes et \u00e0 faciliter le dialogue entre des parties aux positions parfois divergentes. Sa mission s\u2019annonce d\u00e9terminante pour l\u2019avenir des relations entre la CEDEAO et l\u2019AES, dans un environnement r\u00e9gional marqu\u00e9 par des d\u00e9fis s\u00e9curitaires et politiques majeurs.<\/p>\n\n\n\n<p>Les prochains jours devraient \u00eatre marqu\u00e9s par la poursuite de ses consultations aupr\u00e8s d\u2019autres acteurs influents, avec pour objectif de cr\u00e9er les conditions d\u2019une m\u00e9diation r\u00e9ussie.<\/p>\n","protected":false},"excerpt":{"rendered":"<p>N\u00e9gociateur en chef entre la CEDEAO et l\u2019Alliance des \u00c9tats du Sahel, Lansana Kouyat\u00e9 a officiellement entam\u00e9 sa mission diplomatique. Dans ce cadre, il a \u00e9t\u00e9 re\u00e7u ce jeudi par le Pr\u00e9sident ivoirien, Alassane Ouattara. Au c\u0153ur de cette rencontre, Lansana Kouyat\u00e9 est venu annoncer le d\u00e9marrage effectif de sa mission de m\u00e9diation, visant \u00e0<\/p>\n","protected":false},"author":6,"featured_media":17368,"comment_status":"open","ping_status":"open","sticky":false,"template":"","format":"standard","meta":{"footnotes":""},"categories":[80],"tags":[],"class_list":{"0":"post-17365","1":"post","2":"type-post","3":"status-publish","4":"format-standard","5":"has-post-thumbnail","7":"category-politique"},"yoast_head":"<!-- This site is optimized with the Yoast SEO plugin v27.0 - https:\/\/yoast.com\/product\/yoast-seo-wordpress\/ -->\n<title>M\u00e9diation CEDEAO\u2013AES : Lansana Kouyat\u00e9 lance sa mission et consulte Alassane Ouattara - Loni-infos<\/title>\n<meta name=\"robots\" content=\"index, follow, max-snippet:-1, max-image-preview:large, max-video-preview:-1\" \/>\n<link rel=\"canonical\" href=\"https:\/\/www.loni-infos.com\/index.php\/2026\/04\/30\/mediation-cedeao-aes-lansana-kouyate-lance-sa-mission-et-consulte-alassane-ouattara\/\" \/>\n<meta property=\"og:locale\" content=\"fr_FR\" \/>\n<meta property=\"og:type\" content=\"article\" \/>\n<meta property=\"og:title\" content=\"M\u00e9diation CEDEAO\u2013AES : Lansana Kouyat\u00e9 lance sa mission et consulte Alassane Ouattara - Loni-infos\" \/>\n<meta property=\"og:description\" content=\"N\u00e9gociateur en chef entre la CEDEAO et l\u2019Alliance des \u00c9tats du Sahel, Lansana Kouyat\u00e9 a officiellement entam\u00e9 sa mission diplomatique. Dans ce cadre, il a \u00e9t\u00e9 re\u00e7u ce jeudi par le Pr\u00e9sident ivoirien, Alassane Ouattara. Au c\u0153ur de cette rencontre, Lansana Kouyat\u00e9 est venu annoncer le d\u00e9marrage effectif de sa mission de m\u00e9diation, visant \u00e0\" \/>\n<meta property=\"og:url\" content=\"https:\/\/www.loni-infos.com\/index.php\/2026\/04\/30\/mediation-cedeao-aes-lansana-kouyate-lance-sa-mission-et-consulte-alassane-ouattara\/\" \/>\n<meta property=\"og:site_name\" content=\"Loni-infos\" \/>\n<meta property=\"article:published_time\" content=\"2026-04-30T17:34:43+00:00\" \/>\n<meta property=\"article:modified_time\" content=\"2026-04-30T17:35:11+00:00\" \/>\n<meta property=\"og:image\" content=\"https:\/\/www.loni-infos.com\/wp-content\/uploads\/2026\/04\/686042665_1433617282143285_8968716866941977182_n.jpg\" \/>\n\t<meta property=\"og:image:width\" content=\"2048\" \/>\n\t<meta property=\"og:image:height\" content=\"1342\" \/>\n\t<meta property=\"og:image:type\" content=\"image\/jpeg\" \/>\n<meta name=\"author\" content=\"Madame\" \/>\n<meta name=\"twitter:card\" content=\"summary_large_image\" \/>\n<meta name=\"twitter:label1\" content=\"\u00c9crit par\" \/>\n\t<meta name=\"twitter:data1\" content=\"Madame\" \/>\n\t<meta name=\"twitter:label2\" content=\"Dur\u00e9e de lecture estim\u00e9e\" \/>\n\t<meta name=\"twitter:data2\" content=\"2 minutes\" \/>\n<script type=\"application\/ld+json\" class=\"yoast-schema-graph\">{\"@context\":\"https:\/\/schema.org\",\"@graph\":[{\"@type\":\"Article\",\"@id\":\"https:\/\/www.loni-infos.com\/index.php\/2026\/04\/30\/mediation-cedeao-aes-lansana-kouyate-lance-sa-mission-et-consulte-alassane-ouattara\/#article\",\"isPartOf\":{\"@id\":\"https:\/\/www.loni-infos.com\/index.php\/2026\/04\/30\/mediation-cedeao-aes-lansana-kouyate-lance-sa-mission-et-consulte-alassane-ouattara\/\"},\"author\":{\"name\":\"Madame\",\"@id\":\"https:\/\/www.loni-infos.com\/#\/schema\/person\/e16452f14f9b6d926b9a650bb0d1d7c2\"},\"headline\":\"M\u00e9diation CEDEAO\u2013AES : Lansana Kouyat\u00e9 lance sa mission et consulte Alassane Ouattara\",\"datePublished\":\"2026-04-30T17:34:43+00:00\",\"dateModified\":\"2026-04-30T17:35:11+00:00\",\"mainEntityOfPage\":{\"@id\":\"https:\/\/www.loni-infos.com\/index.php\/2026\/04\/30\/mediation-cedeao-aes-lansana-kouyate-lance-sa-mission-et-consulte-alassane-ouattara\/\"},\"wordCount\":281,\"commentCount\":0,\"image\":{\"@id\":\"https:\/\/www.loni-infos.com\/index.php\/2026\/04\/30\/mediation-cedeao-aes-lansana-kouyate-lance-sa-mission-et-consulte-alassane-ouattara\/#primaryimage\"},\"thumbnailUrl\":\"https:\/\/www.loni-infos.com\/wp-content\/uploads\/2026\/04\/686042665_1433617282143285_8968716866941977182_n.jpg\",\"articleSection\":[\"Politique\"],\"inLanguage\":\"fr-FR\",\"potentialAction\":[{\"@type\":\"CommentAction\",\"name\":\"Comment\",\"target\":[\"https:\/\/www.loni-infos.com\/index.php\/2026\/04\/30\/mediation-cedeao-aes-lansana-kouyate-lance-sa-mission-et-consulte-alassane-ouattara\/#respond\"]}]},{\"@type\":\"WebPage\",\"@id\":\"https:\/\/www.loni-infos.com\/index.php\/2026\/04\/30\/mediation-cedeao-aes-lansana-kouyate-lance-sa-mission-et-consulte-alassane-ouattara\/\",\"url\":\"https:\/\/www.loni-infos.com\/index.php\/2026\/04\/30\/mediation-cedeao-aes-lansana-kouyate-lance-sa-mission-et-consulte-alassane-ouattara\/\",\"name\":\"M\u00e9diation CEDEAO\u2013AES : Lansana Kouyat\u00e9 lance sa mission et consulte Alassane Ouattara - Loni-infos\",\"isPartOf\":{\"@id\":\"https:\/\/www.loni-infos.com\/#website\"},\"primaryImageOfPage\":{\"@id\":\"https:\/\/www.loni-infos.com\/index.php\/2026\/04\/30\/mediation-cedeao-aes-lansana-kouyate-lance-sa-mission-et-consulte-alassane-ouattara\/#primaryimage\"},\"image\":{\"@id\":\"https:\/\/www.loni-infos.com\/index.php\/2026\/04\/30\/mediation-cedeao-aes-lansana-kouyate-lance-sa-mission-et-consulte-alassane-ouattara\/#primaryimage\"},\"thumbnailUrl\":\"https:\/\/www.loni-infos.com\/wp-content\/uploads\/2026\/04\/686042665_1433617282143285_8968716866941977182_n.jpg\",\"datePublished\":\"2026-04-30T17:34:43+00:00\",\"dateModified\":\"2026-04-30T17:35:11+00:00\",\"author\":{\"@id\":\"https:\/\/www.loni-infos.com\/#\/schema\/person\/e16452f14f9b6d926b9a650bb0d1d7c2\"},\"breadcrumb\":{\"@id\":\"https:\/\/www.loni-infos.com\/index.php\/2026\/04\/30\/mediation-cedeao-aes-lansana-kouyate-lance-sa-mission-et-consulte-alassane-ouattara\/#breadcrumb\"},\"inLanguage\":\"fr-FR\",\"potentialAction\":[{\"@type\":\"ReadAction\",\"target\":[\"https:\/\/www.loni-infos.com\/index.php\/2026\/04\/30\/mediation-cedeao-aes-lansana-kouyate-lance-sa-mission-et-consulte-alassane-ouattara\/\"]}]},{\"@type\":\"ImageObject\",\"inLanguage\":\"fr-FR\",\"@id\":\"https:\/\/www.loni-infos.com\/index.php\/2026\/04\/30\/mediation-cedeao-aes-lansana-kouyate-lance-sa-mission-et-consulte-alassane-ouattara\/#primaryimage\",\"url\":\"https:\/\/www.loni-infos.com\/wp-content\/uploads\/2026\/04\/686042665_1433617282143285_8968716866941977182_n.jpg\",\"contentUrl\":\"https:\/\/www.loni-infos.com\/wp-content\/uploads\/2026\/04\/686042665_1433617282143285_8968716866941977182_n.jpg\",\"width\":2048,\"height\":1342},{\"@type\":\"BreadcrumbList\",\"@id\":\"https:\/\/www.loni-infos.com\/index.php\/2026\/04\/30\/mediation-cedeao-aes-lansana-kouyate-lance-sa-mission-et-consulte-alassane-ouattara\/#breadcrumb\",\"itemListElement\":[{\"@type\":\"ListItem\",\"position\":1,\"name\":\"Accueil\",\"item\":\"https:\/\/www.loni-infos.com\/\"},{\"@type\":\"ListItem\",\"position\":2,\"name\":\"M\u00e9diation CEDEAO\u2013AES : Lansana Kouyat\u00e9 lance sa mission et consulte Alassane Ouattara\"}]},{\"@type\":\"WebSite\",\"@id\":\"https:\/\/www.loni-infos.com\/#website\",\"url\":\"https:\/\/www.loni-infos.com\/\",\"name\":\"Loni-infos\",\"description\":\"Vous servir des infos est notre devoir\",\"potentialAction\":[{\"@type\":\"SearchAction\",\"target\":{\"@type\":\"EntryPoint\",\"urlTemplate\":\"https:\/\/www.loni-infos.com\/?s={search_term_string}\"},\"query-input\":{\"@type\":\"PropertyValueSpecification\",\"valueRequired\":true,\"valueName\":\"search_term_string\"}}],\"inLanguage\":\"fr-FR\"},{\"@type\":\"Person\",\"@id\":\"https:\/\/www.loni-infos.com\/#\/schema\/person\/e16452f14f9b6d926b9a650bb0d1d7c2\",\"name\":\"Madame\",\"image\":{\"@type\":\"ImageObject\",\"inLanguage\":\"fr-FR\",\"@id\":\"https:\/\/www.loni-infos.com\/#\/schema\/person\/image\/\",\"url\":\"https:\/\/secure.gravatar.com\/avatar\/01526220341eccec8a3d64e54b1d8169b578cce35ab5747e90c66ff74fabcc79?s=96&d=mm&r=g\",\"contentUrl\":\"https:\/\/secure.gravatar.com\/avatar\/01526220341eccec8a3d64e54b1d8169b578cce35ab5747e90c66ff74fabcc79?s=96&d=mm&r=g\",\"caption\":\"Madame\"},\"url\":\"https:\/\/www.loni-infos.com\/index.php\/author\/madame\/\"}]}<\/script>\n<!-- \/ Yoast SEO plugin. -->","yoast_head_json":{"title":"M\u00e9diation CEDEAO\u2013AES : Lansana Kouyat\u00e9 lance sa mission et consulte Alassane Ouattara - Loni-infos","robots":{"index":"index","follow":"follow","max-snippet":"max-snippet:-1","max-image-preview":"max-image-preview:large","max-video-preview":"max-video-preview:-1"},"canonical":"https:\/\/www.loni-infos.com\/index.php\/2026\/04\/30\/mediation-cedeao-aes-lansana-kouyate-lance-sa-mission-et-consulte-alassane-ouattara\/","og_locale":"fr_FR","og_type":"article","og_title":"M\u00e9diation CEDEAO\u2013AES : Lansana Kouyat\u00e9 lance sa mission et consulte Alassane Ouattara - Loni-infos","og_description":"N\u00e9gociateur en chef entre la CEDEAO et l\u2019Alliance des \u00c9tats du Sahel, Lansana Kouyat\u00e9 a officiellement entam\u00e9 sa mission diplomatique. Dans ce cadre, il a \u00e9t\u00e9 re\u00e7u ce jeudi par le Pr\u00e9sident ivoirien, Alassane Ouattara. Au c\u0153ur de cette rencontre, Lansana Kouyat\u00e9 est venu annoncer le d\u00e9marrage effectif de sa mission de m\u00e9diation, visant \u00e0","og_url":"https:\/\/www.loni-infos.com\/index.php\/2026\/04\/30\/mediation-cedeao-aes-lansana-kouyate-lance-sa-mission-et-consulte-alassane-ouattara\/","og_site_name":"Loni-infos","article_published_time":"2026-04-30T17:34:43+00:00","article_modified_time":"2026-04-30T17:35:11+00:00","og_image":[{"width":2048,"height":1342,"url":"https:\/\/www.loni-infos.com\/wp-content\/uploads\/2026\/04\/686042665_1433617282143285_8968716866941977182_n.jpg","type":"image\/jpeg"}],"author":"Madame","twitter_card":"summary_large_image","twitter_misc":{"\u00c9crit par":"Madame","Dur\u00e9e de lecture estim\u00e9e":"2 minutes"},"schema":{"@context":"https:\/\/schema.org","@graph":[{"@type":"Article","@id":"https:\/\/www.loni-infos.com\/index.php\/2026\/04\/30\/mediation-cedeao-aes-lansana-kouyate-lance-sa-mission-et-consulte-alassane-ouattara\/#article","isPartOf":{"@id":"https:\/\/www.loni-infos.com\/index.php\/2026\/04\/30\/mediation-cedeao-aes-lansana-kouyate-lance-sa-mission-et-consulte-alassane-ouattara\/"},"author":{"name":"Madame","@id":"https:\/\/www.loni-infos.com\/#\/schema\/person\/e16452f14f9b6d926b9a650bb0d1d7c2"},"headline":"M\u00e9diation CEDEAO\u2013AES : Lansana Kouyat\u00e9 lance sa mission et consulte Alassane Ouattara","datePublished":"2026-04-30T17:34:43+00:00","dateModified":"2026-04-30T17:35:11+00:00","mainEntityOfPage":{"@id":"https:\/\/www.loni-infos.com\/index.php\/2026\/04\/30\/mediation-cedeao-aes-lansana-kouyate-lance-sa-mission-et-consulte-alassane-ouattara\/"},"wordCount":281,"commentCount":0,"image":{"@id":"https:\/\/www.loni-infos.com\/index.php\/2026\/04\/30\/mediation-cedeao-aes-lansana-kouyate-lance-sa-mission-et-consulte-alassane-ouattara\/#primaryimage"},"thumbnailUrl":"https:\/\/www.loni-infos.com\/wp-content\/uploads\/2026\/04\/686042665_1433617282143285_8968716866941977182_n.jpg","articleSection":["Politique"],"inLanguage":"fr-FR","potentialAction":[{"@type":"CommentAction","name":"Comment","target":["https:\/\/www.loni-infos.com\/index.php\/2026\/04\/30\/mediation-cedeao-aes-lansana-kouyate-lance-sa-mission-et-consulte-alassane-ouattara\/#respond"]}]},{"@type":"WebPage","@id":"https:\/\/www.loni-infos.com\/index.php\/2026\/04\/30\/mediation-cedeao-aes-lansana-kouyate-lance-sa-mission-et-consulte-alassane-ouattara\/","url":"https:\/\/www.loni-infos.com\/index.php\/2026\/04\/30\/mediation-cedeao-aes-lansana-kouyate-lance-sa-mission-et-consulte-alassane-ouattara\/","name":"M\u00e9diation CEDEAO\u2013AES : Lansana Kouyat\u00e9 lance sa mission et consulte Alassane Ouattara - Loni-infos","isPartOf":{"@id":"https:\/\/www.loni-infos.com\/#website"},"primaryImageOfPage":{"@id":"https:\/\/www.loni-infos.com\/index.php\/2026\/04\/30\/mediation-cedeao-aes-lansana-kouyate-lance-sa-mission-et-consulte-alassane-ouattara\/#primaryimage"},"image":{"@id":"https:\/\/www.loni-infos.com\/index.php\/2026\/04\/30\/mediation-cedeao-aes-lansana-kouyate-lance-sa-mission-et-consulte-alassane-ouattara\/#primaryimage"},"thumbnailUrl":"https:\/\/www.loni-infos.com\/wp-content\/uploads\/2026\/04\/686042665_1433617282143285_8968716866941977182_n.jpg","datePublished":"2026-04-30T17:34:43+00:00","dateModified":"2026-04-30T17:35:11+00:00","author":{"@id":"https:\/\/www.loni-infos.com\/#\/schema\/person\/e16452f14f9b6d926b9a650bb0d1d7c2"},"breadcrumb":{"@id":"https:\/\/www.loni-infos.com\/index.php\/2026\/04\/30\/mediation-cedeao-aes-lansana-kouyate-lance-sa-mission-et-consulte-alassane-ouattara\/#breadcrumb"},"inLanguage":"fr-FR","potentialAction":[{"@type":"ReadAction","target":["https:\/\/www.loni-infos.com\/index.php\/2026\/04\/30\/mediation-cedeao-aes-lansana-kouyate-lance-sa-mission-et-consulte-alassane-ouattara\/"]}]},{"@type":"ImageObject","inLanguage":"fr-FR","@id":"https:\/\/www.loni-infos.com\/index.php\/2026\/04\/30\/mediation-cedeao-aes-lansana-kouyate-lance-sa-mission-et-consulte-alassane-ouattara\/#primaryimage","url":"https:\/\/www.loni-infos.com\/wp-content\/uploads\/2026\/04\/686042665_1433617282143285_8968716866941977182_n.jpg","contentUrl":"https:\/\/www.loni-infos.com\/wp-content\/uploads\/2026\/04\/686042665_1433617282143285_8968716866941977182_n.jpg","width":2048,"height":1342},{"@type":"BreadcrumbList","@id":"https:\/\/www.loni-infos.com\/index.php\/2026\/04\/30\/mediation-cedeao-aes-lansana-kouyate-lance-sa-mission-et-consulte-alassane-ouattara\/#breadcrumb","itemListElement":[{"@type":"ListItem","position":1,"name":"Accueil","item":"https:\/\/www.loni-infos.com\/"},{"@type":"ListItem","position":2,"name":"M\u00e9diation CEDEAO\u2013AES : Lansana Kouyat\u00e9 lance sa mission et consulte Alassane Ouattara"}]},{"@type":"WebSite","@id":"https:\/\/www.loni-infos.com\/#website","url":"https:\/\/www.loni-infos.com\/","name":"Loni-infos","description":"Vous servir des infos est notre devoir","potentialAction":[{"@type":"SearchAction","target":{"@type":"EntryPoint","urlTemplate":"https:\/\/www.loni-infos.com\/?s={search_term_string}"},"query-input":{"@type":"PropertyValueSpecification","valueRequired":true,"valueName":"search_term_string"}}],"inLanguage":"fr-FR"},{"@type":"Person","@id":"https:\/\/www.loni-infos.com\/#\/schema\/person\/e16452f14f9b6d926b9a650bb0d1d7c2","name":"Madame","image":{"@type":"ImageObject","inLanguage":"fr-FR","@id":"https:\/\/www.loni-infos.com\/#\/schema\/person\/image\/","url":"https:\/\/secure.gravatar.com\/avatar\/01526220341eccec8a3d64e54b1d8169b578cce35ab5747e90c66ff74fabcc79?s=96&d=mm&r=g","contentUrl":"https:\/\/secure.gravatar.com\/avatar\/01526220341eccec8a3d64e54b1d8169b578cce35ab5747e90c66ff74fabcc79?s=96&d=mm&r=g","caption":"Madame"},"url":"https:\/\/www.loni-infos.com\/index.php\/author\/madame\/"}]}},"_links":{"self":[{"href":"https:\/\/www.loni-infos.com\/index.php\/wp-json\/wp\/v2\/posts\/17365","targetHints":{"allow":["GET"]}}],"collection":[{"href":"https:\/\/www.loni-infos.com\/index.php\/wp-json\/wp\/v2\/posts"}],"about":[{"href":"https:\/\/www.loni-infos.com\/index.php\/wp-json\/wp\/v2\/types\/post"}],"author":[{"embeddable":true,"href":"https:\/\/www.loni-infos.com\/index.php\/wp-json\/wp\/v2\/users\/6"}],"replies":[{"embeddable":true,"href":"https:\/\/www.loni-infos.com\/index.php\/wp-json\/wp\/v2\/comments?post=17365"}],"version-history":[{"count":1,"href":"https:\/\/www.loni-infos.com\/index.php\/wp-json\/wp\/v2\/posts\/17365\/revisions"}],"predecessor-version":[{"id":17369,"href":"https:\/\/www.loni-infos.com\/index.php\/wp-json\/wp\/v2\/posts\/17365\/revisions\/17369"}],"wp:featuredmedia":[{"embeddable":true,"href":"https:\/\/www.loni-infos.com\/index.php\/wp-json\/wp\/v2\/media\/17368"}],"wp:attachment":[{"href":"https:\/\/www.loni-infos.com\/index.php\/wp-json\/wp\/v2\/media?parent=17365"}],"wp:term":[{"taxonomy":"category","embeddable":true,"href":"https:\/\/www.loni-infos.com\/index.php\/wp-json\/wp\/v2\/categories?post=17365"},{"taxonomy":"post_tag","embeddable":true,"href":"https:\/\/www.loni-infos.com\/index.php\/wp-json\/wp\/v2\/tags?post=17365"}],"curies":[{"name":"wp","href":"https:\/\/api.w.org\/{rel}","templated":true}]}}