{"id":17389,"date":"2026-05-02T11:01:37","date_gmt":"2026-05-02T09:01:37","guid":{"rendered":"https:\/\/www.loni-infos.com\/?p=17389"},"modified":"2026-05-02T11:01:38","modified_gmt":"2026-05-02T09:01:38","slug":"mali-des-militaires-soupconnes-apres-les-attaques-du-25-avril","status":"publish","type":"post","link":"https:\/\/www.loni-infos.com\/index.php\/2026\/05\/02\/mali-des-militaires-soupconnes-apres-les-attaques-du-25-avril\/","title":{"rendered":"Mali : des militaires soup\u00e7onn\u00e9s apr\u00e8s les attaques du 25 avril"},"content":{"rendered":"\n<p>Le procureur de la R\u00e9publique pr\u00e8s le tribunal militaire de Bamako a annonc\u00e9, vendredi, l\u2019ouverture d\u2019une enqu\u00eate judiciaire \u00e0 la suite des attaques terroristes survenues le 25 avril 2026 au Mali, visant plusieurs positions des Forces arm\u00e9es et de s\u00e9curit\u00e9.<\/p>\n\n\n\n<p>Dans un communiqu\u00e9 rendu public, le parquet militaire pr\u00e9cise que ces attaques ont notamment cibl\u00e9 des sites \u00e0 Bamako, \u00e0 Kati, ainsi que le domicile du ministre de la D\u00e9fense et des Anciens Combattants.<\/p>\n\n\n\n<p>Selon les premi\u00e8res conclusions de l\u2019enqu\u00eate, les investigations ont permis d\u2019\u00e9tablir \u00ab un faisceau d\u2019\u00e9l\u00e9ments solides \u00bb indiquant la complicit\u00e9 de certains militaires, y compris des personnels radi\u00e9s ou en instance de radiation. Ces derniers seraient impliqu\u00e9s dans la planification, la coordination et l\u2019ex\u00e9cution des attaques.<\/p>\n\n\n\n<p>Le parquet \u00e9voque \u00e9galement l\u2019implication pr\u00e9sum\u00e9e de certaines figures politiques, dont le Dr Oumar Mariko.<\/p>\n\n\n\n<p>L\u2019enqu\u00eate confirme par ailleurs la participation d\u2019un militaire radi\u00e9, Alassane Diallo, dit \u00ab Abedi \u00bb, tu\u00e9 lors des combats ayant vis\u00e9 Kati.<\/p>\n\n\n\n<p>Plusieurs suspects ont \u00e9t\u00e9 identifi\u00e9s comme coauteurs ou complices, parmi lesquels : le sergent Diakaridia Sodio (en activit\u00e9), l\u2019adjudant Moussa Diane (en activit\u00e9), l\u2019adjudant-chef Mamadou Ke\u00efta (en activit\u00e9) et So\u00efba Diarra (militaire \u00e0 la retraite).<\/p>\n\n\n\n<p>Le communiqu\u00e9 indique que des interpellations ont d\u00e9j\u00e0 \u00e9t\u00e9 effectu\u00e9es \u00ab avec succ\u00e8s \u00bb et que les autres suspects font l\u2019objet de recherches actives.<\/p>\n\n\n\n<p>Le procureur a salu\u00e9 le professionnalisme des unit\u00e9s d\u2019enqu\u00eate et des services de s\u00e9curit\u00e9, tout en assurant que les proc\u00e9dures en cours seront men\u00e9es dans le strict respect des lois en vigueur.<\/p>\n\n\n\n<p>Les autorit\u00e9s judiciaires ont enfin promis de tenir r\u00e9guli\u00e8rement inform\u00e9e l\u2019opinion publique nationale et internationale de l\u2019\u00e9volution de l\u2019enqu\u00eate.<\/p>\n\n\n\n<p><strong>Hommage au g\u00e9n\u00e9ral Sadio Camara<\/strong><\/p>\n\n\n\n<p>Lors de ces attaques, le ministre de la D\u00e9fense et des Anciens Combattants, le g\u00e9n\u00e9ral de corps d\u2019arm\u00e9e Sadio Camara, a \u00e9t\u00e9 tu\u00e9 lors d\u2019une attaque visant son domicile \u00e0 Kati, premi\u00e8re r\u00e9gion militaire du pays.<\/p>\n\n\n\n<p>Le Mali a rendu, jeudi, un hommage solennel au g\u00e9n\u00e9ral Sadio Camara, ministre d\u2019\u00c9tat charg\u00e9 de la D\u00e9fense et des Anciens Combattants, d\u00e9c\u00e9d\u00e9 le 25 avril 2026 dans une attaque terroriste \u00e0 Bamako.<\/p>\n\n\n\n<p>Lors de fun\u00e9railles nationales marqu\u00e9es par une forte \u00e9motion, autorit\u00e9s politiques et militaires, proches et anonymes se sont r\u00e9unis pour saluer la m\u00e9moire d\u2019un homme pr\u00e9sent\u00e9 comme \u00ab enti\u00e8rement consacr\u00e9 au service de la patrie \u00bb.<\/p>\n\n\n\n<p>\u00ab Nous nous inclinons devant la m\u00e9moire d\u2019un homme dont la vie fut d\u00e9di\u00e9e \u00e0 la d\u00e9fense du Mali \u00bb, a d\u00e9clar\u00e9 un porte-parole de la famille, rappelant que le g\u00e9n\u00e9ral Camara est \u00ab tomb\u00e9 aux c\u00f4t\u00e9s de nombreuses victimes, connues ou anonymes \u00bb, dans une attaque illustrant \u00ab la dure r\u00e9alit\u00e9 des menaces auxquelles la nation est confront\u00e9e \u00bb.<\/p>\n\n\n\n<p>Plusieurs intervenants ont insist\u00e9 sur l\u2019h\u00e9ritage laiss\u00e9 par le d\u00e9funt, d\u00e9crit comme un officier \u00ab disciplin\u00e9, courageux et profond\u00e9ment engag\u00e9 \u00bb dans la d\u00e9fense de l\u2019int\u00e9grit\u00e9 territoriale et de la souverainet\u00e9 nationale.<\/p>\n\n\n\n<p>Sa disparition constitue, ont-ils soulign\u00e9, une perte majeure pour les forces arm\u00e9es maliennes et pour l\u2019ensemble du pays.<\/p>\n","protected":false},"excerpt":{"rendered":"<p>Le procureur de la R\u00e9publique pr\u00e8s le tribunal militaire de Bamako a annonc\u00e9, vendredi, l\u2019ouverture d\u2019une enqu\u00eate judiciaire \u00e0 la suite des attaques terroristes survenues le 25 avril 2026 au Mali, visant plusieurs positions des Forces arm\u00e9es et de s\u00e9curit\u00e9. Dans un communiqu\u00e9 rendu public, le parquet militaire pr\u00e9cise que ces attaques ont notamment cibl\u00e9<\/p>\n","protected":false},"author":6,"featured_media":17390,"comment_status":"open","ping_status":"open","sticky":false,"template":"","format":"standard","meta":{"footnotes":""},"categories":[32],"tags":[],"class_list":{"0":"post-17389","1":"post","2":"type-post","3":"status-publish","4":"format-standard","5":"has-post-thumbnail","7":"category-monde"},"yoast_head":"<!-- This site is optimized with the Yoast SEO plugin v27.0 - https:\/\/yoast.com\/product\/yoast-seo-wordpress\/ -->\n<title>Mali : des militaires soup\u00e7onn\u00e9s apr\u00e8s les attaques du 25 avril - Loni-infos<\/title>\n<meta name=\"robots\" content=\"index, follow, max-snippet:-1, max-image-preview:large, max-video-preview:-1\" \/>\n<link rel=\"canonical\" href=\"https:\/\/www.loni-infos.com\/index.php\/2026\/05\/02\/mali-des-militaires-soupconnes-apres-les-attaques-du-25-avril\/\" \/>\n<meta property=\"og:locale\" content=\"fr_FR\" \/>\n<meta property=\"og:type\" content=\"article\" \/>\n<meta property=\"og:title\" content=\"Mali : des militaires soup\u00e7onn\u00e9s apr\u00e8s les attaques du 25 avril - Loni-infos\" \/>\n<meta property=\"og:description\" content=\"Le procureur de la R\u00e9publique pr\u00e8s le tribunal militaire de Bamako a annonc\u00e9, vendredi, l\u2019ouverture d\u2019une enqu\u00eate judiciaire \u00e0 la suite des attaques terroristes survenues le 25 avril 2026 au Mali, visant plusieurs positions des Forces arm\u00e9es et de s\u00e9curit\u00e9. Dans un communiqu\u00e9 rendu public, le parquet militaire pr\u00e9cise que ces attaques ont notamment cibl\u00e9\" \/>\n<meta property=\"og:url\" content=\"https:\/\/www.loni-infos.com\/index.php\/2026\/05\/02\/mali-des-militaires-soupconnes-apres-les-attaques-du-25-avril\/\" \/>\n<meta property=\"og:site_name\" content=\"Loni-infos\" \/>\n<meta property=\"article:published_time\" content=\"2026-05-02T09:01:37+00:00\" \/>\n<meta property=\"article:modified_time\" content=\"2026-05-02T09:01:38+00:00\" \/>\n<meta property=\"og:image\" content=\"https:\/\/www.loni-infos.com\/wp-content\/uploads\/2026\/05\/Mali.jpg\" \/>\n\t<meta property=\"og:image:width\" content=\"864\" \/>\n\t<meta property=\"og:image:height\" content=\"486\" \/>\n\t<meta property=\"og:image:type\" content=\"image\/jpeg\" \/>\n<meta name=\"author\" content=\"Madame\" \/>\n<meta name=\"twitter:card\" content=\"summary_large_image\" \/>\n<meta name=\"twitter:label1\" content=\"\u00c9crit par\" \/>\n\t<meta name=\"twitter:data1\" content=\"Madame\" \/>\n\t<meta name=\"twitter:label2\" content=\"Dur\u00e9e de lecture estim\u00e9e\" \/>\n\t<meta name=\"twitter:data2\" content=\"3 minutes\" \/>\n<script type=\"application\/ld+json\" class=\"yoast-schema-graph\">{\"@context\":\"https:\/\/schema.org\",\"@graph\":[{\"@type\":\"Article\",\"@id\":\"https:\/\/www.loni-infos.com\/index.php\/2026\/05\/02\/mali-des-militaires-soupconnes-apres-les-attaques-du-25-avril\/#article\",\"isPartOf\":{\"@id\":\"https:\/\/www.loni-infos.com\/index.php\/2026\/05\/02\/mali-des-militaires-soupconnes-apres-les-attaques-du-25-avril\/\"},\"author\":{\"name\":\"Madame\",\"@id\":\"https:\/\/www.loni-infos.com\/#\/schema\/person\/e16452f14f9b6d926b9a650bb0d1d7c2\"},\"headline\":\"Mali : des militaires soup\u00e7onn\u00e9s apr\u00e8s les attaques du 25 avril\",\"datePublished\":\"2026-05-02T09:01:37+00:00\",\"dateModified\":\"2026-05-02T09:01:38+00:00\",\"mainEntityOfPage\":{\"@id\":\"https:\/\/www.loni-infos.com\/index.php\/2026\/05\/02\/mali-des-militaires-soupconnes-apres-les-attaques-du-25-avril\/\"},\"wordCount\":565,\"commentCount\":0,\"image\":{\"@id\":\"https:\/\/www.loni-infos.com\/index.php\/2026\/05\/02\/mali-des-militaires-soupconnes-apres-les-attaques-du-25-avril\/#primaryimage\"},\"thumbnailUrl\":\"https:\/\/www.loni-infos.com\/wp-content\/uploads\/2026\/05\/Mali.jpg\",\"articleSection\":[\"Monde\"],\"inLanguage\":\"fr-FR\",\"potentialAction\":[{\"@type\":\"CommentAction\",\"name\":\"Comment\",\"target\":[\"https:\/\/www.loni-infos.com\/index.php\/2026\/05\/02\/mali-des-militaires-soupconnes-apres-les-attaques-du-25-avril\/#respond\"]}]},{\"@type\":\"WebPage\",\"@id\":\"https:\/\/www.loni-infos.com\/index.php\/2026\/05\/02\/mali-des-militaires-soupconnes-apres-les-attaques-du-25-avril\/\",\"url\":\"https:\/\/www.loni-infos.com\/index.php\/2026\/05\/02\/mali-des-militaires-soupconnes-apres-les-attaques-du-25-avril\/\",\"name\":\"Mali : des militaires soup\u00e7onn\u00e9s apr\u00e8s les attaques du 25 avril - Loni-infos\",\"isPartOf\":{\"@id\":\"https:\/\/www.loni-infos.com\/#website\"},\"primaryImageOfPage\":{\"@id\":\"https:\/\/www.loni-infos.com\/index.php\/2026\/05\/02\/mali-des-militaires-soupconnes-apres-les-attaques-du-25-avril\/#primaryimage\"},\"image\":{\"@id\":\"https:\/\/www.loni-infos.com\/index.php\/2026\/05\/02\/mali-des-militaires-soupconnes-apres-les-attaques-du-25-avril\/#primaryimage\"},\"thumbnailUrl\":\"https:\/\/www.loni-infos.com\/wp-content\/uploads\/2026\/05\/Mali.jpg\",\"datePublished\":\"2026-05-02T09:01:37+00:00\",\"dateModified\":\"2026-05-02T09:01:38+00:00\",\"author\":{\"@id\":\"https:\/\/www.loni-infos.com\/#\/schema\/person\/e16452f14f9b6d926b9a650bb0d1d7c2\"},\"breadcrumb\":{\"@id\":\"https:\/\/www.loni-infos.com\/index.php\/2026\/05\/02\/mali-des-militaires-soupconnes-apres-les-attaques-du-25-avril\/#breadcrumb\"},\"inLanguage\":\"fr-FR\",\"potentialAction\":[{\"@type\":\"ReadAction\",\"target\":[\"https:\/\/www.loni-infos.com\/index.php\/2026\/05\/02\/mali-des-militaires-soupconnes-apres-les-attaques-du-25-avril\/\"]}]},{\"@type\":\"ImageObject\",\"inLanguage\":\"fr-FR\",\"@id\":\"https:\/\/www.loni-infos.com\/index.php\/2026\/05\/02\/mali-des-militaires-soupconnes-apres-les-attaques-du-25-avril\/#primaryimage\",\"url\":\"https:\/\/www.loni-infos.com\/wp-content\/uploads\/2026\/05\/Mali.jpg\",\"contentUrl\":\"https:\/\/www.loni-infos.com\/wp-content\/uploads\/2026\/05\/Mali.jpg\",\"width\":864,\"height\":486},{\"@type\":\"BreadcrumbList\",\"@id\":\"https:\/\/www.loni-infos.com\/index.php\/2026\/05\/02\/mali-des-militaires-soupconnes-apres-les-attaques-du-25-avril\/#breadcrumb\",\"itemListElement\":[{\"@type\":\"ListItem\",\"position\":1,\"name\":\"Accueil\",\"item\":\"https:\/\/www.loni-infos.com\/\"},{\"@type\":\"ListItem\",\"position\":2,\"name\":\"Mali : des militaires soup\u00e7onn\u00e9s apr\u00e8s les attaques du 25 avril\"}]},{\"@type\":\"WebSite\",\"@id\":\"https:\/\/www.loni-infos.com\/#website\",\"url\":\"https:\/\/www.loni-infos.com\/\",\"name\":\"Loni-infos\",\"description\":\"Vous servir des infos est notre devoir\",\"potentialAction\":[{\"@type\":\"SearchAction\",\"target\":{\"@type\":\"EntryPoint\",\"urlTemplate\":\"https:\/\/www.loni-infos.com\/?s={search_term_string}\"},\"query-input\":{\"@type\":\"PropertyValueSpecification\",\"valueRequired\":true,\"valueName\":\"search_term_string\"}}],\"inLanguage\":\"fr-FR\"},{\"@type\":\"Person\",\"@id\":\"https:\/\/www.loni-infos.com\/#\/schema\/person\/e16452f14f9b6d926b9a650bb0d1d7c2\",\"name\":\"Madame\",\"image\":{\"@type\":\"ImageObject\",\"inLanguage\":\"fr-FR\",\"@id\":\"https:\/\/www.loni-infos.com\/#\/schema\/person\/image\/\",\"url\":\"https:\/\/secure.gravatar.com\/avatar\/01526220341eccec8a3d64e54b1d8169b578cce35ab5747e90c66ff74fabcc79?s=96&d=mm&r=g\",\"contentUrl\":\"https:\/\/secure.gravatar.com\/avatar\/01526220341eccec8a3d64e54b1d8169b578cce35ab5747e90c66ff74fabcc79?s=96&d=mm&r=g\",\"caption\":\"Madame\"},\"url\":\"https:\/\/www.loni-infos.com\/index.php\/author\/madame\/\"}]}<\/script>\n<!-- \/ Yoast SEO plugin. -->","yoast_head_json":{"title":"Mali : des militaires soup\u00e7onn\u00e9s apr\u00e8s les attaques du 25 avril - Loni-infos","robots":{"index":"index","follow":"follow","max-snippet":"max-snippet:-1","max-image-preview":"max-image-preview:large","max-video-preview":"max-video-preview:-1"},"canonical":"https:\/\/www.loni-infos.com\/index.php\/2026\/05\/02\/mali-des-militaires-soupconnes-apres-les-attaques-du-25-avril\/","og_locale":"fr_FR","og_type":"article","og_title":"Mali : des militaires soup\u00e7onn\u00e9s apr\u00e8s les attaques du 25 avril - Loni-infos","og_description":"Le procureur de la R\u00e9publique pr\u00e8s le tribunal militaire de Bamako a annonc\u00e9, vendredi, l\u2019ouverture d\u2019une enqu\u00eate judiciaire \u00e0 la suite des attaques terroristes survenues le 25 avril 2026 au Mali, visant plusieurs positions des Forces arm\u00e9es et de s\u00e9curit\u00e9. Dans un communiqu\u00e9 rendu public, le parquet militaire pr\u00e9cise que ces attaques ont notamment cibl\u00e9","og_url":"https:\/\/www.loni-infos.com\/index.php\/2026\/05\/02\/mali-des-militaires-soupconnes-apres-les-attaques-du-25-avril\/","og_site_name":"Loni-infos","article_published_time":"2026-05-02T09:01:37+00:00","article_modified_time":"2026-05-02T09:01:38+00:00","og_image":[{"width":864,"height":486,"url":"https:\/\/www.loni-infos.com\/wp-content\/uploads\/2026\/05\/Mali.jpg","type":"image\/jpeg"}],"author":"Madame","twitter_card":"summary_large_image","twitter_misc":{"\u00c9crit par":"Madame","Dur\u00e9e de lecture estim\u00e9e":"3 minutes"},"schema":{"@context":"https:\/\/schema.org","@graph":[{"@type":"Article","@id":"https:\/\/www.loni-infos.com\/index.php\/2026\/05\/02\/mali-des-militaires-soupconnes-apres-les-attaques-du-25-avril\/#article","isPartOf":{"@id":"https:\/\/www.loni-infos.com\/index.php\/2026\/05\/02\/mali-des-militaires-soupconnes-apres-les-attaques-du-25-avril\/"},"author":{"name":"Madame","@id":"https:\/\/www.loni-infos.com\/#\/schema\/person\/e16452f14f9b6d926b9a650bb0d1d7c2"},"headline":"Mali : des militaires soup\u00e7onn\u00e9s apr\u00e8s les attaques du 25 avril","datePublished":"2026-05-02T09:01:37+00:00","dateModified":"2026-05-02T09:01:38+00:00","mainEntityOfPage":{"@id":"https:\/\/www.loni-infos.com\/index.php\/2026\/05\/02\/mali-des-militaires-soupconnes-apres-les-attaques-du-25-avril\/"},"wordCount":565,"commentCount":0,"image":{"@id":"https:\/\/www.loni-infos.com\/index.php\/2026\/05\/02\/mali-des-militaires-soupconnes-apres-les-attaques-du-25-avril\/#primaryimage"},"thumbnailUrl":"https:\/\/www.loni-infos.com\/wp-content\/uploads\/2026\/05\/Mali.jpg","articleSection":["Monde"],"inLanguage":"fr-FR","potentialAction":[{"@type":"CommentAction","name":"Comment","target":["https:\/\/www.loni-infos.com\/index.php\/2026\/05\/02\/mali-des-militaires-soupconnes-apres-les-attaques-du-25-avril\/#respond"]}]},{"@type":"WebPage","@id":"https:\/\/www.loni-infos.com\/index.php\/2026\/05\/02\/mali-des-militaires-soupconnes-apres-les-attaques-du-25-avril\/","url":"https:\/\/www.loni-infos.com\/index.php\/2026\/05\/02\/mali-des-militaires-soupconnes-apres-les-attaques-du-25-avril\/","name":"Mali : des militaires soup\u00e7onn\u00e9s apr\u00e8s les attaques du 25 avril - Loni-infos","isPartOf":{"@id":"https:\/\/www.loni-infos.com\/#website"},"primaryImageOfPage":{"@id":"https:\/\/www.loni-infos.com\/index.php\/2026\/05\/02\/mali-des-militaires-soupconnes-apres-les-attaques-du-25-avril\/#primaryimage"},"image":{"@id":"https:\/\/www.loni-infos.com\/index.php\/2026\/05\/02\/mali-des-militaires-soupconnes-apres-les-attaques-du-25-avril\/#primaryimage"},"thumbnailUrl":"https:\/\/www.loni-infos.com\/wp-content\/uploads\/2026\/05\/Mali.jpg","datePublished":"2026-05-02T09:01:37+00:00","dateModified":"2026-05-02T09:01:38+00:00","author":{"@id":"https:\/\/www.loni-infos.com\/#\/schema\/person\/e16452f14f9b6d926b9a650bb0d1d7c2"},"breadcrumb":{"@id":"https:\/\/www.loni-infos.com\/index.php\/2026\/05\/02\/mali-des-militaires-soupconnes-apres-les-attaques-du-25-avril\/#breadcrumb"},"inLanguage":"fr-FR","potentialAction":[{"@type":"ReadAction","target":["https:\/\/www.loni-infos.com\/index.php\/2026\/05\/02\/mali-des-militaires-soupconnes-apres-les-attaques-du-25-avril\/"]}]},{"@type":"ImageObject","inLanguage":"fr-FR","@id":"https:\/\/www.loni-infos.com\/index.php\/2026\/05\/02\/mali-des-militaires-soupconnes-apres-les-attaques-du-25-avril\/#primaryimage","url":"https:\/\/www.loni-infos.com\/wp-content\/uploads\/2026\/05\/Mali.jpg","contentUrl":"https:\/\/www.loni-infos.com\/wp-content\/uploads\/2026\/05\/Mali.jpg","width":864,"height":486},{"@type":"BreadcrumbList","@id":"https:\/\/www.loni-infos.com\/index.php\/2026\/05\/02\/mali-des-militaires-soupconnes-apres-les-attaques-du-25-avril\/#breadcrumb","itemListElement":[{"@type":"ListItem","position":1,"name":"Accueil","item":"https:\/\/www.loni-infos.com\/"},{"@type":"ListItem","position":2,"name":"Mali : des militaires soup\u00e7onn\u00e9s apr\u00e8s les attaques du 25 avril"}]},{"@type":"WebSite","@id":"https:\/\/www.loni-infos.com\/#website","url":"https:\/\/www.loni-infos.com\/","name":"Loni-infos","description":"Vous servir des infos est notre devoir","potentialAction":[{"@type":"SearchAction","target":{"@type":"EntryPoint","urlTemplate":"https:\/\/www.loni-infos.com\/?s={search_term_string}"},"query-input":{"@type":"PropertyValueSpecification","valueRequired":true,"valueName":"search_term_string"}}],"inLanguage":"fr-FR"},{"@type":"Person","@id":"https:\/\/www.loni-infos.com\/#\/schema\/person\/e16452f14f9b6d926b9a650bb0d1d7c2","name":"Madame","image":{"@type":"ImageObject","inLanguage":"fr-FR","@id":"https:\/\/www.loni-infos.com\/#\/schema\/person\/image\/","url":"https:\/\/secure.gravatar.com\/avatar\/01526220341eccec8a3d64e54b1d8169b578cce35ab5747e90c66ff74fabcc79?s=96&d=mm&r=g","contentUrl":"https:\/\/secure.gravatar.com\/avatar\/01526220341eccec8a3d64e54b1d8169b578cce35ab5747e90c66ff74fabcc79?s=96&d=mm&r=g","caption":"Madame"},"url":"https:\/\/www.loni-infos.com\/index.php\/author\/madame\/"}]}},"_links":{"self":[{"href":"https:\/\/www.loni-infos.com\/index.php\/wp-json\/wp\/v2\/posts\/17389","targetHints":{"allow":["GET"]}}],"collection":[{"href":"https:\/\/www.loni-infos.com\/index.php\/wp-json\/wp\/v2\/posts"}],"about":[{"href":"https:\/\/www.loni-infos.com\/index.php\/wp-json\/wp\/v2\/types\/post"}],"author":[{"embeddable":true,"href":"https:\/\/www.loni-infos.com\/index.php\/wp-json\/wp\/v2\/users\/6"}],"replies":[{"embeddable":true,"href":"https:\/\/www.loni-infos.com\/index.php\/wp-json\/wp\/v2\/comments?post=17389"}],"version-history":[{"count":1,"href":"https:\/\/www.loni-infos.com\/index.php\/wp-json\/wp\/v2\/posts\/17389\/revisions"}],"predecessor-version":[{"id":17391,"href":"https:\/\/www.loni-infos.com\/index.php\/wp-json\/wp\/v2\/posts\/17389\/revisions\/17391"}],"wp:featuredmedia":[{"embeddable":true,"href":"https:\/\/www.loni-infos.com\/index.php\/wp-json\/wp\/v2\/media\/17390"}],"wp:attachment":[{"href":"https:\/\/www.loni-infos.com\/index.php\/wp-json\/wp\/v2\/media?parent=17389"}],"wp:term":[{"taxonomy":"category","embeddable":true,"href":"https:\/\/www.loni-infos.com\/index.php\/wp-json\/wp\/v2\/categories?post=17389"},{"taxonomy":"post_tag","embeddable":true,"href":"https:\/\/www.loni-infos.com\/index.php\/wp-json\/wp\/v2\/tags?post=17389"}],"curies":[{"name":"wp","href":"https:\/\/api.w.org\/{rel}","templated":true}]}}