{"id":18233,"date":"2026-08-25T10:01:30","date_gmt":"2026-08-25T08:01:30","guid":{"rendered":"https:\/\/www.loni-infos.com\/?p=18233"},"modified":"2026-08-25T10:01:32","modified_gmt":"2026-08-25T08:01:32","slug":"litterature-le-journaliste-babanou-timbo-camara-publie-son-premier-roman-des-epines-a-letincelle","status":"publish","type":"post","link":"https:\/\/www.loni-infos.com\/index.php\/2026\/08\/25\/litterature-le-journaliste-babanou-timbo-camara-publie-son-premier-roman-des-epines-a-letincelle\/","title":{"rendered":"Litt\u00e9rature : le journaliste Babanou Timbo Camara publie son premier roman \u00ab Des \u00c9pines \u00e0 l\u2019\u00c9tincelle\u00bb"},"content":{"rendered":"\n<p class=\"wp-block-paragraph\">Des \u00c9pines \u00e0 l\u2019Etincelle retrace le parcours bouleversant d\u2019un jeune gar\u00e7on confront\u00e9 tr\u00e8s t\u00f4t aux \u00e9preuves de la vie : divorce de ses parents, difficult\u00e9s familiales, pauvret\u00e9, violences post-\u00e9lectorales et n\u00e9cessit\u00e9 de se battre pour survivre.<\/p>\n\n\n\n<p class=\"wp-block-paragraph\">De son village natal \u00e0 Conakry, son chemin est jalonn\u00e9 d\u2019obstacles, mais aussi de rencontres et d\u2019espoir. Malgr\u00e9 les temp\u00eates, il refuse de renoncer et poursuit son combat.<br>Des \u00e9pines \u00e0 l\u2019\u00c9tincelle est une histoire de r\u00e9silience, de courage et de d\u00e9termination, celle d\u2019un jeune homme qui, \u00e0 l\u2019image d\u2019une chenille agripp\u00e9e \u00e0 sa feuille pendant l\u2019hivernage, s\u2019accroche \u00e0 la vie.<\/p>\n\n\n\n<p class=\"wp-block-paragraph\">\ud83d\udd25 Un parcours marqu\u00e9 par les \u00e9pines. Une vie transform\u00e9e en \u00e9tincelle. Une histoire \u00e0 d\u00e9couvrir absolument.<\/p>\n\n\n\n<p class=\"wp-block-paragraph\">\ud83d\udcd6 Des \u00e9pines \u00e0 l\u2019\u00c9tincelle<br>\ud83d\udcb0 Prix : 120 000 GNF<br>Disponible d\u00e8s maintenant :<br>\ud83d\udccdContact : 00224 628862208<br>\ud83d\udccdAux \u00c9ditions Plumes Inspir\u00e9es ( 00224 621 997 437)<\/p>\n","protected":false},"excerpt":{"rendered":"<p>Des \u00c9pines \u00e0 l\u2019Etincelle retrace le parcours bouleversant d\u2019un jeune gar\u00e7on confront\u00e9 tr\u00e8s t\u00f4t aux \u00e9preuves de la vie : divorce de ses parents, difficult\u00e9s familiales, pauvret\u00e9, violences post-\u00e9lectorales et n\u00e9cessit\u00e9 de se battre pour survivre. De son village natal \u00e0 Conakry, son chemin est jalonn\u00e9 d\u2019obstacles, mais aussi de rencontres et d\u2019espoir. Malgr\u00e9 les<\/p>\n","protected":false},"author":6,"featured_media":18234,"comment_status":"open","ping_status":"open","sticky":false,"template":"","format":"standard","meta":{"footnotes":""},"categories":[79],"tags":[],"class_list":["post-18233","post","type-post","status-publish","format-standard","has-post-thumbnail","category-publireportage"],"yoast_head":"<!-- This site is optimized with the Yoast SEO plugin v27.7 - https:\/\/yoast.com\/product\/yoast-seo-wordpress\/ -->\n<title>Litt\u00e9rature : le journaliste Babanou Timbo Camara publie son premier roman \u00ab Des \u00c9pines \u00e0 l\u2019\u00c9tincelle\u00bb - Loni-infos<\/title>\n<meta name=\"robots\" content=\"index, follow, max-snippet:-1, max-image-preview:large, max-video-preview:-1\" \/>\n<link rel=\"canonical\" href=\"https:\/\/www.loni-infos.com\/index.php\/2026\/08\/25\/litterature-le-journaliste-babanou-timbo-camara-publie-son-premier-roman-des-epines-a-letincelle\/\" \/>\n<meta property=\"og:locale\" content=\"fr_FR\" \/>\n<meta property=\"og:type\" content=\"article\" \/>\n<meta property=\"og:title\" content=\"Litt\u00e9rature : le journaliste Babanou Timbo Camara publie son premier roman \u00ab Des \u00c9pines \u00e0 l\u2019\u00c9tincelle\u00bb - Loni-infos\" \/>\n<meta property=\"og:description\" content=\"Des \u00c9pines \u00e0 l\u2019Etincelle retrace le parcours bouleversant d\u2019un jeune gar\u00e7on confront\u00e9 tr\u00e8s t\u00f4t aux \u00e9preuves de la vie : divorce de ses parents, difficult\u00e9s familiales, pauvret\u00e9, violences post-\u00e9lectorales et n\u00e9cessit\u00e9 de se battre pour survivre. De son village natal \u00e0 Conakry, son chemin est jalonn\u00e9 d\u2019obstacles, mais aussi de rencontres et d\u2019espoir. Malgr\u00e9 les\" \/>\n<meta property=\"og:url\" content=\"https:\/\/www.loni-infos.com\/index.php\/2026\/08\/25\/litterature-le-journaliste-babanou-timbo-camara-publie-son-premier-roman-des-epines-a-letincelle\/\" \/>\n<meta property=\"og:site_name\" content=\"Loni-infos\" \/>\n<meta property=\"article:published_time\" content=\"2026-08-25T08:01:30+00:00\" \/>\n<meta property=\"article:modified_time\" content=\"2026-08-25T08:01:32+00:00\" \/>\n<meta property=\"og:image\" content=\"https:\/\/www.loni-infos.com\/wp-content\/uploads\/2026\/08\/WhatsApp-Image-2026-08-24-at-11.41.36.jpeg\" \/>\n\t<meta property=\"og:image:width\" content=\"1080\" \/>\n\t<meta property=\"og:image:height\" content=\"982\" \/>\n\t<meta property=\"og:image:type\" content=\"image\/jpeg\" \/>\n<meta name=\"author\" content=\"Loni-infos\" \/>\n<meta name=\"twitter:card\" content=\"summary_large_image\" \/>\n<meta name=\"twitter:label1\" content=\"\u00c9crit par\" \/>\n\t<meta name=\"twitter:data1\" content=\"Loni-infos\" \/>\n\t<meta name=\"twitter:label2\" content=\"Dur\u00e9e de lecture estim\u00e9e\" \/>\n\t<meta name=\"twitter:data2\" content=\"1 minute\" \/>\n<script type=\"application\/ld+json\" class=\"yoast-schema-graph\">{\"@context\":\"https:\\\/\\\/schema.org\",\"@graph\":[{\"@type\":\"Article\",\"@id\":\"https:\\\/\\\/www.loni-infos.com\\\/index.php\\\/2026\\\/08\\\/25\\\/litterature-le-journaliste-babanou-timbo-camara-publie-son-premier-roman-des-epines-a-letincelle\\\/#article\",\"isPartOf\":{\"@id\":\"https:\\\/\\\/www.loni-infos.com\\\/index.php\\\/2026\\\/08\\\/25\\\/litterature-le-journaliste-babanou-timbo-camara-publie-son-premier-roman-des-epines-a-letincelle\\\/\"},\"author\":{\"name\":\"Loni-infos\",\"@id\":\"https:\\\/\\\/www.loni-infos.com\\\/#\\\/schema\\\/person\\\/e16452f14f9b6d926b9a650bb0d1d7c2\"},\"headline\":\"Litt\u00e9rature : le journaliste Babanou Timbo Camara publie son premier roman \u00ab Des \u00c9pines \u00e0 l\u2019\u00c9tincelle\u00bb\",\"datePublished\":\"2026-08-25T08:01:30+00:00\",\"dateModified\":\"2026-08-25T08:01:32+00:00\",\"mainEntityOfPage\":{\"@id\":\"https:\\\/\\\/www.loni-infos.com\\\/index.php\\\/2026\\\/08\\\/25\\\/litterature-le-journaliste-babanou-timbo-camara-publie-son-premier-roman-des-epines-a-letincelle\\\/\"},\"wordCount\":157,\"commentCount\":0,\"image\":{\"@id\":\"https:\\\/\\\/www.loni-infos.com\\\/index.php\\\/2026\\\/08\\\/25\\\/litterature-le-journaliste-babanou-timbo-camara-publie-son-premier-roman-des-epines-a-letincelle\\\/#primaryimage\"},\"thumbnailUrl\":\"https:\\\/\\\/www.loni-infos.com\\\/wp-content\\\/uploads\\\/2026\\\/08\\\/WhatsApp-Image-2026-08-24-at-11.41.36.jpeg\",\"articleSection\":[\"Publireportage\"],\"inLanguage\":\"fr-FR\",\"potentialAction\":[{\"@type\":\"CommentAction\",\"name\":\"Comment\",\"target\":[\"https:\\\/\\\/www.loni-infos.com\\\/index.php\\\/2026\\\/08\\\/25\\\/litterature-le-journaliste-babanou-timbo-camara-publie-son-premier-roman-des-epines-a-letincelle\\\/#respond\"]}]},{\"@type\":\"WebPage\",\"@id\":\"https:\\\/\\\/www.loni-infos.com\\\/index.php\\\/2026\\\/08\\\/25\\\/litterature-le-journaliste-babanou-timbo-camara-publie-son-premier-roman-des-epines-a-letincelle\\\/\",\"url\":\"https:\\\/\\\/www.loni-infos.com\\\/index.php\\\/2026\\\/08\\\/25\\\/litterature-le-journaliste-babanou-timbo-camara-publie-son-premier-roman-des-epines-a-letincelle\\\/\",\"name\":\"Litt\u00e9rature : le journaliste Babanou Timbo Camara publie son premier roman \u00ab Des \u00c9pines \u00e0 l\u2019\u00c9tincelle\u00bb - Loni-infos\",\"isPartOf\":{\"@id\":\"https:\\\/\\\/www.loni-infos.com\\\/#website\"},\"primaryImageOfPage\":{\"@id\":\"https:\\\/\\\/www.loni-infos.com\\\/index.php\\\/2026\\\/08\\\/25\\\/litterature-le-journaliste-babanou-timbo-camara-publie-son-premier-roman-des-epines-a-letincelle\\\/#primaryimage\"},\"image\":{\"@id\":\"https:\\\/\\\/www.loni-infos.com\\\/index.php\\\/2026\\\/08\\\/25\\\/litterature-le-journaliste-babanou-timbo-camara-publie-son-premier-roman-des-epines-a-letincelle\\\/#primaryimage\"},\"thumbnailUrl\":\"https:\\\/\\\/www.loni-infos.com\\\/wp-content\\\/uploads\\\/2026\\\/08\\\/WhatsApp-Image-2026-08-24-at-11.41.36.jpeg\",\"datePublished\":\"2026-08-25T08:01:30+00:00\",\"dateModified\":\"2026-08-25T08:01:32+00:00\",\"author\":{\"@id\":\"https:\\\/\\\/www.loni-infos.com\\\/#\\\/schema\\\/person\\\/e16452f14f9b6d926b9a650bb0d1d7c2\"},\"breadcrumb\":{\"@id\":\"https:\\\/\\\/www.loni-infos.com\\\/index.php\\\/2026\\\/08\\\/25\\\/litterature-le-journaliste-babanou-timbo-camara-publie-son-premier-roman-des-epines-a-letincelle\\\/#breadcrumb\"},\"inLanguage\":\"fr-FR\",\"potentialAction\":[{\"@type\":\"ReadAction\",\"target\":[\"https:\\\/\\\/www.loni-infos.com\\\/index.php\\\/2026\\\/08\\\/25\\\/litterature-le-journaliste-babanou-timbo-camara-publie-son-premier-roman-des-epines-a-letincelle\\\/\"]}]},{\"@type\":\"ImageObject\",\"inLanguage\":\"fr-FR\",\"@id\":\"https:\\\/\\\/www.loni-infos.com\\\/index.php\\\/2026\\\/08\\\/25\\\/litterature-le-journaliste-babanou-timbo-camara-publie-son-premier-roman-des-epines-a-letincelle\\\/#primaryimage\",\"url\":\"https:\\\/\\\/www.loni-infos.com\\\/wp-content\\\/uploads\\\/2026\\\/08\\\/WhatsApp-Image-2026-08-24-at-11.41.36.jpeg\",\"contentUrl\":\"https:\\\/\\\/www.loni-infos.com\\\/wp-content\\\/uploads\\\/2026\\\/08\\\/WhatsApp-Image-2026-08-24-at-11.41.36.jpeg\",\"width\":1080,\"height\":982},{\"@type\":\"BreadcrumbList\",\"@id\":\"https:\\\/\\\/www.loni-infos.com\\\/index.php\\\/2026\\\/08\\\/25\\\/litterature-le-journaliste-babanou-timbo-camara-publie-son-premier-roman-des-epines-a-letincelle\\\/#breadcrumb\",\"itemListElement\":[{\"@type\":\"ListItem\",\"position\":1,\"name\":\"Accueil\",\"item\":\"https:\\\/\\\/www.loni-infos.com\\\/\"},{\"@type\":\"ListItem\",\"position\":2,\"name\":\"Litt\u00e9rature : le journaliste Babanou Timbo Camara publie son premier roman \u00ab Des \u00c9pines \u00e0 l\u2019\u00c9tincelle\u00bb\"}]},{\"@type\":\"WebSite\",\"@id\":\"https:\\\/\\\/www.loni-infos.com\\\/#website\",\"url\":\"https:\\\/\\\/www.loni-infos.com\\\/\",\"name\":\"Loni-infos\",\"description\":\"Vous servir des infos est notre devoir\",\"potentialAction\":[{\"@type\":\"SearchAction\",\"target\":{\"@type\":\"EntryPoint\",\"urlTemplate\":\"https:\\\/\\\/www.loni-infos.com\\\/?s={search_term_string}\"},\"query-input\":{\"@type\":\"PropertyValueSpecification\",\"valueRequired\":true,\"valueName\":\"search_term_string\"}}],\"inLanguage\":\"fr-FR\"},{\"@type\":\"Person\",\"@id\":\"https:\\\/\\\/www.loni-infos.com\\\/#\\\/schema\\\/person\\\/e16452f14f9b6d926b9a650bb0d1d7c2\",\"name\":\"Loni-infos\",\"image\":{\"@type\":\"ImageObject\",\"inLanguage\":\"fr-FR\",\"@id\":\"https:\\\/\\\/secure.gravatar.com\\\/avatar\\\/01526220341eccec8a3d64e54b1d8169b578cce35ab5747e90c66ff74fabcc79?s=96&d=mm&r=g\",\"url\":\"https:\\\/\\\/secure.gravatar.com\\\/avatar\\\/01526220341eccec8a3d64e54b1d8169b578cce35ab5747e90c66ff74fabcc79?s=96&d=mm&r=g\",\"contentUrl\":\"https:\\\/\\\/secure.gravatar.com\\\/avatar\\\/01526220341eccec8a3d64e54b1d8169b578cce35ab5747e90c66ff74fabcc79?s=96&d=mm&r=g\",\"caption\":\"Loni-infos\"},\"url\":\"https:\\\/\\\/www.loni-infos.com\\\/index.php\\\/author\\\/madame\\\/\"}]}<\/script>\n<!-- \/ Yoast SEO plugin. -->","yoast_head_json":{"title":"Litt\u00e9rature : le journaliste Babanou Timbo Camara publie son premier roman \u00ab Des \u00c9pines \u00e0 l\u2019\u00c9tincelle\u00bb - Loni-infos","robots":{"index":"index","follow":"follow","max-snippet":"max-snippet:-1","max-image-preview":"max-image-preview:large","max-video-preview":"max-video-preview:-1"},"canonical":"https:\/\/www.loni-infos.com\/index.php\/2026\/08\/25\/litterature-le-journaliste-babanou-timbo-camara-publie-son-premier-roman-des-epines-a-letincelle\/","og_locale":"fr_FR","og_type":"article","og_title":"Litt\u00e9rature : le journaliste Babanou Timbo Camara publie son premier roman \u00ab Des \u00c9pines \u00e0 l\u2019\u00c9tincelle\u00bb - Loni-infos","og_description":"Des \u00c9pines \u00e0 l\u2019Etincelle retrace le parcours bouleversant d\u2019un jeune gar\u00e7on confront\u00e9 tr\u00e8s t\u00f4t aux \u00e9preuves de la vie : divorce de ses parents, difficult\u00e9s familiales, pauvret\u00e9, violences post-\u00e9lectorales et n\u00e9cessit\u00e9 de se battre pour survivre. De son village natal \u00e0 Conakry, son chemin est jalonn\u00e9 d\u2019obstacles, mais aussi de rencontres et d\u2019espoir. Malgr\u00e9 les","og_url":"https:\/\/www.loni-infos.com\/index.php\/2026\/08\/25\/litterature-le-journaliste-babanou-timbo-camara-publie-son-premier-roman-des-epines-a-letincelle\/","og_site_name":"Loni-infos","article_published_time":"2026-08-25T08:01:30+00:00","article_modified_time":"2026-08-25T08:01:32+00:00","og_image":[{"width":1080,"height":982,"url":"https:\/\/www.loni-infos.com\/wp-content\/uploads\/2026\/08\/WhatsApp-Image-2026-08-24-at-11.41.36.jpeg","type":"image\/jpeg"}],"author":"Loni-infos","twitter_card":"summary_large_image","twitter_misc":{"\u00c9crit par":"Loni-infos","Dur\u00e9e de lecture estim\u00e9e":"1 minute"},"schema":{"@context":"https:\/\/schema.org","@graph":[{"@type":"Article","@id":"https:\/\/www.loni-infos.com\/index.php\/2026\/08\/25\/litterature-le-journaliste-babanou-timbo-camara-publie-son-premier-roman-des-epines-a-letincelle\/#article","isPartOf":{"@id":"https:\/\/www.loni-infos.com\/index.php\/2026\/08\/25\/litterature-le-journaliste-babanou-timbo-camara-publie-son-premier-roman-des-epines-a-letincelle\/"},"author":{"name":"Loni-infos","@id":"https:\/\/www.loni-infos.com\/#\/schema\/person\/e16452f14f9b6d926b9a650bb0d1d7c2"},"headline":"Litt\u00e9rature : le journaliste Babanou Timbo Camara publie son premier roman \u00ab Des \u00c9pines \u00e0 l\u2019\u00c9tincelle\u00bb","datePublished":"2026-08-25T08:01:30+00:00","dateModified":"2026-08-25T08:01:32+00:00","mainEntityOfPage":{"@id":"https:\/\/www.loni-infos.com\/index.php\/2026\/08\/25\/litterature-le-journaliste-babanou-timbo-camara-publie-son-premier-roman-des-epines-a-letincelle\/"},"wordCount":157,"commentCount":0,"image":{"@id":"https:\/\/www.loni-infos.com\/index.php\/2026\/08\/25\/litterature-le-journaliste-babanou-timbo-camara-publie-son-premier-roman-des-epines-a-letincelle\/#primaryimage"},"thumbnailUrl":"https:\/\/www.loni-infos.com\/wp-content\/uploads\/2026\/08\/WhatsApp-Image-2026-08-24-at-11.41.36.jpeg","articleSection":["Publireportage"],"inLanguage":"fr-FR","potentialAction":[{"@type":"CommentAction","name":"Comment","target":["https:\/\/www.loni-infos.com\/index.php\/2026\/08\/25\/litterature-le-journaliste-babanou-timbo-camara-publie-son-premier-roman-des-epines-a-letincelle\/#respond"]}]},{"@type":"WebPage","@id":"https:\/\/www.loni-infos.com\/index.php\/2026\/08\/25\/litterature-le-journaliste-babanou-timbo-camara-publie-son-premier-roman-des-epines-a-letincelle\/","url":"https:\/\/www.loni-infos.com\/index.php\/2026\/08\/25\/litterature-le-journaliste-babanou-timbo-camara-publie-son-premier-roman-des-epines-a-letincelle\/","name":"Litt\u00e9rature : le journaliste Babanou Timbo Camara publie son premier roman \u00ab Des \u00c9pines \u00e0 l\u2019\u00c9tincelle\u00bb - Loni-infos","isPartOf":{"@id":"https:\/\/www.loni-infos.com\/#website"},"primaryImageOfPage":{"@id":"https:\/\/www.loni-infos.com\/index.php\/2026\/08\/25\/litterature-le-journaliste-babanou-timbo-camara-publie-son-premier-roman-des-epines-a-letincelle\/#primaryimage"},"image":{"@id":"https:\/\/www.loni-infos.com\/index.php\/2026\/08\/25\/litterature-le-journaliste-babanou-timbo-camara-publie-son-premier-roman-des-epines-a-letincelle\/#primaryimage"},"thumbnailUrl":"https:\/\/www.loni-infos.com\/wp-content\/uploads\/2026\/08\/WhatsApp-Image-2026-08-24-at-11.41.36.jpeg","datePublished":"2026-08-25T08:01:30+00:00","dateModified":"2026-08-25T08:01:32+00:00","author":{"@id":"https:\/\/www.loni-infos.com\/#\/schema\/person\/e16452f14f9b6d926b9a650bb0d1d7c2"},"breadcrumb":{"@id":"https:\/\/www.loni-infos.com\/index.php\/2026\/08\/25\/litterature-le-journaliste-babanou-timbo-camara-publie-son-premier-roman-des-epines-a-letincelle\/#breadcrumb"},"inLanguage":"fr-FR","potentialAction":[{"@type":"ReadAction","target":["https:\/\/www.loni-infos.com\/index.php\/2026\/08\/25\/litterature-le-journaliste-babanou-timbo-camara-publie-son-premier-roman-des-epines-a-letincelle\/"]}]},{"@type":"ImageObject","inLanguage":"fr-FR","@id":"https:\/\/www.loni-infos.com\/index.php\/2026\/08\/25\/litterature-le-journaliste-babanou-timbo-camara-publie-son-premier-roman-des-epines-a-letincelle\/#primaryimage","url":"https:\/\/www.loni-infos.com\/wp-content\/uploads\/2026\/08\/WhatsApp-Image-2026-08-24-at-11.41.36.jpeg","contentUrl":"https:\/\/www.loni-infos.com\/wp-content\/uploads\/2026\/08\/WhatsApp-Image-2026-08-24-at-11.41.36.jpeg","width":1080,"height":982},{"@type":"BreadcrumbList","@id":"https:\/\/www.loni-infos.com\/index.php\/2026\/08\/25\/litterature-le-journaliste-babanou-timbo-camara-publie-son-premier-roman-des-epines-a-letincelle\/#breadcrumb","itemListElement":[{"@type":"ListItem","position":1,"name":"Accueil","item":"https:\/\/www.loni-infos.com\/"},{"@type":"ListItem","position":2,"name":"Litt\u00e9rature : le journaliste Babanou Timbo Camara publie son premier roman \u00ab Des \u00c9pines \u00e0 l\u2019\u00c9tincelle\u00bb"}]},{"@type":"WebSite","@id":"https:\/\/www.loni-infos.com\/#website","url":"https:\/\/www.loni-infos.com\/","name":"Loni-infos","description":"Vous servir des infos est notre devoir","potentialAction":[{"@type":"SearchAction","target":{"@type":"EntryPoint","urlTemplate":"https:\/\/www.loni-infos.com\/?s={search_term_string}"},"query-input":{"@type":"PropertyValueSpecification","valueRequired":true,"valueName":"search_term_string"}}],"inLanguage":"fr-FR"},{"@type":"Person","@id":"https:\/\/www.loni-infos.com\/#\/schema\/person\/e16452f14f9b6d926b9a650bb0d1d7c2","name":"Loni-infos","image":{"@type":"ImageObject","inLanguage":"fr-FR","@id":"https:\/\/secure.gravatar.com\/avatar\/01526220341eccec8a3d64e54b1d8169b578cce35ab5747e90c66ff74fabcc79?s=96&d=mm&r=g","url":"https:\/\/secure.gravatar.com\/avatar\/01526220341eccec8a3d64e54b1d8169b578cce35ab5747e90c66ff74fabcc79?s=96&d=mm&r=g","contentUrl":"https:\/\/secure.gravatar.com\/avatar\/01526220341eccec8a3d64e54b1d8169b578cce35ab5747e90c66ff74fabcc79?s=96&d=mm&r=g","caption":"Loni-infos"},"url":"https:\/\/www.loni-infos.com\/index.php\/author\/madame\/"}]}},"_links":{"self":[{"href":"https:\/\/www.loni-infos.com\/index.php\/wp-json\/wp\/v2\/posts\/18233","targetHints":{"allow":["GET"]}}],"collection":[{"href":"https:\/\/www.loni-infos.com\/index.php\/wp-json\/wp\/v2\/posts"}],"about":[{"href":"https:\/\/www.loni-infos.com\/index.php\/wp-json\/wp\/v2\/types\/post"}],"author":[{"embeddable":true,"href":"https:\/\/www.loni-infos.com\/index.php\/wp-json\/wp\/v2\/users\/6"}],"replies":[{"embeddable":true,"href":"https:\/\/www.loni-infos.com\/index.php\/wp-json\/wp\/v2\/comments?post=18233"}],"version-history":[{"count":1,"href":"https:\/\/www.loni-infos.com\/index.php\/wp-json\/wp\/v2\/posts\/18233\/revisions"}],"predecessor-version":[{"id":18235,"href":"https:\/\/www.loni-infos.com\/index.php\/wp-json\/wp\/v2\/posts\/18233\/revisions\/18235"}],"wp:featuredmedia":[{"embeddable":true,"href":"https:\/\/www.loni-infos.com\/index.php\/wp-json\/wp\/v2\/media\/18234"}],"wp:attachment":[{"href":"https:\/\/www.loni-infos.com\/index.php\/wp-json\/wp\/v2\/media?parent=18233"}],"wp:term":[{"taxonomy":"category","embeddable":true,"href":"https:\/\/www.loni-infos.com\/index.php\/wp-json\/wp\/v2\/categories?post=18233"},{"taxonomy":"post_tag","embeddable":true,"href":"https:\/\/www.loni-infos.com\/index.php\/wp-json\/wp\/v2\/tags?post=18233"}],"curies":[{"name":"wp","href":"https:\/\/api.w.org\/{rel}","templated":true}]}}