{"id":18239,"date":"2026-08-26T08:48:07","date_gmt":"2026-08-26T06:48:07","guid":{"rendered":"https:\/\/www.loni-infos.com\/?p=18239"},"modified":"2026-08-26T08:48:09","modified_gmt":"2026-08-26T06:48:09","slug":"maouloud-a-kankan-cheick-souleymane-sidibe-prie-pour-le-president-mamadi-doumbouya-et-appelle-a-la-justice","status":"publish","type":"post","link":"https:\/\/www.loni-infos.com\/index.php\/2026\/08\/26\/maouloud-a-kankan-cheick-souleymane-sidibe-prie-pour-le-president-mamadi-doumbouya-et-appelle-a-la-justice\/","title":{"rendered":"Maouloud \u00e0 Kankan : Cheick Souleymane Sidib\u00e9 prie pour le Pr\u00e9sident Mamadi Doumbouya et appelle \u00e0 la justice"},"content":{"rendered":"\n<p class=\"wp-block-paragraph\">\u00c0 l\u2019occasion de la c\u00e9l\u00e9bration du Maouloud, dans la nuit du mardi 25 au mercredi 26 ao\u00fbt 2026, \u00e0 la Place des Martyrs de Kankan, l\u2019\u00e9rudit Cheick Souleymane Sidib\u00e9 a formul\u00e9 des pri\u00e8res en faveur du G\u00e9n\u00e9ral Mamadi Doumbouya et de la paix en R\u00e9publique de Guin\u00e9e.<\/p>\n\n\n\n<p class=\"wp-block-paragraph\">Devant les autorit\u00e9s administratives et communales ainsi que de nombreux fid\u00e8les, il a \u00e9galement lanc\u00e9 un appel solennel aux d\u00e9tenteurs de l\u2019autorit\u00e9, les invitant \u00e0 faire de la justice, de l\u2019humilit\u00e9 et de la crainte de Dieu les fondements de leur responsabilit\u00e9.<\/p>\n\n\n\n<p class=\"wp-block-paragraph\">Cheick Souleymane Sidib\u00e9 a notamment d\u00e9clar\u00e9 :<\/p>\n\n\n\n<blockquote class=\"wp-block-quote is-layout-flow wp-block-quote-is-layout-flow\">\n<p class=\"wp-block-paragraph\">\u00ab Aujourd\u2019hui, mon plus grand souci est la protection du G\u00e9n\u00e9ral Mamadi Doumbouya ainsi que la pr\u00e9servation de la paix, de l\u2019unit\u00e9 et de la stabilit\u00e9 en R\u00e9publique de Guin\u00e9e. Je demande humblement au Tout-Puissant Allah de prot\u00e9ger le Pr\u00e9sident de la R\u00e9publique, de lui accorder une sant\u00e9 de fer, une longue vie, la sagesse, la prosp\u00e9rit\u00e9 et la force n\u00e9cessaires pour poursuivre sa mission au service de la nation guin\u00e9enne. Qu\u2019Allah guide chacun de ses pas et l\u2019entoure de sa mis\u00e9ricorde et de sa protection. \u00bb<\/p>\n<\/blockquote>\n\n\n\n<p class=\"wp-block-paragraph\">Poursuivant sa pri\u00e8re, l\u2019\u00e9rudit a demand\u00e9 \u00e0 Dieu d\u2019accorder au chef de l\u2019\u00c9tat davantage de courage, de discernement et de r\u00e9ussite dans la conduite des destin\u00e9es du pays.<\/p>\n\n\n\n<p class=\"wp-block-paragraph\">Il a \u00e9galement pri\u00e9 pour que la Guin\u00e9e soit pr\u00e9serv\u00e9e de la division, de la haine, de la violence et de toute entreprise susceptible de troubler la paix et la qui\u00e9tude des citoyens.<\/p>\n\n\n\n<blockquote class=\"wp-block-quote is-layout-flow wp-block-quote-is-layout-flow\">\n<p class=\"wp-block-paragraph\">\u00ab Certains, du jour au lendemain, multiplient les man\u0153uvres et les sacrifices dans l\u2019espoir de troubler son pouvoir ou de mettre fin \u00e0 sa mission. Mais moi, Cheick Souleymane Sidib\u00e9, je le dis \u00e0 quiconque veut l\u2019entendre : tant que Dieu en aura d\u00e9cid\u00e9 ainsi, personne ne pourra rien contre lui. Le destin de chaque homme appartient \u00e0 Allah seul, et nul ne peut aller au-del\u00e0 de la volont\u00e9 divine \u00bb, a-t-il fait savoir.<\/p>\n<\/blockquote>\n\n\n\n<h3 class=\"wp-block-heading\">Un appel \u00e0 la justice et \u00e0 l\u2019humilit\u00e9<\/h3>\n\n\n\n<p class=\"wp-block-paragraph\">Profitant de cette tribune religieuse, Cheick Souleymane Sidib\u00e9 a \u00e9galement lanc\u00e9 un appel direct aux autorit\u00e9s administratives, aux responsables et \u00e0 tous ceux qui exercent une parcelle de pouvoir.<\/p>\n\n\n<div class=\"wp-block-image\">\n<figure class=\"aligncenter size-full\"><img fetchpriority=\"high\" decoding=\"async\" width=\"1020\" height=\"574\" src=\"https:\/\/www.loni-infos.com\/wp-content\/uploads\/2026\/08\/WhatsApp-Image-2026-08-26-at-04.10.21.jpeg\" alt=\"\" class=\"wp-image-18240\" srcset=\"https:\/\/www.loni-infos.com\/wp-content\/uploads\/2026\/08\/WhatsApp-Image-2026-08-26-at-04.10.21.jpeg 1020w, https:\/\/www.loni-infos.com\/wp-content\/uploads\/2026\/08\/WhatsApp-Image-2026-08-26-at-04.10.21-300x169.jpeg 300w, https:\/\/www.loni-infos.com\/wp-content\/uploads\/2026\/08\/WhatsApp-Image-2026-08-26-at-04.10.21-149x84.jpeg 149w, https:\/\/www.loni-infos.com\/wp-content\/uploads\/2026\/08\/WhatsApp-Image-2026-08-26-at-04.10.21-450x253.jpeg 450w\" sizes=\"(max-width: 1020px) 100vw, 1020px\" \/><\/figure>\n<\/div>\n\n\n<p class=\"wp-block-paragraph\">Il les a exhort\u00e9s \u00e0 \u00e9viter le p\u00e9ch\u00e9, l\u2019injustice, l\u2019abus de pouvoir et la m\u00e9chancet\u00e9. Selon lui, toute responsabilit\u00e9 doit \u00eatre consid\u00e9r\u00e9e comme une charge et un engagement, non seulement devant les hommes, mais \u00e9galement devant Dieu.<\/p>\n\n\n\n<blockquote class=\"wp-block-quote is-layout-flow wp-block-quote-is-layout-flow\">\n<p class=\"wp-block-paragraph\">\u00ab Je lance un appel solennel \u00e0 toutes les autorit\u00e9s administratives, \u00e0 tous les responsables et \u00e0 tous ceux qui exercent une parcelle de pouvoir : \u00e9vitons le p\u00e9ch\u00e9, l\u2019injustice, l\u2019abus de pouvoir et la m\u00e9chancet\u00e9. Souvenons-nous que toute responsabilit\u00e9 est une charge devant Dieu et devant les hommes. Gouvernons avec justice, humilit\u00e9, v\u00e9rit\u00e9 et amour du prochain \u00bb, a-t-il ajout\u00e9.<\/p>\n<\/blockquote>\n\n\n\n<p class=\"wp-block-paragraph\">\u00c0 travers cette intervention prononc\u00e9e \u00e0 l\u2019occasion de la comm\u00e9moration du Maouloud, l\u2019\u00e9rudit Cheick Souleymane Sidib\u00e9 a ainsi livr\u00e9 un message \u00e0 la fois spirituel et citoyen, plac\u00e9 sous le signe de la paix, de l\u2019unit\u00e9 nationale, de la justice et de la stabilit\u00e9 du pays.<\/p>\n\n\n\n<p class=\"wp-block-paragraph\"><strong>Kokoly Joseph Koli\u00e9, correspondant r\u00e9gional \u00e0 Kankan.<\/strong><\/p>\n","protected":false},"excerpt":{"rendered":"<p>\u00c0 l\u2019occasion de la c\u00e9l\u00e9bration du Maouloud, dans la nuit du mardi 25 au mercredi 26 ao\u00fbt 2026, \u00e0 la Place des Martyrs de Kankan, l\u2019\u00e9rudit Cheick Souleymane Sidib\u00e9 a formul\u00e9 des pri\u00e8res en faveur du G\u00e9n\u00e9ral Mamadi Doumbouya et de la paix en R\u00e9publique de Guin\u00e9e. Devant les autorit\u00e9s administratives et communales ainsi que<\/p>\n","protected":false},"author":6,"featured_media":18241,"comment_status":"open","ping_status":"open","sticky":false,"template":"","format":"standard","meta":{"footnotes":""},"categories":[77,80],"tags":[],"class_list":["post-18239","post","type-post","status-publish","format-standard","has-post-thumbnail","category-dans-nos-regions","category-politique"],"yoast_head":"<!-- This site is optimized with the Yoast SEO plugin v27.7 - https:\/\/yoast.com\/product\/yoast-seo-wordpress\/ -->\n<title>Maouloud \u00e0 Kankan : Cheick Souleymane Sidib\u00e9 prie pour le Pr\u00e9sident Mamadi Doumbouya et appelle \u00e0 la justice - Loni-infos<\/title>\n<meta name=\"robots\" content=\"index, follow, max-snippet:-1, max-image-preview:large, max-video-preview:-1\" \/>\n<link rel=\"canonical\" href=\"https:\/\/www.loni-infos.com\/index.php\/2026\/08\/26\/maouloud-a-kankan-cheick-souleymane-sidibe-prie-pour-le-president-mamadi-doumbouya-et-appelle-a-la-justice\/\" \/>\n<meta property=\"og:locale\" content=\"fr_FR\" \/>\n<meta property=\"og:type\" content=\"article\" \/>\n<meta property=\"og:title\" content=\"Maouloud \u00e0 Kankan : Cheick Souleymane Sidib\u00e9 prie pour le Pr\u00e9sident Mamadi Doumbouya et appelle \u00e0 la justice - Loni-infos\" \/>\n<meta property=\"og:description\" content=\"\u00c0 l\u2019occasion de la c\u00e9l\u00e9bration du Maouloud, dans la nuit du mardi 25 au mercredi 26 ao\u00fbt 2026, \u00e0 la Place des Martyrs de Kankan, l\u2019\u00e9rudit Cheick Souleymane Sidib\u00e9 a formul\u00e9 des pri\u00e8res en faveur du G\u00e9n\u00e9ral Mamadi Doumbouya et de la paix en R\u00e9publique de Guin\u00e9e. Devant les autorit\u00e9s administratives et communales ainsi que\" \/>\n<meta property=\"og:url\" content=\"https:\/\/www.loni-infos.com\/index.php\/2026\/08\/26\/maouloud-a-kankan-cheick-souleymane-sidibe-prie-pour-le-president-mamadi-doumbouya-et-appelle-a-la-justice\/\" \/>\n<meta property=\"og:site_name\" content=\"Loni-infos\" \/>\n<meta property=\"article:published_time\" content=\"2026-08-26T06:48:07+00:00\" \/>\n<meta property=\"article:modified_time\" content=\"2026-08-26T06:48:09+00:00\" \/>\n<meta property=\"og:image\" content=\"https:\/\/www.loni-infos.com\/wp-content\/uploads\/2026\/08\/Cheick-Souleymenane-.jpeg\" \/>\n\t<meta property=\"og:image:width\" content=\"1080\" \/>\n\t<meta property=\"og:image:height\" content=\"608\" \/>\n\t<meta property=\"og:image:type\" content=\"image\/jpeg\" \/>\n<meta name=\"author\" content=\"Loni-infos\" \/>\n<meta name=\"twitter:card\" content=\"summary_large_image\" \/>\n<meta name=\"twitter:label1\" content=\"\u00c9crit par\" \/>\n\t<meta name=\"twitter:data1\" content=\"Loni-infos\" \/>\n\t<meta name=\"twitter:label2\" content=\"Dur\u00e9e de lecture estim\u00e9e\" \/>\n\t<meta name=\"twitter:data2\" content=\"2 minutes\" \/>\n<script type=\"application\/ld+json\" class=\"yoast-schema-graph\">{\"@context\":\"https:\\\/\\\/schema.org\",\"@graph\":[{\"@type\":\"Article\",\"@id\":\"https:\\\/\\\/www.loni-infos.com\\\/index.php\\\/2026\\\/08\\\/26\\\/maouloud-a-kankan-cheick-souleymane-sidibe-prie-pour-le-president-mamadi-doumbouya-et-appelle-a-la-justice\\\/#article\",\"isPartOf\":{\"@id\":\"https:\\\/\\\/www.loni-infos.com\\\/index.php\\\/2026\\\/08\\\/26\\\/maouloud-a-kankan-cheick-souleymane-sidibe-prie-pour-le-president-mamadi-doumbouya-et-appelle-a-la-justice\\\/\"},\"author\":{\"name\":\"Loni-infos\",\"@id\":\"https:\\\/\\\/www.loni-infos.com\\\/#\\\/schema\\\/person\\\/e16452f14f9b6d926b9a650bb0d1d7c2\"},\"headline\":\"Maouloud \u00e0 Kankan : Cheick Souleymane Sidib\u00e9 prie pour le Pr\u00e9sident Mamadi Doumbouya et appelle \u00e0 la justice\",\"datePublished\":\"2026-08-26T06:48:07+00:00\",\"dateModified\":\"2026-08-26T06:48:09+00:00\",\"mainEntityOfPage\":{\"@id\":\"https:\\\/\\\/www.loni-infos.com\\\/index.php\\\/2026\\\/08\\\/26\\\/maouloud-a-kankan-cheick-souleymane-sidibe-prie-pour-le-president-mamadi-doumbouya-et-appelle-a-la-justice\\\/\"},\"wordCount\":559,\"commentCount\":0,\"image\":{\"@id\":\"https:\\\/\\\/www.loni-infos.com\\\/index.php\\\/2026\\\/08\\\/26\\\/maouloud-a-kankan-cheick-souleymane-sidibe-prie-pour-le-president-mamadi-doumbouya-et-appelle-a-la-justice\\\/#primaryimage\"},\"thumbnailUrl\":\"https:\\\/\\\/www.loni-infos.com\\\/wp-content\\\/uploads\\\/2026\\\/08\\\/Cheick-Souleymenane-.jpeg\",\"articleSection\":[\"DANS NOS R\u00c9GIONS\",\"Politique\"],\"inLanguage\":\"fr-FR\",\"potentialAction\":[{\"@type\":\"CommentAction\",\"name\":\"Comment\",\"target\":[\"https:\\\/\\\/www.loni-infos.com\\\/index.php\\\/2026\\\/08\\\/26\\\/maouloud-a-kankan-cheick-souleymane-sidibe-prie-pour-le-president-mamadi-doumbouya-et-appelle-a-la-justice\\\/#respond\"]}]},{\"@type\":\"WebPage\",\"@id\":\"https:\\\/\\\/www.loni-infos.com\\\/index.php\\\/2026\\\/08\\\/26\\\/maouloud-a-kankan-cheick-souleymane-sidibe-prie-pour-le-president-mamadi-doumbouya-et-appelle-a-la-justice\\\/\",\"url\":\"https:\\\/\\\/www.loni-infos.com\\\/index.php\\\/2026\\\/08\\\/26\\\/maouloud-a-kankan-cheick-souleymane-sidibe-prie-pour-le-president-mamadi-doumbouya-et-appelle-a-la-justice\\\/\",\"name\":\"Maouloud \u00e0 Kankan : Cheick Souleymane Sidib\u00e9 prie pour le Pr\u00e9sident Mamadi Doumbouya et appelle \u00e0 la justice - Loni-infos\",\"isPartOf\":{\"@id\":\"https:\\\/\\\/www.loni-infos.com\\\/#website\"},\"primaryImageOfPage\":{\"@id\":\"https:\\\/\\\/www.loni-infos.com\\\/index.php\\\/2026\\\/08\\\/26\\\/maouloud-a-kankan-cheick-souleymane-sidibe-prie-pour-le-president-mamadi-doumbouya-et-appelle-a-la-justice\\\/#primaryimage\"},\"image\":{\"@id\":\"https:\\\/\\\/www.loni-infos.com\\\/index.php\\\/2026\\\/08\\\/26\\\/maouloud-a-kankan-cheick-souleymane-sidibe-prie-pour-le-president-mamadi-doumbouya-et-appelle-a-la-justice\\\/#primaryimage\"},\"thumbnailUrl\":\"https:\\\/\\\/www.loni-infos.com\\\/wp-content\\\/uploads\\\/2026\\\/08\\\/Cheick-Souleymenane-.jpeg\",\"datePublished\":\"2026-08-26T06:48:07+00:00\",\"dateModified\":\"2026-08-26T06:48:09+00:00\",\"author\":{\"@id\":\"https:\\\/\\\/www.loni-infos.com\\\/#\\\/schema\\\/person\\\/e16452f14f9b6d926b9a650bb0d1d7c2\"},\"breadcrumb\":{\"@id\":\"https:\\\/\\\/www.loni-infos.com\\\/index.php\\\/2026\\\/08\\\/26\\\/maouloud-a-kankan-cheick-souleymane-sidibe-prie-pour-le-president-mamadi-doumbouya-et-appelle-a-la-justice\\\/#breadcrumb\"},\"inLanguage\":\"fr-FR\",\"potentialAction\":[{\"@type\":\"ReadAction\",\"target\":[\"https:\\\/\\\/www.loni-infos.com\\\/index.php\\\/2026\\\/08\\\/26\\\/maouloud-a-kankan-cheick-souleymane-sidibe-prie-pour-le-president-mamadi-doumbouya-et-appelle-a-la-justice\\\/\"]}]},{\"@type\":\"ImageObject\",\"inLanguage\":\"fr-FR\",\"@id\":\"https:\\\/\\\/www.loni-infos.com\\\/index.php\\\/2026\\\/08\\\/26\\\/maouloud-a-kankan-cheick-souleymane-sidibe-prie-pour-le-president-mamadi-doumbouya-et-appelle-a-la-justice\\\/#primaryimage\",\"url\":\"https:\\\/\\\/www.loni-infos.com\\\/wp-content\\\/uploads\\\/2026\\\/08\\\/Cheick-Souleymenane-.jpeg\",\"contentUrl\":\"https:\\\/\\\/www.loni-infos.com\\\/wp-content\\\/uploads\\\/2026\\\/08\\\/Cheick-Souleymenane-.jpeg\",\"width\":1080,\"height\":608},{\"@type\":\"BreadcrumbList\",\"@id\":\"https:\\\/\\\/www.loni-infos.com\\\/index.php\\\/2026\\\/08\\\/26\\\/maouloud-a-kankan-cheick-souleymane-sidibe-prie-pour-le-president-mamadi-doumbouya-et-appelle-a-la-justice\\\/#breadcrumb\",\"itemListElement\":[{\"@type\":\"ListItem\",\"position\":1,\"name\":\"Accueil\",\"item\":\"https:\\\/\\\/www.loni-infos.com\\\/\"},{\"@type\":\"ListItem\",\"position\":2,\"name\":\"Maouloud \u00e0 Kankan : Cheick Souleymane Sidib\u00e9 prie pour le Pr\u00e9sident Mamadi Doumbouya et appelle \u00e0 la justice\"}]},{\"@type\":\"WebSite\",\"@id\":\"https:\\\/\\\/www.loni-infos.com\\\/#website\",\"url\":\"https:\\\/\\\/www.loni-infos.com\\\/\",\"name\":\"Loni-infos\",\"description\":\"Vous servir des infos est notre devoir\",\"potentialAction\":[{\"@type\":\"SearchAction\",\"target\":{\"@type\":\"EntryPoint\",\"urlTemplate\":\"https:\\\/\\\/www.loni-infos.com\\\/?s={search_term_string}\"},\"query-input\":{\"@type\":\"PropertyValueSpecification\",\"valueRequired\":true,\"valueName\":\"search_term_string\"}}],\"inLanguage\":\"fr-FR\"},{\"@type\":\"Person\",\"@id\":\"https:\\\/\\\/www.loni-infos.com\\\/#\\\/schema\\\/person\\\/e16452f14f9b6d926b9a650bb0d1d7c2\",\"name\":\"Loni-infos\",\"image\":{\"@type\":\"ImageObject\",\"inLanguage\":\"fr-FR\",\"@id\":\"https:\\\/\\\/secure.gravatar.com\\\/avatar\\\/01526220341eccec8a3d64e54b1d8169b578cce35ab5747e90c66ff74fabcc79?s=96&d=mm&r=g\",\"url\":\"https:\\\/\\\/secure.gravatar.com\\\/avatar\\\/01526220341eccec8a3d64e54b1d8169b578cce35ab5747e90c66ff74fabcc79?s=96&d=mm&r=g\",\"contentUrl\":\"https:\\\/\\\/secure.gravatar.com\\\/avatar\\\/01526220341eccec8a3d64e54b1d8169b578cce35ab5747e90c66ff74fabcc79?s=96&d=mm&r=g\",\"caption\":\"Loni-infos\"},\"url\":\"https:\\\/\\\/www.loni-infos.com\\\/index.php\\\/author\\\/madame\\\/\"}]}<\/script>\n<!-- \/ Yoast SEO plugin. -->","yoast_head_json":{"title":"Maouloud \u00e0 Kankan : Cheick Souleymane Sidib\u00e9 prie pour le Pr\u00e9sident Mamadi Doumbouya et appelle \u00e0 la justice - Loni-infos","robots":{"index":"index","follow":"follow","max-snippet":"max-snippet:-1","max-image-preview":"max-image-preview:large","max-video-preview":"max-video-preview:-1"},"canonical":"https:\/\/www.loni-infos.com\/index.php\/2026\/08\/26\/maouloud-a-kankan-cheick-souleymane-sidibe-prie-pour-le-president-mamadi-doumbouya-et-appelle-a-la-justice\/","og_locale":"fr_FR","og_type":"article","og_title":"Maouloud \u00e0 Kankan : Cheick Souleymane Sidib\u00e9 prie pour le Pr\u00e9sident Mamadi Doumbouya et appelle \u00e0 la justice - Loni-infos","og_description":"\u00c0 l\u2019occasion de la c\u00e9l\u00e9bration du Maouloud, dans la nuit du mardi 25 au mercredi 26 ao\u00fbt 2026, \u00e0 la Place des Martyrs de Kankan, l\u2019\u00e9rudit Cheick Souleymane Sidib\u00e9 a formul\u00e9 des pri\u00e8res en faveur du G\u00e9n\u00e9ral Mamadi Doumbouya et de la paix en R\u00e9publique de Guin\u00e9e. Devant les autorit\u00e9s administratives et communales ainsi que","og_url":"https:\/\/www.loni-infos.com\/index.php\/2026\/08\/26\/maouloud-a-kankan-cheick-souleymane-sidibe-prie-pour-le-president-mamadi-doumbouya-et-appelle-a-la-justice\/","og_site_name":"Loni-infos","article_published_time":"2026-08-26T06:48:07+00:00","article_modified_time":"2026-08-26T06:48:09+00:00","og_image":[{"width":1080,"height":608,"url":"https:\/\/www.loni-infos.com\/wp-content\/uploads\/2026\/08\/Cheick-Souleymenane-.jpeg","type":"image\/jpeg"}],"author":"Loni-infos","twitter_card":"summary_large_image","twitter_misc":{"\u00c9crit par":"Loni-infos","Dur\u00e9e de lecture estim\u00e9e":"2 minutes"},"schema":{"@context":"https:\/\/schema.org","@graph":[{"@type":"Article","@id":"https:\/\/www.loni-infos.com\/index.php\/2026\/08\/26\/maouloud-a-kankan-cheick-souleymane-sidibe-prie-pour-le-president-mamadi-doumbouya-et-appelle-a-la-justice\/#article","isPartOf":{"@id":"https:\/\/www.loni-infos.com\/index.php\/2026\/08\/26\/maouloud-a-kankan-cheick-souleymane-sidibe-prie-pour-le-president-mamadi-doumbouya-et-appelle-a-la-justice\/"},"author":{"name":"Loni-infos","@id":"https:\/\/www.loni-infos.com\/#\/schema\/person\/e16452f14f9b6d926b9a650bb0d1d7c2"},"headline":"Maouloud \u00e0 Kankan : Cheick Souleymane Sidib\u00e9 prie pour le Pr\u00e9sident Mamadi Doumbouya et appelle \u00e0 la justice","datePublished":"2026-08-26T06:48:07+00:00","dateModified":"2026-08-26T06:48:09+00:00","mainEntityOfPage":{"@id":"https:\/\/www.loni-infos.com\/index.php\/2026\/08\/26\/maouloud-a-kankan-cheick-souleymane-sidibe-prie-pour-le-president-mamadi-doumbouya-et-appelle-a-la-justice\/"},"wordCount":559,"commentCount":0,"image":{"@id":"https:\/\/www.loni-infos.com\/index.php\/2026\/08\/26\/maouloud-a-kankan-cheick-souleymane-sidibe-prie-pour-le-president-mamadi-doumbouya-et-appelle-a-la-justice\/#primaryimage"},"thumbnailUrl":"https:\/\/www.loni-infos.com\/wp-content\/uploads\/2026\/08\/Cheick-Souleymenane-.jpeg","articleSection":["DANS NOS R\u00c9GIONS","Politique"],"inLanguage":"fr-FR","potentialAction":[{"@type":"CommentAction","name":"Comment","target":["https:\/\/www.loni-infos.com\/index.php\/2026\/08\/26\/maouloud-a-kankan-cheick-souleymane-sidibe-prie-pour-le-president-mamadi-doumbouya-et-appelle-a-la-justice\/#respond"]}]},{"@type":"WebPage","@id":"https:\/\/www.loni-infos.com\/index.php\/2026\/08\/26\/maouloud-a-kankan-cheick-souleymane-sidibe-prie-pour-le-president-mamadi-doumbouya-et-appelle-a-la-justice\/","url":"https:\/\/www.loni-infos.com\/index.php\/2026\/08\/26\/maouloud-a-kankan-cheick-souleymane-sidibe-prie-pour-le-president-mamadi-doumbouya-et-appelle-a-la-justice\/","name":"Maouloud \u00e0 Kankan : Cheick Souleymane Sidib\u00e9 prie pour le Pr\u00e9sident Mamadi Doumbouya et appelle \u00e0 la justice - Loni-infos","isPartOf":{"@id":"https:\/\/www.loni-infos.com\/#website"},"primaryImageOfPage":{"@id":"https:\/\/www.loni-infos.com\/index.php\/2026\/08\/26\/maouloud-a-kankan-cheick-souleymane-sidibe-prie-pour-le-president-mamadi-doumbouya-et-appelle-a-la-justice\/#primaryimage"},"image":{"@id":"https:\/\/www.loni-infos.com\/index.php\/2026\/08\/26\/maouloud-a-kankan-cheick-souleymane-sidibe-prie-pour-le-president-mamadi-doumbouya-et-appelle-a-la-justice\/#primaryimage"},"thumbnailUrl":"https:\/\/www.loni-infos.com\/wp-content\/uploads\/2026\/08\/Cheick-Souleymenane-.jpeg","datePublished":"2026-08-26T06:48:07+00:00","dateModified":"2026-08-26T06:48:09+00:00","author":{"@id":"https:\/\/www.loni-infos.com\/#\/schema\/person\/e16452f14f9b6d926b9a650bb0d1d7c2"},"breadcrumb":{"@id":"https:\/\/www.loni-infos.com\/index.php\/2026\/08\/26\/maouloud-a-kankan-cheick-souleymane-sidibe-prie-pour-le-president-mamadi-doumbouya-et-appelle-a-la-justice\/#breadcrumb"},"inLanguage":"fr-FR","potentialAction":[{"@type":"ReadAction","target":["https:\/\/www.loni-infos.com\/index.php\/2026\/08\/26\/maouloud-a-kankan-cheick-souleymane-sidibe-prie-pour-le-president-mamadi-doumbouya-et-appelle-a-la-justice\/"]}]},{"@type":"ImageObject","inLanguage":"fr-FR","@id":"https:\/\/www.loni-infos.com\/index.php\/2026\/08\/26\/maouloud-a-kankan-cheick-souleymane-sidibe-prie-pour-le-president-mamadi-doumbouya-et-appelle-a-la-justice\/#primaryimage","url":"https:\/\/www.loni-infos.com\/wp-content\/uploads\/2026\/08\/Cheick-Souleymenane-.jpeg","contentUrl":"https:\/\/www.loni-infos.com\/wp-content\/uploads\/2026\/08\/Cheick-Souleymenane-.jpeg","width":1080,"height":608},{"@type":"BreadcrumbList","@id":"https:\/\/www.loni-infos.com\/index.php\/2026\/08\/26\/maouloud-a-kankan-cheick-souleymane-sidibe-prie-pour-le-president-mamadi-doumbouya-et-appelle-a-la-justice\/#breadcrumb","itemListElement":[{"@type":"ListItem","position":1,"name":"Accueil","item":"https:\/\/www.loni-infos.com\/"},{"@type":"ListItem","position":2,"name":"Maouloud \u00e0 Kankan : Cheick Souleymane Sidib\u00e9 prie pour le Pr\u00e9sident Mamadi Doumbouya et appelle \u00e0 la justice"}]},{"@type":"WebSite","@id":"https:\/\/www.loni-infos.com\/#website","url":"https:\/\/www.loni-infos.com\/","name":"Loni-infos","description":"Vous servir des infos est notre devoir","potentialAction":[{"@type":"SearchAction","target":{"@type":"EntryPoint","urlTemplate":"https:\/\/www.loni-infos.com\/?s={search_term_string}"},"query-input":{"@type":"PropertyValueSpecification","valueRequired":true,"valueName":"search_term_string"}}],"inLanguage":"fr-FR"},{"@type":"Person","@id":"https:\/\/www.loni-infos.com\/#\/schema\/person\/e16452f14f9b6d926b9a650bb0d1d7c2","name":"Loni-infos","image":{"@type":"ImageObject","inLanguage":"fr-FR","@id":"https:\/\/secure.gravatar.com\/avatar\/01526220341eccec8a3d64e54b1d8169b578cce35ab5747e90c66ff74fabcc79?s=96&d=mm&r=g","url":"https:\/\/secure.gravatar.com\/avatar\/01526220341eccec8a3d64e54b1d8169b578cce35ab5747e90c66ff74fabcc79?s=96&d=mm&r=g","contentUrl":"https:\/\/secure.gravatar.com\/avatar\/01526220341eccec8a3d64e54b1d8169b578cce35ab5747e90c66ff74fabcc79?s=96&d=mm&r=g","caption":"Loni-infos"},"url":"https:\/\/www.loni-infos.com\/index.php\/author\/madame\/"}]}},"_links":{"self":[{"href":"https:\/\/www.loni-infos.com\/index.php\/wp-json\/wp\/v2\/posts\/18239","targetHints":{"allow":["GET"]}}],"collection":[{"href":"https:\/\/www.loni-infos.com\/index.php\/wp-json\/wp\/v2\/posts"}],"about":[{"href":"https:\/\/www.loni-infos.com\/index.php\/wp-json\/wp\/v2\/types\/post"}],"author":[{"embeddable":true,"href":"https:\/\/www.loni-infos.com\/index.php\/wp-json\/wp\/v2\/users\/6"}],"replies":[{"embeddable":true,"href":"https:\/\/www.loni-infos.com\/index.php\/wp-json\/wp\/v2\/comments?post=18239"}],"version-history":[{"count":1,"href":"https:\/\/www.loni-infos.com\/index.php\/wp-json\/wp\/v2\/posts\/18239\/revisions"}],"predecessor-version":[{"id":18242,"href":"https:\/\/www.loni-infos.com\/index.php\/wp-json\/wp\/v2\/posts\/18239\/revisions\/18242"}],"wp:featuredmedia":[{"embeddable":true,"href":"https:\/\/www.loni-infos.com\/index.php\/wp-json\/wp\/v2\/media\/18241"}],"wp:attachment":[{"href":"https:\/\/www.loni-infos.com\/index.php\/wp-json\/wp\/v2\/media?parent=18239"}],"wp:term":[{"taxonomy":"category","embeddable":true,"href":"https:\/\/www.loni-infos.com\/index.php\/wp-json\/wp\/v2\/categories?post=18239"},{"taxonomy":"post_tag","embeddable":true,"href":"https:\/\/www.loni-infos.com\/index.php\/wp-json\/wp\/v2\/tags?post=18239"}],"curies":[{"name":"wp","href":"https:\/\/api.w.org\/{rel}","templated":true}]}}