{"id":18246,"date":"2026-08-28T17:09:14","date_gmt":"2026-08-28T15:09:14","guid":{"rendered":"https:\/\/www.loni-infos.com\/?p=18246"},"modified":"2026-08-28T17:09:16","modified_gmt":"2026-08-28T15:09:16","slug":"mandiana-toumany-konate-25-ans-emporte-par-les-eaux-a-kounadou-marena","status":"publish","type":"post","link":"https:\/\/www.loni-infos.com\/index.php\/2026\/08\/28\/mandiana-toumany-konate-25-ans-emporte-par-les-eaux-a-kounadou-marena\/","title":{"rendered":"Mandiana : Toumany Konat\u00e9, 25 ans, emport\u00e9 par les eaux \u00e0 Kounadou Marena"},"content":{"rendered":"\n<p class=\"wp-block-paragraph\">La tristesse et la consternation r\u00e8gnent \u00e0 Kounadou Marena, dans la pr\u00e9fecture de Mandiana, o\u00f9 un jeune homme de 25 ans est port\u00e9 disparu depuis jeudi apr\u00e8s-midi, apr\u00e8s \u00eatre tomb\u00e9 dans un fleuve en crue.<\/p>\n\n\n\n<p class=\"wp-block-paragraph\">Le drame s\u2019est produit alors que Toumany Konat\u00e9, c\u00e9libataire, avait quitt\u00e9 son domicile pour conduire des b\u0153ufs au fleuve afin de les faire boire. Sur son trajet, le jeune homme aurait manqu\u00e9 le passage d\u2019un pont, actuellement submerg\u00e9 par les eaux, avant de tomber dans le fleuve.<\/p>\n\n\n\n<p class=\"wp-block-paragraph\">Sa moto, retrouv\u00e9e sur les lieux, aurait permis aux habitants de comprendre qu\u2019il \u00e9tait tomb\u00e9 dans l\u2019eau.<\/p>\n\n\n\n<p class=\"wp-block-paragraph\">Depuis jeudi apr\u00e8s-midi, les habitants de Kounadou Marena sont mobilis\u00e9s pour tenter de retrouver le jeune homme. Plusieurs personnes sont m\u00eame descendues dans l\u2019eau, mais les recherches restent pour l\u2019instant infructueuses.<\/p>\n\n\n\n<p class=\"wp-block-paragraph\"><strong>Kourala Fod\u00e9 Doumbouya, repr\u00e9sentant du chef de district de Marena :<\/strong><\/p>\n\n\n\n<p class=\"wp-block-paragraph\">\u00ab Aujourd\u2019hui, nous sommes dans la tristesse et la consternation ici \u00e0 Marena. L\u2019un de nos jeunes, nomm\u00e9 Toumany Konat\u00e9, est port\u00e9 disparu apr\u00e8s une noyade. Il avait quitt\u00e9 la maison pour accompagner des b\u0153ufs au fleuve afin qu\u2019ils puissent s\u2019abreuver. En cours de route, il a malheureusement rat\u00e9 le pont et est tomb\u00e9 dans l\u2019eau. C\u2019est notamment la pr\u00e9sence de la moto du jeune homme sur les lieux qui nous a permis de comprendre qu\u2019il \u00e9tait tomb\u00e9 dans le fleuve. \u00bb<\/p>\n\n\n\n<p class=\"wp-block-paragraph\">De son c\u00f4t\u00e9, Laye Konat\u00e9, citoyen de Kounadou Marena, lance un appel \u00e0 la mobilisation des populations des localit\u00e9s voisines.<\/p>\n\n\n\n<p class=\"wp-block-paragraph\">\u00ab Depuis hier \u00e0 14 heures jusqu\u2019\u00e0 ce matin, il est toujours introuvable. Des personnes sont descendues dans l\u2019eau pour tenter de le retrouver, mais jusqu\u2019\u00e0 pr\u00e9sent, les recherches n\u2019ont rien donn\u00e9. Nous demandons aux citoyens et aux habitants des villages voisins de nous aider. Si le corps est retrouv\u00e9 ou aper\u00e7u sur une rive, nous leur demandons de nous en informer. \u00bb<\/p>\n\n\n\n<p class=\"wp-block-paragraph\">Alors que les recherches se poursuivent, l\u2019inqui\u00e9tude grandit au sein de la famille de Toumany Kouyat\u00e9 et de toute la communaut\u00e9 de Kounadou Marena. Les habitants esp\u00e8rent toujours retrouver le jeune homme, port\u00e9 disparu depuis jeudi apr\u00e8s-midi.<\/p>\n\n\n\n<p class=\"wp-block-paragraph\"><strong>Kokoly Joseph Koli\u00e9, correspondant r\u00e9gional \u00e0 Kankan<\/strong><\/p>\n","protected":false},"excerpt":{"rendered":"<p>La tristesse et la consternation r\u00e8gnent \u00e0 Kounadou Marena, dans la pr\u00e9fecture de Mandiana, o\u00f9 un jeune homme de 25 ans est port\u00e9 disparu depuis jeudi apr\u00e8s-midi, apr\u00e8s \u00eatre tomb\u00e9 dans un fleuve en crue. Le drame s\u2019est produit alors que Toumany Konat\u00e9, c\u00e9libataire, avait quitt\u00e9 son domicile pour conduire des b\u0153ufs au fleuve afin<\/p>\n","protected":false},"author":6,"featured_media":18248,"comment_status":"open","ping_status":"open","sticky":false,"template":"","format":"standard","meta":{"footnotes":""},"categories":[77],"tags":[],"class_list":["post-18246","post","type-post","status-publish","format-standard","has-post-thumbnail","category-dans-nos-regions"],"yoast_head":"<!-- This site is optimized with the Yoast SEO plugin v27.7 - https:\/\/yoast.com\/product\/yoast-seo-wordpress\/ -->\n<title>Mandiana : Toumany Konat\u00e9, 25 ans, emport\u00e9 par les eaux \u00e0 Kounadou Marena - Loni-infos<\/title>\n<meta name=\"robots\" content=\"index, follow, max-snippet:-1, max-image-preview:large, max-video-preview:-1\" \/>\n<link rel=\"canonical\" href=\"https:\/\/www.loni-infos.com\/index.php\/2026\/08\/28\/mandiana-toumany-konate-25-ans-emporte-par-les-eaux-a-kounadou-marena\/\" \/>\n<meta property=\"og:locale\" content=\"fr_FR\" \/>\n<meta property=\"og:type\" content=\"article\" \/>\n<meta property=\"og:title\" content=\"Mandiana : Toumany Konat\u00e9, 25 ans, emport\u00e9 par les eaux \u00e0 Kounadou Marena - Loni-infos\" \/>\n<meta property=\"og:description\" content=\"La tristesse et la consternation r\u00e8gnent \u00e0 Kounadou Marena, dans la pr\u00e9fecture de Mandiana, o\u00f9 un jeune homme de 25 ans est port\u00e9 disparu depuis jeudi apr\u00e8s-midi, apr\u00e8s \u00eatre tomb\u00e9 dans un fleuve en crue. Le drame s\u2019est produit alors que Toumany Konat\u00e9, c\u00e9libataire, avait quitt\u00e9 son domicile pour conduire des b\u0153ufs au fleuve afin\" \/>\n<meta property=\"og:url\" content=\"https:\/\/www.loni-infos.com\/index.php\/2026\/08\/28\/mandiana-toumany-konate-25-ans-emporte-par-les-eaux-a-kounadou-marena\/\" \/>\n<meta property=\"og:site_name\" content=\"Loni-infos\" \/>\n<meta property=\"article:published_time\" content=\"2026-08-28T15:09:14+00:00\" \/>\n<meta property=\"article:modified_time\" content=\"2026-08-28T15:09:16+00:00\" \/>\n<meta property=\"og:image\" content=\"https:\/\/www.loni-infos.com\/wp-content\/uploads\/2026\/08\/WhatsApp-Image-2026-08-28-at-13.48.47-1.jpeg\" \/>\n\t<meta property=\"og:image:width\" content=\"640\" \/>\n\t<meta property=\"og:image:height\" content=\"360\" \/>\n\t<meta property=\"og:image:type\" content=\"image\/jpeg\" \/>\n<meta name=\"author\" content=\"Loni-infos\" \/>\n<meta name=\"twitter:card\" content=\"summary_large_image\" \/>\n<meta name=\"twitter:label1\" content=\"\u00c9crit par\" \/>\n\t<meta name=\"twitter:data1\" content=\"Loni-infos\" \/>\n\t<meta name=\"twitter:label2\" content=\"Dur\u00e9e de lecture estim\u00e9e\" \/>\n\t<meta name=\"twitter:data2\" content=\"2 minutes\" \/>\n<script type=\"application\/ld+json\" class=\"yoast-schema-graph\">{\"@context\":\"https:\\\/\\\/schema.org\",\"@graph\":[{\"@type\":\"Article\",\"@id\":\"https:\\\/\\\/www.loni-infos.com\\\/index.php\\\/2026\\\/08\\\/28\\\/mandiana-toumany-konate-25-ans-emporte-par-les-eaux-a-kounadou-marena\\\/#article\",\"isPartOf\":{\"@id\":\"https:\\\/\\\/www.loni-infos.com\\\/index.php\\\/2026\\\/08\\\/28\\\/mandiana-toumany-konate-25-ans-emporte-par-les-eaux-a-kounadou-marena\\\/\"},\"author\":{\"name\":\"Loni-infos\",\"@id\":\"https:\\\/\\\/www.loni-infos.com\\\/#\\\/schema\\\/person\\\/e16452f14f9b6d926b9a650bb0d1d7c2\"},\"headline\":\"Mandiana : Toumany Konat\u00e9, 25 ans, emport\u00e9 par les eaux \u00e0 Kounadou Marena\",\"datePublished\":\"2026-08-28T15:09:14+00:00\",\"dateModified\":\"2026-08-28T15:09:16+00:00\",\"mainEntityOfPage\":{\"@id\":\"https:\\\/\\\/www.loni-infos.com\\\/index.php\\\/2026\\\/08\\\/28\\\/mandiana-toumany-konate-25-ans-emporte-par-les-eaux-a-kounadou-marena\\\/\"},\"wordCount\":386,\"commentCount\":0,\"image\":{\"@id\":\"https:\\\/\\\/www.loni-infos.com\\\/index.php\\\/2026\\\/08\\\/28\\\/mandiana-toumany-konate-25-ans-emporte-par-les-eaux-a-kounadou-marena\\\/#primaryimage\"},\"thumbnailUrl\":\"https:\\\/\\\/www.loni-infos.com\\\/wp-content\\\/uploads\\\/2026\\\/08\\\/WhatsApp-Image-2026-08-28-at-13.48.47-1.jpeg\",\"articleSection\":[\"DANS NOS R\u00c9GIONS\"],\"inLanguage\":\"fr-FR\",\"potentialAction\":[{\"@type\":\"CommentAction\",\"name\":\"Comment\",\"target\":[\"https:\\\/\\\/www.loni-infos.com\\\/index.php\\\/2026\\\/08\\\/28\\\/mandiana-toumany-konate-25-ans-emporte-par-les-eaux-a-kounadou-marena\\\/#respond\"]}]},{\"@type\":\"WebPage\",\"@id\":\"https:\\\/\\\/www.loni-infos.com\\\/index.php\\\/2026\\\/08\\\/28\\\/mandiana-toumany-konate-25-ans-emporte-par-les-eaux-a-kounadou-marena\\\/\",\"url\":\"https:\\\/\\\/www.loni-infos.com\\\/index.php\\\/2026\\\/08\\\/28\\\/mandiana-toumany-konate-25-ans-emporte-par-les-eaux-a-kounadou-marena\\\/\",\"name\":\"Mandiana : Toumany Konat\u00e9, 25 ans, emport\u00e9 par les eaux \u00e0 Kounadou Marena - Loni-infos\",\"isPartOf\":{\"@id\":\"https:\\\/\\\/www.loni-infos.com\\\/#website\"},\"primaryImageOfPage\":{\"@id\":\"https:\\\/\\\/www.loni-infos.com\\\/index.php\\\/2026\\\/08\\\/28\\\/mandiana-toumany-konate-25-ans-emporte-par-les-eaux-a-kounadou-marena\\\/#primaryimage\"},\"image\":{\"@id\":\"https:\\\/\\\/www.loni-infos.com\\\/index.php\\\/2026\\\/08\\\/28\\\/mandiana-toumany-konate-25-ans-emporte-par-les-eaux-a-kounadou-marena\\\/#primaryimage\"},\"thumbnailUrl\":\"https:\\\/\\\/www.loni-infos.com\\\/wp-content\\\/uploads\\\/2026\\\/08\\\/WhatsApp-Image-2026-08-28-at-13.48.47-1.jpeg\",\"datePublished\":\"2026-08-28T15:09:14+00:00\",\"dateModified\":\"2026-08-28T15:09:16+00:00\",\"author\":{\"@id\":\"https:\\\/\\\/www.loni-infos.com\\\/#\\\/schema\\\/person\\\/e16452f14f9b6d926b9a650bb0d1d7c2\"},\"breadcrumb\":{\"@id\":\"https:\\\/\\\/www.loni-infos.com\\\/index.php\\\/2026\\\/08\\\/28\\\/mandiana-toumany-konate-25-ans-emporte-par-les-eaux-a-kounadou-marena\\\/#breadcrumb\"},\"inLanguage\":\"fr-FR\",\"potentialAction\":[{\"@type\":\"ReadAction\",\"target\":[\"https:\\\/\\\/www.loni-infos.com\\\/index.php\\\/2026\\\/08\\\/28\\\/mandiana-toumany-konate-25-ans-emporte-par-les-eaux-a-kounadou-marena\\\/\"]}]},{\"@type\":\"ImageObject\",\"inLanguage\":\"fr-FR\",\"@id\":\"https:\\\/\\\/www.loni-infos.com\\\/index.php\\\/2026\\\/08\\\/28\\\/mandiana-toumany-konate-25-ans-emporte-par-les-eaux-a-kounadou-marena\\\/#primaryimage\",\"url\":\"https:\\\/\\\/www.loni-infos.com\\\/wp-content\\\/uploads\\\/2026\\\/08\\\/WhatsApp-Image-2026-08-28-at-13.48.47-1.jpeg\",\"contentUrl\":\"https:\\\/\\\/www.loni-infos.com\\\/wp-content\\\/uploads\\\/2026\\\/08\\\/WhatsApp-Image-2026-08-28-at-13.48.47-1.jpeg\",\"width\":640,\"height\":360},{\"@type\":\"BreadcrumbList\",\"@id\":\"https:\\\/\\\/www.loni-infos.com\\\/index.php\\\/2026\\\/08\\\/28\\\/mandiana-toumany-konate-25-ans-emporte-par-les-eaux-a-kounadou-marena\\\/#breadcrumb\",\"itemListElement\":[{\"@type\":\"ListItem\",\"position\":1,\"name\":\"Accueil\",\"item\":\"https:\\\/\\\/www.loni-infos.com\\\/\"},{\"@type\":\"ListItem\",\"position\":2,\"name\":\"Mandiana : Toumany Konat\u00e9, 25 ans, emport\u00e9 par les eaux \u00e0 Kounadou Marena\"}]},{\"@type\":\"WebSite\",\"@id\":\"https:\\\/\\\/www.loni-infos.com\\\/#website\",\"url\":\"https:\\\/\\\/www.loni-infos.com\\\/\",\"name\":\"Loni-infos\",\"description\":\"Vous servir des infos est notre devoir\",\"potentialAction\":[{\"@type\":\"SearchAction\",\"target\":{\"@type\":\"EntryPoint\",\"urlTemplate\":\"https:\\\/\\\/www.loni-infos.com\\\/?s={search_term_string}\"},\"query-input\":{\"@type\":\"PropertyValueSpecification\",\"valueRequired\":true,\"valueName\":\"search_term_string\"}}],\"inLanguage\":\"fr-FR\"},{\"@type\":\"Person\",\"@id\":\"https:\\\/\\\/www.loni-infos.com\\\/#\\\/schema\\\/person\\\/e16452f14f9b6d926b9a650bb0d1d7c2\",\"name\":\"Loni-infos\",\"image\":{\"@type\":\"ImageObject\",\"inLanguage\":\"fr-FR\",\"@id\":\"https:\\\/\\\/secure.gravatar.com\\\/avatar\\\/01526220341eccec8a3d64e54b1d8169b578cce35ab5747e90c66ff74fabcc79?s=96&d=mm&r=g\",\"url\":\"https:\\\/\\\/secure.gravatar.com\\\/avatar\\\/01526220341eccec8a3d64e54b1d8169b578cce35ab5747e90c66ff74fabcc79?s=96&d=mm&r=g\",\"contentUrl\":\"https:\\\/\\\/secure.gravatar.com\\\/avatar\\\/01526220341eccec8a3d64e54b1d8169b578cce35ab5747e90c66ff74fabcc79?s=96&d=mm&r=g\",\"caption\":\"Loni-infos\"},\"url\":\"https:\\\/\\\/www.loni-infos.com\\\/index.php\\\/author\\\/madame\\\/\"}]}<\/script>\n<!-- \/ Yoast SEO plugin. -->","yoast_head_json":{"title":"Mandiana : Toumany Konat\u00e9, 25 ans, emport\u00e9 par les eaux \u00e0 Kounadou Marena - Loni-infos","robots":{"index":"index","follow":"follow","max-snippet":"max-snippet:-1","max-image-preview":"max-image-preview:large","max-video-preview":"max-video-preview:-1"},"canonical":"https:\/\/www.loni-infos.com\/index.php\/2026\/08\/28\/mandiana-toumany-konate-25-ans-emporte-par-les-eaux-a-kounadou-marena\/","og_locale":"fr_FR","og_type":"article","og_title":"Mandiana : Toumany Konat\u00e9, 25 ans, emport\u00e9 par les eaux \u00e0 Kounadou Marena - Loni-infos","og_description":"La tristesse et la consternation r\u00e8gnent \u00e0 Kounadou Marena, dans la pr\u00e9fecture de Mandiana, o\u00f9 un jeune homme de 25 ans est port\u00e9 disparu depuis jeudi apr\u00e8s-midi, apr\u00e8s \u00eatre tomb\u00e9 dans un fleuve en crue. Le drame s\u2019est produit alors que Toumany Konat\u00e9, c\u00e9libataire, avait quitt\u00e9 son domicile pour conduire des b\u0153ufs au fleuve afin","og_url":"https:\/\/www.loni-infos.com\/index.php\/2026\/08\/28\/mandiana-toumany-konate-25-ans-emporte-par-les-eaux-a-kounadou-marena\/","og_site_name":"Loni-infos","article_published_time":"2026-08-28T15:09:14+00:00","article_modified_time":"2026-08-28T15:09:16+00:00","og_image":[{"width":640,"height":360,"url":"https:\/\/www.loni-infos.com\/wp-content\/uploads\/2026\/08\/WhatsApp-Image-2026-08-28-at-13.48.47-1.jpeg","type":"image\/jpeg"}],"author":"Loni-infos","twitter_card":"summary_large_image","twitter_misc":{"\u00c9crit par":"Loni-infos","Dur\u00e9e de lecture estim\u00e9e":"2 minutes"},"schema":{"@context":"https:\/\/schema.org","@graph":[{"@type":"Article","@id":"https:\/\/www.loni-infos.com\/index.php\/2026\/08\/28\/mandiana-toumany-konate-25-ans-emporte-par-les-eaux-a-kounadou-marena\/#article","isPartOf":{"@id":"https:\/\/www.loni-infos.com\/index.php\/2026\/08\/28\/mandiana-toumany-konate-25-ans-emporte-par-les-eaux-a-kounadou-marena\/"},"author":{"name":"Loni-infos","@id":"https:\/\/www.loni-infos.com\/#\/schema\/person\/e16452f14f9b6d926b9a650bb0d1d7c2"},"headline":"Mandiana : Toumany Konat\u00e9, 25 ans, emport\u00e9 par les eaux \u00e0 Kounadou Marena","datePublished":"2026-08-28T15:09:14+00:00","dateModified":"2026-08-28T15:09:16+00:00","mainEntityOfPage":{"@id":"https:\/\/www.loni-infos.com\/index.php\/2026\/08\/28\/mandiana-toumany-konate-25-ans-emporte-par-les-eaux-a-kounadou-marena\/"},"wordCount":386,"commentCount":0,"image":{"@id":"https:\/\/www.loni-infos.com\/index.php\/2026\/08\/28\/mandiana-toumany-konate-25-ans-emporte-par-les-eaux-a-kounadou-marena\/#primaryimage"},"thumbnailUrl":"https:\/\/www.loni-infos.com\/wp-content\/uploads\/2026\/08\/WhatsApp-Image-2026-08-28-at-13.48.47-1.jpeg","articleSection":["DANS NOS R\u00c9GIONS"],"inLanguage":"fr-FR","potentialAction":[{"@type":"CommentAction","name":"Comment","target":["https:\/\/www.loni-infos.com\/index.php\/2026\/08\/28\/mandiana-toumany-konate-25-ans-emporte-par-les-eaux-a-kounadou-marena\/#respond"]}]},{"@type":"WebPage","@id":"https:\/\/www.loni-infos.com\/index.php\/2026\/08\/28\/mandiana-toumany-konate-25-ans-emporte-par-les-eaux-a-kounadou-marena\/","url":"https:\/\/www.loni-infos.com\/index.php\/2026\/08\/28\/mandiana-toumany-konate-25-ans-emporte-par-les-eaux-a-kounadou-marena\/","name":"Mandiana : Toumany Konat\u00e9, 25 ans, emport\u00e9 par les eaux \u00e0 Kounadou Marena - Loni-infos","isPartOf":{"@id":"https:\/\/www.loni-infos.com\/#website"},"primaryImageOfPage":{"@id":"https:\/\/www.loni-infos.com\/index.php\/2026\/08\/28\/mandiana-toumany-konate-25-ans-emporte-par-les-eaux-a-kounadou-marena\/#primaryimage"},"image":{"@id":"https:\/\/www.loni-infos.com\/index.php\/2026\/08\/28\/mandiana-toumany-konate-25-ans-emporte-par-les-eaux-a-kounadou-marena\/#primaryimage"},"thumbnailUrl":"https:\/\/www.loni-infos.com\/wp-content\/uploads\/2026\/08\/WhatsApp-Image-2026-08-28-at-13.48.47-1.jpeg","datePublished":"2026-08-28T15:09:14+00:00","dateModified":"2026-08-28T15:09:16+00:00","author":{"@id":"https:\/\/www.loni-infos.com\/#\/schema\/person\/e16452f14f9b6d926b9a650bb0d1d7c2"},"breadcrumb":{"@id":"https:\/\/www.loni-infos.com\/index.php\/2026\/08\/28\/mandiana-toumany-konate-25-ans-emporte-par-les-eaux-a-kounadou-marena\/#breadcrumb"},"inLanguage":"fr-FR","potentialAction":[{"@type":"ReadAction","target":["https:\/\/www.loni-infos.com\/index.php\/2026\/08\/28\/mandiana-toumany-konate-25-ans-emporte-par-les-eaux-a-kounadou-marena\/"]}]},{"@type":"ImageObject","inLanguage":"fr-FR","@id":"https:\/\/www.loni-infos.com\/index.php\/2026\/08\/28\/mandiana-toumany-konate-25-ans-emporte-par-les-eaux-a-kounadou-marena\/#primaryimage","url":"https:\/\/www.loni-infos.com\/wp-content\/uploads\/2026\/08\/WhatsApp-Image-2026-08-28-at-13.48.47-1.jpeg","contentUrl":"https:\/\/www.loni-infos.com\/wp-content\/uploads\/2026\/08\/WhatsApp-Image-2026-08-28-at-13.48.47-1.jpeg","width":640,"height":360},{"@type":"BreadcrumbList","@id":"https:\/\/www.loni-infos.com\/index.php\/2026\/08\/28\/mandiana-toumany-konate-25-ans-emporte-par-les-eaux-a-kounadou-marena\/#breadcrumb","itemListElement":[{"@type":"ListItem","position":1,"name":"Accueil","item":"https:\/\/www.loni-infos.com\/"},{"@type":"ListItem","position":2,"name":"Mandiana : Toumany Konat\u00e9, 25 ans, emport\u00e9 par les eaux \u00e0 Kounadou Marena"}]},{"@type":"WebSite","@id":"https:\/\/www.loni-infos.com\/#website","url":"https:\/\/www.loni-infos.com\/","name":"Loni-infos","description":"Vous servir des infos est notre devoir","potentialAction":[{"@type":"SearchAction","target":{"@type":"EntryPoint","urlTemplate":"https:\/\/www.loni-infos.com\/?s={search_term_string}"},"query-input":{"@type":"PropertyValueSpecification","valueRequired":true,"valueName":"search_term_string"}}],"inLanguage":"fr-FR"},{"@type":"Person","@id":"https:\/\/www.loni-infos.com\/#\/schema\/person\/e16452f14f9b6d926b9a650bb0d1d7c2","name":"Loni-infos","image":{"@type":"ImageObject","inLanguage":"fr-FR","@id":"https:\/\/secure.gravatar.com\/avatar\/01526220341eccec8a3d64e54b1d8169b578cce35ab5747e90c66ff74fabcc79?s=96&d=mm&r=g","url":"https:\/\/secure.gravatar.com\/avatar\/01526220341eccec8a3d64e54b1d8169b578cce35ab5747e90c66ff74fabcc79?s=96&d=mm&r=g","contentUrl":"https:\/\/secure.gravatar.com\/avatar\/01526220341eccec8a3d64e54b1d8169b578cce35ab5747e90c66ff74fabcc79?s=96&d=mm&r=g","caption":"Loni-infos"},"url":"https:\/\/www.loni-infos.com\/index.php\/author\/madame\/"}]}},"_links":{"self":[{"href":"https:\/\/www.loni-infos.com\/index.php\/wp-json\/wp\/v2\/posts\/18246","targetHints":{"allow":["GET"]}}],"collection":[{"href":"https:\/\/www.loni-infos.com\/index.php\/wp-json\/wp\/v2\/posts"}],"about":[{"href":"https:\/\/www.loni-infos.com\/index.php\/wp-json\/wp\/v2\/types\/post"}],"author":[{"embeddable":true,"href":"https:\/\/www.loni-infos.com\/index.php\/wp-json\/wp\/v2\/users\/6"}],"replies":[{"embeddable":true,"href":"https:\/\/www.loni-infos.com\/index.php\/wp-json\/wp\/v2\/comments?post=18246"}],"version-history":[{"count":1,"href":"https:\/\/www.loni-infos.com\/index.php\/wp-json\/wp\/v2\/posts\/18246\/revisions"}],"predecessor-version":[{"id":18249,"href":"https:\/\/www.loni-infos.com\/index.php\/wp-json\/wp\/v2\/posts\/18246\/revisions\/18249"}],"wp:featuredmedia":[{"embeddable":true,"href":"https:\/\/www.loni-infos.com\/index.php\/wp-json\/wp\/v2\/media\/18248"}],"wp:attachment":[{"href":"https:\/\/www.loni-infos.com\/index.php\/wp-json\/wp\/v2\/media?parent=18246"}],"wp:term":[{"taxonomy":"category","embeddable":true,"href":"https:\/\/www.loni-infos.com\/index.php\/wp-json\/wp\/v2\/categories?post=18246"},{"taxonomy":"post_tag","embeddable":true,"href":"https:\/\/www.loni-infos.com\/index.php\/wp-json\/wp\/v2\/tags?post=18246"}],"curies":[{"name":"wp","href":"https:\/\/api.w.org\/{rel}","templated":true}]}}