{"id":1869,"date":"2023-12-12T15:32:44","date_gmt":"2023-12-12T14:32:44","guid":{"rendered":"https:\/\/www.loni-infos.com\/?p=1869"},"modified":"2023-12-12T15:32:46","modified_gmt":"2023-12-12T14:32:46","slug":"ansoumane-kaba-parle-le-28-septembre-2009-jetais-a-mon-bureau","status":"publish","type":"post","link":"https:\/\/www.loni-infos.com\/index.php\/2023\/12\/12\/ansoumane-kaba-parle-le-28-septembre-2009-jetais-a-mon-bureau\/","title":{"rendered":"Ansoumane Kaba parle: &#8220;le 28 septembre 2009, j&#8217;\u00e9tais \u00e0 mon bureau&#8221;."},"content":{"rendered":"\n<p>Le proc\u00e8s des \u00e9v\u00e9nements du massacre du 28septembre 2009 s&#8217;est poursuivi ce mardi 12decembre au tribunal Adhoc de Kaloum. Apr\u00e8s le passage du g\u00e9n\u00e9ral Ibrahima Bald\u00e9, c\u2019est au tour du chef d&#8217;\u00e9tat-major de l&#8217;arm\u00e9e \u00e0 l&#8217;\u00e9poque Ansoumane Kaba d\u2019expliquer sa version des faits.<\/p>\n\n\n\n<p>\u00a0Dans sa d\u00e9claration, le g\u00e9n\u00e9ral Ansoumane Kaba a affirm\u00e9 qu&#8217;il \u00e9tait rest\u00e9 dans son bureau conform\u00e9ment aux instructions donn\u00e9es lors d&#8217;une r\u00e9union le 27 septembre 2009. &#8221; <em>le 28 septembre 2009, j&#8217;\u00e9tais \u00e0 mon bureau. Je ne suis pas sortie. \u00a0Cela conform\u00e9ment aux instructions donn\u00e9es lors d&#8217;une r\u00e9union le 27 qui consistait \u00e0 caserner tous les militaires le 28 au camp. Moi je n\u2019\u00e9tais pas l\u00e0, j&#8217;\u00e9tais \u00e0 Lab\u00e9 je suis rentr\u00e9 que le 27 je crois. La r\u00e9union qui s&#8217;est tenue je n\u2019ai pas assist\u00e9 mais mon commandant d&#8217;unit\u00e9 que je commandais a assist\u00e9 et m&#8217;a remont\u00e9 des instructions. Le 28 septembre, j&#8217;\u00e9tais \u00e0 mon bureau lorsque j\u2019ai entendu par voie de presse que les b\u00e9rets rouges sont all\u00e9s au stade. \u00a0Qu\u2019il y&#8217;a eu des d\u00e9bandades, les gens ont \u00e9t\u00e9 bless\u00e9s mais aussi les cas de morts.<\/em>&#8221; a t&#8217;il soutenu<\/p>\n\n\n\n<p class=\"has-text-align-right\"><strong>Fatoumata Camara<\/strong><\/p>\n","protected":false},"excerpt":{"rendered":"<p>Le proc\u00e8s des \u00e9v\u00e9nements du massacre du 28septembre 2009 s&#8217;est poursuivi ce mardi 12decembre au tribunal Adhoc de Kaloum. Apr\u00e8s le passage du g\u00e9n\u00e9ral Ibrahima Bald\u00e9, c\u2019est au tour du chef d&#8217;\u00e9tat-major de l&#8217;arm\u00e9e \u00e0 l&#8217;\u00e9poque Ansoumane Kaba d\u2019expliquer sa version des faits. \u00a0Dans sa d\u00e9claration, le g\u00e9n\u00e9ral Ansoumane Kaba a affirm\u00e9 qu&#8217;il \u00e9tait rest\u00e9<\/p>\n","protected":false},"author":1,"featured_media":1870,"comment_status":"open","ping_status":"open","sticky":true,"template":"","format":"standard","meta":{"footnotes":""},"categories":[20],"tags":[],"class_list":{"0":"post-1869","1":"post","2":"type-post","3":"status-publish","4":"format-standard","5":"has-post-thumbnail","7":"category-societe"},"yoast_head":"<!-- This site is optimized with the Yoast SEO plugin v27.0 - https:\/\/yoast.com\/product\/yoast-seo-wordpress\/ -->\n<title>Ansoumane Kaba parle: &quot;le 28 septembre 2009, j&#039;\u00e9tais \u00e0 mon bureau&quot;. - Loni-infos<\/title>\n<meta name=\"robots\" content=\"index, follow, max-snippet:-1, max-image-preview:large, max-video-preview:-1\" \/>\n<link rel=\"canonical\" href=\"https:\/\/www.loni-infos.com\/index.php\/2023\/12\/12\/ansoumane-kaba-parle-le-28-septembre-2009-jetais-a-mon-bureau\/\" \/>\n<meta property=\"og:locale\" content=\"fr_FR\" \/>\n<meta property=\"og:type\" content=\"article\" \/>\n<meta property=\"og:title\" content=\"Ansoumane Kaba parle: &quot;le 28 septembre 2009, j&#039;\u00e9tais \u00e0 mon bureau&quot;. - Loni-infos\" \/>\n<meta property=\"og:description\" content=\"Le proc\u00e8s des \u00e9v\u00e9nements du massacre du 28septembre 2009 s&#8217;est poursuivi ce mardi 12decembre au tribunal Adhoc de Kaloum. Apr\u00e8s le passage du g\u00e9n\u00e9ral Ibrahima Bald\u00e9, c\u2019est au tour du chef d&#8217;\u00e9tat-major de l&#8217;arm\u00e9e \u00e0 l&#8217;\u00e9poque Ansoumane Kaba d\u2019expliquer sa version des faits. \u00a0Dans sa d\u00e9claration, le g\u00e9n\u00e9ral Ansoumane Kaba a affirm\u00e9 qu&#8217;il \u00e9tait rest\u00e9\" \/>\n<meta property=\"og:url\" content=\"https:\/\/www.loni-infos.com\/index.php\/2023\/12\/12\/ansoumane-kaba-parle-le-28-septembre-2009-jetais-a-mon-bureau\/\" \/>\n<meta property=\"og:site_name\" content=\"Loni-infos\" \/>\n<meta property=\"article:published_time\" content=\"2023-12-12T14:32:44+00:00\" \/>\n<meta property=\"article:modified_time\" content=\"2023-12-12T14:32:46+00:00\" \/>\n<meta property=\"og:image\" content=\"https:\/\/www.loni-infos.com\/wp-content\/uploads\/2023\/12\/WhatsApp-Image-2023-12-12-at-13.37.48.jpeg\" \/>\n\t<meta property=\"og:image:width\" content=\"1080\" \/>\n\t<meta property=\"og:image:height\" content=\"720\" \/>\n\t<meta property=\"og:image:type\" content=\"image\/jpeg\" \/>\n<meta name=\"twitter:card\" content=\"summary_large_image\" \/>\n<meta name=\"twitter:label1\" content=\"\u00c9crit par\" \/>\n\t<meta name=\"twitter:data1\" content=\"\" \/>\n\t<meta name=\"twitter:label2\" content=\"Dur\u00e9e de lecture estim\u00e9e\" \/>\n\t<meta name=\"twitter:data2\" content=\"1 minute\" \/>\n<script type=\"application\/ld+json\" class=\"yoast-schema-graph\">{\"@context\":\"https:\/\/schema.org\",\"@graph\":[{\"@type\":\"Article\",\"@id\":\"https:\/\/www.loni-infos.com\/index.php\/2023\/12\/12\/ansoumane-kaba-parle-le-28-septembre-2009-jetais-a-mon-bureau\/#article\",\"isPartOf\":{\"@id\":\"https:\/\/www.loni-infos.com\/index.php\/2023\/12\/12\/ansoumane-kaba-parle-le-28-septembre-2009-jetais-a-mon-bureau\/\"},\"author\":{\"name\":\"\",\"@id\":\"\"},\"headline\":\"Ansoumane Kaba parle: &#8220;le 28 septembre 2009, j&#8217;\u00e9tais \u00e0 mon bureau&#8221;.\",\"datePublished\":\"2023-12-12T14:32:44+00:00\",\"dateModified\":\"2023-12-12T14:32:46+00:00\",\"mainEntityOfPage\":{\"@id\":\"https:\/\/www.loni-infos.com\/index.php\/2023\/12\/12\/ansoumane-kaba-parle-le-28-septembre-2009-jetais-a-mon-bureau\/\"},\"wordCount\":221,\"commentCount\":0,\"image\":{\"@id\":\"https:\/\/www.loni-infos.com\/index.php\/2023\/12\/12\/ansoumane-kaba-parle-le-28-septembre-2009-jetais-a-mon-bureau\/#primaryimage\"},\"thumbnailUrl\":\"https:\/\/www.loni-infos.com\/wp-content\/uploads\/2023\/12\/WhatsApp-Image-2023-12-12-at-13.37.48.jpeg\",\"articleSection\":[\"Soci\u00e9t\u00e9\"],\"inLanguage\":\"fr-FR\",\"potentialAction\":[{\"@type\":\"CommentAction\",\"name\":\"Comment\",\"target\":[\"https:\/\/www.loni-infos.com\/index.php\/2023\/12\/12\/ansoumane-kaba-parle-le-28-septembre-2009-jetais-a-mon-bureau\/#respond\"]}]},{\"@type\":\"WebPage\",\"@id\":\"https:\/\/www.loni-infos.com\/index.php\/2023\/12\/12\/ansoumane-kaba-parle-le-28-septembre-2009-jetais-a-mon-bureau\/\",\"url\":\"https:\/\/www.loni-infos.com\/index.php\/2023\/12\/12\/ansoumane-kaba-parle-le-28-septembre-2009-jetais-a-mon-bureau\/\",\"name\":\"Ansoumane Kaba parle: \\\"le 28 septembre 2009, j'\u00e9tais \u00e0 mon bureau\\\". - Loni-infos\",\"isPartOf\":{\"@id\":\"https:\/\/www.loni-infos.com\/#website\"},\"primaryImageOfPage\":{\"@id\":\"https:\/\/www.loni-infos.com\/index.php\/2023\/12\/12\/ansoumane-kaba-parle-le-28-septembre-2009-jetais-a-mon-bureau\/#primaryimage\"},\"image\":{\"@id\":\"https:\/\/www.loni-infos.com\/index.php\/2023\/12\/12\/ansoumane-kaba-parle-le-28-septembre-2009-jetais-a-mon-bureau\/#primaryimage\"},\"thumbnailUrl\":\"https:\/\/www.loni-infos.com\/wp-content\/uploads\/2023\/12\/WhatsApp-Image-2023-12-12-at-13.37.48.jpeg\",\"datePublished\":\"2023-12-12T14:32:44+00:00\",\"dateModified\":\"2023-12-12T14:32:46+00:00\",\"author\":{\"@id\":\"\"},\"breadcrumb\":{\"@id\":\"https:\/\/www.loni-infos.com\/index.php\/2023\/12\/12\/ansoumane-kaba-parle-le-28-septembre-2009-jetais-a-mon-bureau\/#breadcrumb\"},\"inLanguage\":\"fr-FR\",\"potentialAction\":[{\"@type\":\"ReadAction\",\"target\":[\"https:\/\/www.loni-infos.com\/index.php\/2023\/12\/12\/ansoumane-kaba-parle-le-28-septembre-2009-jetais-a-mon-bureau\/\"]}]},{\"@type\":\"ImageObject\",\"inLanguage\":\"fr-FR\",\"@id\":\"https:\/\/www.loni-infos.com\/index.php\/2023\/12\/12\/ansoumane-kaba-parle-le-28-septembre-2009-jetais-a-mon-bureau\/#primaryimage\",\"url\":\"https:\/\/www.loni-infos.com\/wp-content\/uploads\/2023\/12\/WhatsApp-Image-2023-12-12-at-13.37.48.jpeg\",\"contentUrl\":\"https:\/\/www.loni-infos.com\/wp-content\/uploads\/2023\/12\/WhatsApp-Image-2023-12-12-at-13.37.48.jpeg\",\"width\":1080,\"height\":720},{\"@type\":\"BreadcrumbList\",\"@id\":\"https:\/\/www.loni-infos.com\/index.php\/2023\/12\/12\/ansoumane-kaba-parle-le-28-septembre-2009-jetais-a-mon-bureau\/#breadcrumb\",\"itemListElement\":[{\"@type\":\"ListItem\",\"position\":1,\"name\":\"Accueil\",\"item\":\"https:\/\/www.loni-infos.com\/\"},{\"@type\":\"ListItem\",\"position\":2,\"name\":\"Ansoumane Kaba parle: \u00ab\u00a0le 28 septembre 2009, j&rsquo;\u00e9tais \u00e0 mon bureau\u00a0\u00bb.\"}]},{\"@type\":\"WebSite\",\"@id\":\"https:\/\/www.loni-infos.com\/#website\",\"url\":\"https:\/\/www.loni-infos.com\/\",\"name\":\"Loni-infos\",\"description\":\"Vous servir des infos est notre devoir\",\"potentialAction\":[{\"@type\":\"SearchAction\",\"target\":{\"@type\":\"EntryPoint\",\"urlTemplate\":\"https:\/\/www.loni-infos.com\/?s={search_term_string}\"},\"query-input\":{\"@type\":\"PropertyValueSpecification\",\"valueRequired\":true,\"valueName\":\"search_term_string\"}}],\"inLanguage\":\"fr-FR\"},{\"@type\":\"Person\",\"@id\":\"\",\"url\":\"https:\/\/www.loni-infos.com\/index.php\/author\/\"}]}<\/script>\n<!-- \/ Yoast SEO plugin. -->","yoast_head_json":{"title":"Ansoumane Kaba parle: \"le 28 septembre 2009, j'\u00e9tais \u00e0 mon bureau\". - Loni-infos","robots":{"index":"index","follow":"follow","max-snippet":"max-snippet:-1","max-image-preview":"max-image-preview:large","max-video-preview":"max-video-preview:-1"},"canonical":"https:\/\/www.loni-infos.com\/index.php\/2023\/12\/12\/ansoumane-kaba-parle-le-28-septembre-2009-jetais-a-mon-bureau\/","og_locale":"fr_FR","og_type":"article","og_title":"Ansoumane Kaba parle: \"le 28 septembre 2009, j'\u00e9tais \u00e0 mon bureau\". - Loni-infos","og_description":"Le proc\u00e8s des \u00e9v\u00e9nements du massacre du 28septembre 2009 s&#8217;est poursuivi ce mardi 12decembre au tribunal Adhoc de Kaloum. Apr\u00e8s le passage du g\u00e9n\u00e9ral Ibrahima Bald\u00e9, c\u2019est au tour du chef d&#8217;\u00e9tat-major de l&#8217;arm\u00e9e \u00e0 l&#8217;\u00e9poque Ansoumane Kaba d\u2019expliquer sa version des faits. \u00a0Dans sa d\u00e9claration, le g\u00e9n\u00e9ral Ansoumane Kaba a affirm\u00e9 qu&#8217;il \u00e9tait rest\u00e9","og_url":"https:\/\/www.loni-infos.com\/index.php\/2023\/12\/12\/ansoumane-kaba-parle-le-28-septembre-2009-jetais-a-mon-bureau\/","og_site_name":"Loni-infos","article_published_time":"2023-12-12T14:32:44+00:00","article_modified_time":"2023-12-12T14:32:46+00:00","og_image":[{"width":1080,"height":720,"url":"https:\/\/www.loni-infos.com\/wp-content\/uploads\/2023\/12\/WhatsApp-Image-2023-12-12-at-13.37.48.jpeg","type":"image\/jpeg"}],"twitter_card":"summary_large_image","twitter_misc":{"\u00c9crit par":"","Dur\u00e9e de lecture estim\u00e9e":"1 minute"},"schema":{"@context":"https:\/\/schema.org","@graph":[{"@type":"Article","@id":"https:\/\/www.loni-infos.com\/index.php\/2023\/12\/12\/ansoumane-kaba-parle-le-28-septembre-2009-jetais-a-mon-bureau\/#article","isPartOf":{"@id":"https:\/\/www.loni-infos.com\/index.php\/2023\/12\/12\/ansoumane-kaba-parle-le-28-septembre-2009-jetais-a-mon-bureau\/"},"author":{"name":"","@id":""},"headline":"Ansoumane Kaba parle: &#8220;le 28 septembre 2009, j&#8217;\u00e9tais \u00e0 mon bureau&#8221;.","datePublished":"2023-12-12T14:32:44+00:00","dateModified":"2023-12-12T14:32:46+00:00","mainEntityOfPage":{"@id":"https:\/\/www.loni-infos.com\/index.php\/2023\/12\/12\/ansoumane-kaba-parle-le-28-septembre-2009-jetais-a-mon-bureau\/"},"wordCount":221,"commentCount":0,"image":{"@id":"https:\/\/www.loni-infos.com\/index.php\/2023\/12\/12\/ansoumane-kaba-parle-le-28-septembre-2009-jetais-a-mon-bureau\/#primaryimage"},"thumbnailUrl":"https:\/\/www.loni-infos.com\/wp-content\/uploads\/2023\/12\/WhatsApp-Image-2023-12-12-at-13.37.48.jpeg","articleSection":["Soci\u00e9t\u00e9"],"inLanguage":"fr-FR","potentialAction":[{"@type":"CommentAction","name":"Comment","target":["https:\/\/www.loni-infos.com\/index.php\/2023\/12\/12\/ansoumane-kaba-parle-le-28-septembre-2009-jetais-a-mon-bureau\/#respond"]}]},{"@type":"WebPage","@id":"https:\/\/www.loni-infos.com\/index.php\/2023\/12\/12\/ansoumane-kaba-parle-le-28-septembre-2009-jetais-a-mon-bureau\/","url":"https:\/\/www.loni-infos.com\/index.php\/2023\/12\/12\/ansoumane-kaba-parle-le-28-septembre-2009-jetais-a-mon-bureau\/","name":"Ansoumane Kaba parle: \"le 28 septembre 2009, j'\u00e9tais \u00e0 mon bureau\". - Loni-infos","isPartOf":{"@id":"https:\/\/www.loni-infos.com\/#website"},"primaryImageOfPage":{"@id":"https:\/\/www.loni-infos.com\/index.php\/2023\/12\/12\/ansoumane-kaba-parle-le-28-septembre-2009-jetais-a-mon-bureau\/#primaryimage"},"image":{"@id":"https:\/\/www.loni-infos.com\/index.php\/2023\/12\/12\/ansoumane-kaba-parle-le-28-septembre-2009-jetais-a-mon-bureau\/#primaryimage"},"thumbnailUrl":"https:\/\/www.loni-infos.com\/wp-content\/uploads\/2023\/12\/WhatsApp-Image-2023-12-12-at-13.37.48.jpeg","datePublished":"2023-12-12T14:32:44+00:00","dateModified":"2023-12-12T14:32:46+00:00","author":{"@id":""},"breadcrumb":{"@id":"https:\/\/www.loni-infos.com\/index.php\/2023\/12\/12\/ansoumane-kaba-parle-le-28-septembre-2009-jetais-a-mon-bureau\/#breadcrumb"},"inLanguage":"fr-FR","potentialAction":[{"@type":"ReadAction","target":["https:\/\/www.loni-infos.com\/index.php\/2023\/12\/12\/ansoumane-kaba-parle-le-28-septembre-2009-jetais-a-mon-bureau\/"]}]},{"@type":"ImageObject","inLanguage":"fr-FR","@id":"https:\/\/www.loni-infos.com\/index.php\/2023\/12\/12\/ansoumane-kaba-parle-le-28-septembre-2009-jetais-a-mon-bureau\/#primaryimage","url":"https:\/\/www.loni-infos.com\/wp-content\/uploads\/2023\/12\/WhatsApp-Image-2023-12-12-at-13.37.48.jpeg","contentUrl":"https:\/\/www.loni-infos.com\/wp-content\/uploads\/2023\/12\/WhatsApp-Image-2023-12-12-at-13.37.48.jpeg","width":1080,"height":720},{"@type":"BreadcrumbList","@id":"https:\/\/www.loni-infos.com\/index.php\/2023\/12\/12\/ansoumane-kaba-parle-le-28-septembre-2009-jetais-a-mon-bureau\/#breadcrumb","itemListElement":[{"@type":"ListItem","position":1,"name":"Accueil","item":"https:\/\/www.loni-infos.com\/"},{"@type":"ListItem","position":2,"name":"Ansoumane Kaba parle: \u00ab\u00a0le 28 septembre 2009, j&rsquo;\u00e9tais \u00e0 mon bureau\u00a0\u00bb."}]},{"@type":"WebSite","@id":"https:\/\/www.loni-infos.com\/#website","url":"https:\/\/www.loni-infos.com\/","name":"Loni-infos","description":"Vous servir des infos est notre devoir","potentialAction":[{"@type":"SearchAction","target":{"@type":"EntryPoint","urlTemplate":"https:\/\/www.loni-infos.com\/?s={search_term_string}"},"query-input":{"@type":"PropertyValueSpecification","valueRequired":true,"valueName":"search_term_string"}}],"inLanguage":"fr-FR"},{"@type":"Person","@id":"","url":"https:\/\/www.loni-infos.com\/index.php\/author\/"}]}},"_links":{"self":[{"href":"https:\/\/www.loni-infos.com\/index.php\/wp-json\/wp\/v2\/posts\/1869","targetHints":{"allow":["GET"]}}],"collection":[{"href":"https:\/\/www.loni-infos.com\/index.php\/wp-json\/wp\/v2\/posts"}],"about":[{"href":"https:\/\/www.loni-infos.com\/index.php\/wp-json\/wp\/v2\/types\/post"}],"author":[{"embeddable":true,"href":"https:\/\/www.loni-infos.com\/index.php\/wp-json\/wp\/v2\/users\/1"}],"replies":[{"embeddable":true,"href":"https:\/\/www.loni-infos.com\/index.php\/wp-json\/wp\/v2\/comments?post=1869"}],"version-history":[{"count":1,"href":"https:\/\/www.loni-infos.com\/index.php\/wp-json\/wp\/v2\/posts\/1869\/revisions"}],"predecessor-version":[{"id":1871,"href":"https:\/\/www.loni-infos.com\/index.php\/wp-json\/wp\/v2\/posts\/1869\/revisions\/1871"}],"wp:featuredmedia":[{"embeddable":true,"href":"https:\/\/www.loni-infos.com\/index.php\/wp-json\/wp\/v2\/media\/1870"}],"wp:attachment":[{"href":"https:\/\/www.loni-infos.com\/index.php\/wp-json\/wp\/v2\/media?parent=1869"}],"wp:term":[{"taxonomy":"category","embeddable":true,"href":"https:\/\/www.loni-infos.com\/index.php\/wp-json\/wp\/v2\/categories?post=1869"},{"taxonomy":"post_tag","embeddable":true,"href":"https:\/\/www.loni-infos.com\/index.php\/wp-json\/wp\/v2\/tags?post=1869"}],"curies":[{"name":"wp","href":"https:\/\/api.w.org\/{rel}","templated":true}]}}