{"id":2144,"date":"2024-01-03T15:10:42","date_gmt":"2024-01-03T14:10:42","guid":{"rendered":"https:\/\/www.loni-infos.com\/?p=2144"},"modified":"2024-01-03T15:11:47","modified_gmt":"2024-01-03T14:11:47","slug":"couverture-mediatique-du-proces-du-28-septembre-2009-importante-formation-de-plusieurs-journalistes","status":"publish","type":"post","link":"https:\/\/www.loni-infos.com\/index.php\/2024\/01\/03\/couverture-mediatique-du-proces-du-28-septembre-2009-importante-formation-de-plusieurs-journalistes\/","title":{"rendered":"Couverture m\u00e9diatique du proc\u00e8s du 28 septembre 2009 : importante formation de plusieurs journalistes"},"content":{"rendered":"\n<p>Le ministre de la justice et des droits de l&#8217;homme a proc\u00e9d\u00e9 au lancement de la formation du deuxi\u00e8me groupe de journalistes sur les techniques de couverture d&#8217;un proc\u00e8s sensible ce mercredi 03 janvier dans les locaux du minist\u00e8re. L&#8217;objectif de cette formation est d\u2019outiller les journalistes sur le concept juridique lorsqu&#8217;ils sont invit\u00e9s \u00e0 couvrir des proc\u00e8s criminels. Face aux journalistes, le ministre remercie \u00ab <em>la cellule de communication du proc\u00e8s des \u00e9v\u00e9nements du 28 septembre. Vous savez, la premi\u00e8re r\u00e9ussite d&#8217;un proc\u00e8s d\u00e9pend de sa couverture m\u00e9diatique. Ce sont les m\u00e9dias qui sont suivis aujourd&#8217;hui dans nos diff\u00e9rentes langues, mais aussi sur la base de la langue officielle, qui est le fran\u00e7ais. Mais sauf que les m\u00e9dias ne ma\u00eetrisent pas les concepts juridiques. Lorsqu&#8217;ils sont invit\u00e9s \u00e0 couvrir un tel proc\u00e8s, il faut faire en sorte qu&#8217;ils soient outill\u00e9s pour \u00e9viter que les informations soient des informations qui ne sortent pas du cadre l\u00e9gal <\/em>\u00bb affirme Alfonse Charles Wright<\/p>\n\n\n\n<p><\/p>\n\n\n\n<p>Plus loin, il ajoute \u00ab <em>Nous sommes \u00e0 la phase des t\u00e9moignages. Vous avez encore une autre phase du dossier qui est en train d&#8217;\u00eatre examin\u00e9 de fa\u00e7on ind\u00e9pendante par des juridictions. Je crois qu&#8217;\u00e0 l&#8217;issue de \u00e7a, les m\u00e9dias vont \u00eatre outill\u00e9s, et que d\u00e9sormais, lorsqu&#8217;on doit parler de ce proc\u00e8s, pendant et apr\u00e8s les audiences, Il faut que chaque acteur sache que chaque mot a sa place. Chaque geste \u00e0 ce proc\u00e8s peut avoir un impact \u00e0 la fois positif et n\u00e9gatif. D&#8217;o\u00f9 beaucoup plus de responsabilit\u00e9s. Parce que l&#8217;objectif de ce proc\u00e8s ce n&#8217;est pas contre une r\u00e9gion, pas contre une ethnie. C&#8217;est pour pouvoir rendre justice. Permettre aux accus\u00e9s de se d\u00e9fendre et aux victimes d&#8217;avoir droit \u00e0 la r\u00e9paration. Et dans tout \u00e7a, renforcer la paix, l&#8217;unit\u00e9, la r\u00e9conciliation entre tous les Guin\u00e9ens<\/em>\u00bb<\/p>\n\n\n\n<p>Initi\u00e9e par la cellule de communication du proc\u00e8s du 28septembre 2009, cette formation se tiendra du 03 au 05 janvier.<\/p>\n\n\n\n<p class=\"has-text-align-right\"><strong>Fatoumata Camara <\/strong><\/p>\n\n\n\n<p class=\"has-text-align-right\"><strong>660487776<\/strong><\/p>\n","protected":false},"excerpt":{"rendered":"<p>Le ministre de la justice et des droits de l&#8217;homme a proc\u00e9d\u00e9 au lancement de la formation du deuxi\u00e8me groupe de journalistes sur les techniques de couverture d&#8217;un proc\u00e8s sensible ce mercredi 03 janvier dans les locaux du minist\u00e8re. L&#8217;objectif de cette formation est d\u2019outiller les journalistes sur le concept juridique lorsqu&#8217;ils sont invit\u00e9s \u00e0<\/p>\n","protected":false},"author":1,"featured_media":2145,"comment_status":"open","ping_status":"open","sticky":true,"template":"","format":"standard","meta":{"footnotes":""},"categories":[20],"tags":[511],"class_list":{"0":"post-2144","1":"post","2":"type-post","3":"status-publish","4":"format-standard","5":"has-post-thumbnail","7":"category-societe","8":"tag-proces-du-28-septembre-2009"},"yoast_head":"<!-- This site is optimized with the Yoast SEO plugin v27.0 - https:\/\/yoast.com\/product\/yoast-seo-wordpress\/ -->\n<title>Couverture m\u00e9diatique du proc\u00e8s du 28 septembre 2009 : importante formation de plusieurs journalistes - Loni-infos<\/title>\n<meta name=\"robots\" content=\"index, follow, max-snippet:-1, max-image-preview:large, max-video-preview:-1\" \/>\n<link rel=\"canonical\" href=\"https:\/\/www.loni-infos.com\/index.php\/2024\/01\/03\/couverture-mediatique-du-proces-du-28-septembre-2009-importante-formation-de-plusieurs-journalistes\/\" \/>\n<meta property=\"og:locale\" content=\"fr_FR\" \/>\n<meta property=\"og:type\" content=\"article\" \/>\n<meta property=\"og:title\" content=\"Couverture m\u00e9diatique du proc\u00e8s du 28 septembre 2009 : importante formation de plusieurs journalistes - Loni-infos\" \/>\n<meta property=\"og:description\" content=\"Le ministre de la justice et des droits de l&#8217;homme a proc\u00e9d\u00e9 au lancement de la formation du deuxi\u00e8me groupe de journalistes sur les techniques de couverture d&#8217;un proc\u00e8s sensible ce mercredi 03 janvier dans les locaux du minist\u00e8re. L&#8217;objectif de cette formation est d\u2019outiller les journalistes sur le concept juridique lorsqu&#8217;ils sont invit\u00e9s \u00e0\" \/>\n<meta property=\"og:url\" content=\"https:\/\/www.loni-infos.com\/index.php\/2024\/01\/03\/couverture-mediatique-du-proces-du-28-septembre-2009-importante-formation-de-plusieurs-journalistes\/\" \/>\n<meta property=\"og:site_name\" content=\"Loni-infos\" \/>\n<meta property=\"article:published_time\" content=\"2024-01-03T14:10:42+00:00\" \/>\n<meta property=\"article:modified_time\" content=\"2024-01-03T14:11:47+00:00\" \/>\n<meta property=\"og:image\" content=\"https:\/\/www.loni-infos.com\/wp-content\/uploads\/2024\/01\/WhatsApp-Image-2024-01-03-at-13.27.02-1.jpeg\" \/>\n\t<meta property=\"og:image:width\" content=\"1080\" \/>\n\t<meta property=\"og:image:height\" content=\"720\" \/>\n\t<meta property=\"og:image:type\" content=\"image\/jpeg\" \/>\n<meta name=\"twitter:card\" content=\"summary_large_image\" \/>\n<meta name=\"twitter:label1\" content=\"\u00c9crit par\" \/>\n\t<meta name=\"twitter:data1\" content=\"\" \/>\n\t<meta name=\"twitter:label2\" content=\"Dur\u00e9e de lecture estim\u00e9e\" \/>\n\t<meta name=\"twitter:data2\" content=\"2 minutes\" \/>\n<script type=\"application\/ld+json\" class=\"yoast-schema-graph\">{\"@context\":\"https:\/\/schema.org\",\"@graph\":[{\"@type\":\"Article\",\"@id\":\"https:\/\/www.loni-infos.com\/index.php\/2024\/01\/03\/couverture-mediatique-du-proces-du-28-septembre-2009-importante-formation-de-plusieurs-journalistes\/#article\",\"isPartOf\":{\"@id\":\"https:\/\/www.loni-infos.com\/index.php\/2024\/01\/03\/couverture-mediatique-du-proces-du-28-septembre-2009-importante-formation-de-plusieurs-journalistes\/\"},\"author\":{\"name\":\"\",\"@id\":\"\"},\"headline\":\"Couverture m\u00e9diatique du proc\u00e8s du 28 septembre 2009 : importante formation de plusieurs journalistes\",\"datePublished\":\"2024-01-03T14:10:42+00:00\",\"dateModified\":\"2024-01-03T14:11:47+00:00\",\"mainEntityOfPage\":{\"@id\":\"https:\/\/www.loni-infos.com\/index.php\/2024\/01\/03\/couverture-mediatique-du-proces-du-28-septembre-2009-importante-formation-de-plusieurs-journalistes\/\"},\"wordCount\":380,\"commentCount\":0,\"image\":{\"@id\":\"https:\/\/www.loni-infos.com\/index.php\/2024\/01\/03\/couverture-mediatique-du-proces-du-28-septembre-2009-importante-formation-de-plusieurs-journalistes\/#primaryimage\"},\"thumbnailUrl\":\"https:\/\/www.loni-infos.com\/wp-content\/uploads\/2024\/01\/WhatsApp-Image-2024-01-03-at-13.27.02-1.jpeg\",\"keywords\":[\"proc\u00e8s du 28 septembre 2009\"],\"articleSection\":[\"Soci\u00e9t\u00e9\"],\"inLanguage\":\"fr-FR\",\"potentialAction\":[{\"@type\":\"CommentAction\",\"name\":\"Comment\",\"target\":[\"https:\/\/www.loni-infos.com\/index.php\/2024\/01\/03\/couverture-mediatique-du-proces-du-28-septembre-2009-importante-formation-de-plusieurs-journalistes\/#respond\"]}]},{\"@type\":\"WebPage\",\"@id\":\"https:\/\/www.loni-infos.com\/index.php\/2024\/01\/03\/couverture-mediatique-du-proces-du-28-septembre-2009-importante-formation-de-plusieurs-journalistes\/\",\"url\":\"https:\/\/www.loni-infos.com\/index.php\/2024\/01\/03\/couverture-mediatique-du-proces-du-28-septembre-2009-importante-formation-de-plusieurs-journalistes\/\",\"name\":\"Couverture m\u00e9diatique du proc\u00e8s du 28 septembre 2009 : importante formation de plusieurs journalistes - Loni-infos\",\"isPartOf\":{\"@id\":\"https:\/\/www.loni-infos.com\/#website\"},\"primaryImageOfPage\":{\"@id\":\"https:\/\/www.loni-infos.com\/index.php\/2024\/01\/03\/couverture-mediatique-du-proces-du-28-septembre-2009-importante-formation-de-plusieurs-journalistes\/#primaryimage\"},\"image\":{\"@id\":\"https:\/\/www.loni-infos.com\/index.php\/2024\/01\/03\/couverture-mediatique-du-proces-du-28-septembre-2009-importante-formation-de-plusieurs-journalistes\/#primaryimage\"},\"thumbnailUrl\":\"https:\/\/www.loni-infos.com\/wp-content\/uploads\/2024\/01\/WhatsApp-Image-2024-01-03-at-13.27.02-1.jpeg\",\"datePublished\":\"2024-01-03T14:10:42+00:00\",\"dateModified\":\"2024-01-03T14:11:47+00:00\",\"author\":{\"@id\":\"\"},\"breadcrumb\":{\"@id\":\"https:\/\/www.loni-infos.com\/index.php\/2024\/01\/03\/couverture-mediatique-du-proces-du-28-septembre-2009-importante-formation-de-plusieurs-journalistes\/#breadcrumb\"},\"inLanguage\":\"fr-FR\",\"potentialAction\":[{\"@type\":\"ReadAction\",\"target\":[\"https:\/\/www.loni-infos.com\/index.php\/2024\/01\/03\/couverture-mediatique-du-proces-du-28-septembre-2009-importante-formation-de-plusieurs-journalistes\/\"]}]},{\"@type\":\"ImageObject\",\"inLanguage\":\"fr-FR\",\"@id\":\"https:\/\/www.loni-infos.com\/index.php\/2024\/01\/03\/couverture-mediatique-du-proces-du-28-septembre-2009-importante-formation-de-plusieurs-journalistes\/#primaryimage\",\"url\":\"https:\/\/www.loni-infos.com\/wp-content\/uploads\/2024\/01\/WhatsApp-Image-2024-01-03-at-13.27.02-1.jpeg\",\"contentUrl\":\"https:\/\/www.loni-infos.com\/wp-content\/uploads\/2024\/01\/WhatsApp-Image-2024-01-03-at-13.27.02-1.jpeg\",\"width\":1080,\"height\":720,\"caption\":\"Alfonse Charles Wright lors de la c\u00e9r\u00e9monie de lancement de la formation des journaliste\"},{\"@type\":\"BreadcrumbList\",\"@id\":\"https:\/\/www.loni-infos.com\/index.php\/2024\/01\/03\/couverture-mediatique-du-proces-du-28-septembre-2009-importante-formation-de-plusieurs-journalistes\/#breadcrumb\",\"itemListElement\":[{\"@type\":\"ListItem\",\"position\":1,\"name\":\"Accueil\",\"item\":\"https:\/\/www.loni-infos.com\/\"},{\"@type\":\"ListItem\",\"position\":2,\"name\":\"Couverture m\u00e9diatique du proc\u00e8s du 28 septembre 2009 : importante formation de plusieurs journalistes\"}]},{\"@type\":\"WebSite\",\"@id\":\"https:\/\/www.loni-infos.com\/#website\",\"url\":\"https:\/\/www.loni-infos.com\/\",\"name\":\"Loni-infos\",\"description\":\"Vous servir des infos est notre devoir\",\"potentialAction\":[{\"@type\":\"SearchAction\",\"target\":{\"@type\":\"EntryPoint\",\"urlTemplate\":\"https:\/\/www.loni-infos.com\/?s={search_term_string}\"},\"query-input\":{\"@type\":\"PropertyValueSpecification\",\"valueRequired\":true,\"valueName\":\"search_term_string\"}}],\"inLanguage\":\"fr-FR\"},{\"@type\":\"Person\",\"@id\":\"\",\"url\":\"https:\/\/www.loni-infos.com\/index.php\/author\/\"}]}<\/script>\n<!-- \/ Yoast SEO plugin. -->","yoast_head_json":{"title":"Couverture m\u00e9diatique du proc\u00e8s du 28 septembre 2009 : importante formation de plusieurs journalistes - Loni-infos","robots":{"index":"index","follow":"follow","max-snippet":"max-snippet:-1","max-image-preview":"max-image-preview:large","max-video-preview":"max-video-preview:-1"},"canonical":"https:\/\/www.loni-infos.com\/index.php\/2024\/01\/03\/couverture-mediatique-du-proces-du-28-septembre-2009-importante-formation-de-plusieurs-journalistes\/","og_locale":"fr_FR","og_type":"article","og_title":"Couverture m\u00e9diatique du proc\u00e8s du 28 septembre 2009 : importante formation de plusieurs journalistes - Loni-infos","og_description":"Le ministre de la justice et des droits de l&#8217;homme a proc\u00e9d\u00e9 au lancement de la formation du deuxi\u00e8me groupe de journalistes sur les techniques de couverture d&#8217;un proc\u00e8s sensible ce mercredi 03 janvier dans les locaux du minist\u00e8re. L&#8217;objectif de cette formation est d\u2019outiller les journalistes sur le concept juridique lorsqu&#8217;ils sont invit\u00e9s \u00e0","og_url":"https:\/\/www.loni-infos.com\/index.php\/2024\/01\/03\/couverture-mediatique-du-proces-du-28-septembre-2009-importante-formation-de-plusieurs-journalistes\/","og_site_name":"Loni-infos","article_published_time":"2024-01-03T14:10:42+00:00","article_modified_time":"2024-01-03T14:11:47+00:00","og_image":[{"width":1080,"height":720,"url":"https:\/\/www.loni-infos.com\/wp-content\/uploads\/2024\/01\/WhatsApp-Image-2024-01-03-at-13.27.02-1.jpeg","type":"image\/jpeg"}],"twitter_card":"summary_large_image","twitter_misc":{"\u00c9crit par":"","Dur\u00e9e de lecture estim\u00e9e":"2 minutes"},"schema":{"@context":"https:\/\/schema.org","@graph":[{"@type":"Article","@id":"https:\/\/www.loni-infos.com\/index.php\/2024\/01\/03\/couverture-mediatique-du-proces-du-28-septembre-2009-importante-formation-de-plusieurs-journalistes\/#article","isPartOf":{"@id":"https:\/\/www.loni-infos.com\/index.php\/2024\/01\/03\/couverture-mediatique-du-proces-du-28-septembre-2009-importante-formation-de-plusieurs-journalistes\/"},"author":{"name":"","@id":""},"headline":"Couverture m\u00e9diatique du proc\u00e8s du 28 septembre 2009 : importante formation de plusieurs journalistes","datePublished":"2024-01-03T14:10:42+00:00","dateModified":"2024-01-03T14:11:47+00:00","mainEntityOfPage":{"@id":"https:\/\/www.loni-infos.com\/index.php\/2024\/01\/03\/couverture-mediatique-du-proces-du-28-septembre-2009-importante-formation-de-plusieurs-journalistes\/"},"wordCount":380,"commentCount":0,"image":{"@id":"https:\/\/www.loni-infos.com\/index.php\/2024\/01\/03\/couverture-mediatique-du-proces-du-28-septembre-2009-importante-formation-de-plusieurs-journalistes\/#primaryimage"},"thumbnailUrl":"https:\/\/www.loni-infos.com\/wp-content\/uploads\/2024\/01\/WhatsApp-Image-2024-01-03-at-13.27.02-1.jpeg","keywords":["proc\u00e8s du 28 septembre 2009"],"articleSection":["Soci\u00e9t\u00e9"],"inLanguage":"fr-FR","potentialAction":[{"@type":"CommentAction","name":"Comment","target":["https:\/\/www.loni-infos.com\/index.php\/2024\/01\/03\/couverture-mediatique-du-proces-du-28-septembre-2009-importante-formation-de-plusieurs-journalistes\/#respond"]}]},{"@type":"WebPage","@id":"https:\/\/www.loni-infos.com\/index.php\/2024\/01\/03\/couverture-mediatique-du-proces-du-28-septembre-2009-importante-formation-de-plusieurs-journalistes\/","url":"https:\/\/www.loni-infos.com\/index.php\/2024\/01\/03\/couverture-mediatique-du-proces-du-28-septembre-2009-importante-formation-de-plusieurs-journalistes\/","name":"Couverture m\u00e9diatique du proc\u00e8s du 28 septembre 2009 : importante formation de plusieurs journalistes - Loni-infos","isPartOf":{"@id":"https:\/\/www.loni-infos.com\/#website"},"primaryImageOfPage":{"@id":"https:\/\/www.loni-infos.com\/index.php\/2024\/01\/03\/couverture-mediatique-du-proces-du-28-septembre-2009-importante-formation-de-plusieurs-journalistes\/#primaryimage"},"image":{"@id":"https:\/\/www.loni-infos.com\/index.php\/2024\/01\/03\/couverture-mediatique-du-proces-du-28-septembre-2009-importante-formation-de-plusieurs-journalistes\/#primaryimage"},"thumbnailUrl":"https:\/\/www.loni-infos.com\/wp-content\/uploads\/2024\/01\/WhatsApp-Image-2024-01-03-at-13.27.02-1.jpeg","datePublished":"2024-01-03T14:10:42+00:00","dateModified":"2024-01-03T14:11:47+00:00","author":{"@id":""},"breadcrumb":{"@id":"https:\/\/www.loni-infos.com\/index.php\/2024\/01\/03\/couverture-mediatique-du-proces-du-28-septembre-2009-importante-formation-de-plusieurs-journalistes\/#breadcrumb"},"inLanguage":"fr-FR","potentialAction":[{"@type":"ReadAction","target":["https:\/\/www.loni-infos.com\/index.php\/2024\/01\/03\/couverture-mediatique-du-proces-du-28-septembre-2009-importante-formation-de-plusieurs-journalistes\/"]}]},{"@type":"ImageObject","inLanguage":"fr-FR","@id":"https:\/\/www.loni-infos.com\/index.php\/2024\/01\/03\/couverture-mediatique-du-proces-du-28-septembre-2009-importante-formation-de-plusieurs-journalistes\/#primaryimage","url":"https:\/\/www.loni-infos.com\/wp-content\/uploads\/2024\/01\/WhatsApp-Image-2024-01-03-at-13.27.02-1.jpeg","contentUrl":"https:\/\/www.loni-infos.com\/wp-content\/uploads\/2024\/01\/WhatsApp-Image-2024-01-03-at-13.27.02-1.jpeg","width":1080,"height":720,"caption":"Alfonse Charles Wright lors de la c\u00e9r\u00e9monie de lancement de la formation des journaliste"},{"@type":"BreadcrumbList","@id":"https:\/\/www.loni-infos.com\/index.php\/2024\/01\/03\/couverture-mediatique-du-proces-du-28-septembre-2009-importante-formation-de-plusieurs-journalistes\/#breadcrumb","itemListElement":[{"@type":"ListItem","position":1,"name":"Accueil","item":"https:\/\/www.loni-infos.com\/"},{"@type":"ListItem","position":2,"name":"Couverture m\u00e9diatique du proc\u00e8s du 28 septembre 2009 : importante formation de plusieurs journalistes"}]},{"@type":"WebSite","@id":"https:\/\/www.loni-infos.com\/#website","url":"https:\/\/www.loni-infos.com\/","name":"Loni-infos","description":"Vous servir des infos est notre devoir","potentialAction":[{"@type":"SearchAction","target":{"@type":"EntryPoint","urlTemplate":"https:\/\/www.loni-infos.com\/?s={search_term_string}"},"query-input":{"@type":"PropertyValueSpecification","valueRequired":true,"valueName":"search_term_string"}}],"inLanguage":"fr-FR"},{"@type":"Person","@id":"","url":"https:\/\/www.loni-infos.com\/index.php\/author\/"}]}},"_links":{"self":[{"href":"https:\/\/www.loni-infos.com\/index.php\/wp-json\/wp\/v2\/posts\/2144","targetHints":{"allow":["GET"]}}],"collection":[{"href":"https:\/\/www.loni-infos.com\/index.php\/wp-json\/wp\/v2\/posts"}],"about":[{"href":"https:\/\/www.loni-infos.com\/index.php\/wp-json\/wp\/v2\/types\/post"}],"author":[{"embeddable":true,"href":"https:\/\/www.loni-infos.com\/index.php\/wp-json\/wp\/v2\/users\/1"}],"replies":[{"embeddable":true,"href":"https:\/\/www.loni-infos.com\/index.php\/wp-json\/wp\/v2\/comments?post=2144"}],"version-history":[{"count":2,"href":"https:\/\/www.loni-infos.com\/index.php\/wp-json\/wp\/v2\/posts\/2144\/revisions"}],"predecessor-version":[{"id":2148,"href":"https:\/\/www.loni-infos.com\/index.php\/wp-json\/wp\/v2\/posts\/2144\/revisions\/2148"}],"wp:featuredmedia":[{"embeddable":true,"href":"https:\/\/www.loni-infos.com\/index.php\/wp-json\/wp\/v2\/media\/2145"}],"wp:attachment":[{"href":"https:\/\/www.loni-infos.com\/index.php\/wp-json\/wp\/v2\/media?parent=2144"}],"wp:term":[{"taxonomy":"category","embeddable":true,"href":"https:\/\/www.loni-infos.com\/index.php\/wp-json\/wp\/v2\/categories?post=2144"},{"taxonomy":"post_tag","embeddable":true,"href":"https:\/\/www.loni-infos.com\/index.php\/wp-json\/wp\/v2\/tags?post=2144"}],"curies":[{"name":"wp","href":"https:\/\/api.w.org\/{rel}","templated":true}]}}