{"id":2170,"date":"2024-01-06T12:28:09","date_gmt":"2024-01-06T11:28:09","guid":{"rendered":"https:\/\/www.loni-infos.com\/?p=2170"},"modified":"2024-01-06T12:29:14","modified_gmt":"2024-01-06T11:29:14","slug":"liberte-dexpression-que-dit-le-ministre-charles-wright","status":"publish","type":"post","link":"https:\/\/www.loni-infos.com\/index.php\/2024\/01\/06\/liberte-dexpression-que-dit-le-ministre-charles-wright\/","title":{"rendered":"Libert\u00e9 d\u2019expression: Que dit le ministre Charles Wright ?"},"content":{"rendered":"\n<p>Le ministre de la justice et des droits de l&#8217;homme a pr\u00e9sent\u00e9 ses v\u0153ux de nouvel an ce vendredi 05 janvier 2024 au tribunal Ad hoc de Kaloum \u00e0 l&#8217;ensemble des acteurs de la justice Guin\u00e9enne. La Garde des Sceaux a mis l\u2019occasion \u00e0 profit pour rappeler les r\u00e8gles et les principes de droits de l\u2019homme notamment la libert\u00e9 d\u2019expression et l\u2019acc\u00e8s \u00e0 l\u2019information et la restriction des r\u00e9seaux sociaux . Pour Charles Wright, l\u2019exercice de la libert\u00e9 d\u2019expression et de l\u2019acc\u00e8s \u00e0 l\u2019information sont deux notions confuses pour certains.<\/p>\n\n\n\n<p>\u00ab L\u2019exercice de la libert\u00e9 d\u2019expression et l\u2019acc\u00e8s \u00e0 l\u2019information sont deux notions confuses. Je sollicite \u00e0 ce que vous voyez pour conna\u00eetre les r\u00e9alit\u00e9s des autres pays avant de parler du n\u00f4tre parce que cette comparaison nous permettra de prendre le param\u00e8tre du juste milieu. J\u2019ai dit au pr\u00e9sident de la R\u00e9publique et au membre du gouvernement que lorsqu\u2019on g\u00e8re un pays on ne doit pas fuir des d\u00e9bats et on ne doit pas garder le silence. Il faut aborder le sujet et poser le diagnostic pour pouvoir avancer. Mr le b\u00e2tonnier le droit \u00e0 l\u2019information c\u2019est la possibilit\u00e9 de donner l\u2019information \u00e0 tous les citoyens ce n\u2019est m\u00eame pas les journalistes seulement d\u2019acc\u00e9der \u00e0 l\u2019information publique aupr\u00e8s de tous les services ce n\u2019est pas un droit ou le monopole appartient aux journalistes que \u00e7a soit clair pour tout le monde. Tout citoyen ayant besoin de l\u2019information concernant le service public a droit \u00e0 acc\u00e9der \u00e0 cela \u00e0 la limite pr\u00e8s des exceptions du secret d\u2019\u00c9tat . Les gens pensent que les droits de l\u2019homme c\u2019est seulement l\u2019\u00c9tat alors que les droits de l\u2019homme signifient aussi de respecter la loi mais on occulte cette partie pour dire toujours que pour percevoir les droits de l\u2019homme comme la perception obligatoire vis \u00e0 vis de l\u2019Etat . La loi sur la libert\u00e9 de la presse est tr\u00e8s claire. En Guin\u00e9e la presse se cr\u00e9e librement j\u2019ai appris qu\u2019il y a une panoplie de presse en ligne en Guin\u00e9e et personne ne peut d\u00e9nouer cela . Au-del\u00e0 de \u00e7a, le principe est tr\u00e8s clair nulle ne peut restreindre cette libert\u00e9 de la presse sauf pour deux raisons majeures donc quand nous parlons des principes qu\u2019on essaie de ne pas occulter les exceptions sinon vous prendrez les principes comme les r\u00e8gles alors que c\u2019est l\u2019exception qui confirme les r\u00e8gles. Nous avons pr\u00e9vu une rencontre avec les hommes de m\u00e9dias la semaine pour venir discuter en tant que ministre des droits de l\u2019homme vous voulez exercer votre droit je suis d\u2019accord mais l\u2019exercice pose probl\u00e8me parce que la libert\u00e9 d\u2019expression ne doit pas porter atteinte \u00e0 la dignit\u00e9 des personnes vous \u00eates un p\u00e8re de famille on dit que Mr le b\u00e2tonnier est ceci dans un studio alors que vos parents et amis \u00e9coutent et les gens ont confiance \u00e0 vous. Beaucoup prennent aujourd\u2019hui le micro ne sont pas\u00a0 journalistes ils n\u2019ont pas appris l\u2019\u00e9thique et la d\u00e9ontologie cependant on les laisse les micro (\u2026) \u00c7a ce n\u2019est pas la libert\u00e9 d\u2019expression c\u2019est l\u2019abus de l\u2019exercice. Mr le b\u00e2tonnier j\u2019aurais souhait\u00e9 que vous rappeliez aux hommes de m\u00e9dias leurs responsabilit\u00e9s soci\u00e9tales\u00a0\u00bb<\/p>\n\n\n\n<p>Plus loin, il dit que \u00ab L\u2019\u00c9tat est en droit de restreindre lorsque l\u2019exercice des libert\u00e9s porte \u00e0 l\u2019atteinte grave \u00e0 la paix et \u00e0 la qui\u00e9tude\u00bb<br>Par ailleurs, Alphonse Charles Wright a \u00e9galement sollicit\u00e9 au b\u00e2tonnier de rappeler aux hommes de m\u00e9dias leurs sens de responsabilit\u00e9.<\/p>\n\n\n\n<p class=\"has-text-align-right\"><strong>Fatoumata Camara <\/strong><\/p>\n","protected":false},"excerpt":{"rendered":"<p>Le ministre de la justice et des droits de l&#8217;homme a pr\u00e9sent\u00e9 ses v\u0153ux de nouvel an ce vendredi 05 janvier 2024 au tribunal Ad hoc de Kaloum \u00e0 l&#8217;ensemble des acteurs de la justice Guin\u00e9enne. La Garde des Sceaux a mis l\u2019occasion \u00e0 profit pour rappeler les r\u00e8gles et les principes de droits de<\/p>\n","protected":false},"author":1,"featured_media":2171,"comment_status":"open","ping_status":"open","sticky":true,"template":"","format":"standard","meta":{"footnotes":""},"categories":[80],"tags":[17,514],"class_list":{"0":"post-2170","1":"post","2":"type-post","3":"status-publish","4":"format-standard","5":"has-post-thumbnail","7":"category-politique","8":"tag-guinee","9":"tag-liberte-dexpression"},"yoast_head":"<!-- This site is optimized with the Yoast SEO plugin v27.0 - https:\/\/yoast.com\/product\/yoast-seo-wordpress\/ -->\n<title>Libert\u00e9 d\u2019expression: Que dit le ministre Charles Wright ? - Loni-infos<\/title>\n<meta name=\"robots\" content=\"index, follow, max-snippet:-1, max-image-preview:large, max-video-preview:-1\" \/>\n<link rel=\"canonical\" href=\"https:\/\/www.loni-infos.com\/index.php\/2024\/01\/06\/liberte-dexpression-que-dit-le-ministre-charles-wright\/\" \/>\n<meta property=\"og:locale\" content=\"fr_FR\" \/>\n<meta property=\"og:type\" content=\"article\" \/>\n<meta property=\"og:title\" content=\"Libert\u00e9 d\u2019expression: Que dit le ministre Charles Wright ? - Loni-infos\" \/>\n<meta property=\"og:description\" content=\"Le ministre de la justice et des droits de l&#8217;homme a pr\u00e9sent\u00e9 ses v\u0153ux de nouvel an ce vendredi 05 janvier 2024 au tribunal Ad hoc de Kaloum \u00e0 l&#8217;ensemble des acteurs de la justice Guin\u00e9enne. La Garde des Sceaux a mis l\u2019occasion \u00e0 profit pour rappeler les r\u00e8gles et les principes de droits de\" \/>\n<meta property=\"og:url\" content=\"https:\/\/www.loni-infos.com\/index.php\/2024\/01\/06\/liberte-dexpression-que-dit-le-ministre-charles-wright\/\" \/>\n<meta property=\"og:site_name\" content=\"Loni-infos\" \/>\n<meta property=\"article:published_time\" content=\"2024-01-06T11:28:09+00:00\" \/>\n<meta property=\"article:modified_time\" content=\"2024-01-06T11:29:14+00:00\" \/>\n<meta property=\"og:image\" content=\"https:\/\/www.loni-infos.com\/wp-content\/uploads\/2024\/01\/WhatsApp-Image-2024-01-05-at-17.07.34.jpeg\" \/>\n\t<meta property=\"og:image:width\" content=\"1280\" \/>\n\t<meta property=\"og:image:height\" content=\"960\" \/>\n\t<meta property=\"og:image:type\" content=\"image\/jpeg\" \/>\n<meta name=\"twitter:card\" content=\"summary_large_image\" \/>\n<meta name=\"twitter:label1\" content=\"\u00c9crit par\" \/>\n\t<meta name=\"twitter:data1\" content=\"\" \/>\n\t<meta name=\"twitter:label2\" content=\"Dur\u00e9e de lecture estim\u00e9e\" \/>\n\t<meta name=\"twitter:data2\" content=\"3 minutes\" \/>\n<script type=\"application\/ld+json\" class=\"yoast-schema-graph\">{\"@context\":\"https:\/\/schema.org\",\"@graph\":[{\"@type\":\"Article\",\"@id\":\"https:\/\/www.loni-infos.com\/index.php\/2024\/01\/06\/liberte-dexpression-que-dit-le-ministre-charles-wright\/#article\",\"isPartOf\":{\"@id\":\"https:\/\/www.loni-infos.com\/index.php\/2024\/01\/06\/liberte-dexpression-que-dit-le-ministre-charles-wright\/\"},\"author\":{\"name\":\"\",\"@id\":\"\"},\"headline\":\"Libert\u00e9 d\u2019expression: Que dit le ministre Charles Wright ?\",\"datePublished\":\"2024-01-06T11:28:09+00:00\",\"dateModified\":\"2024-01-06T11:29:14+00:00\",\"mainEntityOfPage\":{\"@id\":\"https:\/\/www.loni-infos.com\/index.php\/2024\/01\/06\/liberte-dexpression-que-dit-le-ministre-charles-wright\/\"},\"wordCount\":656,\"commentCount\":0,\"image\":{\"@id\":\"https:\/\/www.loni-infos.com\/index.php\/2024\/01\/06\/liberte-dexpression-que-dit-le-ministre-charles-wright\/#primaryimage\"},\"thumbnailUrl\":\"https:\/\/www.loni-infos.com\/wp-content\/uploads\/2024\/01\/WhatsApp-Image-2024-01-05-at-17.07.34.jpeg\",\"keywords\":[\"Guin\u00e9e\",\"Libert\u00e9 d\u2019expression\"],\"articleSection\":[\"Politique\"],\"inLanguage\":\"fr-FR\",\"potentialAction\":[{\"@type\":\"CommentAction\",\"name\":\"Comment\",\"target\":[\"https:\/\/www.loni-infos.com\/index.php\/2024\/01\/06\/liberte-dexpression-que-dit-le-ministre-charles-wright\/#respond\"]}]},{\"@type\":\"WebPage\",\"@id\":\"https:\/\/www.loni-infos.com\/index.php\/2024\/01\/06\/liberte-dexpression-que-dit-le-ministre-charles-wright\/\",\"url\":\"https:\/\/www.loni-infos.com\/index.php\/2024\/01\/06\/liberte-dexpression-que-dit-le-ministre-charles-wright\/\",\"name\":\"Libert\u00e9 d\u2019expression: Que dit le ministre Charles Wright ? - Loni-infos\",\"isPartOf\":{\"@id\":\"https:\/\/www.loni-infos.com\/#website\"},\"primaryImageOfPage\":{\"@id\":\"https:\/\/www.loni-infos.com\/index.php\/2024\/01\/06\/liberte-dexpression-que-dit-le-ministre-charles-wright\/#primaryimage\"},\"image\":{\"@id\":\"https:\/\/www.loni-infos.com\/index.php\/2024\/01\/06\/liberte-dexpression-que-dit-le-ministre-charles-wright\/#primaryimage\"},\"thumbnailUrl\":\"https:\/\/www.loni-infos.com\/wp-content\/uploads\/2024\/01\/WhatsApp-Image-2024-01-05-at-17.07.34.jpeg\",\"datePublished\":\"2024-01-06T11:28:09+00:00\",\"dateModified\":\"2024-01-06T11:29:14+00:00\",\"author\":{\"@id\":\"\"},\"breadcrumb\":{\"@id\":\"https:\/\/www.loni-infos.com\/index.php\/2024\/01\/06\/liberte-dexpression-que-dit-le-ministre-charles-wright\/#breadcrumb\"},\"inLanguage\":\"fr-FR\",\"potentialAction\":[{\"@type\":\"ReadAction\",\"target\":[\"https:\/\/www.loni-infos.com\/index.php\/2024\/01\/06\/liberte-dexpression-que-dit-le-ministre-charles-wright\/\"]}]},{\"@type\":\"ImageObject\",\"inLanguage\":\"fr-FR\",\"@id\":\"https:\/\/www.loni-infos.com\/index.php\/2024\/01\/06\/liberte-dexpression-que-dit-le-ministre-charles-wright\/#primaryimage\",\"url\":\"https:\/\/www.loni-infos.com\/wp-content\/uploads\/2024\/01\/WhatsApp-Image-2024-01-05-at-17.07.34.jpeg\",\"contentUrl\":\"https:\/\/www.loni-infos.com\/wp-content\/uploads\/2024\/01\/WhatsApp-Image-2024-01-05-at-17.07.34.jpeg\",\"width\":1280,\"height\":960},{\"@type\":\"BreadcrumbList\",\"@id\":\"https:\/\/www.loni-infos.com\/index.php\/2024\/01\/06\/liberte-dexpression-que-dit-le-ministre-charles-wright\/#breadcrumb\",\"itemListElement\":[{\"@type\":\"ListItem\",\"position\":1,\"name\":\"Accueil\",\"item\":\"https:\/\/www.loni-infos.com\/\"},{\"@type\":\"ListItem\",\"position\":2,\"name\":\"Libert\u00e9 d\u2019expression: Que dit le ministre Charles Wright ?\"}]},{\"@type\":\"WebSite\",\"@id\":\"https:\/\/www.loni-infos.com\/#website\",\"url\":\"https:\/\/www.loni-infos.com\/\",\"name\":\"Loni-infos\",\"description\":\"Vous servir des infos est notre devoir\",\"potentialAction\":[{\"@type\":\"SearchAction\",\"target\":{\"@type\":\"EntryPoint\",\"urlTemplate\":\"https:\/\/www.loni-infos.com\/?s={search_term_string}\"},\"query-input\":{\"@type\":\"PropertyValueSpecification\",\"valueRequired\":true,\"valueName\":\"search_term_string\"}}],\"inLanguage\":\"fr-FR\"},{\"@type\":\"Person\",\"@id\":\"\",\"url\":\"https:\/\/www.loni-infos.com\/index.php\/author\/\"}]}<\/script>\n<!-- \/ Yoast SEO plugin. -->","yoast_head_json":{"title":"Libert\u00e9 d\u2019expression: Que dit le ministre Charles Wright ? - Loni-infos","robots":{"index":"index","follow":"follow","max-snippet":"max-snippet:-1","max-image-preview":"max-image-preview:large","max-video-preview":"max-video-preview:-1"},"canonical":"https:\/\/www.loni-infos.com\/index.php\/2024\/01\/06\/liberte-dexpression-que-dit-le-ministre-charles-wright\/","og_locale":"fr_FR","og_type":"article","og_title":"Libert\u00e9 d\u2019expression: Que dit le ministre Charles Wright ? - Loni-infos","og_description":"Le ministre de la justice et des droits de l&#8217;homme a pr\u00e9sent\u00e9 ses v\u0153ux de nouvel an ce vendredi 05 janvier 2024 au tribunal Ad hoc de Kaloum \u00e0 l&#8217;ensemble des acteurs de la justice Guin\u00e9enne. La Garde des Sceaux a mis l\u2019occasion \u00e0 profit pour rappeler les r\u00e8gles et les principes de droits de","og_url":"https:\/\/www.loni-infos.com\/index.php\/2024\/01\/06\/liberte-dexpression-que-dit-le-ministre-charles-wright\/","og_site_name":"Loni-infos","article_published_time":"2024-01-06T11:28:09+00:00","article_modified_time":"2024-01-06T11:29:14+00:00","og_image":[{"width":1280,"height":960,"url":"https:\/\/www.loni-infos.com\/wp-content\/uploads\/2024\/01\/WhatsApp-Image-2024-01-05-at-17.07.34.jpeg","type":"image\/jpeg"}],"twitter_card":"summary_large_image","twitter_misc":{"\u00c9crit par":"","Dur\u00e9e de lecture estim\u00e9e":"3 minutes"},"schema":{"@context":"https:\/\/schema.org","@graph":[{"@type":"Article","@id":"https:\/\/www.loni-infos.com\/index.php\/2024\/01\/06\/liberte-dexpression-que-dit-le-ministre-charles-wright\/#article","isPartOf":{"@id":"https:\/\/www.loni-infos.com\/index.php\/2024\/01\/06\/liberte-dexpression-que-dit-le-ministre-charles-wright\/"},"author":{"name":"","@id":""},"headline":"Libert\u00e9 d\u2019expression: Que dit le ministre Charles Wright ?","datePublished":"2024-01-06T11:28:09+00:00","dateModified":"2024-01-06T11:29:14+00:00","mainEntityOfPage":{"@id":"https:\/\/www.loni-infos.com\/index.php\/2024\/01\/06\/liberte-dexpression-que-dit-le-ministre-charles-wright\/"},"wordCount":656,"commentCount":0,"image":{"@id":"https:\/\/www.loni-infos.com\/index.php\/2024\/01\/06\/liberte-dexpression-que-dit-le-ministre-charles-wright\/#primaryimage"},"thumbnailUrl":"https:\/\/www.loni-infos.com\/wp-content\/uploads\/2024\/01\/WhatsApp-Image-2024-01-05-at-17.07.34.jpeg","keywords":["Guin\u00e9e","Libert\u00e9 d\u2019expression"],"articleSection":["Politique"],"inLanguage":"fr-FR","potentialAction":[{"@type":"CommentAction","name":"Comment","target":["https:\/\/www.loni-infos.com\/index.php\/2024\/01\/06\/liberte-dexpression-que-dit-le-ministre-charles-wright\/#respond"]}]},{"@type":"WebPage","@id":"https:\/\/www.loni-infos.com\/index.php\/2024\/01\/06\/liberte-dexpression-que-dit-le-ministre-charles-wright\/","url":"https:\/\/www.loni-infos.com\/index.php\/2024\/01\/06\/liberte-dexpression-que-dit-le-ministre-charles-wright\/","name":"Libert\u00e9 d\u2019expression: Que dit le ministre Charles Wright ? - Loni-infos","isPartOf":{"@id":"https:\/\/www.loni-infos.com\/#website"},"primaryImageOfPage":{"@id":"https:\/\/www.loni-infos.com\/index.php\/2024\/01\/06\/liberte-dexpression-que-dit-le-ministre-charles-wright\/#primaryimage"},"image":{"@id":"https:\/\/www.loni-infos.com\/index.php\/2024\/01\/06\/liberte-dexpression-que-dit-le-ministre-charles-wright\/#primaryimage"},"thumbnailUrl":"https:\/\/www.loni-infos.com\/wp-content\/uploads\/2024\/01\/WhatsApp-Image-2024-01-05-at-17.07.34.jpeg","datePublished":"2024-01-06T11:28:09+00:00","dateModified":"2024-01-06T11:29:14+00:00","author":{"@id":""},"breadcrumb":{"@id":"https:\/\/www.loni-infos.com\/index.php\/2024\/01\/06\/liberte-dexpression-que-dit-le-ministre-charles-wright\/#breadcrumb"},"inLanguage":"fr-FR","potentialAction":[{"@type":"ReadAction","target":["https:\/\/www.loni-infos.com\/index.php\/2024\/01\/06\/liberte-dexpression-que-dit-le-ministre-charles-wright\/"]}]},{"@type":"ImageObject","inLanguage":"fr-FR","@id":"https:\/\/www.loni-infos.com\/index.php\/2024\/01\/06\/liberte-dexpression-que-dit-le-ministre-charles-wright\/#primaryimage","url":"https:\/\/www.loni-infos.com\/wp-content\/uploads\/2024\/01\/WhatsApp-Image-2024-01-05-at-17.07.34.jpeg","contentUrl":"https:\/\/www.loni-infos.com\/wp-content\/uploads\/2024\/01\/WhatsApp-Image-2024-01-05-at-17.07.34.jpeg","width":1280,"height":960},{"@type":"BreadcrumbList","@id":"https:\/\/www.loni-infos.com\/index.php\/2024\/01\/06\/liberte-dexpression-que-dit-le-ministre-charles-wright\/#breadcrumb","itemListElement":[{"@type":"ListItem","position":1,"name":"Accueil","item":"https:\/\/www.loni-infos.com\/"},{"@type":"ListItem","position":2,"name":"Libert\u00e9 d\u2019expression: Que dit le ministre Charles Wright ?"}]},{"@type":"WebSite","@id":"https:\/\/www.loni-infos.com\/#website","url":"https:\/\/www.loni-infos.com\/","name":"Loni-infos","description":"Vous servir des infos est notre devoir","potentialAction":[{"@type":"SearchAction","target":{"@type":"EntryPoint","urlTemplate":"https:\/\/www.loni-infos.com\/?s={search_term_string}"},"query-input":{"@type":"PropertyValueSpecification","valueRequired":true,"valueName":"search_term_string"}}],"inLanguage":"fr-FR"},{"@type":"Person","@id":"","url":"https:\/\/www.loni-infos.com\/index.php\/author\/"}]}},"_links":{"self":[{"href":"https:\/\/www.loni-infos.com\/index.php\/wp-json\/wp\/v2\/posts\/2170","targetHints":{"allow":["GET"]}}],"collection":[{"href":"https:\/\/www.loni-infos.com\/index.php\/wp-json\/wp\/v2\/posts"}],"about":[{"href":"https:\/\/www.loni-infos.com\/index.php\/wp-json\/wp\/v2\/types\/post"}],"author":[{"embeddable":true,"href":"https:\/\/www.loni-infos.com\/index.php\/wp-json\/wp\/v2\/users\/1"}],"replies":[{"embeddable":true,"href":"https:\/\/www.loni-infos.com\/index.php\/wp-json\/wp\/v2\/comments?post=2170"}],"version-history":[{"count":2,"href":"https:\/\/www.loni-infos.com\/index.php\/wp-json\/wp\/v2\/posts\/2170\/revisions"}],"predecessor-version":[{"id":2174,"href":"https:\/\/www.loni-infos.com\/index.php\/wp-json\/wp\/v2\/posts\/2170\/revisions\/2174"}],"wp:featuredmedia":[{"embeddable":true,"href":"https:\/\/www.loni-infos.com\/index.php\/wp-json\/wp\/v2\/media\/2171"}],"wp:attachment":[{"href":"https:\/\/www.loni-infos.com\/index.php\/wp-json\/wp\/v2\/media?parent=2170"}],"wp:term":[{"taxonomy":"category","embeddable":true,"href":"https:\/\/www.loni-infos.com\/index.php\/wp-json\/wp\/v2\/categories?post=2170"},{"taxonomy":"post_tag","embeddable":true,"href":"https:\/\/www.loni-infos.com\/index.php\/wp-json\/wp\/v2\/tags?post=2170"}],"curies":[{"name":"wp","href":"https:\/\/api.w.org\/{rel}","templated":true}]}}