{"id":2390,"date":"2024-01-24T08:52:09","date_gmt":"2024-01-24T07:52:09","guid":{"rendered":"https:\/\/www.loni-infos.com\/?p=2390"},"modified":"2024-01-24T08:52:11","modified_gmt":"2024-01-24T07:52:11","slug":"burkina-faso-larmee-neutralise-un-cadre-important-de-daech","status":"publish","type":"post","link":"https:\/\/www.loni-infos.com\/index.php\/2024\/01\/24\/burkina-faso-larmee-neutralise-un-cadre-important-de-daech\/","title":{"rendered":"Burkina Faso : L\u2019arm\u00e9e neutralise un cadre important de \u2018\u2019Daech\u2019\u2019"},"content":{"rendered":"\n<p>L\u2019arm\u00e9e burkinab\u00e8 a annonc\u00e9, mardi, avoir neutralis\u00e9 un important cadre de \u2018\u2019Daech\u2019\u2019 au Burkina Faso, a rapport\u00e9 l\u2019agence Agence d\u2019Information du Burkina, citant des sources s\u00e9curitaires.<\/p>\n\n\n\n<p>Harouna Oulel alias Abdel-Malick \u00e9tait le num\u00e9ro deux de \u2018\u2019Daech\u2019\u2019 dans ce pays d\u2019Afrique de l\u2019Ouest. Il a \u00e9t\u00e9 tu\u00e9 avec plusieurs de ses lieutenants lors d\u2019une op\u00e9ration s\u00e9curitaire dans la r\u00e9gion du Sahel le 21 janvier dernier. Selon la m\u00eame source la neutralisation de Harouna Oulel, dont la t\u00eate \u00e9tait mise \u00e0 prix pour la somme de 150 millions de FCFA, marque un grand pas dans la lutte contre le terrorisme et la restauration de l\u2019int\u00e9grit\u00e9 territoriale, en particulier dans le nord du Burkina Faso. Le 21 janvier 2024, Abdel-Malick quitte la zone des trois fronti\u00e8res \u00e0 destination de la commune rurale de Markoye (province de l&#8217;Oudalan), \u00e0 bord d\u2019un pick-up escort\u00e9 par des combattants terroristes \u00e0 motocyclettes, pr\u00e9cise l\u2019AIB. Le cort\u00e8ge du cadre de \u2018\u2019Daech\u2019\u2019 est rep\u00e9r\u00e9 par les appareils de l\u2019arm\u00e9e de l\u2019air burkinab\u00e8. Le convoi sera bombard\u00e9 depuis les airs, au moment o\u00f9 il observait un arr\u00eat sous des arbustes.<\/p>\n\n\n\n<p>Le bilan \u00e9tabli par les soldats au sol fait \u00e9tat de cinq terroristes tu\u00e9s parmi lesquels Harouna Oulel et de quatre autres bless\u00e9s. Des motocyclettes et de l\u2019armement ont \u00e9galement \u00e9t\u00e9 d\u00e9truits, rapporte la m\u00eame source.<\/p>\n","protected":false},"excerpt":{"rendered":"<p>L\u2019arm\u00e9e burkinab\u00e8 a annonc\u00e9, mardi, avoir neutralis\u00e9 un important cadre de \u2018\u2019Daech\u2019\u2019 au Burkina Faso, a rapport\u00e9 l\u2019agence Agence d\u2019Information du Burkina, citant des sources s\u00e9curitaires. Harouna Oulel alias Abdel-Malick \u00e9tait le num\u00e9ro deux de \u2018\u2019Daech\u2019\u2019 dans ce pays d\u2019Afrique de l\u2019Ouest. Il a \u00e9t\u00e9 tu\u00e9 avec plusieurs de ses lieutenants lors d\u2019une op\u00e9ration s\u00e9curitaire<\/p>\n","protected":false},"author":1,"featured_media":797,"comment_status":"open","ping_status":"open","sticky":true,"template":"","format":"standard","meta":{"footnotes":""},"categories":[32],"tags":[141,548],"class_list":{"0":"post-2390","1":"post","2":"type-post","3":"status-publish","4":"format-standard","5":"has-post-thumbnail","7":"category-monde","8":"tag-burkina-faso","9":"tag-daech"},"yoast_head":"<!-- This site is optimized with the Yoast SEO plugin v27.0 - https:\/\/yoast.com\/product\/yoast-seo-wordpress\/ -->\n<title>Burkina Faso : L\u2019arm\u00e9e neutralise un cadre important de \u2018\u2019Daech\u2019\u2019 - Loni-infos<\/title>\n<meta name=\"robots\" content=\"index, follow, max-snippet:-1, max-image-preview:large, max-video-preview:-1\" \/>\n<link rel=\"canonical\" href=\"https:\/\/www.loni-infos.com\/index.php\/2024\/01\/24\/burkina-faso-larmee-neutralise-un-cadre-important-de-daech\/\" \/>\n<meta property=\"og:locale\" content=\"fr_FR\" \/>\n<meta property=\"og:type\" content=\"article\" \/>\n<meta property=\"og:title\" content=\"Burkina Faso : L\u2019arm\u00e9e neutralise un cadre important de \u2018\u2019Daech\u2019\u2019 - Loni-infos\" \/>\n<meta property=\"og:description\" content=\"L\u2019arm\u00e9e burkinab\u00e8 a annonc\u00e9, mardi, avoir neutralis\u00e9 un important cadre de \u2018\u2019Daech\u2019\u2019 au Burkina Faso, a rapport\u00e9 l\u2019agence Agence d\u2019Information du Burkina, citant des sources s\u00e9curitaires. Harouna Oulel alias Abdel-Malick \u00e9tait le num\u00e9ro deux de \u2018\u2019Daech\u2019\u2019 dans ce pays d\u2019Afrique de l\u2019Ouest. Il a \u00e9t\u00e9 tu\u00e9 avec plusieurs de ses lieutenants lors d\u2019une op\u00e9ration s\u00e9curitaire\" \/>\n<meta property=\"og:url\" content=\"https:\/\/www.loni-infos.com\/index.php\/2024\/01\/24\/burkina-faso-larmee-neutralise-un-cadre-important-de-daech\/\" \/>\n<meta property=\"og:site_name\" content=\"Loni-infos\" \/>\n<meta property=\"article:published_time\" content=\"2024-01-24T07:52:09+00:00\" \/>\n<meta property=\"article:modified_time\" content=\"2024-01-24T07:52:11+00:00\" \/>\n<meta property=\"og:image\" content=\"https:\/\/www.loni-infos.com\/wp-content\/uploads\/2023\/08\/Militaires-Burkina-Faso-1015392.jpg\" \/>\n\t<meta property=\"og:image:width\" content=\"2048\" \/>\n\t<meta property=\"og:image:height\" content=\"1152\" \/>\n\t<meta property=\"og:image:type\" content=\"image\/jpeg\" \/>\n<meta name=\"twitter:card\" content=\"summary_large_image\" \/>\n<meta name=\"twitter:label1\" content=\"\u00c9crit par\" \/>\n\t<meta name=\"twitter:data1\" content=\"\" \/>\n\t<meta name=\"twitter:label2\" content=\"Dur\u00e9e de lecture estim\u00e9e\" \/>\n\t<meta name=\"twitter:data2\" content=\"2 minutes\" \/>\n<script type=\"application\/ld+json\" class=\"yoast-schema-graph\">{\"@context\":\"https:\/\/schema.org\",\"@graph\":[{\"@type\":\"Article\",\"@id\":\"https:\/\/www.loni-infos.com\/index.php\/2024\/01\/24\/burkina-faso-larmee-neutralise-un-cadre-important-de-daech\/#article\",\"isPartOf\":{\"@id\":\"https:\/\/www.loni-infos.com\/index.php\/2024\/01\/24\/burkina-faso-larmee-neutralise-un-cadre-important-de-daech\/\"},\"author\":{\"name\":\"\",\"@id\":\"\"},\"headline\":\"Burkina Faso : L\u2019arm\u00e9e neutralise un cadre important de \u2018\u2019Daech\u2019\u2019\",\"datePublished\":\"2024-01-24T07:52:09+00:00\",\"dateModified\":\"2024-01-24T07:52:11+00:00\",\"mainEntityOfPage\":{\"@id\":\"https:\/\/www.loni-infos.com\/index.php\/2024\/01\/24\/burkina-faso-larmee-neutralise-un-cadre-important-de-daech\/\"},\"wordCount\":251,\"commentCount\":0,\"image\":{\"@id\":\"https:\/\/www.loni-infos.com\/index.php\/2024\/01\/24\/burkina-faso-larmee-neutralise-un-cadre-important-de-daech\/#primaryimage\"},\"thumbnailUrl\":\"https:\/\/www.loni-infos.com\/wp-content\/uploads\/2023\/08\/Militaires-Burkina-Faso-1015392.jpg\",\"keywords\":[\"Burkina Faso\",\"Daech\"],\"articleSection\":[\"Monde\"],\"inLanguage\":\"fr-FR\",\"potentialAction\":[{\"@type\":\"CommentAction\",\"name\":\"Comment\",\"target\":[\"https:\/\/www.loni-infos.com\/index.php\/2024\/01\/24\/burkina-faso-larmee-neutralise-un-cadre-important-de-daech\/#respond\"]}]},{\"@type\":\"WebPage\",\"@id\":\"https:\/\/www.loni-infos.com\/index.php\/2024\/01\/24\/burkina-faso-larmee-neutralise-un-cadre-important-de-daech\/\",\"url\":\"https:\/\/www.loni-infos.com\/index.php\/2024\/01\/24\/burkina-faso-larmee-neutralise-un-cadre-important-de-daech\/\",\"name\":\"Burkina Faso : L\u2019arm\u00e9e neutralise un cadre important de \u2018\u2019Daech\u2019\u2019 - Loni-infos\",\"isPartOf\":{\"@id\":\"https:\/\/www.loni-infos.com\/#website\"},\"primaryImageOfPage\":{\"@id\":\"https:\/\/www.loni-infos.com\/index.php\/2024\/01\/24\/burkina-faso-larmee-neutralise-un-cadre-important-de-daech\/#primaryimage\"},\"image\":{\"@id\":\"https:\/\/www.loni-infos.com\/index.php\/2024\/01\/24\/burkina-faso-larmee-neutralise-un-cadre-important-de-daech\/#primaryimage\"},\"thumbnailUrl\":\"https:\/\/www.loni-infos.com\/wp-content\/uploads\/2023\/08\/Militaires-Burkina-Faso-1015392.jpg\",\"datePublished\":\"2024-01-24T07:52:09+00:00\",\"dateModified\":\"2024-01-24T07:52:11+00:00\",\"author\":{\"@id\":\"\"},\"breadcrumb\":{\"@id\":\"https:\/\/www.loni-infos.com\/index.php\/2024\/01\/24\/burkina-faso-larmee-neutralise-un-cadre-important-de-daech\/#breadcrumb\"},\"inLanguage\":\"fr-FR\",\"potentialAction\":[{\"@type\":\"ReadAction\",\"target\":[\"https:\/\/www.loni-infos.com\/index.php\/2024\/01\/24\/burkina-faso-larmee-neutralise-un-cadre-important-de-daech\/\"]}]},{\"@type\":\"ImageObject\",\"inLanguage\":\"fr-FR\",\"@id\":\"https:\/\/www.loni-infos.com\/index.php\/2024\/01\/24\/burkina-faso-larmee-neutralise-un-cadre-important-de-daech\/#primaryimage\",\"url\":\"https:\/\/www.loni-infos.com\/wp-content\/uploads\/2023\/08\/Militaires-Burkina-Faso-1015392.jpg\",\"contentUrl\":\"https:\/\/www.loni-infos.com\/wp-content\/uploads\/2023\/08\/Militaires-Burkina-Faso-1015392.jpg\",\"width\":2048,\"height\":1152},{\"@type\":\"BreadcrumbList\",\"@id\":\"https:\/\/www.loni-infos.com\/index.php\/2024\/01\/24\/burkina-faso-larmee-neutralise-un-cadre-important-de-daech\/#breadcrumb\",\"itemListElement\":[{\"@type\":\"ListItem\",\"position\":1,\"name\":\"Accueil\",\"item\":\"https:\/\/www.loni-infos.com\/\"},{\"@type\":\"ListItem\",\"position\":2,\"name\":\"Burkina Faso : L\u2019arm\u00e9e neutralise un cadre important de \u2018\u2019Daech\u2019\u2019\"}]},{\"@type\":\"WebSite\",\"@id\":\"https:\/\/www.loni-infos.com\/#website\",\"url\":\"https:\/\/www.loni-infos.com\/\",\"name\":\"Loni-infos\",\"description\":\"Vous servir des infos est notre devoir\",\"potentialAction\":[{\"@type\":\"SearchAction\",\"target\":{\"@type\":\"EntryPoint\",\"urlTemplate\":\"https:\/\/www.loni-infos.com\/?s={search_term_string}\"},\"query-input\":{\"@type\":\"PropertyValueSpecification\",\"valueRequired\":true,\"valueName\":\"search_term_string\"}}],\"inLanguage\":\"fr-FR\"},{\"@type\":\"Person\",\"@id\":\"\",\"url\":\"https:\/\/www.loni-infos.com\/index.php\/author\/\"}]}<\/script>\n<!-- \/ Yoast SEO plugin. -->","yoast_head_json":{"title":"Burkina Faso : L\u2019arm\u00e9e neutralise un cadre important de \u2018\u2019Daech\u2019\u2019 - Loni-infos","robots":{"index":"index","follow":"follow","max-snippet":"max-snippet:-1","max-image-preview":"max-image-preview:large","max-video-preview":"max-video-preview:-1"},"canonical":"https:\/\/www.loni-infos.com\/index.php\/2024\/01\/24\/burkina-faso-larmee-neutralise-un-cadre-important-de-daech\/","og_locale":"fr_FR","og_type":"article","og_title":"Burkina Faso : L\u2019arm\u00e9e neutralise un cadre important de \u2018\u2019Daech\u2019\u2019 - Loni-infos","og_description":"L\u2019arm\u00e9e burkinab\u00e8 a annonc\u00e9, mardi, avoir neutralis\u00e9 un important cadre de \u2018\u2019Daech\u2019\u2019 au Burkina Faso, a rapport\u00e9 l\u2019agence Agence d\u2019Information du Burkina, citant des sources s\u00e9curitaires. Harouna Oulel alias Abdel-Malick \u00e9tait le num\u00e9ro deux de \u2018\u2019Daech\u2019\u2019 dans ce pays d\u2019Afrique de l\u2019Ouest. Il a \u00e9t\u00e9 tu\u00e9 avec plusieurs de ses lieutenants lors d\u2019une op\u00e9ration s\u00e9curitaire","og_url":"https:\/\/www.loni-infos.com\/index.php\/2024\/01\/24\/burkina-faso-larmee-neutralise-un-cadre-important-de-daech\/","og_site_name":"Loni-infos","article_published_time":"2024-01-24T07:52:09+00:00","article_modified_time":"2024-01-24T07:52:11+00:00","og_image":[{"width":2048,"height":1152,"url":"https:\/\/www.loni-infos.com\/wp-content\/uploads\/2023\/08\/Militaires-Burkina-Faso-1015392.jpg","type":"image\/jpeg"}],"twitter_card":"summary_large_image","twitter_misc":{"\u00c9crit par":"","Dur\u00e9e de lecture estim\u00e9e":"2 minutes"},"schema":{"@context":"https:\/\/schema.org","@graph":[{"@type":"Article","@id":"https:\/\/www.loni-infos.com\/index.php\/2024\/01\/24\/burkina-faso-larmee-neutralise-un-cadre-important-de-daech\/#article","isPartOf":{"@id":"https:\/\/www.loni-infos.com\/index.php\/2024\/01\/24\/burkina-faso-larmee-neutralise-un-cadre-important-de-daech\/"},"author":{"name":"","@id":""},"headline":"Burkina Faso : L\u2019arm\u00e9e neutralise un cadre important de \u2018\u2019Daech\u2019\u2019","datePublished":"2024-01-24T07:52:09+00:00","dateModified":"2024-01-24T07:52:11+00:00","mainEntityOfPage":{"@id":"https:\/\/www.loni-infos.com\/index.php\/2024\/01\/24\/burkina-faso-larmee-neutralise-un-cadre-important-de-daech\/"},"wordCount":251,"commentCount":0,"image":{"@id":"https:\/\/www.loni-infos.com\/index.php\/2024\/01\/24\/burkina-faso-larmee-neutralise-un-cadre-important-de-daech\/#primaryimage"},"thumbnailUrl":"https:\/\/www.loni-infos.com\/wp-content\/uploads\/2023\/08\/Militaires-Burkina-Faso-1015392.jpg","keywords":["Burkina Faso","Daech"],"articleSection":["Monde"],"inLanguage":"fr-FR","potentialAction":[{"@type":"CommentAction","name":"Comment","target":["https:\/\/www.loni-infos.com\/index.php\/2024\/01\/24\/burkina-faso-larmee-neutralise-un-cadre-important-de-daech\/#respond"]}]},{"@type":"WebPage","@id":"https:\/\/www.loni-infos.com\/index.php\/2024\/01\/24\/burkina-faso-larmee-neutralise-un-cadre-important-de-daech\/","url":"https:\/\/www.loni-infos.com\/index.php\/2024\/01\/24\/burkina-faso-larmee-neutralise-un-cadre-important-de-daech\/","name":"Burkina Faso : L\u2019arm\u00e9e neutralise un cadre important de \u2018\u2019Daech\u2019\u2019 - Loni-infos","isPartOf":{"@id":"https:\/\/www.loni-infos.com\/#website"},"primaryImageOfPage":{"@id":"https:\/\/www.loni-infos.com\/index.php\/2024\/01\/24\/burkina-faso-larmee-neutralise-un-cadre-important-de-daech\/#primaryimage"},"image":{"@id":"https:\/\/www.loni-infos.com\/index.php\/2024\/01\/24\/burkina-faso-larmee-neutralise-un-cadre-important-de-daech\/#primaryimage"},"thumbnailUrl":"https:\/\/www.loni-infos.com\/wp-content\/uploads\/2023\/08\/Militaires-Burkina-Faso-1015392.jpg","datePublished":"2024-01-24T07:52:09+00:00","dateModified":"2024-01-24T07:52:11+00:00","author":{"@id":""},"breadcrumb":{"@id":"https:\/\/www.loni-infos.com\/index.php\/2024\/01\/24\/burkina-faso-larmee-neutralise-un-cadre-important-de-daech\/#breadcrumb"},"inLanguage":"fr-FR","potentialAction":[{"@type":"ReadAction","target":["https:\/\/www.loni-infos.com\/index.php\/2024\/01\/24\/burkina-faso-larmee-neutralise-un-cadre-important-de-daech\/"]}]},{"@type":"ImageObject","inLanguage":"fr-FR","@id":"https:\/\/www.loni-infos.com\/index.php\/2024\/01\/24\/burkina-faso-larmee-neutralise-un-cadre-important-de-daech\/#primaryimage","url":"https:\/\/www.loni-infos.com\/wp-content\/uploads\/2023\/08\/Militaires-Burkina-Faso-1015392.jpg","contentUrl":"https:\/\/www.loni-infos.com\/wp-content\/uploads\/2023\/08\/Militaires-Burkina-Faso-1015392.jpg","width":2048,"height":1152},{"@type":"BreadcrumbList","@id":"https:\/\/www.loni-infos.com\/index.php\/2024\/01\/24\/burkina-faso-larmee-neutralise-un-cadre-important-de-daech\/#breadcrumb","itemListElement":[{"@type":"ListItem","position":1,"name":"Accueil","item":"https:\/\/www.loni-infos.com\/"},{"@type":"ListItem","position":2,"name":"Burkina Faso : L\u2019arm\u00e9e neutralise un cadre important de \u2018\u2019Daech\u2019\u2019"}]},{"@type":"WebSite","@id":"https:\/\/www.loni-infos.com\/#website","url":"https:\/\/www.loni-infos.com\/","name":"Loni-infos","description":"Vous servir des infos est notre devoir","potentialAction":[{"@type":"SearchAction","target":{"@type":"EntryPoint","urlTemplate":"https:\/\/www.loni-infos.com\/?s={search_term_string}"},"query-input":{"@type":"PropertyValueSpecification","valueRequired":true,"valueName":"search_term_string"}}],"inLanguage":"fr-FR"},{"@type":"Person","@id":"","url":"https:\/\/www.loni-infos.com\/index.php\/author\/"}]}},"_links":{"self":[{"href":"https:\/\/www.loni-infos.com\/index.php\/wp-json\/wp\/v2\/posts\/2390","targetHints":{"allow":["GET"]}}],"collection":[{"href":"https:\/\/www.loni-infos.com\/index.php\/wp-json\/wp\/v2\/posts"}],"about":[{"href":"https:\/\/www.loni-infos.com\/index.php\/wp-json\/wp\/v2\/types\/post"}],"author":[{"embeddable":true,"href":"https:\/\/www.loni-infos.com\/index.php\/wp-json\/wp\/v2\/users\/1"}],"replies":[{"embeddable":true,"href":"https:\/\/www.loni-infos.com\/index.php\/wp-json\/wp\/v2\/comments?post=2390"}],"version-history":[{"count":1,"href":"https:\/\/www.loni-infos.com\/index.php\/wp-json\/wp\/v2\/posts\/2390\/revisions"}],"predecessor-version":[{"id":2391,"href":"https:\/\/www.loni-infos.com\/index.php\/wp-json\/wp\/v2\/posts\/2390\/revisions\/2391"}],"wp:featuredmedia":[{"embeddable":true,"href":"https:\/\/www.loni-infos.com\/index.php\/wp-json\/wp\/v2\/media\/797"}],"wp:attachment":[{"href":"https:\/\/www.loni-infos.com\/index.php\/wp-json\/wp\/v2\/media?parent=2390"}],"wp:term":[{"taxonomy":"category","embeddable":true,"href":"https:\/\/www.loni-infos.com\/index.php\/wp-json\/wp\/v2\/categories?post=2390"},{"taxonomy":"post_tag","embeddable":true,"href":"https:\/\/www.loni-infos.com\/index.php\/wp-json\/wp\/v2\/tags?post=2390"}],"curies":[{"name":"wp","href":"https:\/\/api.w.org\/{rel}","templated":true}]}}