{"id":2630,"date":"2024-02-14T10:56:28","date_gmt":"2024-02-14T09:56:28","guid":{"rendered":"https:\/\/www.loni-infos.com\/?p=2630"},"modified":"2024-02-14T11:01:21","modified_gmt":"2024-02-14T10:01:21","slug":"proces-du-28-septembre-2009-le-temoignage-dun-journaliste","status":"publish","type":"post","link":"https:\/\/www.loni-infos.com\/index.php\/2024\/02\/14\/proces-du-28-septembre-2009-le-temoignage-dun-journaliste\/","title":{"rendered":"Proc\u00e8s du 28 septembre 2009: le t\u00e9moignage d&#8217;un journaliste"},"content":{"rendered":"\n<p>Ce mardi 13 f\u00e9vrier 2024, les audiences ont continu\u00e9 dans le cadre du proc\u00e8s des \u00e9v\u00e9nements douloureux du 28 septembre 2009 au tribunal criminel de Dixinn d\u00e9localis\u00e9 Kaloum. Apr\u00e8s le passage de Alpha Mamoudou Diallo \u00e0 huis-clos ce lundi, c\u2019\u00e9tait au tour ce mardi de Boubacar Algassimou Diallo alias Abu bakr. Journaliste, \u00e0 l\u2019\u00e9poque des faits, le confr\u00e8re \u00e9tait correspondant de Associated press, une agence de presse am\u00e9ricaine.<\/p>\n\n\n\n<p>\u00ab\u00a0Ce jour, je suis sorti de chez moi \u00e0 07 heures pour arriver au stade \u00e0 07 heures 30. De l&#8217;esplanade, je voyais des gens venir de partout, vers Bambeto et autres. C&#8217;est entre temps, j&#8217;ai vu le Colonel Thiegboro venir, je crois qu&#8217;il \u00e9tait accompagn\u00e9 par deux ou trois b\u00e9rets rouges, Thiegboro m\u00eame a \u00e9t\u00e9 ovationn\u00e9 par la foule. Et, quand il est arriv\u00e9 sur les lieux, il a demand\u00e9 aux manifestants de rentrer chez eux. Cela s&#8217;est pass\u00e9 devant la pharmacie Manize. Apr\u00e8s Thiegboro a quitt\u00e9. Donc, moi aussi, je suis all\u00e9 dans une famille \u00e0 c\u00f4t\u00e9 pour prendre les ablutions comme me l&#8217;avait conseill\u00e9 une s\u0153ur qui vit depuis les \u00c9tats-Unis. Donc, de l\u00e0, j&#8217;ai vu un jeune venir en courant pour rentrer dans la maison, il \u00e9tait pourchass\u00e9 par des hommes en T-shirt noir et pantalon olive. Au sortir, j&#8217;ai vu les leaders accompagn\u00e9s d&#8217;une foule aller vers chez Jean Marie Dor\u00e9. Le moment de les rejoindre, j&#8217;ai appris qu&#8217;ils \u00e9taient d\u00e9j\u00e0 arriv\u00e9s au stade. C&#8217;est apr\u00e8s quelques minutes, j&#8217;ai entendu des cris forts et des coups de feu venant du stade. Et, j&#8217;ai vu des jeunes quitt\u00e9s vers le stade en courant pieds nus. Donc, je suis all\u00e9 vers eux pour savoir ce qui se passait, ils m&#8217;ont dit que \u00e7a tire au stade. Donc, j&#8217;ai cherch\u00e9 \u00e0 rejoindre le stade, donc c&#8217;est ainsi je me suis crois\u00e9 vers l&#8217;ambassade du Japon avec les manifestants qui \u00e9taient pourchass\u00e9s par des hommes en T-shirt Chelsea. Ils \u00e9taient munis des gourdins et autres. Mais j&#8217;ai n&#8217;ai pas vu d&#8217;armes avec eux. C&#8217;\u00e9tait de la d\u00e9bandade \u00e0 Landreah. J&#8217;ai vu des jeunes de peur se jeter \u00e0 la mer. Moi, j&#8217;ai \u00e9t\u00e9 sauv\u00e9 par un jeune coiffeur, qui a dit aux hommes en T-shirt Chelsea qui voulaient m&#8217;attaquer que j&#8217;\u00e9tais venu me coiffer.\u00a0\u00bb<\/p>\n\n\n\n<p><\/p>\n\n\n\n<p class=\"has-text-align-right\"><strong>Fatoumata Camara<\/strong><\/p>\n","protected":false},"excerpt":{"rendered":"<p>Ce mardi 13 f\u00e9vrier 2024, les audiences ont continu\u00e9 dans le cadre du proc\u00e8s des \u00e9v\u00e9nements douloureux du 28 septembre 2009 au tribunal criminel de Dixinn d\u00e9localis\u00e9 Kaloum. Apr\u00e8s le passage de Alpha Mamoudou Diallo \u00e0 huis-clos ce lundi, c\u2019\u00e9tait au tour ce mardi de Boubacar Algassimou Diallo alias Abu bakr. Journaliste, \u00e0 l\u2019\u00e9poque des<\/p>\n","protected":false},"author":1,"featured_media":2631,"comment_status":"open","ping_status":"open","sticky":true,"template":"","format":"standard","meta":{"footnotes":""},"categories":[80],"tags":[511,88],"class_list":{"0":"post-2630","1":"post","2":"type-post","3":"status-publish","4":"format-standard","5":"has-post-thumbnail","7":"category-politique","8":"tag-proces-du-28-septembre-2009","9":"tag-proces-du-massacre-du-28-septembre"},"yoast_head":"<!-- This site is optimized with the Yoast SEO plugin v27.0 - https:\/\/yoast.com\/product\/yoast-seo-wordpress\/ -->\n<title>Proc\u00e8s du 28 septembre 2009: le t\u00e9moignage d&#039;un journaliste - Loni-infos<\/title>\n<meta name=\"robots\" content=\"index, follow, max-snippet:-1, max-image-preview:large, max-video-preview:-1\" \/>\n<link rel=\"canonical\" href=\"https:\/\/www.loni-infos.com\/index.php\/2024\/02\/14\/proces-du-28-septembre-2009-le-temoignage-dun-journaliste\/\" \/>\n<meta property=\"og:locale\" content=\"fr_FR\" \/>\n<meta property=\"og:type\" content=\"article\" \/>\n<meta property=\"og:title\" content=\"Proc\u00e8s du 28 septembre 2009: le t\u00e9moignage d&#039;un journaliste - Loni-infos\" \/>\n<meta property=\"og:description\" content=\"Ce mardi 13 f\u00e9vrier 2024, les audiences ont continu\u00e9 dans le cadre du proc\u00e8s des \u00e9v\u00e9nements douloureux du 28 septembre 2009 au tribunal criminel de Dixinn d\u00e9localis\u00e9 Kaloum. Apr\u00e8s le passage de Alpha Mamoudou Diallo \u00e0 huis-clos ce lundi, c\u2019\u00e9tait au tour ce mardi de Boubacar Algassimou Diallo alias Abu bakr. Journaliste, \u00e0 l\u2019\u00e9poque des\" \/>\n<meta property=\"og:url\" content=\"https:\/\/www.loni-infos.com\/index.php\/2024\/02\/14\/proces-du-28-septembre-2009-le-temoignage-dun-journaliste\/\" \/>\n<meta property=\"og:site_name\" content=\"Loni-infos\" \/>\n<meta property=\"article:published_time\" content=\"2024-02-14T09:56:28+00:00\" \/>\n<meta property=\"article:modified_time\" content=\"2024-02-14T10:01:21+00:00\" \/>\n<meta property=\"og:image\" content=\"https:\/\/www.loni-infos.com\/wp-content\/uploads\/2024\/02\/WhatsApp-Image-2024-02-13-at-20.27.03.jpeg\" \/>\n\t<meta property=\"og:image:width\" content=\"960\" \/>\n\t<meta property=\"og:image:height\" content=\"640\" \/>\n\t<meta property=\"og:image:type\" content=\"image\/jpeg\" \/>\n<meta name=\"twitter:card\" content=\"summary_large_image\" \/>\n<meta name=\"twitter:label1\" content=\"\u00c9crit par\" \/>\n\t<meta name=\"twitter:data1\" content=\"\" \/>\n\t<meta name=\"twitter:label2\" content=\"Dur\u00e9e de lecture estim\u00e9e\" \/>\n\t<meta name=\"twitter:data2\" content=\"2 minutes\" \/>\n<script type=\"application\/ld+json\" class=\"yoast-schema-graph\">{\"@context\":\"https:\/\/schema.org\",\"@graph\":[{\"@type\":\"Article\",\"@id\":\"https:\/\/www.loni-infos.com\/index.php\/2024\/02\/14\/proces-du-28-septembre-2009-le-temoignage-dun-journaliste\/#article\",\"isPartOf\":{\"@id\":\"https:\/\/www.loni-infos.com\/index.php\/2024\/02\/14\/proces-du-28-septembre-2009-le-temoignage-dun-journaliste\/\"},\"author\":{\"name\":\"\",\"@id\":\"\"},\"headline\":\"Proc\u00e8s du 28 septembre 2009: le t\u00e9moignage d&#8217;un journaliste\",\"datePublished\":\"2024-02-14T09:56:28+00:00\",\"dateModified\":\"2024-02-14T10:01:21+00:00\",\"mainEntityOfPage\":{\"@id\":\"https:\/\/www.loni-infos.com\/index.php\/2024\/02\/14\/proces-du-28-septembre-2009-le-temoignage-dun-journaliste\/\"},\"wordCount\":417,\"commentCount\":0,\"image\":{\"@id\":\"https:\/\/www.loni-infos.com\/index.php\/2024\/02\/14\/proces-du-28-septembre-2009-le-temoignage-dun-journaliste\/#primaryimage\"},\"thumbnailUrl\":\"https:\/\/www.loni-infos.com\/wp-content\/uploads\/2024\/02\/WhatsApp-Image-2024-02-13-at-20.27.03.jpeg\",\"keywords\":[\"proc\u00e8s du 28 septembre 2009\",\"Proc\u00e8s du massacre du 28-Septembre\"],\"articleSection\":[\"Politique\"],\"inLanguage\":\"fr-FR\",\"potentialAction\":[{\"@type\":\"CommentAction\",\"name\":\"Comment\",\"target\":[\"https:\/\/www.loni-infos.com\/index.php\/2024\/02\/14\/proces-du-28-septembre-2009-le-temoignage-dun-journaliste\/#respond\"]}]},{\"@type\":\"WebPage\",\"@id\":\"https:\/\/www.loni-infos.com\/index.php\/2024\/02\/14\/proces-du-28-septembre-2009-le-temoignage-dun-journaliste\/\",\"url\":\"https:\/\/www.loni-infos.com\/index.php\/2024\/02\/14\/proces-du-28-septembre-2009-le-temoignage-dun-journaliste\/\",\"name\":\"Proc\u00e8s du 28 septembre 2009: le t\u00e9moignage d'un journaliste - Loni-infos\",\"isPartOf\":{\"@id\":\"https:\/\/www.loni-infos.com\/#website\"},\"primaryImageOfPage\":{\"@id\":\"https:\/\/www.loni-infos.com\/index.php\/2024\/02\/14\/proces-du-28-septembre-2009-le-temoignage-dun-journaliste\/#primaryimage\"},\"image\":{\"@id\":\"https:\/\/www.loni-infos.com\/index.php\/2024\/02\/14\/proces-du-28-septembre-2009-le-temoignage-dun-journaliste\/#primaryimage\"},\"thumbnailUrl\":\"https:\/\/www.loni-infos.com\/wp-content\/uploads\/2024\/02\/WhatsApp-Image-2024-02-13-at-20.27.03.jpeg\",\"datePublished\":\"2024-02-14T09:56:28+00:00\",\"dateModified\":\"2024-02-14T10:01:21+00:00\",\"author\":{\"@id\":\"\"},\"breadcrumb\":{\"@id\":\"https:\/\/www.loni-infos.com\/index.php\/2024\/02\/14\/proces-du-28-septembre-2009-le-temoignage-dun-journaliste\/#breadcrumb\"},\"inLanguage\":\"fr-FR\",\"potentialAction\":[{\"@type\":\"ReadAction\",\"target\":[\"https:\/\/www.loni-infos.com\/index.php\/2024\/02\/14\/proces-du-28-septembre-2009-le-temoignage-dun-journaliste\/\"]}]},{\"@type\":\"ImageObject\",\"inLanguage\":\"fr-FR\",\"@id\":\"https:\/\/www.loni-infos.com\/index.php\/2024\/02\/14\/proces-du-28-septembre-2009-le-temoignage-dun-journaliste\/#primaryimage\",\"url\":\"https:\/\/www.loni-infos.com\/wp-content\/uploads\/2024\/02\/WhatsApp-Image-2024-02-13-at-20.27.03.jpeg\",\"contentUrl\":\"https:\/\/www.loni-infos.com\/wp-content\/uploads\/2024\/02\/WhatsApp-Image-2024-02-13-at-20.27.03.jpeg\",\"width\":960,\"height\":640},{\"@type\":\"BreadcrumbList\",\"@id\":\"https:\/\/www.loni-infos.com\/index.php\/2024\/02\/14\/proces-du-28-septembre-2009-le-temoignage-dun-journaliste\/#breadcrumb\",\"itemListElement\":[{\"@type\":\"ListItem\",\"position\":1,\"name\":\"Accueil\",\"item\":\"https:\/\/www.loni-infos.com\/\"},{\"@type\":\"ListItem\",\"position\":2,\"name\":\"Proc\u00e8s du 28 septembre 2009: le t\u00e9moignage d&rsquo;un journaliste\"}]},{\"@type\":\"WebSite\",\"@id\":\"https:\/\/www.loni-infos.com\/#website\",\"url\":\"https:\/\/www.loni-infos.com\/\",\"name\":\"Loni-infos\",\"description\":\"Vous servir des infos est notre devoir\",\"potentialAction\":[{\"@type\":\"SearchAction\",\"target\":{\"@type\":\"EntryPoint\",\"urlTemplate\":\"https:\/\/www.loni-infos.com\/?s={search_term_string}\"},\"query-input\":{\"@type\":\"PropertyValueSpecification\",\"valueRequired\":true,\"valueName\":\"search_term_string\"}}],\"inLanguage\":\"fr-FR\"},{\"@type\":\"Person\",\"@id\":\"\",\"url\":\"https:\/\/www.loni-infos.com\/index.php\/author\/\"}]}<\/script>\n<!-- \/ Yoast SEO plugin. -->","yoast_head_json":{"title":"Proc\u00e8s du 28 septembre 2009: le t\u00e9moignage d'un journaliste - Loni-infos","robots":{"index":"index","follow":"follow","max-snippet":"max-snippet:-1","max-image-preview":"max-image-preview:large","max-video-preview":"max-video-preview:-1"},"canonical":"https:\/\/www.loni-infos.com\/index.php\/2024\/02\/14\/proces-du-28-septembre-2009-le-temoignage-dun-journaliste\/","og_locale":"fr_FR","og_type":"article","og_title":"Proc\u00e8s du 28 septembre 2009: le t\u00e9moignage d'un journaliste - Loni-infos","og_description":"Ce mardi 13 f\u00e9vrier 2024, les audiences ont continu\u00e9 dans le cadre du proc\u00e8s des \u00e9v\u00e9nements douloureux du 28 septembre 2009 au tribunal criminel de Dixinn d\u00e9localis\u00e9 Kaloum. Apr\u00e8s le passage de Alpha Mamoudou Diallo \u00e0 huis-clos ce lundi, c\u2019\u00e9tait au tour ce mardi de Boubacar Algassimou Diallo alias Abu bakr. Journaliste, \u00e0 l\u2019\u00e9poque des","og_url":"https:\/\/www.loni-infos.com\/index.php\/2024\/02\/14\/proces-du-28-septembre-2009-le-temoignage-dun-journaliste\/","og_site_name":"Loni-infos","article_published_time":"2024-02-14T09:56:28+00:00","article_modified_time":"2024-02-14T10:01:21+00:00","og_image":[{"width":960,"height":640,"url":"https:\/\/www.loni-infos.com\/wp-content\/uploads\/2024\/02\/WhatsApp-Image-2024-02-13-at-20.27.03.jpeg","type":"image\/jpeg"}],"twitter_card":"summary_large_image","twitter_misc":{"\u00c9crit par":"","Dur\u00e9e de lecture estim\u00e9e":"2 minutes"},"schema":{"@context":"https:\/\/schema.org","@graph":[{"@type":"Article","@id":"https:\/\/www.loni-infos.com\/index.php\/2024\/02\/14\/proces-du-28-septembre-2009-le-temoignage-dun-journaliste\/#article","isPartOf":{"@id":"https:\/\/www.loni-infos.com\/index.php\/2024\/02\/14\/proces-du-28-septembre-2009-le-temoignage-dun-journaliste\/"},"author":{"name":"","@id":""},"headline":"Proc\u00e8s du 28 septembre 2009: le t\u00e9moignage d&#8217;un journaliste","datePublished":"2024-02-14T09:56:28+00:00","dateModified":"2024-02-14T10:01:21+00:00","mainEntityOfPage":{"@id":"https:\/\/www.loni-infos.com\/index.php\/2024\/02\/14\/proces-du-28-septembre-2009-le-temoignage-dun-journaliste\/"},"wordCount":417,"commentCount":0,"image":{"@id":"https:\/\/www.loni-infos.com\/index.php\/2024\/02\/14\/proces-du-28-septembre-2009-le-temoignage-dun-journaliste\/#primaryimage"},"thumbnailUrl":"https:\/\/www.loni-infos.com\/wp-content\/uploads\/2024\/02\/WhatsApp-Image-2024-02-13-at-20.27.03.jpeg","keywords":["proc\u00e8s du 28 septembre 2009","Proc\u00e8s du massacre du 28-Septembre"],"articleSection":["Politique"],"inLanguage":"fr-FR","potentialAction":[{"@type":"CommentAction","name":"Comment","target":["https:\/\/www.loni-infos.com\/index.php\/2024\/02\/14\/proces-du-28-septembre-2009-le-temoignage-dun-journaliste\/#respond"]}]},{"@type":"WebPage","@id":"https:\/\/www.loni-infos.com\/index.php\/2024\/02\/14\/proces-du-28-septembre-2009-le-temoignage-dun-journaliste\/","url":"https:\/\/www.loni-infos.com\/index.php\/2024\/02\/14\/proces-du-28-septembre-2009-le-temoignage-dun-journaliste\/","name":"Proc\u00e8s du 28 septembre 2009: le t\u00e9moignage d'un journaliste - Loni-infos","isPartOf":{"@id":"https:\/\/www.loni-infos.com\/#website"},"primaryImageOfPage":{"@id":"https:\/\/www.loni-infos.com\/index.php\/2024\/02\/14\/proces-du-28-septembre-2009-le-temoignage-dun-journaliste\/#primaryimage"},"image":{"@id":"https:\/\/www.loni-infos.com\/index.php\/2024\/02\/14\/proces-du-28-septembre-2009-le-temoignage-dun-journaliste\/#primaryimage"},"thumbnailUrl":"https:\/\/www.loni-infos.com\/wp-content\/uploads\/2024\/02\/WhatsApp-Image-2024-02-13-at-20.27.03.jpeg","datePublished":"2024-02-14T09:56:28+00:00","dateModified":"2024-02-14T10:01:21+00:00","author":{"@id":""},"breadcrumb":{"@id":"https:\/\/www.loni-infos.com\/index.php\/2024\/02\/14\/proces-du-28-septembre-2009-le-temoignage-dun-journaliste\/#breadcrumb"},"inLanguage":"fr-FR","potentialAction":[{"@type":"ReadAction","target":["https:\/\/www.loni-infos.com\/index.php\/2024\/02\/14\/proces-du-28-septembre-2009-le-temoignage-dun-journaliste\/"]}]},{"@type":"ImageObject","inLanguage":"fr-FR","@id":"https:\/\/www.loni-infos.com\/index.php\/2024\/02\/14\/proces-du-28-septembre-2009-le-temoignage-dun-journaliste\/#primaryimage","url":"https:\/\/www.loni-infos.com\/wp-content\/uploads\/2024\/02\/WhatsApp-Image-2024-02-13-at-20.27.03.jpeg","contentUrl":"https:\/\/www.loni-infos.com\/wp-content\/uploads\/2024\/02\/WhatsApp-Image-2024-02-13-at-20.27.03.jpeg","width":960,"height":640},{"@type":"BreadcrumbList","@id":"https:\/\/www.loni-infos.com\/index.php\/2024\/02\/14\/proces-du-28-septembre-2009-le-temoignage-dun-journaliste\/#breadcrumb","itemListElement":[{"@type":"ListItem","position":1,"name":"Accueil","item":"https:\/\/www.loni-infos.com\/"},{"@type":"ListItem","position":2,"name":"Proc\u00e8s du 28 septembre 2009: le t\u00e9moignage d&rsquo;un journaliste"}]},{"@type":"WebSite","@id":"https:\/\/www.loni-infos.com\/#website","url":"https:\/\/www.loni-infos.com\/","name":"Loni-infos","description":"Vous servir des infos est notre devoir","potentialAction":[{"@type":"SearchAction","target":{"@type":"EntryPoint","urlTemplate":"https:\/\/www.loni-infos.com\/?s={search_term_string}"},"query-input":{"@type":"PropertyValueSpecification","valueRequired":true,"valueName":"search_term_string"}}],"inLanguage":"fr-FR"},{"@type":"Person","@id":"","url":"https:\/\/www.loni-infos.com\/index.php\/author\/"}]}},"_links":{"self":[{"href":"https:\/\/www.loni-infos.com\/index.php\/wp-json\/wp\/v2\/posts\/2630","targetHints":{"allow":["GET"]}}],"collection":[{"href":"https:\/\/www.loni-infos.com\/index.php\/wp-json\/wp\/v2\/posts"}],"about":[{"href":"https:\/\/www.loni-infos.com\/index.php\/wp-json\/wp\/v2\/types\/post"}],"author":[{"embeddable":true,"href":"https:\/\/www.loni-infos.com\/index.php\/wp-json\/wp\/v2\/users\/1"}],"replies":[{"embeddable":true,"href":"https:\/\/www.loni-infos.com\/index.php\/wp-json\/wp\/v2\/comments?post=2630"}],"version-history":[{"count":2,"href":"https:\/\/www.loni-infos.com\/index.php\/wp-json\/wp\/v2\/posts\/2630\/revisions"}],"predecessor-version":[{"id":2633,"href":"https:\/\/www.loni-infos.com\/index.php\/wp-json\/wp\/v2\/posts\/2630\/revisions\/2633"}],"wp:featuredmedia":[{"embeddable":true,"href":"https:\/\/www.loni-infos.com\/index.php\/wp-json\/wp\/v2\/media\/2631"}],"wp:attachment":[{"href":"https:\/\/www.loni-infos.com\/index.php\/wp-json\/wp\/v2\/media?parent=2630"}],"wp:term":[{"taxonomy":"category","embeddable":true,"href":"https:\/\/www.loni-infos.com\/index.php\/wp-json\/wp\/v2\/categories?post=2630"},{"taxonomy":"post_tag","embeddable":true,"href":"https:\/\/www.loni-infos.com\/index.php\/wp-json\/wp\/v2\/tags?post=2630"}],"curies":[{"name":"wp","href":"https:\/\/api.w.org\/{rel}","templated":true}]}}