{"id":3099,"date":"2024-03-20T13:14:22","date_gmt":"2024-03-20T12:14:22","guid":{"rendered":"https:\/\/www.loni-infos.com\/?p=3099"},"modified":"2024-03-20T13:14:25","modified_gmt":"2024-03-20T12:14:25","slug":"francophonie-celebrer-la-francophonie-cest-reconnaitre-le-potentiel-de-la-langue-et-de-la-culture-a-unir-les-peuples-declare-le-secretaire-general-du-sne","status":"publish","type":"post","link":"https:\/\/www.loni-infos.com\/index.php\/2024\/03\/20\/francophonie-celebrer-la-francophonie-cest-reconnaitre-le-potentiel-de-la-langue-et-de-la-culture-a-unir-les-peuples-declare-le-secretaire-general-du-sne\/","title":{"rendered":"Francophonie\u00a0: \u00ab\u00a0C\u00e9l\u00e9brer la Francophonie, c\u2019est reconna\u00eetre le potentiel de la langue et de la culture \u00e0 unir les peuples\u00a0\u00bb d\u00e9clare le secr\u00e9taire g\u00e9n\u00e9ral du SNE"},"content":{"rendered":"\n<p><strong>MESSAGE DU SECR\u00c9TAIRE G\u00c9N\u00c9RAL DU SYNDICAT NATIONAL DE L&#8217;\u00c9DUCATION\u00a0 ( SNE) \u00c0 L\u2019OCCASION DE LA C\u00c9L\u00c9BRATION DE LA JOURN\u00c9E INTERNATIONALE DE LA FRANCOPHONIE CE MERCREDI\u00a0 20 MARS 2024. <\/strong><\/p>\n\n\n\n<p>La Journ\u00e9e Internationale de la Francophonie est c\u00e9l\u00e9br\u00e9e chaque ann\u00e9e le 20 mars depuis 1990.<\/p>\n\n\n\n<p>Cette date \u00e0 \u00e9t\u00e9 choisie en comm\u00e9moration des accords de Niamey (Niger) en 1970, portant sur la coop\u00e9ration culturelle et technique des pays francophones (ACCT), aujourd&#8217;hui connue sous le nom d&#8217; Organisation Internationale de la Francophonie.<\/p>\n\n\n\n<p>En 2024, l&#8217;OIF souhaite inscrire les c\u00e9l\u00e9brations de la Journ\u00e9e internationale de la Francophonie sous le th\u00e8me \u00ab Cr\u00e9er, innover, entreprendre en fran\u00e7ais \u00bb..<\/p>\n\n\n\n<p>On compte dans le monde approximativement 444 millions de personnes venant d\u2019un pays ou le fran\u00e7ais est la langue officielle. A ceux-l\u00e0 s\u2019ajoutent les 98 millions de personnes venant d\u2019un pays ou le fran\u00e7ais est couramment utilis\u00e9. C\u2019est la langue officielle de 29 pays.<\/p>\n\n\n\n<p>Le fran\u00e7ais est la 5e langue la plus parl\u00e9e au monde apr\u00e8s le chinois, l\u2019anglais, l&#8217;hindi et l\u2019espagnol.<\/p>\n\n\n\n<p>En 2050, d\u2019apr\u00e8s les&nbsp; \u00e9tudes de l&#8217; OIF , nous serons 715 millions de francophones dans le monde dont 85% en Afrique..<\/p>\n\n\n\n<p>La langue fran\u00e7aise a toujours eu une place importante parmi les langues. D\u2019abord symbole de culture et de cr\u00e9ativit\u00e9 elle a ensuite \u00e9t\u00e9 vecteur de d\u00e9mocratie et d\u2019humanisme, des valeurs que l\u2019UNESCO entend promouvoir.<\/p>\n\n\n\n<p>C\u00e9l\u00e9brer la Francophonie, c\u2019est reconna\u00eetre le potentiel de la langue et de la culture \u00e0 unir les peuples, \u00e0 cr\u00e9er des espaces de solidarit\u00e9 et de compr\u00e9hension mutuelle, pour r\u00e9fl\u00e9chir ensemble \u00e0 notre avenir commun<\/p>\n\n\n\n<p>La langue fran\u00e7aise s\u2019enrichit chaque jour au contact de la diversit\u00e9 : diversit\u00e9 des individus qui l\u2019habitent, diversit\u00e9 des imaginaires et des exp\u00e9riences qui la nourrissent, diversit\u00e9 des influences linguistiques et culturelles qu\u2019elle v\u00e9hicule.<\/p>\n\n\n\n<p>La langue a le pouvoir de faire \u00e9voluer les attitudes culturelles et sociales, ainsi l\u2019emploi d\u2019un langage inclusif est un bon moyen de promouvoir l\u2019\u00e9galit\u00e9 de genre et de lutter contre les pr\u00e9jug\u00e9s.&nbsp; Par langage inclusif, on entend le fait de s\u2019exprimer, \u00e0 l\u2019oral comme \u00e0 l\u2019\u00e9crit, d\u2019une fa\u00e7on non-discriminante, quels que soient le sexe ou l\u2019identit\u00e9 de genre de la personne dont on parle ou \u00e0 qui l\u2019on s\u2019adresse, sans v\u00e9hiculer de st\u00e9r\u00e9otypes de genre.<\/p>\n\n\n\n<p>Le multilinguisme rev\u00eat plus que jamais une importance toute particuli\u00e8re pour l&#8217;espace&nbsp; francophone car il favorise la tol\u00e9rance et assure la participation effective de tous et toutes au processus de travail de l\u2019Organisation<\/p>\n\n\n\n<p>Nous devrons faire la promotion du multilinguisme pour l\u2019inclusion dans l\u2019\u00e9ducation et la soci\u00e9t\u00e9&nbsp;&nbsp; Elle rappelle ainsi l\u2019importance des premiers apprentissages en langue maternelle pour la r\u00e9ussite scolaire des \u00e9l\u00e8ves et leur insertion harmonieuse dans la soci\u00e9t\u00e9.<\/p>\n\n\n\n<p>Repenser les politiques en faveur du multilinguisme, mettre en \u0153uvre et partager des exp\u00e9riences novatrices dans ce domaine, deviennent une n\u00e9cessit\u00e9. L\u2019\u00e9ducation plurilingue, en langue maternelle et en fran\u00e7ais, est au centre de l\u2019Initiative ELAN (\u00c9cole et langues nationales) d\u00e9clin\u00e9e dans 12 pays d\u2019Afrique subsaharienne en 39 langues.<\/p>\n\n\n\n<p>&nbsp;Nous devrons valoriser le multilinguisme, en rappelant que la fertile cohabitation du fran\u00e7ais avec les multiples langues nationales contribue largement \u00e0 faire du vaste espace francophone le lieu des diversit\u00e9s les plus riches.<\/p>\n\n\n\n<p>Il est aussi important&nbsp; de r\u00e9affirmer le r\u00f4le des langues maternelles comme de pr\u00e9cieux relais pour une \u00e9ducation inclusive de qualit\u00e9 pour toutes et tous<\/p>\n\n\n\n<p>S\u2019il para\u00eet \u00e9vident \u00e0 tous les praticiens que les premi\u00e8res ann\u00e9es du primaire devraient laisser une place aux langues locales, la g\u00e9n\u00e9ralisation de leur enseignement pose des probl\u00e8mes jusqu\u2019\u00e0 pr\u00e9sent insolubles.<\/p>\n\n\n\n<p>Le v\u00e9ritable probl\u00e8me, tant pour la francophonie que pour le d\u00e9veloppement, est la pauvret\u00e9 quantitative et qualitative des syst\u00e8mes scolaires, malgr\u00e9 l\u2019appui du secteur priv\u00e9, religieux ou commercial.<\/p>\n\n\n\n<p>C&#8217;est&nbsp; \u00e0&nbsp; ce seul prix que nous pouvons cr\u00e9er&nbsp; , innover&nbsp; et entreprendre&nbsp; en fran\u00e7ais qui nous rassemble autour&nbsp; d&#8217;un multilinguisme et d&#8217;une&nbsp; diversit\u00e9 culturelle au b\u00e9n\u00e9fice&nbsp; d&#8217;un&nbsp; d\u00e9veloppement&nbsp; harmonieux de l&#8217;espace&nbsp; francophone.<\/p>\n\n\n\n<p>Bonne c\u00e9l\u00e9bration&nbsp; \u00e0&nbsp; toutes et \u00e0&nbsp; tous .<\/p>\n","protected":false},"excerpt":{"rendered":"<p>MESSAGE DU SECR\u00c9TAIRE G\u00c9N\u00c9RAL DU SYNDICAT NATIONAL DE L&#8217;\u00c9DUCATION\u00a0 ( SNE) \u00c0 L\u2019OCCASION DE LA C\u00c9L\u00c9BRATION DE LA JOURN\u00c9E INTERNATIONALE DE LA FRANCOPHONIE CE MERCREDI\u00a0 20 MARS 2024. La Journ\u00e9e Internationale de la Francophonie est c\u00e9l\u00e9br\u00e9e chaque ann\u00e9e le 20 mars depuis 1990. Cette date \u00e0 \u00e9t\u00e9 choisie en comm\u00e9moration des accords de Niamey (Niger)<\/p>\n","protected":false},"author":1,"featured_media":3100,"comment_status":"open","ping_status":"open","sticky":true,"template":"","format":"standard","meta":{"footnotes":""},"categories":[83],"tags":[621],"class_list":{"0":"post-3099","1":"post","2":"type-post","3":"status-publish","4":"format-standard","5":"has-post-thumbnail","7":"category-agora","8":"tag-francophonie"},"yoast_head":"<!-- This site is optimized with the Yoast SEO plugin v27.0 - https:\/\/yoast.com\/product\/yoast-seo-wordpress\/ -->\n<title>Francophonie\u00a0: \u00ab\u00a0C\u00e9l\u00e9brer la Francophonie, c\u2019est reconna\u00eetre le potentiel de la langue et de la culture \u00e0 unir les peuples\u00a0\u00bb d\u00e9clare le secr\u00e9taire g\u00e9n\u00e9ral du SNE - Loni-infos<\/title>\n<meta name=\"robots\" content=\"index, follow, max-snippet:-1, max-image-preview:large, max-video-preview:-1\" \/>\n<link rel=\"canonical\" href=\"https:\/\/www.loni-infos.com\/index.php\/2024\/03\/20\/francophonie-celebrer-la-francophonie-cest-reconnaitre-le-potentiel-de-la-langue-et-de-la-culture-a-unir-les-peuples-declare-le-secretaire-general-du-sne\/\" \/>\n<meta property=\"og:locale\" content=\"fr_FR\" \/>\n<meta property=\"og:type\" content=\"article\" \/>\n<meta property=\"og:title\" content=\"Francophonie\u00a0: \u00ab\u00a0C\u00e9l\u00e9brer la Francophonie, c\u2019est reconna\u00eetre le potentiel de la langue et de la culture \u00e0 unir les peuples\u00a0\u00bb d\u00e9clare le secr\u00e9taire g\u00e9n\u00e9ral du SNE - Loni-infos\" \/>\n<meta property=\"og:description\" content=\"MESSAGE DU SECR\u00c9TAIRE G\u00c9N\u00c9RAL DU SYNDICAT NATIONAL DE L&#8217;\u00c9DUCATION\u00a0 ( SNE) \u00c0 L\u2019OCCASION DE LA C\u00c9L\u00c9BRATION DE LA JOURN\u00c9E INTERNATIONALE DE LA FRANCOPHONIE CE MERCREDI\u00a0 20 MARS 2024. La Journ\u00e9e Internationale de la Francophonie est c\u00e9l\u00e9br\u00e9e chaque ann\u00e9e le 20 mars depuis 1990. Cette date \u00e0 \u00e9t\u00e9 choisie en comm\u00e9moration des accords de Niamey (Niger)\" \/>\n<meta property=\"og:url\" content=\"https:\/\/www.loni-infos.com\/index.php\/2024\/03\/20\/francophonie-celebrer-la-francophonie-cest-reconnaitre-le-potentiel-de-la-langue-et-de-la-culture-a-unir-les-peuples-declare-le-secretaire-general-du-sne\/\" \/>\n<meta property=\"og:site_name\" content=\"Loni-infos\" \/>\n<meta property=\"article:published_time\" content=\"2024-03-20T12:14:22+00:00\" \/>\n<meta property=\"article:modified_time\" content=\"2024-03-20T12:14:25+00:00\" \/>\n<meta property=\"og:image\" content=\"https:\/\/www.loni-infos.com\/wp-content\/uploads\/2024\/03\/WhatsApp-Image-2024-03-20-at-12.13.04.jpeg\" \/>\n\t<meta property=\"og:image:width\" content=\"540\" \/>\n\t<meta property=\"og:image:height\" content=\"379\" \/>\n\t<meta property=\"og:image:type\" content=\"image\/jpeg\" \/>\n<meta name=\"twitter:card\" content=\"summary_large_image\" \/>\n<meta name=\"twitter:label1\" content=\"\u00c9crit par\" \/>\n\t<meta name=\"twitter:data1\" content=\"\" \/>\n\t<meta name=\"twitter:label2\" content=\"Dur\u00e9e de lecture estim\u00e9e\" \/>\n\t<meta name=\"twitter:data2\" content=\"4 minutes\" \/>\n<script type=\"application\/ld+json\" class=\"yoast-schema-graph\">{\"@context\":\"https:\/\/schema.org\",\"@graph\":[{\"@type\":\"Article\",\"@id\":\"https:\/\/www.loni-infos.com\/index.php\/2024\/03\/20\/francophonie-celebrer-la-francophonie-cest-reconnaitre-le-potentiel-de-la-langue-et-de-la-culture-a-unir-les-peuples-declare-le-secretaire-general-du-sne\/#article\",\"isPartOf\":{\"@id\":\"https:\/\/www.loni-infos.com\/index.php\/2024\/03\/20\/francophonie-celebrer-la-francophonie-cest-reconnaitre-le-potentiel-de-la-langue-et-de-la-culture-a-unir-les-peuples-declare-le-secretaire-general-du-sne\/\"},\"author\":{\"name\":\"\",\"@id\":\"\"},\"headline\":\"Francophonie\u00a0: \u00ab\u00a0C\u00e9l\u00e9brer la Francophonie, c\u2019est reconna\u00eetre le potentiel de la langue et de la culture \u00e0 unir les peuples\u00a0\u00bb d\u00e9clare le secr\u00e9taire g\u00e9n\u00e9ral du SNE\",\"datePublished\":\"2024-03-20T12:14:22+00:00\",\"dateModified\":\"2024-03-20T12:14:25+00:00\",\"mainEntityOfPage\":{\"@id\":\"https:\/\/www.loni-infos.com\/index.php\/2024\/03\/20\/francophonie-celebrer-la-francophonie-cest-reconnaitre-le-potentiel-de-la-langue-et-de-la-culture-a-unir-les-peuples-declare-le-secretaire-general-du-sne\/\"},\"wordCount\":784,\"commentCount\":0,\"image\":{\"@id\":\"https:\/\/www.loni-infos.com\/index.php\/2024\/03\/20\/francophonie-celebrer-la-francophonie-cest-reconnaitre-le-potentiel-de-la-langue-et-de-la-culture-a-unir-les-peuples-declare-le-secretaire-general-du-sne\/#primaryimage\"},\"thumbnailUrl\":\"https:\/\/www.loni-infos.com\/wp-content\/uploads\/2024\/03\/WhatsApp-Image-2024-03-20-at-12.13.04.jpeg\",\"keywords\":[\"Francophonie\"],\"articleSection\":[\"Agora\"],\"inLanguage\":\"fr-FR\",\"potentialAction\":[{\"@type\":\"CommentAction\",\"name\":\"Comment\",\"target\":[\"https:\/\/www.loni-infos.com\/index.php\/2024\/03\/20\/francophonie-celebrer-la-francophonie-cest-reconnaitre-le-potentiel-de-la-langue-et-de-la-culture-a-unir-les-peuples-declare-le-secretaire-general-du-sne\/#respond\"]}]},{\"@type\":\"WebPage\",\"@id\":\"https:\/\/www.loni-infos.com\/index.php\/2024\/03\/20\/francophonie-celebrer-la-francophonie-cest-reconnaitre-le-potentiel-de-la-langue-et-de-la-culture-a-unir-les-peuples-declare-le-secretaire-general-du-sne\/\",\"url\":\"https:\/\/www.loni-infos.com\/index.php\/2024\/03\/20\/francophonie-celebrer-la-francophonie-cest-reconnaitre-le-potentiel-de-la-langue-et-de-la-culture-a-unir-les-peuples-declare-le-secretaire-general-du-sne\/\",\"name\":\"Francophonie\u00a0: \u00ab\u00a0C\u00e9l\u00e9brer la Francophonie, c\u2019est reconna\u00eetre le potentiel de la langue et de la culture \u00e0 unir les peuples\u00a0\u00bb d\u00e9clare le secr\u00e9taire g\u00e9n\u00e9ral du SNE - Loni-infos\",\"isPartOf\":{\"@id\":\"https:\/\/www.loni-infos.com\/#website\"},\"primaryImageOfPage\":{\"@id\":\"https:\/\/www.loni-infos.com\/index.php\/2024\/03\/20\/francophonie-celebrer-la-francophonie-cest-reconnaitre-le-potentiel-de-la-langue-et-de-la-culture-a-unir-les-peuples-declare-le-secretaire-general-du-sne\/#primaryimage\"},\"image\":{\"@id\":\"https:\/\/www.loni-infos.com\/index.php\/2024\/03\/20\/francophonie-celebrer-la-francophonie-cest-reconnaitre-le-potentiel-de-la-langue-et-de-la-culture-a-unir-les-peuples-declare-le-secretaire-general-du-sne\/#primaryimage\"},\"thumbnailUrl\":\"https:\/\/www.loni-infos.com\/wp-content\/uploads\/2024\/03\/WhatsApp-Image-2024-03-20-at-12.13.04.jpeg\",\"datePublished\":\"2024-03-20T12:14:22+00:00\",\"dateModified\":\"2024-03-20T12:14:25+00:00\",\"author\":{\"@id\":\"\"},\"breadcrumb\":{\"@id\":\"https:\/\/www.loni-infos.com\/index.php\/2024\/03\/20\/francophonie-celebrer-la-francophonie-cest-reconnaitre-le-potentiel-de-la-langue-et-de-la-culture-a-unir-les-peuples-declare-le-secretaire-general-du-sne\/#breadcrumb\"},\"inLanguage\":\"fr-FR\",\"potentialAction\":[{\"@type\":\"ReadAction\",\"target\":[\"https:\/\/www.loni-infos.com\/index.php\/2024\/03\/20\/francophonie-celebrer-la-francophonie-cest-reconnaitre-le-potentiel-de-la-langue-et-de-la-culture-a-unir-les-peuples-declare-le-secretaire-general-du-sne\/\"]}]},{\"@type\":\"ImageObject\",\"inLanguage\":\"fr-FR\",\"@id\":\"https:\/\/www.loni-infos.com\/index.php\/2024\/03\/20\/francophonie-celebrer-la-francophonie-cest-reconnaitre-le-potentiel-de-la-langue-et-de-la-culture-a-unir-les-peuples-declare-le-secretaire-general-du-sne\/#primaryimage\",\"url\":\"https:\/\/www.loni-infos.com\/wp-content\/uploads\/2024\/03\/WhatsApp-Image-2024-03-20-at-12.13.04.jpeg\",\"contentUrl\":\"https:\/\/www.loni-infos.com\/wp-content\/uploads\/2024\/03\/WhatsApp-Image-2024-03-20-at-12.13.04.jpeg\",\"width\":540,\"height\":379},{\"@type\":\"BreadcrumbList\",\"@id\":\"https:\/\/www.loni-infos.com\/index.php\/2024\/03\/20\/francophonie-celebrer-la-francophonie-cest-reconnaitre-le-potentiel-de-la-langue-et-de-la-culture-a-unir-les-peuples-declare-le-secretaire-general-du-sne\/#breadcrumb\",\"itemListElement\":[{\"@type\":\"ListItem\",\"position\":1,\"name\":\"Accueil\",\"item\":\"https:\/\/www.loni-infos.com\/\"},{\"@type\":\"ListItem\",\"position\":2,\"name\":\"Francophonie\u00a0: \u00ab\u00a0C\u00e9l\u00e9brer la Francophonie, c\u2019est reconna\u00eetre le potentiel de la langue et de la culture \u00e0 unir les peuples\u00a0\u00bb d\u00e9clare le secr\u00e9taire g\u00e9n\u00e9ral du SNE\"}]},{\"@type\":\"WebSite\",\"@id\":\"https:\/\/www.loni-infos.com\/#website\",\"url\":\"https:\/\/www.loni-infos.com\/\",\"name\":\"Loni-infos\",\"description\":\"Vous servir des infos est notre devoir\",\"potentialAction\":[{\"@type\":\"SearchAction\",\"target\":{\"@type\":\"EntryPoint\",\"urlTemplate\":\"https:\/\/www.loni-infos.com\/?s={search_term_string}\"},\"query-input\":{\"@type\":\"PropertyValueSpecification\",\"valueRequired\":true,\"valueName\":\"search_term_string\"}}],\"inLanguage\":\"fr-FR\"},{\"@type\":\"Person\",\"@id\":\"\",\"url\":\"https:\/\/www.loni-infos.com\/index.php\/author\/\"}]}<\/script>\n<!-- \/ Yoast SEO plugin. -->","yoast_head_json":{"title":"Francophonie\u00a0: \u00ab\u00a0C\u00e9l\u00e9brer la Francophonie, c\u2019est reconna\u00eetre le potentiel de la langue et de la culture \u00e0 unir les peuples\u00a0\u00bb d\u00e9clare le secr\u00e9taire g\u00e9n\u00e9ral du SNE - Loni-infos","robots":{"index":"index","follow":"follow","max-snippet":"max-snippet:-1","max-image-preview":"max-image-preview:large","max-video-preview":"max-video-preview:-1"},"canonical":"https:\/\/www.loni-infos.com\/index.php\/2024\/03\/20\/francophonie-celebrer-la-francophonie-cest-reconnaitre-le-potentiel-de-la-langue-et-de-la-culture-a-unir-les-peuples-declare-le-secretaire-general-du-sne\/","og_locale":"fr_FR","og_type":"article","og_title":"Francophonie\u00a0: \u00ab\u00a0C\u00e9l\u00e9brer la Francophonie, c\u2019est reconna\u00eetre le potentiel de la langue et de la culture \u00e0 unir les peuples\u00a0\u00bb d\u00e9clare le secr\u00e9taire g\u00e9n\u00e9ral du SNE - Loni-infos","og_description":"MESSAGE DU SECR\u00c9TAIRE G\u00c9N\u00c9RAL DU SYNDICAT NATIONAL DE L&#8217;\u00c9DUCATION\u00a0 ( SNE) \u00c0 L\u2019OCCASION DE LA C\u00c9L\u00c9BRATION DE LA JOURN\u00c9E INTERNATIONALE DE LA FRANCOPHONIE CE MERCREDI\u00a0 20 MARS 2024. La Journ\u00e9e Internationale de la Francophonie est c\u00e9l\u00e9br\u00e9e chaque ann\u00e9e le 20 mars depuis 1990. Cette date \u00e0 \u00e9t\u00e9 choisie en comm\u00e9moration des accords de Niamey (Niger)","og_url":"https:\/\/www.loni-infos.com\/index.php\/2024\/03\/20\/francophonie-celebrer-la-francophonie-cest-reconnaitre-le-potentiel-de-la-langue-et-de-la-culture-a-unir-les-peuples-declare-le-secretaire-general-du-sne\/","og_site_name":"Loni-infos","article_published_time":"2024-03-20T12:14:22+00:00","article_modified_time":"2024-03-20T12:14:25+00:00","og_image":[{"width":540,"height":379,"url":"https:\/\/www.loni-infos.com\/wp-content\/uploads\/2024\/03\/WhatsApp-Image-2024-03-20-at-12.13.04.jpeg","type":"image\/jpeg"}],"twitter_card":"summary_large_image","twitter_misc":{"\u00c9crit par":"","Dur\u00e9e de lecture estim\u00e9e":"4 minutes"},"schema":{"@context":"https:\/\/schema.org","@graph":[{"@type":"Article","@id":"https:\/\/www.loni-infos.com\/index.php\/2024\/03\/20\/francophonie-celebrer-la-francophonie-cest-reconnaitre-le-potentiel-de-la-langue-et-de-la-culture-a-unir-les-peuples-declare-le-secretaire-general-du-sne\/#article","isPartOf":{"@id":"https:\/\/www.loni-infos.com\/index.php\/2024\/03\/20\/francophonie-celebrer-la-francophonie-cest-reconnaitre-le-potentiel-de-la-langue-et-de-la-culture-a-unir-les-peuples-declare-le-secretaire-general-du-sne\/"},"author":{"name":"","@id":""},"headline":"Francophonie\u00a0: \u00ab\u00a0C\u00e9l\u00e9brer la Francophonie, c\u2019est reconna\u00eetre le potentiel de la langue et de la culture \u00e0 unir les peuples\u00a0\u00bb d\u00e9clare le secr\u00e9taire g\u00e9n\u00e9ral du SNE","datePublished":"2024-03-20T12:14:22+00:00","dateModified":"2024-03-20T12:14:25+00:00","mainEntityOfPage":{"@id":"https:\/\/www.loni-infos.com\/index.php\/2024\/03\/20\/francophonie-celebrer-la-francophonie-cest-reconnaitre-le-potentiel-de-la-langue-et-de-la-culture-a-unir-les-peuples-declare-le-secretaire-general-du-sne\/"},"wordCount":784,"commentCount":0,"image":{"@id":"https:\/\/www.loni-infos.com\/index.php\/2024\/03\/20\/francophonie-celebrer-la-francophonie-cest-reconnaitre-le-potentiel-de-la-langue-et-de-la-culture-a-unir-les-peuples-declare-le-secretaire-general-du-sne\/#primaryimage"},"thumbnailUrl":"https:\/\/www.loni-infos.com\/wp-content\/uploads\/2024\/03\/WhatsApp-Image-2024-03-20-at-12.13.04.jpeg","keywords":["Francophonie"],"articleSection":["Agora"],"inLanguage":"fr-FR","potentialAction":[{"@type":"CommentAction","name":"Comment","target":["https:\/\/www.loni-infos.com\/index.php\/2024\/03\/20\/francophonie-celebrer-la-francophonie-cest-reconnaitre-le-potentiel-de-la-langue-et-de-la-culture-a-unir-les-peuples-declare-le-secretaire-general-du-sne\/#respond"]}]},{"@type":"WebPage","@id":"https:\/\/www.loni-infos.com\/index.php\/2024\/03\/20\/francophonie-celebrer-la-francophonie-cest-reconnaitre-le-potentiel-de-la-langue-et-de-la-culture-a-unir-les-peuples-declare-le-secretaire-general-du-sne\/","url":"https:\/\/www.loni-infos.com\/index.php\/2024\/03\/20\/francophonie-celebrer-la-francophonie-cest-reconnaitre-le-potentiel-de-la-langue-et-de-la-culture-a-unir-les-peuples-declare-le-secretaire-general-du-sne\/","name":"Francophonie\u00a0: \u00ab\u00a0C\u00e9l\u00e9brer la Francophonie, c\u2019est reconna\u00eetre le potentiel de la langue et de la culture \u00e0 unir les peuples\u00a0\u00bb d\u00e9clare le secr\u00e9taire g\u00e9n\u00e9ral du SNE - Loni-infos","isPartOf":{"@id":"https:\/\/www.loni-infos.com\/#website"},"primaryImageOfPage":{"@id":"https:\/\/www.loni-infos.com\/index.php\/2024\/03\/20\/francophonie-celebrer-la-francophonie-cest-reconnaitre-le-potentiel-de-la-langue-et-de-la-culture-a-unir-les-peuples-declare-le-secretaire-general-du-sne\/#primaryimage"},"image":{"@id":"https:\/\/www.loni-infos.com\/index.php\/2024\/03\/20\/francophonie-celebrer-la-francophonie-cest-reconnaitre-le-potentiel-de-la-langue-et-de-la-culture-a-unir-les-peuples-declare-le-secretaire-general-du-sne\/#primaryimage"},"thumbnailUrl":"https:\/\/www.loni-infos.com\/wp-content\/uploads\/2024\/03\/WhatsApp-Image-2024-03-20-at-12.13.04.jpeg","datePublished":"2024-03-20T12:14:22+00:00","dateModified":"2024-03-20T12:14:25+00:00","author":{"@id":""},"breadcrumb":{"@id":"https:\/\/www.loni-infos.com\/index.php\/2024\/03\/20\/francophonie-celebrer-la-francophonie-cest-reconnaitre-le-potentiel-de-la-langue-et-de-la-culture-a-unir-les-peuples-declare-le-secretaire-general-du-sne\/#breadcrumb"},"inLanguage":"fr-FR","potentialAction":[{"@type":"ReadAction","target":["https:\/\/www.loni-infos.com\/index.php\/2024\/03\/20\/francophonie-celebrer-la-francophonie-cest-reconnaitre-le-potentiel-de-la-langue-et-de-la-culture-a-unir-les-peuples-declare-le-secretaire-general-du-sne\/"]}]},{"@type":"ImageObject","inLanguage":"fr-FR","@id":"https:\/\/www.loni-infos.com\/index.php\/2024\/03\/20\/francophonie-celebrer-la-francophonie-cest-reconnaitre-le-potentiel-de-la-langue-et-de-la-culture-a-unir-les-peuples-declare-le-secretaire-general-du-sne\/#primaryimage","url":"https:\/\/www.loni-infos.com\/wp-content\/uploads\/2024\/03\/WhatsApp-Image-2024-03-20-at-12.13.04.jpeg","contentUrl":"https:\/\/www.loni-infos.com\/wp-content\/uploads\/2024\/03\/WhatsApp-Image-2024-03-20-at-12.13.04.jpeg","width":540,"height":379},{"@type":"BreadcrumbList","@id":"https:\/\/www.loni-infos.com\/index.php\/2024\/03\/20\/francophonie-celebrer-la-francophonie-cest-reconnaitre-le-potentiel-de-la-langue-et-de-la-culture-a-unir-les-peuples-declare-le-secretaire-general-du-sne\/#breadcrumb","itemListElement":[{"@type":"ListItem","position":1,"name":"Accueil","item":"https:\/\/www.loni-infos.com\/"},{"@type":"ListItem","position":2,"name":"Francophonie\u00a0: \u00ab\u00a0C\u00e9l\u00e9brer la Francophonie, c\u2019est reconna\u00eetre le potentiel de la langue et de la culture \u00e0 unir les peuples\u00a0\u00bb d\u00e9clare le secr\u00e9taire g\u00e9n\u00e9ral du SNE"}]},{"@type":"WebSite","@id":"https:\/\/www.loni-infos.com\/#website","url":"https:\/\/www.loni-infos.com\/","name":"Loni-infos","description":"Vous servir des infos est notre devoir","potentialAction":[{"@type":"SearchAction","target":{"@type":"EntryPoint","urlTemplate":"https:\/\/www.loni-infos.com\/?s={search_term_string}"},"query-input":{"@type":"PropertyValueSpecification","valueRequired":true,"valueName":"search_term_string"}}],"inLanguage":"fr-FR"},{"@type":"Person","@id":"","url":"https:\/\/www.loni-infos.com\/index.php\/author\/"}]}},"_links":{"self":[{"href":"https:\/\/www.loni-infos.com\/index.php\/wp-json\/wp\/v2\/posts\/3099","targetHints":{"allow":["GET"]}}],"collection":[{"href":"https:\/\/www.loni-infos.com\/index.php\/wp-json\/wp\/v2\/posts"}],"about":[{"href":"https:\/\/www.loni-infos.com\/index.php\/wp-json\/wp\/v2\/types\/post"}],"author":[{"embeddable":true,"href":"https:\/\/www.loni-infos.com\/index.php\/wp-json\/wp\/v2\/users\/1"}],"replies":[{"embeddable":true,"href":"https:\/\/www.loni-infos.com\/index.php\/wp-json\/wp\/v2\/comments?post=3099"}],"version-history":[{"count":1,"href":"https:\/\/www.loni-infos.com\/index.php\/wp-json\/wp\/v2\/posts\/3099\/revisions"}],"predecessor-version":[{"id":3101,"href":"https:\/\/www.loni-infos.com\/index.php\/wp-json\/wp\/v2\/posts\/3099\/revisions\/3101"}],"wp:featuredmedia":[{"embeddable":true,"href":"https:\/\/www.loni-infos.com\/index.php\/wp-json\/wp\/v2\/media\/3100"}],"wp:attachment":[{"href":"https:\/\/www.loni-infos.com\/index.php\/wp-json\/wp\/v2\/media?parent=3099"}],"wp:term":[{"taxonomy":"category","embeddable":true,"href":"https:\/\/www.loni-infos.com\/index.php\/wp-json\/wp\/v2\/categories?post=3099"},{"taxonomy":"post_tag","embeddable":true,"href":"https:\/\/www.loni-infos.com\/index.php\/wp-json\/wp\/v2\/tags?post=3099"}],"curies":[{"name":"wp","href":"https:\/\/api.w.org\/{rel}","templated":true}]}}