{"id":3514,"date":"2024-04-24T12:26:24","date_gmt":"2024-04-24T10:26:24","guid":{"rendered":"https:\/\/www.loni-infos.com\/?p=3514"},"modified":"2024-04-24T12:26:27","modified_gmt":"2024-04-24T10:26:27","slug":"la-jamaique-reconnait-officiellement-letat-de-palestine","status":"publish","type":"post","link":"https:\/\/www.loni-infos.com\/index.php\/2024\/04\/24\/la-jamaique-reconnait-officiellement-letat-de-palestine\/","title":{"rendered":"La Jama\u00efque reconna\u00eet officiellement l&#8217;\u00c9tat de Palestine"},"content":{"rendered":"\n<p>La Jama\u00efque a d\u00e9cid\u00e9 de reconna\u00eetre officiellement l&#8217;\u00c9tat de Palestine, mardi, \u00e0 la suite de d\u00e9lib\u00e9rations au sein du Conseil des ministres tenu la veille.<\/p>\n\n\n\n<p>&#8220;La Jama\u00efque continue de plaider en faveur d&#8217;une solution \u00e0 deux \u00c9tats, seule option viable pour r\u00e9gler le conflit (isra\u00e9lo-palestinien) qui dure depuis si longtemps, garantir la s\u00e9curit\u00e9 d&#8217;Isra\u00ebl et d\u00e9fendre la dignit\u00e9 et les droits des Palestiniens. En reconnaissant l&#8217;\u00c9tat de Palestine, la Jama\u00efque renforce son engagement en faveur d&#8217;une solution pacifique&#8221;, a d\u00e9clar\u00e9 Kamina Johnson Smith, ministre des affaires \u00e9trang\u00e8res et du commerce ext\u00e9rieur, dans un communiqu\u00e9 de presse.<\/p>\n\n\n\n<p>&#8220;Cette d\u00e9cision est conforme au ferme attachement de la Jama\u00efque aux principes de la Charte des Nations unies, qui visent \u00e0 instaurer le respect mutuel et la coexistence pacifique entre les \u00c9tats, ainsi qu&#8217;\u00e0 la reconnaissance du droit des peuples \u00e0 l&#8217;autod\u00e9termination&#8221;, a-t-elle ajout\u00e9.<\/p>\n\n\n\n<p>Johnson Smith a r\u00e9affirm\u00e9 le soutien de la Jama\u00efque \u00e0 un cessez-le-feu, \u00e0 la lib\u00e9ration des prisonniers et \u00e0 un acc\u00e8s de la population de Gaza \u00e0 l&#8217;aide humanitaire.<\/p>\n\n\n\n<p>La Jama\u00efque rejoint ainsi les quelque 140 \u00c9tats membres des Nations unies et les 11 pays de la Communaut\u00e9 des Cara\u00efbes (CARICOM) qui ont reconnu l&#8217;\u00c9tat de Palestine, parmi lesquels l&#8217;\u00c9quateur, l&#8217;\u00c9gypte, l&#8217;Inde, l&#8217;Islande, la Roumanie, la Pologne, le Burundi, la Tha\u00eflande, la Tanzanie, l&#8217;Irak, la Su\u00e8de, la Russie, la Guyane, Ha\u00efti, le Suriname, Cuba et la R\u00e9publique dominicaine.<\/p>\n","protected":false},"excerpt":{"rendered":"<p>La Jama\u00efque a d\u00e9cid\u00e9 de reconna\u00eetre officiellement l&#8217;\u00c9tat de Palestine, mardi, \u00e0 la suite de d\u00e9lib\u00e9rations au sein du Conseil des ministres tenu la veille. &#8220;La Jama\u00efque continue de plaider en faveur d&#8217;une solution \u00e0 deux \u00c9tats, seule option viable pour r\u00e9gler le conflit (isra\u00e9lo-palestinien) qui dure depuis si longtemps, garantir la s\u00e9curit\u00e9 d&#8217;Isra\u00ebl et<\/p>\n","protected":false},"author":1,"featured_media":3515,"comment_status":"open","ping_status":"open","sticky":false,"template":"","format":"standard","meta":{"footnotes":""},"categories":[1],"tags":[674,151,364],"class_list":{"0":"post-3514","1":"post","2":"type-post","3":"status-publish","4":"format-standard","5":"has-post-thumbnail","7":"category-blog","8":"tag-jamaique","9":"tag-onu","10":"tag-palestine"},"yoast_head":"<!-- This site is optimized with the Yoast SEO plugin v27.0 - https:\/\/yoast.com\/product\/yoast-seo-wordpress\/ -->\n<title>La Jama\u00efque reconna\u00eet officiellement l&#039;\u00c9tat de Palestine - Loni-infos<\/title>\n<meta name=\"robots\" content=\"index, follow, max-snippet:-1, max-image-preview:large, max-video-preview:-1\" \/>\n<link rel=\"canonical\" href=\"https:\/\/www.loni-infos.com\/index.php\/2024\/04\/24\/la-jamaique-reconnait-officiellement-letat-de-palestine\/\" \/>\n<meta property=\"og:locale\" content=\"fr_FR\" \/>\n<meta property=\"og:type\" content=\"article\" \/>\n<meta property=\"og:title\" content=\"La Jama\u00efque reconna\u00eet officiellement l&#039;\u00c9tat de Palestine - Loni-infos\" \/>\n<meta property=\"og:description\" content=\"La Jama\u00efque a d\u00e9cid\u00e9 de reconna\u00eetre officiellement l&#8217;\u00c9tat de Palestine, mardi, \u00e0 la suite de d\u00e9lib\u00e9rations au sein du Conseil des ministres tenu la veille. &#8220;La Jama\u00efque continue de plaider en faveur d&#8217;une solution \u00e0 deux \u00c9tats, seule option viable pour r\u00e9gler le conflit (isra\u00e9lo-palestinien) qui dure depuis si longtemps, garantir la s\u00e9curit\u00e9 d&#8217;Isra\u00ebl et\" \/>\n<meta property=\"og:url\" content=\"https:\/\/www.loni-infos.com\/index.php\/2024\/04\/24\/la-jamaique-reconnait-officiellement-letat-de-palestine\/\" \/>\n<meta property=\"og:site_name\" content=\"Loni-infos\" \/>\n<meta property=\"article:published_time\" content=\"2024-04-24T10:26:24+00:00\" \/>\n<meta property=\"article:modified_time\" content=\"2024-04-24T10:26:27+00:00\" \/>\n<meta property=\"og:image\" content=\"https:\/\/www.loni-infos.com\/wp-content\/uploads\/2024\/04\/thumbs_b_c_28f5cd73fd6761aaf38977d2b1a8574b.webp\" \/>\n\t<meta property=\"og:image:width\" content=\"864\" \/>\n\t<meta property=\"og:image:height\" content=\"499\" \/>\n\t<meta property=\"og:image:type\" content=\"image\/webp\" \/>\n<meta name=\"twitter:card\" content=\"summary_large_image\" \/>\n<meta name=\"twitter:label1\" content=\"\u00c9crit par\" \/>\n\t<meta name=\"twitter:data1\" content=\"\" \/>\n\t<meta name=\"twitter:label2\" content=\"Dur\u00e9e de lecture estim\u00e9e\" \/>\n\t<meta name=\"twitter:data2\" content=\"2 minutes\" \/>\n<script type=\"application\/ld+json\" class=\"yoast-schema-graph\">{\"@context\":\"https:\/\/schema.org\",\"@graph\":[{\"@type\":\"Article\",\"@id\":\"https:\/\/www.loni-infos.com\/index.php\/2024\/04\/24\/la-jamaique-reconnait-officiellement-letat-de-palestine\/#article\",\"isPartOf\":{\"@id\":\"https:\/\/www.loni-infos.com\/index.php\/2024\/04\/24\/la-jamaique-reconnait-officiellement-letat-de-palestine\/\"},\"author\":{\"name\":\"\",\"@id\":\"\"},\"headline\":\"La Jama\u00efque reconna\u00eet officiellement l&#8217;\u00c9tat de Palestine\",\"datePublished\":\"2024-04-24T10:26:24+00:00\",\"dateModified\":\"2024-04-24T10:26:27+00:00\",\"mainEntityOfPage\":{\"@id\":\"https:\/\/www.loni-infos.com\/index.php\/2024\/04\/24\/la-jamaique-reconnait-officiellement-letat-de-palestine\/\"},\"wordCount\":269,\"commentCount\":0,\"image\":{\"@id\":\"https:\/\/www.loni-infos.com\/index.php\/2024\/04\/24\/la-jamaique-reconnait-officiellement-letat-de-palestine\/#primaryimage\"},\"thumbnailUrl\":\"https:\/\/www.loni-infos.com\/wp-content\/uploads\/2024\/04\/thumbs_b_c_28f5cd73fd6761aaf38977d2b1a8574b.webp\",\"keywords\":[\"Jama\u00efque\",\"Onu\",\"Palestine\"],\"articleSection\":[\"Blog\"],\"inLanguage\":\"fr-FR\",\"potentialAction\":[{\"@type\":\"CommentAction\",\"name\":\"Comment\",\"target\":[\"https:\/\/www.loni-infos.com\/index.php\/2024\/04\/24\/la-jamaique-reconnait-officiellement-letat-de-palestine\/#respond\"]}]},{\"@type\":\"WebPage\",\"@id\":\"https:\/\/www.loni-infos.com\/index.php\/2024\/04\/24\/la-jamaique-reconnait-officiellement-letat-de-palestine\/\",\"url\":\"https:\/\/www.loni-infos.com\/index.php\/2024\/04\/24\/la-jamaique-reconnait-officiellement-letat-de-palestine\/\",\"name\":\"La Jama\u00efque reconna\u00eet officiellement l'\u00c9tat de Palestine - Loni-infos\",\"isPartOf\":{\"@id\":\"https:\/\/www.loni-infos.com\/#website\"},\"primaryImageOfPage\":{\"@id\":\"https:\/\/www.loni-infos.com\/index.php\/2024\/04\/24\/la-jamaique-reconnait-officiellement-letat-de-palestine\/#primaryimage\"},\"image\":{\"@id\":\"https:\/\/www.loni-infos.com\/index.php\/2024\/04\/24\/la-jamaique-reconnait-officiellement-letat-de-palestine\/#primaryimage\"},\"thumbnailUrl\":\"https:\/\/www.loni-infos.com\/wp-content\/uploads\/2024\/04\/thumbs_b_c_28f5cd73fd6761aaf38977d2b1a8574b.webp\",\"datePublished\":\"2024-04-24T10:26:24+00:00\",\"dateModified\":\"2024-04-24T10:26:27+00:00\",\"author\":{\"@id\":\"\"},\"breadcrumb\":{\"@id\":\"https:\/\/www.loni-infos.com\/index.php\/2024\/04\/24\/la-jamaique-reconnait-officiellement-letat-de-palestine\/#breadcrumb\"},\"inLanguage\":\"fr-FR\",\"potentialAction\":[{\"@type\":\"ReadAction\",\"target\":[\"https:\/\/www.loni-infos.com\/index.php\/2024\/04\/24\/la-jamaique-reconnait-officiellement-letat-de-palestine\/\"]}]},{\"@type\":\"ImageObject\",\"inLanguage\":\"fr-FR\",\"@id\":\"https:\/\/www.loni-infos.com\/index.php\/2024\/04\/24\/la-jamaique-reconnait-officiellement-letat-de-palestine\/#primaryimage\",\"url\":\"https:\/\/www.loni-infos.com\/wp-content\/uploads\/2024\/04\/thumbs_b_c_28f5cd73fd6761aaf38977d2b1a8574b.webp\",\"contentUrl\":\"https:\/\/www.loni-infos.com\/wp-content\/uploads\/2024\/04\/thumbs_b_c_28f5cd73fd6761aaf38977d2b1a8574b.webp\",\"width\":864,\"height\":499},{\"@type\":\"BreadcrumbList\",\"@id\":\"https:\/\/www.loni-infos.com\/index.php\/2024\/04\/24\/la-jamaique-reconnait-officiellement-letat-de-palestine\/#breadcrumb\",\"itemListElement\":[{\"@type\":\"ListItem\",\"position\":1,\"name\":\"Accueil\",\"item\":\"https:\/\/www.loni-infos.com\/\"},{\"@type\":\"ListItem\",\"position\":2,\"name\":\"La Jama\u00efque reconna\u00eet officiellement l&rsquo;\u00c9tat de Palestine\"}]},{\"@type\":\"WebSite\",\"@id\":\"https:\/\/www.loni-infos.com\/#website\",\"url\":\"https:\/\/www.loni-infos.com\/\",\"name\":\"Loni-infos\",\"description\":\"Vous servir des infos est notre devoir\",\"potentialAction\":[{\"@type\":\"SearchAction\",\"target\":{\"@type\":\"EntryPoint\",\"urlTemplate\":\"https:\/\/www.loni-infos.com\/?s={search_term_string}\"},\"query-input\":{\"@type\":\"PropertyValueSpecification\",\"valueRequired\":true,\"valueName\":\"search_term_string\"}}],\"inLanguage\":\"fr-FR\"},{\"@type\":\"Person\",\"@id\":\"\",\"url\":\"https:\/\/www.loni-infos.com\/index.php\/author\/\"}]}<\/script>\n<!-- \/ Yoast SEO plugin. -->","yoast_head_json":{"title":"La Jama\u00efque reconna\u00eet officiellement l'\u00c9tat de Palestine - Loni-infos","robots":{"index":"index","follow":"follow","max-snippet":"max-snippet:-1","max-image-preview":"max-image-preview:large","max-video-preview":"max-video-preview:-1"},"canonical":"https:\/\/www.loni-infos.com\/index.php\/2024\/04\/24\/la-jamaique-reconnait-officiellement-letat-de-palestine\/","og_locale":"fr_FR","og_type":"article","og_title":"La Jama\u00efque reconna\u00eet officiellement l'\u00c9tat de Palestine - Loni-infos","og_description":"La Jama\u00efque a d\u00e9cid\u00e9 de reconna\u00eetre officiellement l&#8217;\u00c9tat de Palestine, mardi, \u00e0 la suite de d\u00e9lib\u00e9rations au sein du Conseil des ministres tenu la veille. &#8220;La Jama\u00efque continue de plaider en faveur d&#8217;une solution \u00e0 deux \u00c9tats, seule option viable pour r\u00e9gler le conflit (isra\u00e9lo-palestinien) qui dure depuis si longtemps, garantir la s\u00e9curit\u00e9 d&#8217;Isra\u00ebl et","og_url":"https:\/\/www.loni-infos.com\/index.php\/2024\/04\/24\/la-jamaique-reconnait-officiellement-letat-de-palestine\/","og_site_name":"Loni-infos","article_published_time":"2024-04-24T10:26:24+00:00","article_modified_time":"2024-04-24T10:26:27+00:00","og_image":[{"width":864,"height":499,"url":"https:\/\/www.loni-infos.com\/wp-content\/uploads\/2024\/04\/thumbs_b_c_28f5cd73fd6761aaf38977d2b1a8574b.webp","type":"image\/webp"}],"twitter_card":"summary_large_image","twitter_misc":{"\u00c9crit par":"","Dur\u00e9e de lecture estim\u00e9e":"2 minutes"},"schema":{"@context":"https:\/\/schema.org","@graph":[{"@type":"Article","@id":"https:\/\/www.loni-infos.com\/index.php\/2024\/04\/24\/la-jamaique-reconnait-officiellement-letat-de-palestine\/#article","isPartOf":{"@id":"https:\/\/www.loni-infos.com\/index.php\/2024\/04\/24\/la-jamaique-reconnait-officiellement-letat-de-palestine\/"},"author":{"name":"","@id":""},"headline":"La Jama\u00efque reconna\u00eet officiellement l&#8217;\u00c9tat de Palestine","datePublished":"2024-04-24T10:26:24+00:00","dateModified":"2024-04-24T10:26:27+00:00","mainEntityOfPage":{"@id":"https:\/\/www.loni-infos.com\/index.php\/2024\/04\/24\/la-jamaique-reconnait-officiellement-letat-de-palestine\/"},"wordCount":269,"commentCount":0,"image":{"@id":"https:\/\/www.loni-infos.com\/index.php\/2024\/04\/24\/la-jamaique-reconnait-officiellement-letat-de-palestine\/#primaryimage"},"thumbnailUrl":"https:\/\/www.loni-infos.com\/wp-content\/uploads\/2024\/04\/thumbs_b_c_28f5cd73fd6761aaf38977d2b1a8574b.webp","keywords":["Jama\u00efque","Onu","Palestine"],"articleSection":["Blog"],"inLanguage":"fr-FR","potentialAction":[{"@type":"CommentAction","name":"Comment","target":["https:\/\/www.loni-infos.com\/index.php\/2024\/04\/24\/la-jamaique-reconnait-officiellement-letat-de-palestine\/#respond"]}]},{"@type":"WebPage","@id":"https:\/\/www.loni-infos.com\/index.php\/2024\/04\/24\/la-jamaique-reconnait-officiellement-letat-de-palestine\/","url":"https:\/\/www.loni-infos.com\/index.php\/2024\/04\/24\/la-jamaique-reconnait-officiellement-letat-de-palestine\/","name":"La Jama\u00efque reconna\u00eet officiellement l'\u00c9tat de Palestine - Loni-infos","isPartOf":{"@id":"https:\/\/www.loni-infos.com\/#website"},"primaryImageOfPage":{"@id":"https:\/\/www.loni-infos.com\/index.php\/2024\/04\/24\/la-jamaique-reconnait-officiellement-letat-de-palestine\/#primaryimage"},"image":{"@id":"https:\/\/www.loni-infos.com\/index.php\/2024\/04\/24\/la-jamaique-reconnait-officiellement-letat-de-palestine\/#primaryimage"},"thumbnailUrl":"https:\/\/www.loni-infos.com\/wp-content\/uploads\/2024\/04\/thumbs_b_c_28f5cd73fd6761aaf38977d2b1a8574b.webp","datePublished":"2024-04-24T10:26:24+00:00","dateModified":"2024-04-24T10:26:27+00:00","author":{"@id":""},"breadcrumb":{"@id":"https:\/\/www.loni-infos.com\/index.php\/2024\/04\/24\/la-jamaique-reconnait-officiellement-letat-de-palestine\/#breadcrumb"},"inLanguage":"fr-FR","potentialAction":[{"@type":"ReadAction","target":["https:\/\/www.loni-infos.com\/index.php\/2024\/04\/24\/la-jamaique-reconnait-officiellement-letat-de-palestine\/"]}]},{"@type":"ImageObject","inLanguage":"fr-FR","@id":"https:\/\/www.loni-infos.com\/index.php\/2024\/04\/24\/la-jamaique-reconnait-officiellement-letat-de-palestine\/#primaryimage","url":"https:\/\/www.loni-infos.com\/wp-content\/uploads\/2024\/04\/thumbs_b_c_28f5cd73fd6761aaf38977d2b1a8574b.webp","contentUrl":"https:\/\/www.loni-infos.com\/wp-content\/uploads\/2024\/04\/thumbs_b_c_28f5cd73fd6761aaf38977d2b1a8574b.webp","width":864,"height":499},{"@type":"BreadcrumbList","@id":"https:\/\/www.loni-infos.com\/index.php\/2024\/04\/24\/la-jamaique-reconnait-officiellement-letat-de-palestine\/#breadcrumb","itemListElement":[{"@type":"ListItem","position":1,"name":"Accueil","item":"https:\/\/www.loni-infos.com\/"},{"@type":"ListItem","position":2,"name":"La Jama\u00efque reconna\u00eet officiellement l&rsquo;\u00c9tat de Palestine"}]},{"@type":"WebSite","@id":"https:\/\/www.loni-infos.com\/#website","url":"https:\/\/www.loni-infos.com\/","name":"Loni-infos","description":"Vous servir des infos est notre devoir","potentialAction":[{"@type":"SearchAction","target":{"@type":"EntryPoint","urlTemplate":"https:\/\/www.loni-infos.com\/?s={search_term_string}"},"query-input":{"@type":"PropertyValueSpecification","valueRequired":true,"valueName":"search_term_string"}}],"inLanguage":"fr-FR"},{"@type":"Person","@id":"","url":"https:\/\/www.loni-infos.com\/index.php\/author\/"}]}},"_links":{"self":[{"href":"https:\/\/www.loni-infos.com\/index.php\/wp-json\/wp\/v2\/posts\/3514","targetHints":{"allow":["GET"]}}],"collection":[{"href":"https:\/\/www.loni-infos.com\/index.php\/wp-json\/wp\/v2\/posts"}],"about":[{"href":"https:\/\/www.loni-infos.com\/index.php\/wp-json\/wp\/v2\/types\/post"}],"author":[{"embeddable":true,"href":"https:\/\/www.loni-infos.com\/index.php\/wp-json\/wp\/v2\/users\/1"}],"replies":[{"embeddable":true,"href":"https:\/\/www.loni-infos.com\/index.php\/wp-json\/wp\/v2\/comments?post=3514"}],"version-history":[{"count":1,"href":"https:\/\/www.loni-infos.com\/index.php\/wp-json\/wp\/v2\/posts\/3514\/revisions"}],"predecessor-version":[{"id":3516,"href":"https:\/\/www.loni-infos.com\/index.php\/wp-json\/wp\/v2\/posts\/3514\/revisions\/3516"}],"wp:featuredmedia":[{"embeddable":true,"href":"https:\/\/www.loni-infos.com\/index.php\/wp-json\/wp\/v2\/media\/3515"}],"wp:attachment":[{"href":"https:\/\/www.loni-infos.com\/index.php\/wp-json\/wp\/v2\/media?parent=3514"}],"wp:term":[{"taxonomy":"category","embeddable":true,"href":"https:\/\/www.loni-infos.com\/index.php\/wp-json\/wp\/v2\/categories?post=3514"},{"taxonomy":"post_tag","embeddable":true,"href":"https:\/\/www.loni-infos.com\/index.php\/wp-json\/wp\/v2\/tags?post=3514"}],"curies":[{"name":"wp","href":"https:\/\/api.w.org\/{rel}","templated":true}]}}