{"id":4062,"date":"2024-06-24T12:14:45","date_gmt":"2024-06-24T10:14:45","guid":{"rendered":"https:\/\/www.loni-infos.com\/?p=4062"},"modified":"2024-06-24T12:14:48","modified_gmt":"2024-06-24T10:14:48","slug":"niger-le-prefet-de-bilma-et-cinq-membres-de-sa-delegation-enleves-dans-une-attaque","status":"publish","type":"post","link":"https:\/\/www.loni-infos.com\/index.php\/2024\/06\/24\/niger-le-prefet-de-bilma-et-cinq-membres-de-sa-delegation-enleves-dans-une-attaque\/","title":{"rendered":"Niger : le pr\u00e9fet de Bilma et cinq membres de sa d\u00e9l\u00e9gation enlev\u00e9s dans une attaque"},"content":{"rendered":"\n<p>Le pr\u00e9fet du d\u00e9partement de Bilma et cinq membres de sa d\u00e9l\u00e9gation ont \u00e9t\u00e9 enlev\u00e9s dans une attaque survenue vendredi, a annonc\u00e9 le minist\u00e8re nig\u00e9rien de l&#8217;Int\u00e9rieur, dans un communiqu\u00e9 publi\u00e9 samedi soir. &#8220;Le vendredi 21 juin 2024, aux environs de 17 heures, le Pr\u00e9fet de Bilma et sa d\u00e9l\u00e9gation, de retour d&#8217;une mission de travail \u00e0 Dirkou, ont fait l&#8217;objet d&#8217;un guet-apens \u00e0 hauteur du village de Eguer (17 km au nord de Bilma) de la part des bandits arm\u00e9s \u00e0 bord de deux (02) v\u00e9hicules Toundra. Malgr\u00e9 la r\u00e9sistance h\u00e9ro\u00efque, ils ont \u00e9t\u00e9 submerg\u00e9s et pris en otage&#8221;, a indiqu\u00e9 le communiqu\u00e9.<\/p>\n\n\n\n<p><\/p>\n\n\n\n<p>La m\u00eame source a ajout\u00e9 qu&#8217;un membre de la d\u00e9l\u00e9gation a \u00e9t\u00e9 tu\u00e9 et un autre a \u00e9t\u00e9 bless\u00e9.<\/p>\n\n\n\n<p>Toujours selon le communiqu\u00e9, les forces de d\u00e9fense et de s\u00e9curit\u00e9 ont engag\u00e9 une poursuite en vue de &#8220;lib\u00e9rer les otages et mettre hors d&#8217;\u00e9tat de nuire les assaillants&#8221;.<\/p>\n\n\n\n<p>Le d\u00e9partement de Bilma est situ\u00e9 dans la r\u00e9gion d&#8217;Agadez (Nord) et pr\u00e8s de la fronti\u00e8re libyenne.<\/p>\n\n\n\n<p>Depuis quelques semaines, un mouvement arm\u00e9 d\u00e9nomm\u00e9 &#8220;Front Patriotique pour la Justice (FPJ), oppos\u00e9 aux autorit\u00e9s militaires nig\u00e9riennes et bas\u00e9 dans cette partie du Niger, menace de mener des attaques.<\/p>\n\n\n\n<p>Ce mouvement a revendiqu\u00e9 une attaque men\u00e9e dans la nuit du 16 au 17 juin courant contre le pipeline qui achemine le p\u00e9trole brut du site d&#8217;Agadem \u00e0 la Soci\u00e9t\u00e9 de raffinage de Zinder dans le sud-est du Niger.<\/p>\n","protected":false},"excerpt":{"rendered":"<p>Le pr\u00e9fet du d\u00e9partement de Bilma et cinq membres de sa d\u00e9l\u00e9gation ont \u00e9t\u00e9 enlev\u00e9s dans une attaque survenue vendredi, a annonc\u00e9 le minist\u00e8re nig\u00e9rien de l&#8217;Int\u00e9rieur, dans un communiqu\u00e9 publi\u00e9 samedi soir. &#8220;Le vendredi 21 juin 2024, aux environs de 17 heures, le Pr\u00e9fet de Bilma et sa d\u00e9l\u00e9gation, de retour d&#8217;une mission de<\/p>\n","protected":false},"author":1,"featured_media":872,"comment_status":"open","ping_status":"open","sticky":true,"template":"","format":"standard","meta":{"footnotes":""},"categories":[32],"tags":[144,143],"class_list":{"0":"post-4062","1":"post","2":"type-post","3":"status-publish","4":"format-standard","5":"has-post-thumbnail","7":"category-monde","8":"tag-bazoum","9":"tag-niger"},"yoast_head":"<!-- This site is optimized with the Yoast SEO plugin v27.0 - https:\/\/yoast.com\/product\/yoast-seo-wordpress\/ -->\n<title>Niger : le pr\u00e9fet de Bilma et cinq membres de sa d\u00e9l\u00e9gation enlev\u00e9s dans une attaque - Loni-infos<\/title>\n<meta name=\"robots\" content=\"index, follow, max-snippet:-1, max-image-preview:large, max-video-preview:-1\" \/>\n<link rel=\"canonical\" href=\"https:\/\/www.loni-infos.com\/index.php\/2024\/06\/24\/niger-le-prefet-de-bilma-et-cinq-membres-de-sa-delegation-enleves-dans-une-attaque\/\" \/>\n<meta property=\"og:locale\" content=\"fr_FR\" \/>\n<meta property=\"og:type\" content=\"article\" \/>\n<meta property=\"og:title\" content=\"Niger : le pr\u00e9fet de Bilma et cinq membres de sa d\u00e9l\u00e9gation enlev\u00e9s dans une attaque - Loni-infos\" \/>\n<meta property=\"og:description\" content=\"Le pr\u00e9fet du d\u00e9partement de Bilma et cinq membres de sa d\u00e9l\u00e9gation ont \u00e9t\u00e9 enlev\u00e9s dans une attaque survenue vendredi, a annonc\u00e9 le minist\u00e8re nig\u00e9rien de l&#8217;Int\u00e9rieur, dans un communiqu\u00e9 publi\u00e9 samedi soir. &#8220;Le vendredi 21 juin 2024, aux environs de 17 heures, le Pr\u00e9fet de Bilma et sa d\u00e9l\u00e9gation, de retour d&#8217;une mission de\" \/>\n<meta property=\"og:url\" content=\"https:\/\/www.loni-infos.com\/index.php\/2024\/06\/24\/niger-le-prefet-de-bilma-et-cinq-membres-de-sa-delegation-enleves-dans-une-attaque\/\" \/>\n<meta property=\"og:site_name\" content=\"Loni-infos\" \/>\n<meta property=\"article:published_time\" content=\"2024-06-24T10:14:45+00:00\" \/>\n<meta property=\"article:modified_time\" content=\"2024-06-24T10:14:48+00:00\" \/>\n<meta property=\"og:image\" content=\"https:\/\/www.loni-infos.com\/wp-content\/uploads\/2023\/08\/field_media_image-60948-2020-08-13-_AFRICA-ISLAMISTS-NIGER-armee.jpg\" \/>\n\t<meta property=\"og:image:width\" content=\"1200\" \/>\n\t<meta property=\"og:image:height\" content=\"800\" \/>\n\t<meta property=\"og:image:type\" content=\"image\/jpeg\" \/>\n<meta name=\"twitter:card\" content=\"summary_large_image\" \/>\n<meta name=\"twitter:label1\" content=\"\u00c9crit par\" \/>\n\t<meta name=\"twitter:data1\" content=\"\" \/>\n\t<meta name=\"twitter:label2\" content=\"Dur\u00e9e de lecture estim\u00e9e\" \/>\n\t<meta name=\"twitter:data2\" content=\"2 minutes\" \/>\n<script type=\"application\/ld+json\" class=\"yoast-schema-graph\">{\"@context\":\"https:\/\/schema.org\",\"@graph\":[{\"@type\":\"Article\",\"@id\":\"https:\/\/www.loni-infos.com\/index.php\/2024\/06\/24\/niger-le-prefet-de-bilma-et-cinq-membres-de-sa-delegation-enleves-dans-une-attaque\/#article\",\"isPartOf\":{\"@id\":\"https:\/\/www.loni-infos.com\/index.php\/2024\/06\/24\/niger-le-prefet-de-bilma-et-cinq-membres-de-sa-delegation-enleves-dans-une-attaque\/\"},\"author\":{\"name\":\"\",\"@id\":\"\"},\"headline\":\"Niger : le pr\u00e9fet de Bilma et cinq membres de sa d\u00e9l\u00e9gation enlev\u00e9s dans une attaque\",\"datePublished\":\"2024-06-24T10:14:45+00:00\",\"dateModified\":\"2024-06-24T10:14:48+00:00\",\"mainEntityOfPage\":{\"@id\":\"https:\/\/www.loni-infos.com\/index.php\/2024\/06\/24\/niger-le-prefet-de-bilma-et-cinq-membres-de-sa-delegation-enleves-dans-une-attaque\/\"},\"wordCount\":287,\"commentCount\":0,\"image\":{\"@id\":\"https:\/\/www.loni-infos.com\/index.php\/2024\/06\/24\/niger-le-prefet-de-bilma-et-cinq-membres-de-sa-delegation-enleves-dans-une-attaque\/#primaryimage\"},\"thumbnailUrl\":\"https:\/\/www.loni-infos.com\/wp-content\/uploads\/2023\/08\/field_media_image-60948-2020-08-13-_AFRICA-ISLAMISTS-NIGER-armee.jpg\",\"keywords\":[\"Bazoum\",\"Niger\"],\"articleSection\":[\"Monde\"],\"inLanguage\":\"fr-FR\",\"potentialAction\":[{\"@type\":\"CommentAction\",\"name\":\"Comment\",\"target\":[\"https:\/\/www.loni-infos.com\/index.php\/2024\/06\/24\/niger-le-prefet-de-bilma-et-cinq-membres-de-sa-delegation-enleves-dans-une-attaque\/#respond\"]}]},{\"@type\":\"WebPage\",\"@id\":\"https:\/\/www.loni-infos.com\/index.php\/2024\/06\/24\/niger-le-prefet-de-bilma-et-cinq-membres-de-sa-delegation-enleves-dans-une-attaque\/\",\"url\":\"https:\/\/www.loni-infos.com\/index.php\/2024\/06\/24\/niger-le-prefet-de-bilma-et-cinq-membres-de-sa-delegation-enleves-dans-une-attaque\/\",\"name\":\"Niger : le pr\u00e9fet de Bilma et cinq membres de sa d\u00e9l\u00e9gation enlev\u00e9s dans une attaque - Loni-infos\",\"isPartOf\":{\"@id\":\"https:\/\/www.loni-infos.com\/#website\"},\"primaryImageOfPage\":{\"@id\":\"https:\/\/www.loni-infos.com\/index.php\/2024\/06\/24\/niger-le-prefet-de-bilma-et-cinq-membres-de-sa-delegation-enleves-dans-une-attaque\/#primaryimage\"},\"image\":{\"@id\":\"https:\/\/www.loni-infos.com\/index.php\/2024\/06\/24\/niger-le-prefet-de-bilma-et-cinq-membres-de-sa-delegation-enleves-dans-une-attaque\/#primaryimage\"},\"thumbnailUrl\":\"https:\/\/www.loni-infos.com\/wp-content\/uploads\/2023\/08\/field_media_image-60948-2020-08-13-_AFRICA-ISLAMISTS-NIGER-armee.jpg\",\"datePublished\":\"2024-06-24T10:14:45+00:00\",\"dateModified\":\"2024-06-24T10:14:48+00:00\",\"author\":{\"@id\":\"\"},\"breadcrumb\":{\"@id\":\"https:\/\/www.loni-infos.com\/index.php\/2024\/06\/24\/niger-le-prefet-de-bilma-et-cinq-membres-de-sa-delegation-enleves-dans-une-attaque\/#breadcrumb\"},\"inLanguage\":\"fr-FR\",\"potentialAction\":[{\"@type\":\"ReadAction\",\"target\":[\"https:\/\/www.loni-infos.com\/index.php\/2024\/06\/24\/niger-le-prefet-de-bilma-et-cinq-membres-de-sa-delegation-enleves-dans-une-attaque\/\"]}]},{\"@type\":\"ImageObject\",\"inLanguage\":\"fr-FR\",\"@id\":\"https:\/\/www.loni-infos.com\/index.php\/2024\/06\/24\/niger-le-prefet-de-bilma-et-cinq-membres-de-sa-delegation-enleves-dans-une-attaque\/#primaryimage\",\"url\":\"https:\/\/www.loni-infos.com\/wp-content\/uploads\/2023\/08\/field_media_image-60948-2020-08-13-_AFRICA-ISLAMISTS-NIGER-armee.jpg\",\"contentUrl\":\"https:\/\/www.loni-infos.com\/wp-content\/uploads\/2023\/08\/field_media_image-60948-2020-08-13-_AFRICA-ISLAMISTS-NIGER-armee.jpg\",\"width\":1200,\"height\":800},{\"@type\":\"BreadcrumbList\",\"@id\":\"https:\/\/www.loni-infos.com\/index.php\/2024\/06\/24\/niger-le-prefet-de-bilma-et-cinq-membres-de-sa-delegation-enleves-dans-une-attaque\/#breadcrumb\",\"itemListElement\":[{\"@type\":\"ListItem\",\"position\":1,\"name\":\"Accueil\",\"item\":\"https:\/\/www.loni-infos.com\/\"},{\"@type\":\"ListItem\",\"position\":2,\"name\":\"Niger : le pr\u00e9fet de Bilma et cinq membres de sa d\u00e9l\u00e9gation enlev\u00e9s dans une attaque\"}]},{\"@type\":\"WebSite\",\"@id\":\"https:\/\/www.loni-infos.com\/#website\",\"url\":\"https:\/\/www.loni-infos.com\/\",\"name\":\"Loni-infos\",\"description\":\"Vous servir des infos est notre devoir\",\"potentialAction\":[{\"@type\":\"SearchAction\",\"target\":{\"@type\":\"EntryPoint\",\"urlTemplate\":\"https:\/\/www.loni-infos.com\/?s={search_term_string}\"},\"query-input\":{\"@type\":\"PropertyValueSpecification\",\"valueRequired\":true,\"valueName\":\"search_term_string\"}}],\"inLanguage\":\"fr-FR\"},{\"@type\":\"Person\",\"@id\":\"\",\"url\":\"https:\/\/www.loni-infos.com\/index.php\/author\/\"}]}<\/script>\n<!-- \/ Yoast SEO plugin. -->","yoast_head_json":{"title":"Niger : le pr\u00e9fet de Bilma et cinq membres de sa d\u00e9l\u00e9gation enlev\u00e9s dans une attaque - Loni-infos","robots":{"index":"index","follow":"follow","max-snippet":"max-snippet:-1","max-image-preview":"max-image-preview:large","max-video-preview":"max-video-preview:-1"},"canonical":"https:\/\/www.loni-infos.com\/index.php\/2024\/06\/24\/niger-le-prefet-de-bilma-et-cinq-membres-de-sa-delegation-enleves-dans-une-attaque\/","og_locale":"fr_FR","og_type":"article","og_title":"Niger : le pr\u00e9fet de Bilma et cinq membres de sa d\u00e9l\u00e9gation enlev\u00e9s dans une attaque - Loni-infos","og_description":"Le pr\u00e9fet du d\u00e9partement de Bilma et cinq membres de sa d\u00e9l\u00e9gation ont \u00e9t\u00e9 enlev\u00e9s dans une attaque survenue vendredi, a annonc\u00e9 le minist\u00e8re nig\u00e9rien de l&#8217;Int\u00e9rieur, dans un communiqu\u00e9 publi\u00e9 samedi soir. &#8220;Le vendredi 21 juin 2024, aux environs de 17 heures, le Pr\u00e9fet de Bilma et sa d\u00e9l\u00e9gation, de retour d&#8217;une mission de","og_url":"https:\/\/www.loni-infos.com\/index.php\/2024\/06\/24\/niger-le-prefet-de-bilma-et-cinq-membres-de-sa-delegation-enleves-dans-une-attaque\/","og_site_name":"Loni-infos","article_published_time":"2024-06-24T10:14:45+00:00","article_modified_time":"2024-06-24T10:14:48+00:00","og_image":[{"width":1200,"height":800,"url":"https:\/\/www.loni-infos.com\/wp-content\/uploads\/2023\/08\/field_media_image-60948-2020-08-13-_AFRICA-ISLAMISTS-NIGER-armee.jpg","type":"image\/jpeg"}],"twitter_card":"summary_large_image","twitter_misc":{"\u00c9crit par":"","Dur\u00e9e de lecture estim\u00e9e":"2 minutes"},"schema":{"@context":"https:\/\/schema.org","@graph":[{"@type":"Article","@id":"https:\/\/www.loni-infos.com\/index.php\/2024\/06\/24\/niger-le-prefet-de-bilma-et-cinq-membres-de-sa-delegation-enleves-dans-une-attaque\/#article","isPartOf":{"@id":"https:\/\/www.loni-infos.com\/index.php\/2024\/06\/24\/niger-le-prefet-de-bilma-et-cinq-membres-de-sa-delegation-enleves-dans-une-attaque\/"},"author":{"name":"","@id":""},"headline":"Niger : le pr\u00e9fet de Bilma et cinq membres de sa d\u00e9l\u00e9gation enlev\u00e9s dans une attaque","datePublished":"2024-06-24T10:14:45+00:00","dateModified":"2024-06-24T10:14:48+00:00","mainEntityOfPage":{"@id":"https:\/\/www.loni-infos.com\/index.php\/2024\/06\/24\/niger-le-prefet-de-bilma-et-cinq-membres-de-sa-delegation-enleves-dans-une-attaque\/"},"wordCount":287,"commentCount":0,"image":{"@id":"https:\/\/www.loni-infos.com\/index.php\/2024\/06\/24\/niger-le-prefet-de-bilma-et-cinq-membres-de-sa-delegation-enleves-dans-une-attaque\/#primaryimage"},"thumbnailUrl":"https:\/\/www.loni-infos.com\/wp-content\/uploads\/2023\/08\/field_media_image-60948-2020-08-13-_AFRICA-ISLAMISTS-NIGER-armee.jpg","keywords":["Bazoum","Niger"],"articleSection":["Monde"],"inLanguage":"fr-FR","potentialAction":[{"@type":"CommentAction","name":"Comment","target":["https:\/\/www.loni-infos.com\/index.php\/2024\/06\/24\/niger-le-prefet-de-bilma-et-cinq-membres-de-sa-delegation-enleves-dans-une-attaque\/#respond"]}]},{"@type":"WebPage","@id":"https:\/\/www.loni-infos.com\/index.php\/2024\/06\/24\/niger-le-prefet-de-bilma-et-cinq-membres-de-sa-delegation-enleves-dans-une-attaque\/","url":"https:\/\/www.loni-infos.com\/index.php\/2024\/06\/24\/niger-le-prefet-de-bilma-et-cinq-membres-de-sa-delegation-enleves-dans-une-attaque\/","name":"Niger : le pr\u00e9fet de Bilma et cinq membres de sa d\u00e9l\u00e9gation enlev\u00e9s dans une attaque - Loni-infos","isPartOf":{"@id":"https:\/\/www.loni-infos.com\/#website"},"primaryImageOfPage":{"@id":"https:\/\/www.loni-infos.com\/index.php\/2024\/06\/24\/niger-le-prefet-de-bilma-et-cinq-membres-de-sa-delegation-enleves-dans-une-attaque\/#primaryimage"},"image":{"@id":"https:\/\/www.loni-infos.com\/index.php\/2024\/06\/24\/niger-le-prefet-de-bilma-et-cinq-membres-de-sa-delegation-enleves-dans-une-attaque\/#primaryimage"},"thumbnailUrl":"https:\/\/www.loni-infos.com\/wp-content\/uploads\/2023\/08\/field_media_image-60948-2020-08-13-_AFRICA-ISLAMISTS-NIGER-armee.jpg","datePublished":"2024-06-24T10:14:45+00:00","dateModified":"2024-06-24T10:14:48+00:00","author":{"@id":""},"breadcrumb":{"@id":"https:\/\/www.loni-infos.com\/index.php\/2024\/06\/24\/niger-le-prefet-de-bilma-et-cinq-membres-de-sa-delegation-enleves-dans-une-attaque\/#breadcrumb"},"inLanguage":"fr-FR","potentialAction":[{"@type":"ReadAction","target":["https:\/\/www.loni-infos.com\/index.php\/2024\/06\/24\/niger-le-prefet-de-bilma-et-cinq-membres-de-sa-delegation-enleves-dans-une-attaque\/"]}]},{"@type":"ImageObject","inLanguage":"fr-FR","@id":"https:\/\/www.loni-infos.com\/index.php\/2024\/06\/24\/niger-le-prefet-de-bilma-et-cinq-membres-de-sa-delegation-enleves-dans-une-attaque\/#primaryimage","url":"https:\/\/www.loni-infos.com\/wp-content\/uploads\/2023\/08\/field_media_image-60948-2020-08-13-_AFRICA-ISLAMISTS-NIGER-armee.jpg","contentUrl":"https:\/\/www.loni-infos.com\/wp-content\/uploads\/2023\/08\/field_media_image-60948-2020-08-13-_AFRICA-ISLAMISTS-NIGER-armee.jpg","width":1200,"height":800},{"@type":"BreadcrumbList","@id":"https:\/\/www.loni-infos.com\/index.php\/2024\/06\/24\/niger-le-prefet-de-bilma-et-cinq-membres-de-sa-delegation-enleves-dans-une-attaque\/#breadcrumb","itemListElement":[{"@type":"ListItem","position":1,"name":"Accueil","item":"https:\/\/www.loni-infos.com\/"},{"@type":"ListItem","position":2,"name":"Niger : le pr\u00e9fet de Bilma et cinq membres de sa d\u00e9l\u00e9gation enlev\u00e9s dans une attaque"}]},{"@type":"WebSite","@id":"https:\/\/www.loni-infos.com\/#website","url":"https:\/\/www.loni-infos.com\/","name":"Loni-infos","description":"Vous servir des infos est notre devoir","potentialAction":[{"@type":"SearchAction","target":{"@type":"EntryPoint","urlTemplate":"https:\/\/www.loni-infos.com\/?s={search_term_string}"},"query-input":{"@type":"PropertyValueSpecification","valueRequired":true,"valueName":"search_term_string"}}],"inLanguage":"fr-FR"},{"@type":"Person","@id":"","url":"https:\/\/www.loni-infos.com\/index.php\/author\/"}]}},"_links":{"self":[{"href":"https:\/\/www.loni-infos.com\/index.php\/wp-json\/wp\/v2\/posts\/4062","targetHints":{"allow":["GET"]}}],"collection":[{"href":"https:\/\/www.loni-infos.com\/index.php\/wp-json\/wp\/v2\/posts"}],"about":[{"href":"https:\/\/www.loni-infos.com\/index.php\/wp-json\/wp\/v2\/types\/post"}],"author":[{"embeddable":true,"href":"https:\/\/www.loni-infos.com\/index.php\/wp-json\/wp\/v2\/users\/1"}],"replies":[{"embeddable":true,"href":"https:\/\/www.loni-infos.com\/index.php\/wp-json\/wp\/v2\/comments?post=4062"}],"version-history":[{"count":1,"href":"https:\/\/www.loni-infos.com\/index.php\/wp-json\/wp\/v2\/posts\/4062\/revisions"}],"predecessor-version":[{"id":4063,"href":"https:\/\/www.loni-infos.com\/index.php\/wp-json\/wp\/v2\/posts\/4062\/revisions\/4063"}],"wp:featuredmedia":[{"embeddable":true,"href":"https:\/\/www.loni-infos.com\/index.php\/wp-json\/wp\/v2\/media\/872"}],"wp:attachment":[{"href":"https:\/\/www.loni-infos.com\/index.php\/wp-json\/wp\/v2\/media?parent=4062"}],"wp:term":[{"taxonomy":"category","embeddable":true,"href":"https:\/\/www.loni-infos.com\/index.php\/wp-json\/wp\/v2\/categories?post=4062"},{"taxonomy":"post_tag","embeddable":true,"href":"https:\/\/www.loni-infos.com\/index.php\/wp-json\/wp\/v2\/tags?post=4062"}],"curies":[{"name":"wp","href":"https:\/\/api.w.org\/{rel}","templated":true}]}}