{"id":4590,"date":"2024-08-27T11:42:02","date_gmt":"2024-08-27T09:42:02","guid":{"rendered":"https:\/\/www.loni-infos.com\/?p=4590"},"modified":"2024-08-27T11:42:05","modified_gmt":"2024-08-27T09:42:05","slug":"pourquoi-le-danemark-a-ferme-ses-ambassades-au-mali-et-au-burkina-faso","status":"publish","type":"post","link":"https:\/\/www.loni-infos.com\/index.php\/2024\/08\/27\/pourquoi-le-danemark-a-ferme-ses-ambassades-au-mali-et-au-burkina-faso\/","title":{"rendered":"Pourquoi le Danemark a ferm\u00e9 ses ambassades au Mali et au Burkina Faso\u00a0?"},"content":{"rendered":"\n<p>Le Danemark a annonc\u00e9, lundi, dans un communiqu\u00e9 qu\u2019il va fermer ses ambassades au Mali et au Burkina Faso &#8220;en raison des coups d&#8217;\u00c9tat militaires qui ont fortement limit\u00e9 les possibilit\u00e9s d&#8217;action dans la r\u00e9gion du Sahel&#8221;.<\/p>\n\n\n\n<p>&#8220;En raison des coups d&#8217;\u00c9tat militaires qui ont fortement limit\u00e9 les possibilit\u00e9s d&#8217;action dans la r\u00e9gion du Sahel, les ambassades au Burkina Faso et au Mali seront ferm\u00e9es&#8221;, a \u00e9crit dans un communiqu\u00e9 le minist\u00e8re des Affaires \u00e9trang\u00e8res du Danemark.<\/p>\n\n\n\n<p>La m\u00eame source explique des repr\u00e9sentations diplomatiques seront ouvertes au S\u00e9n\u00e9gal, en Tunisie et au Rwanda &#8220;dans le cadre de la nouvelle strat\u00e9gie d&#8217;engagement du Danemark aupr\u00e8s des pays africains&#8221;.<\/p>\n\n\n\n<p>La coop\u00e9ration entre le Danemark et le Burkina Faso a d\u00e9but\u00e9 en 1973 et l\u2019ouverture de l\u2019ambassade est intervenue en 1994 avec une couverture sur le Niger. La coop\u00e9ration avec le Mali a d\u00e9but\u00e9 dans les ann\u00e9es 1990 mais l\u2019ambassade du Danemark dans ce pays a ouvert ses portes en 2006.<\/p>\n\n\n\n<p>Le Burkina Faso et la Mali, deux pays d\u2019Afrique de l\u2019ouest confront\u00e9s au terrorisme et dirig\u00e9s par des militaires ont d\u00e9cid\u00e9 de diversifier leur coop\u00e9ration.<\/p>\n\n\n\n<p>Les relations entre ces pays et certains pays \u00e9trangers notamment la France, ex puissance coloniale se sont d\u00e9grad\u00e9es.<\/p>\n\n\n\n<p>Le 20 juin 2024, le gouvernement su\u00e9dois avait annonc\u00e9 qu\u2019il allait fermer ses ambassades \u00e0 Ouagadougou (Burkina Faso) et \u00e0 Bamako (Mali) d\u2019ici la fin de l\u2019ann\u00e9e en cours.<\/p>\n","protected":false},"excerpt":{"rendered":"<p>Le Danemark a annonc\u00e9, lundi, dans un communiqu\u00e9 qu\u2019il va fermer ses ambassades au Mali et au Burkina Faso &#8220;en raison des coups d&#8217;\u00c9tat militaires qui ont fortement limit\u00e9 les possibilit\u00e9s d&#8217;action dans la r\u00e9gion du Sahel&#8221;. &#8220;En raison des coups d&#8217;\u00c9tat militaires qui ont fortement limit\u00e9 les possibilit\u00e9s d&#8217;action dans la r\u00e9gion du Sahel,<\/p>\n","protected":false},"author":1,"featured_media":4591,"comment_status":"open","ping_status":"open","sticky":false,"template":"","format":"standard","meta":{"footnotes":""},"categories":[80],"tags":[141,763,86],"class_list":{"0":"post-4590","1":"post","2":"type-post","3":"status-publish","4":"format-standard","5":"has-post-thumbnail","7":"category-politique","8":"tag-burkina-faso","9":"tag-danemark","10":"tag-mali"},"yoast_head":"<!-- This site is optimized with the Yoast SEO plugin v27.0 - https:\/\/yoast.com\/product\/yoast-seo-wordpress\/ -->\n<title>Pourquoi le Danemark a ferm\u00e9 ses ambassades au Mali et au Burkina Faso\u00a0? - Loni-infos<\/title>\n<meta name=\"robots\" content=\"index, follow, max-snippet:-1, max-image-preview:large, max-video-preview:-1\" \/>\n<link rel=\"canonical\" href=\"https:\/\/www.loni-infos.com\/index.php\/2024\/08\/27\/pourquoi-le-danemark-a-ferme-ses-ambassades-au-mali-et-au-burkina-faso\/\" \/>\n<meta property=\"og:locale\" content=\"fr_FR\" \/>\n<meta property=\"og:type\" content=\"article\" \/>\n<meta property=\"og:title\" content=\"Pourquoi le Danemark a ferm\u00e9 ses ambassades au Mali et au Burkina Faso\u00a0? - Loni-infos\" \/>\n<meta property=\"og:description\" content=\"Le Danemark a annonc\u00e9, lundi, dans un communiqu\u00e9 qu\u2019il va fermer ses ambassades au Mali et au Burkina Faso &#8220;en raison des coups d&#8217;\u00c9tat militaires qui ont fortement limit\u00e9 les possibilit\u00e9s d&#8217;action dans la r\u00e9gion du Sahel&#8221;. &#8220;En raison des coups d&#8217;\u00c9tat militaires qui ont fortement limit\u00e9 les possibilit\u00e9s d&#8217;action dans la r\u00e9gion du Sahel,\" \/>\n<meta property=\"og:url\" content=\"https:\/\/www.loni-infos.com\/index.php\/2024\/08\/27\/pourquoi-le-danemark-a-ferme-ses-ambassades-au-mali-et-au-burkina-faso\/\" \/>\n<meta property=\"og:site_name\" content=\"Loni-infos\" \/>\n<meta property=\"article:published_time\" content=\"2024-08-27T09:42:02+00:00\" \/>\n<meta property=\"article:modified_time\" content=\"2024-08-27T09:42:05+00:00\" \/>\n<meta property=\"og:image\" content=\"https:\/\/www.loni-infos.com\/wp-content\/uploads\/2024\/08\/Drapeau-de-danemark.jpg\" \/>\n\t<meta property=\"og:image:width\" content=\"864\" \/>\n\t<meta property=\"og:image:height\" content=\"486\" \/>\n\t<meta property=\"og:image:type\" content=\"image\/jpeg\" \/>\n<meta name=\"twitter:card\" content=\"summary_large_image\" \/>\n<meta name=\"twitter:label1\" content=\"\u00c9crit par\" \/>\n\t<meta name=\"twitter:data1\" content=\"\" \/>\n\t<meta name=\"twitter:label2\" content=\"Dur\u00e9e de lecture estim\u00e9e\" \/>\n\t<meta name=\"twitter:data2\" content=\"2 minutes\" \/>\n<script type=\"application\/ld+json\" class=\"yoast-schema-graph\">{\"@context\":\"https:\/\/schema.org\",\"@graph\":[{\"@type\":\"Article\",\"@id\":\"https:\/\/www.loni-infos.com\/index.php\/2024\/08\/27\/pourquoi-le-danemark-a-ferme-ses-ambassades-au-mali-et-au-burkina-faso\/#article\",\"isPartOf\":{\"@id\":\"https:\/\/www.loni-infos.com\/index.php\/2024\/08\/27\/pourquoi-le-danemark-a-ferme-ses-ambassades-au-mali-et-au-burkina-faso\/\"},\"author\":{\"name\":\"\",\"@id\":\"\"},\"headline\":\"Pourquoi le Danemark a ferm\u00e9 ses ambassades au Mali et au Burkina Faso\u00a0?\",\"datePublished\":\"2024-08-27T09:42:02+00:00\",\"dateModified\":\"2024-08-27T09:42:05+00:00\",\"mainEntityOfPage\":{\"@id\":\"https:\/\/www.loni-infos.com\/index.php\/2024\/08\/27\/pourquoi-le-danemark-a-ferme-ses-ambassades-au-mali-et-au-burkina-faso\/\"},\"wordCount\":275,\"commentCount\":0,\"image\":{\"@id\":\"https:\/\/www.loni-infos.com\/index.php\/2024\/08\/27\/pourquoi-le-danemark-a-ferme-ses-ambassades-au-mali-et-au-burkina-faso\/#primaryimage\"},\"thumbnailUrl\":\"https:\/\/www.loni-infos.com\/wp-content\/uploads\/2024\/08\/Drapeau-de-danemark.jpg\",\"keywords\":[\"Burkina Faso\",\"Danemark\",\"Mali\"],\"articleSection\":[\"Politique\"],\"inLanguage\":\"fr-FR\",\"potentialAction\":[{\"@type\":\"CommentAction\",\"name\":\"Comment\",\"target\":[\"https:\/\/www.loni-infos.com\/index.php\/2024\/08\/27\/pourquoi-le-danemark-a-ferme-ses-ambassades-au-mali-et-au-burkina-faso\/#respond\"]}]},{\"@type\":\"WebPage\",\"@id\":\"https:\/\/www.loni-infos.com\/index.php\/2024\/08\/27\/pourquoi-le-danemark-a-ferme-ses-ambassades-au-mali-et-au-burkina-faso\/\",\"url\":\"https:\/\/www.loni-infos.com\/index.php\/2024\/08\/27\/pourquoi-le-danemark-a-ferme-ses-ambassades-au-mali-et-au-burkina-faso\/\",\"name\":\"Pourquoi le Danemark a ferm\u00e9 ses ambassades au Mali et au Burkina Faso\u00a0? - Loni-infos\",\"isPartOf\":{\"@id\":\"https:\/\/www.loni-infos.com\/#website\"},\"primaryImageOfPage\":{\"@id\":\"https:\/\/www.loni-infos.com\/index.php\/2024\/08\/27\/pourquoi-le-danemark-a-ferme-ses-ambassades-au-mali-et-au-burkina-faso\/#primaryimage\"},\"image\":{\"@id\":\"https:\/\/www.loni-infos.com\/index.php\/2024\/08\/27\/pourquoi-le-danemark-a-ferme-ses-ambassades-au-mali-et-au-burkina-faso\/#primaryimage\"},\"thumbnailUrl\":\"https:\/\/www.loni-infos.com\/wp-content\/uploads\/2024\/08\/Drapeau-de-danemark.jpg\",\"datePublished\":\"2024-08-27T09:42:02+00:00\",\"dateModified\":\"2024-08-27T09:42:05+00:00\",\"author\":{\"@id\":\"\"},\"breadcrumb\":{\"@id\":\"https:\/\/www.loni-infos.com\/index.php\/2024\/08\/27\/pourquoi-le-danemark-a-ferme-ses-ambassades-au-mali-et-au-burkina-faso\/#breadcrumb\"},\"inLanguage\":\"fr-FR\",\"potentialAction\":[{\"@type\":\"ReadAction\",\"target\":[\"https:\/\/www.loni-infos.com\/index.php\/2024\/08\/27\/pourquoi-le-danemark-a-ferme-ses-ambassades-au-mali-et-au-burkina-faso\/\"]}]},{\"@type\":\"ImageObject\",\"inLanguage\":\"fr-FR\",\"@id\":\"https:\/\/www.loni-infos.com\/index.php\/2024\/08\/27\/pourquoi-le-danemark-a-ferme-ses-ambassades-au-mali-et-au-burkina-faso\/#primaryimage\",\"url\":\"https:\/\/www.loni-infos.com\/wp-content\/uploads\/2024\/08\/Drapeau-de-danemark.jpg\",\"contentUrl\":\"https:\/\/www.loni-infos.com\/wp-content\/uploads\/2024\/08\/Drapeau-de-danemark.jpg\",\"width\":864,\"height\":486},{\"@type\":\"BreadcrumbList\",\"@id\":\"https:\/\/www.loni-infos.com\/index.php\/2024\/08\/27\/pourquoi-le-danemark-a-ferme-ses-ambassades-au-mali-et-au-burkina-faso\/#breadcrumb\",\"itemListElement\":[{\"@type\":\"ListItem\",\"position\":1,\"name\":\"Accueil\",\"item\":\"https:\/\/www.loni-infos.com\/\"},{\"@type\":\"ListItem\",\"position\":2,\"name\":\"Pourquoi le Danemark a ferm\u00e9 ses ambassades au Mali et au Burkina Faso\u00a0?\"}]},{\"@type\":\"WebSite\",\"@id\":\"https:\/\/www.loni-infos.com\/#website\",\"url\":\"https:\/\/www.loni-infos.com\/\",\"name\":\"Loni-infos\",\"description\":\"Vous servir des infos est notre devoir\",\"potentialAction\":[{\"@type\":\"SearchAction\",\"target\":{\"@type\":\"EntryPoint\",\"urlTemplate\":\"https:\/\/www.loni-infos.com\/?s={search_term_string}\"},\"query-input\":{\"@type\":\"PropertyValueSpecification\",\"valueRequired\":true,\"valueName\":\"search_term_string\"}}],\"inLanguage\":\"fr-FR\"},{\"@type\":\"Person\",\"@id\":\"\",\"url\":\"https:\/\/www.loni-infos.com\/index.php\/author\/\"}]}<\/script>\n<!-- \/ Yoast SEO plugin. -->","yoast_head_json":{"title":"Pourquoi le Danemark a ferm\u00e9 ses ambassades au Mali et au Burkina Faso\u00a0? - Loni-infos","robots":{"index":"index","follow":"follow","max-snippet":"max-snippet:-1","max-image-preview":"max-image-preview:large","max-video-preview":"max-video-preview:-1"},"canonical":"https:\/\/www.loni-infos.com\/index.php\/2024\/08\/27\/pourquoi-le-danemark-a-ferme-ses-ambassades-au-mali-et-au-burkina-faso\/","og_locale":"fr_FR","og_type":"article","og_title":"Pourquoi le Danemark a ferm\u00e9 ses ambassades au Mali et au Burkina Faso\u00a0? - Loni-infos","og_description":"Le Danemark a annonc\u00e9, lundi, dans un communiqu\u00e9 qu\u2019il va fermer ses ambassades au Mali et au Burkina Faso &#8220;en raison des coups d&#8217;\u00c9tat militaires qui ont fortement limit\u00e9 les possibilit\u00e9s d&#8217;action dans la r\u00e9gion du Sahel&#8221;. &#8220;En raison des coups d&#8217;\u00c9tat militaires qui ont fortement limit\u00e9 les possibilit\u00e9s d&#8217;action dans la r\u00e9gion du Sahel,","og_url":"https:\/\/www.loni-infos.com\/index.php\/2024\/08\/27\/pourquoi-le-danemark-a-ferme-ses-ambassades-au-mali-et-au-burkina-faso\/","og_site_name":"Loni-infos","article_published_time":"2024-08-27T09:42:02+00:00","article_modified_time":"2024-08-27T09:42:05+00:00","og_image":[{"width":864,"height":486,"url":"https:\/\/www.loni-infos.com\/wp-content\/uploads\/2024\/08\/Drapeau-de-danemark.jpg","type":"image\/jpeg"}],"twitter_card":"summary_large_image","twitter_misc":{"\u00c9crit par":"","Dur\u00e9e de lecture estim\u00e9e":"2 minutes"},"schema":{"@context":"https:\/\/schema.org","@graph":[{"@type":"Article","@id":"https:\/\/www.loni-infos.com\/index.php\/2024\/08\/27\/pourquoi-le-danemark-a-ferme-ses-ambassades-au-mali-et-au-burkina-faso\/#article","isPartOf":{"@id":"https:\/\/www.loni-infos.com\/index.php\/2024\/08\/27\/pourquoi-le-danemark-a-ferme-ses-ambassades-au-mali-et-au-burkina-faso\/"},"author":{"name":"","@id":""},"headline":"Pourquoi le Danemark a ferm\u00e9 ses ambassades au Mali et au Burkina Faso\u00a0?","datePublished":"2024-08-27T09:42:02+00:00","dateModified":"2024-08-27T09:42:05+00:00","mainEntityOfPage":{"@id":"https:\/\/www.loni-infos.com\/index.php\/2024\/08\/27\/pourquoi-le-danemark-a-ferme-ses-ambassades-au-mali-et-au-burkina-faso\/"},"wordCount":275,"commentCount":0,"image":{"@id":"https:\/\/www.loni-infos.com\/index.php\/2024\/08\/27\/pourquoi-le-danemark-a-ferme-ses-ambassades-au-mali-et-au-burkina-faso\/#primaryimage"},"thumbnailUrl":"https:\/\/www.loni-infos.com\/wp-content\/uploads\/2024\/08\/Drapeau-de-danemark.jpg","keywords":["Burkina Faso","Danemark","Mali"],"articleSection":["Politique"],"inLanguage":"fr-FR","potentialAction":[{"@type":"CommentAction","name":"Comment","target":["https:\/\/www.loni-infos.com\/index.php\/2024\/08\/27\/pourquoi-le-danemark-a-ferme-ses-ambassades-au-mali-et-au-burkina-faso\/#respond"]}]},{"@type":"WebPage","@id":"https:\/\/www.loni-infos.com\/index.php\/2024\/08\/27\/pourquoi-le-danemark-a-ferme-ses-ambassades-au-mali-et-au-burkina-faso\/","url":"https:\/\/www.loni-infos.com\/index.php\/2024\/08\/27\/pourquoi-le-danemark-a-ferme-ses-ambassades-au-mali-et-au-burkina-faso\/","name":"Pourquoi le Danemark a ferm\u00e9 ses ambassades au Mali et au Burkina Faso\u00a0? - Loni-infos","isPartOf":{"@id":"https:\/\/www.loni-infos.com\/#website"},"primaryImageOfPage":{"@id":"https:\/\/www.loni-infos.com\/index.php\/2024\/08\/27\/pourquoi-le-danemark-a-ferme-ses-ambassades-au-mali-et-au-burkina-faso\/#primaryimage"},"image":{"@id":"https:\/\/www.loni-infos.com\/index.php\/2024\/08\/27\/pourquoi-le-danemark-a-ferme-ses-ambassades-au-mali-et-au-burkina-faso\/#primaryimage"},"thumbnailUrl":"https:\/\/www.loni-infos.com\/wp-content\/uploads\/2024\/08\/Drapeau-de-danemark.jpg","datePublished":"2024-08-27T09:42:02+00:00","dateModified":"2024-08-27T09:42:05+00:00","author":{"@id":""},"breadcrumb":{"@id":"https:\/\/www.loni-infos.com\/index.php\/2024\/08\/27\/pourquoi-le-danemark-a-ferme-ses-ambassades-au-mali-et-au-burkina-faso\/#breadcrumb"},"inLanguage":"fr-FR","potentialAction":[{"@type":"ReadAction","target":["https:\/\/www.loni-infos.com\/index.php\/2024\/08\/27\/pourquoi-le-danemark-a-ferme-ses-ambassades-au-mali-et-au-burkina-faso\/"]}]},{"@type":"ImageObject","inLanguage":"fr-FR","@id":"https:\/\/www.loni-infos.com\/index.php\/2024\/08\/27\/pourquoi-le-danemark-a-ferme-ses-ambassades-au-mali-et-au-burkina-faso\/#primaryimage","url":"https:\/\/www.loni-infos.com\/wp-content\/uploads\/2024\/08\/Drapeau-de-danemark.jpg","contentUrl":"https:\/\/www.loni-infos.com\/wp-content\/uploads\/2024\/08\/Drapeau-de-danemark.jpg","width":864,"height":486},{"@type":"BreadcrumbList","@id":"https:\/\/www.loni-infos.com\/index.php\/2024\/08\/27\/pourquoi-le-danemark-a-ferme-ses-ambassades-au-mali-et-au-burkina-faso\/#breadcrumb","itemListElement":[{"@type":"ListItem","position":1,"name":"Accueil","item":"https:\/\/www.loni-infos.com\/"},{"@type":"ListItem","position":2,"name":"Pourquoi le Danemark a ferm\u00e9 ses ambassades au Mali et au Burkina Faso\u00a0?"}]},{"@type":"WebSite","@id":"https:\/\/www.loni-infos.com\/#website","url":"https:\/\/www.loni-infos.com\/","name":"Loni-infos","description":"Vous servir des infos est notre devoir","potentialAction":[{"@type":"SearchAction","target":{"@type":"EntryPoint","urlTemplate":"https:\/\/www.loni-infos.com\/?s={search_term_string}"},"query-input":{"@type":"PropertyValueSpecification","valueRequired":true,"valueName":"search_term_string"}}],"inLanguage":"fr-FR"},{"@type":"Person","@id":"","url":"https:\/\/www.loni-infos.com\/index.php\/author\/"}]}},"_links":{"self":[{"href":"https:\/\/www.loni-infos.com\/index.php\/wp-json\/wp\/v2\/posts\/4590","targetHints":{"allow":["GET"]}}],"collection":[{"href":"https:\/\/www.loni-infos.com\/index.php\/wp-json\/wp\/v2\/posts"}],"about":[{"href":"https:\/\/www.loni-infos.com\/index.php\/wp-json\/wp\/v2\/types\/post"}],"author":[{"embeddable":true,"href":"https:\/\/www.loni-infos.com\/index.php\/wp-json\/wp\/v2\/users\/1"}],"replies":[{"embeddable":true,"href":"https:\/\/www.loni-infos.com\/index.php\/wp-json\/wp\/v2\/comments?post=4590"}],"version-history":[{"count":1,"href":"https:\/\/www.loni-infos.com\/index.php\/wp-json\/wp\/v2\/posts\/4590\/revisions"}],"predecessor-version":[{"id":4592,"href":"https:\/\/www.loni-infos.com\/index.php\/wp-json\/wp\/v2\/posts\/4590\/revisions\/4592"}],"wp:featuredmedia":[{"embeddable":true,"href":"https:\/\/www.loni-infos.com\/index.php\/wp-json\/wp\/v2\/media\/4591"}],"wp:attachment":[{"href":"https:\/\/www.loni-infos.com\/index.php\/wp-json\/wp\/v2\/media?parent=4590"}],"wp:term":[{"taxonomy":"category","embeddable":true,"href":"https:\/\/www.loni-infos.com\/index.php\/wp-json\/wp\/v2\/categories?post=4590"},{"taxonomy":"post_tag","embeddable":true,"href":"https:\/\/www.loni-infos.com\/index.php\/wp-json\/wp\/v2\/tags?post=4590"}],"curies":[{"name":"wp","href":"https:\/\/api.w.org\/{rel}","templated":true}]}}