{"id":4744,"date":"2024-09-12T11:16:10","date_gmt":"2024-09-12T09:16:10","guid":{"rendered":"https:\/\/www.loni-infos.com\/?p=4744"},"modified":"2024-09-12T11:16:13","modified_gmt":"2024-09-12T09:16:13","slug":"mali-suspension-de-la-diffusion-de-tv5-monde-afrique-pour-trois-mois","status":"publish","type":"post","link":"https:\/\/www.loni-infos.com\/index.php\/2024\/09\/12\/mali-suspension-de-la-diffusion-de-tv5-monde-afrique-pour-trois-mois\/","title":{"rendered":"Mali : suspension de la diffusion de TV5 Monde-Afrique pour trois mois"},"content":{"rendered":"\n<p>La Haute autorit\u00e9 de la communication du Mali (HAC) a annonc\u00e9, mercredi, avoir suspendu les programmes de la cha\u00eene de t\u00e9l\u00e9vision TV5 Monde des bouquets des distributeurs autoris\u00e9s au Mali pour une p\u00e9riode de 3 mois.<\/p>\n\n\n\n<p>Le pr\u00e9sident de la Haute Autorit\u00e9 de la Communication (HAC), Gaoussou Coulibaly, a expliqu\u00e9 dans un communiqu\u00e9 que la d\u00e9cision fait suite aux violations des textes l\u00e9gislatifs et r\u00e8glementaires sur la r\u00e9gulation des m\u00e9dias d\u00e9cel\u00e9es dans un \u00e9l\u00e9ment de son journal Afrique du lundi 26 ao\u00fbt 2024.<\/p>\n\n\n\n<p>Coulibaly a soutenu que dans cette \u00e9dition, &#8220;l&#8217;\u00e9l\u00e9ment incrimin\u00e9 manque d&#8217;\u00e9quilibre de traitement en ce sens que le journaliste ne donne que la version de ses sources, qu&#8217;il qualifie de concordantes sans jamais prendre en compte la version des Forces arm\u00e9es maliennes diffus\u00e9e par la Direction de l&#8217;information et des relations publiques (DIRPA)&#8221;.<br><br>&#8221;De ce fait, il a manqu\u00e9 de pr\u00e9caution d&#8217;usage et de r\u00e9serve habituelle du journaliste qui consistent \u00e0 employer le conditionnel pour des faits qu&#8217;il rend publics sans v\u00e9rification&#8221;, poursuit la m\u00eame source, ajoutant que &#8221;cette sanction de suspension fait aussi suite \u00e0 un avertissement que le coll\u00e8ge de la HAC a adress\u00e9 \u00e0 TV5 Monde le 15 mai 2023 pour des manquements similaires&#8221;.<\/p>\n\n\n\n<p>Et d&#8217;ajouter : \u00ab Au regard de tout ce qui pr\u00e9c\u00e8de, le coll\u00e8ge de la HAC a constat\u00e9 et sanctionn\u00e9 ces manquements conform\u00e9ment au d\u00e9cret 2016-0626 du 25 ao\u00fbt 2016 d\u00e9terminant les conditions de mise en \u0153uvre des sanctions non p\u00e9nales prononc\u00e9es par la HAC \u00bb.<br><br>&#8212; TV5 Monde r\u00e9agit<\/p>\n\n\n\n<p>Suite \u00e0 cette d\u00e9cision de suspension, TV5 Monde a r\u00e9agi sur son site, exprimant son regret de n&#8217;\u00eatre pas avis\u00e9e au pr\u00e9alable pour donner ses explications.<\/p>\n\n\n\n<p>Dans un article consult\u00e9 par Anadolu, la cha\u00eene &#8220;regrette cette situation et notamment de ne pas avoir \u00e9t\u00e9 saisie par la HAC et de n\u2019avoir pu apporter des explications au regard des faits qui lui sont reproch\u00e9s&#8221;, peut-on lire dans sa r\u00e9action.<\/p>\n\n\n\n<p>Elle a, par ailleurs, pr\u00e9cis\u00e9 qu&#8217;au moment o\u00f9 l&#8217;information des frappes de drone avait \u00e9t\u00e9 donn\u00e9e par TV5 Monde, l\u2019arm\u00e9e malienne n\u2019avait pas encore donn\u00e9 sa version des faits, et ce, malgr\u00e9 leur sollicitation directe. &#8220;La version de l&#8217;arm\u00e9e a \u00e9t\u00e9 donn\u00e9e par la cha\u00eene dans une br\u00e8ve dat\u00e9e du 26 ao\u00fbt&#8221; poursuit la cha\u00eene TV5 Monde.<br><br>Pour rappel, le Coll\u00e8ge de la Haute Autorit\u00e9 de la Communication (HAC) a proc\u00e9d\u00e9 en avril 2022 au retrait d\u00e9finitif de l&#8217;autorisation d&#8217;\u00e9tablissement et d&#8217;exploitation du service de Radio France Internationale (RFI) et de France 24 au Mali pour avoir accus\u00e9 l&#8217;arm\u00e9e malienne d&#8217;exactions sommaires de civils.<\/p>\n\n\n\n<p>La Haute Autorit\u00e9 de la Communication a \u00e9galement suspendu en f\u00e9vrier 2024 la cha\u00eene &#8220;France 2&#8221; pour &#8220;des manquements graves \u00e0 l&#8217;\u00e9thique et \u00e0 la d\u00e9ontologie journalistique ainsi qu&#8217;une apologie du terrorisme&#8221;.<br><br>En ao\u00fbt 2024, l&#8217;autorit\u00e9 de r\u00e9gulation a aussi suspendu la t\u00e9l\u00e9vision LCI des bouquets de tous les distributeurs de services de radiodiffusion sonore ou t\u00e9l\u00e9visuelle autoris\u00e9s au Mali pour une p\u00e9riode de deux mois, apr\u00e8s &#8220;des fausses accusations&#8221; d\u2019un consultant de la chaine de t\u00e9l\u00e9vision contre l\u2019arm\u00e9e malienne et ses alli\u00e9s russes.<\/p>\n\n\n\n<p>La suspension de TV5 Monde porte ainsi \u00e0 5 le nombre des m\u00e9dias fran\u00e7ais faisant l&#8217;objet de sanctions au Mali.<\/p>\n","protected":false},"excerpt":{"rendered":"<p>La Haute autorit\u00e9 de la communication du Mali (HAC) a annonc\u00e9, mercredi, avoir suspendu les programmes de la cha\u00eene de t\u00e9l\u00e9vision TV5 Monde des bouquets des distributeurs autoris\u00e9s au Mali pour une p\u00e9riode de 3 mois. Le pr\u00e9sident de la Haute Autorit\u00e9 de la Communication (HAC), Gaoussou Coulibaly, a expliqu\u00e9 dans un communiqu\u00e9 que la<\/p>\n","protected":false},"author":1,"featured_media":4018,"comment_status":"open","ping_status":"open","sticky":false,"template":"","format":"standard","meta":{"footnotes":""},"categories":[79],"tags":[86,683],"class_list":{"0":"post-4744","1":"post","2":"type-post","3":"status-publish","4":"format-standard","5":"has-post-thumbnail","7":"category-publireportage","8":"tag-mali","9":"tag-tv5"},"yoast_head":"<!-- This site is optimized with the Yoast SEO plugin v27.0 - https:\/\/yoast.com\/product\/yoast-seo-wordpress\/ -->\n<title>Mali : suspension de la diffusion de TV5 Monde-Afrique pour trois mois - Loni-infos<\/title>\n<meta name=\"robots\" content=\"index, follow, max-snippet:-1, max-image-preview:large, max-video-preview:-1\" \/>\n<link rel=\"canonical\" href=\"https:\/\/www.loni-infos.com\/index.php\/2024\/09\/12\/mali-suspension-de-la-diffusion-de-tv5-monde-afrique-pour-trois-mois\/\" \/>\n<meta property=\"og:locale\" content=\"fr_FR\" \/>\n<meta property=\"og:type\" content=\"article\" \/>\n<meta property=\"og:title\" content=\"Mali : suspension de la diffusion de TV5 Monde-Afrique pour trois mois - Loni-infos\" \/>\n<meta property=\"og:description\" content=\"La Haute autorit\u00e9 de la communication du Mali (HAC) a annonc\u00e9, mercredi, avoir suspendu les programmes de la cha\u00eene de t\u00e9l\u00e9vision TV5 Monde des bouquets des distributeurs autoris\u00e9s au Mali pour une p\u00e9riode de 3 mois. Le pr\u00e9sident de la Haute Autorit\u00e9 de la Communication (HAC), Gaoussou Coulibaly, a expliqu\u00e9 dans un communiqu\u00e9 que la\" \/>\n<meta property=\"og:url\" content=\"https:\/\/www.loni-infos.com\/index.php\/2024\/09\/12\/mali-suspension-de-la-diffusion-de-tv5-monde-afrique-pour-trois-mois\/\" \/>\n<meta property=\"og:site_name\" content=\"Loni-infos\" \/>\n<meta property=\"article:published_time\" content=\"2024-09-12T09:16:10+00:00\" \/>\n<meta property=\"article:modified_time\" content=\"2024-09-12T09:16:13+00:00\" \/>\n<meta property=\"og:image\" content=\"https:\/\/www.loni-infos.com\/wp-content\/uploads\/2024\/06\/TV5.jpg\" \/>\n\t<meta property=\"og:image:width\" content=\"864\" \/>\n\t<meta property=\"og:image:height\" content=\"486\" \/>\n\t<meta property=\"og:image:type\" content=\"image\/jpeg\" \/>\n<meta name=\"twitter:card\" content=\"summary_large_image\" \/>\n<meta name=\"twitter:label1\" content=\"\u00c9crit par\" \/>\n\t<meta name=\"twitter:data1\" content=\"\" \/>\n\t<meta name=\"twitter:label2\" content=\"Dur\u00e9e de lecture estim\u00e9e\" \/>\n\t<meta name=\"twitter:data2\" content=\"3 minutes\" \/>\n<script type=\"application\/ld+json\" class=\"yoast-schema-graph\">{\"@context\":\"https:\/\/schema.org\",\"@graph\":[{\"@type\":\"Article\",\"@id\":\"https:\/\/www.loni-infos.com\/index.php\/2024\/09\/12\/mali-suspension-de-la-diffusion-de-tv5-monde-afrique-pour-trois-mois\/#article\",\"isPartOf\":{\"@id\":\"https:\/\/www.loni-infos.com\/index.php\/2024\/09\/12\/mali-suspension-de-la-diffusion-de-tv5-monde-afrique-pour-trois-mois\/\"},\"author\":{\"name\":\"\",\"@id\":\"\"},\"headline\":\"Mali : suspension de la diffusion de TV5 Monde-Afrique pour trois mois\",\"datePublished\":\"2024-09-12T09:16:10+00:00\",\"dateModified\":\"2024-09-12T09:16:13+00:00\",\"mainEntityOfPage\":{\"@id\":\"https:\/\/www.loni-infos.com\/index.php\/2024\/09\/12\/mali-suspension-de-la-diffusion-de-tv5-monde-afrique-pour-trois-mois\/\"},\"wordCount\":610,\"commentCount\":0,\"image\":{\"@id\":\"https:\/\/www.loni-infos.com\/index.php\/2024\/09\/12\/mali-suspension-de-la-diffusion-de-tv5-monde-afrique-pour-trois-mois\/#primaryimage\"},\"thumbnailUrl\":\"https:\/\/www.loni-infos.com\/wp-content\/uploads\/2024\/06\/TV5.jpg\",\"keywords\":[\"Mali\",\"TV5\"],\"articleSection\":[\"Publireportage\"],\"inLanguage\":\"fr-FR\",\"potentialAction\":[{\"@type\":\"CommentAction\",\"name\":\"Comment\",\"target\":[\"https:\/\/www.loni-infos.com\/index.php\/2024\/09\/12\/mali-suspension-de-la-diffusion-de-tv5-monde-afrique-pour-trois-mois\/#respond\"]}]},{\"@type\":\"WebPage\",\"@id\":\"https:\/\/www.loni-infos.com\/index.php\/2024\/09\/12\/mali-suspension-de-la-diffusion-de-tv5-monde-afrique-pour-trois-mois\/\",\"url\":\"https:\/\/www.loni-infos.com\/index.php\/2024\/09\/12\/mali-suspension-de-la-diffusion-de-tv5-monde-afrique-pour-trois-mois\/\",\"name\":\"Mali : suspension de la diffusion de TV5 Monde-Afrique pour trois mois - Loni-infos\",\"isPartOf\":{\"@id\":\"https:\/\/www.loni-infos.com\/#website\"},\"primaryImageOfPage\":{\"@id\":\"https:\/\/www.loni-infos.com\/index.php\/2024\/09\/12\/mali-suspension-de-la-diffusion-de-tv5-monde-afrique-pour-trois-mois\/#primaryimage\"},\"image\":{\"@id\":\"https:\/\/www.loni-infos.com\/index.php\/2024\/09\/12\/mali-suspension-de-la-diffusion-de-tv5-monde-afrique-pour-trois-mois\/#primaryimage\"},\"thumbnailUrl\":\"https:\/\/www.loni-infos.com\/wp-content\/uploads\/2024\/06\/TV5.jpg\",\"datePublished\":\"2024-09-12T09:16:10+00:00\",\"dateModified\":\"2024-09-12T09:16:13+00:00\",\"author\":{\"@id\":\"\"},\"breadcrumb\":{\"@id\":\"https:\/\/www.loni-infos.com\/index.php\/2024\/09\/12\/mali-suspension-de-la-diffusion-de-tv5-monde-afrique-pour-trois-mois\/#breadcrumb\"},\"inLanguage\":\"fr-FR\",\"potentialAction\":[{\"@type\":\"ReadAction\",\"target\":[\"https:\/\/www.loni-infos.com\/index.php\/2024\/09\/12\/mali-suspension-de-la-diffusion-de-tv5-monde-afrique-pour-trois-mois\/\"]}]},{\"@type\":\"ImageObject\",\"inLanguage\":\"fr-FR\",\"@id\":\"https:\/\/www.loni-infos.com\/index.php\/2024\/09\/12\/mali-suspension-de-la-diffusion-de-tv5-monde-afrique-pour-trois-mois\/#primaryimage\",\"url\":\"https:\/\/www.loni-infos.com\/wp-content\/uploads\/2024\/06\/TV5.jpg\",\"contentUrl\":\"https:\/\/www.loni-infos.com\/wp-content\/uploads\/2024\/06\/TV5.jpg\",\"width\":864,\"height\":486},{\"@type\":\"BreadcrumbList\",\"@id\":\"https:\/\/www.loni-infos.com\/index.php\/2024\/09\/12\/mali-suspension-de-la-diffusion-de-tv5-monde-afrique-pour-trois-mois\/#breadcrumb\",\"itemListElement\":[{\"@type\":\"ListItem\",\"position\":1,\"name\":\"Accueil\",\"item\":\"https:\/\/www.loni-infos.com\/\"},{\"@type\":\"ListItem\",\"position\":2,\"name\":\"Mali : suspension de la diffusion de TV5 Monde-Afrique pour trois mois\"}]},{\"@type\":\"WebSite\",\"@id\":\"https:\/\/www.loni-infos.com\/#website\",\"url\":\"https:\/\/www.loni-infos.com\/\",\"name\":\"Loni-infos\",\"description\":\"Vous servir des infos est notre devoir\",\"potentialAction\":[{\"@type\":\"SearchAction\",\"target\":{\"@type\":\"EntryPoint\",\"urlTemplate\":\"https:\/\/www.loni-infos.com\/?s={search_term_string}\"},\"query-input\":{\"@type\":\"PropertyValueSpecification\",\"valueRequired\":true,\"valueName\":\"search_term_string\"}}],\"inLanguage\":\"fr-FR\"},{\"@type\":\"Person\",\"@id\":\"\",\"url\":\"https:\/\/www.loni-infos.com\/index.php\/author\/\"}]}<\/script>\n<!-- \/ Yoast SEO plugin. -->","yoast_head_json":{"title":"Mali : suspension de la diffusion de TV5 Monde-Afrique pour trois mois - Loni-infos","robots":{"index":"index","follow":"follow","max-snippet":"max-snippet:-1","max-image-preview":"max-image-preview:large","max-video-preview":"max-video-preview:-1"},"canonical":"https:\/\/www.loni-infos.com\/index.php\/2024\/09\/12\/mali-suspension-de-la-diffusion-de-tv5-monde-afrique-pour-trois-mois\/","og_locale":"fr_FR","og_type":"article","og_title":"Mali : suspension de la diffusion de TV5 Monde-Afrique pour trois mois - Loni-infos","og_description":"La Haute autorit\u00e9 de la communication du Mali (HAC) a annonc\u00e9, mercredi, avoir suspendu les programmes de la cha\u00eene de t\u00e9l\u00e9vision TV5 Monde des bouquets des distributeurs autoris\u00e9s au Mali pour une p\u00e9riode de 3 mois. Le pr\u00e9sident de la Haute Autorit\u00e9 de la Communication (HAC), Gaoussou Coulibaly, a expliqu\u00e9 dans un communiqu\u00e9 que la","og_url":"https:\/\/www.loni-infos.com\/index.php\/2024\/09\/12\/mali-suspension-de-la-diffusion-de-tv5-monde-afrique-pour-trois-mois\/","og_site_name":"Loni-infos","article_published_time":"2024-09-12T09:16:10+00:00","article_modified_time":"2024-09-12T09:16:13+00:00","og_image":[{"width":864,"height":486,"url":"https:\/\/www.loni-infos.com\/wp-content\/uploads\/2024\/06\/TV5.jpg","type":"image\/jpeg"}],"twitter_card":"summary_large_image","twitter_misc":{"\u00c9crit par":"","Dur\u00e9e de lecture estim\u00e9e":"3 minutes"},"schema":{"@context":"https:\/\/schema.org","@graph":[{"@type":"Article","@id":"https:\/\/www.loni-infos.com\/index.php\/2024\/09\/12\/mali-suspension-de-la-diffusion-de-tv5-monde-afrique-pour-trois-mois\/#article","isPartOf":{"@id":"https:\/\/www.loni-infos.com\/index.php\/2024\/09\/12\/mali-suspension-de-la-diffusion-de-tv5-monde-afrique-pour-trois-mois\/"},"author":{"name":"","@id":""},"headline":"Mali : suspension de la diffusion de TV5 Monde-Afrique pour trois mois","datePublished":"2024-09-12T09:16:10+00:00","dateModified":"2024-09-12T09:16:13+00:00","mainEntityOfPage":{"@id":"https:\/\/www.loni-infos.com\/index.php\/2024\/09\/12\/mali-suspension-de-la-diffusion-de-tv5-monde-afrique-pour-trois-mois\/"},"wordCount":610,"commentCount":0,"image":{"@id":"https:\/\/www.loni-infos.com\/index.php\/2024\/09\/12\/mali-suspension-de-la-diffusion-de-tv5-monde-afrique-pour-trois-mois\/#primaryimage"},"thumbnailUrl":"https:\/\/www.loni-infos.com\/wp-content\/uploads\/2024\/06\/TV5.jpg","keywords":["Mali","TV5"],"articleSection":["Publireportage"],"inLanguage":"fr-FR","potentialAction":[{"@type":"CommentAction","name":"Comment","target":["https:\/\/www.loni-infos.com\/index.php\/2024\/09\/12\/mali-suspension-de-la-diffusion-de-tv5-monde-afrique-pour-trois-mois\/#respond"]}]},{"@type":"WebPage","@id":"https:\/\/www.loni-infos.com\/index.php\/2024\/09\/12\/mali-suspension-de-la-diffusion-de-tv5-monde-afrique-pour-trois-mois\/","url":"https:\/\/www.loni-infos.com\/index.php\/2024\/09\/12\/mali-suspension-de-la-diffusion-de-tv5-monde-afrique-pour-trois-mois\/","name":"Mali : suspension de la diffusion de TV5 Monde-Afrique pour trois mois - Loni-infos","isPartOf":{"@id":"https:\/\/www.loni-infos.com\/#website"},"primaryImageOfPage":{"@id":"https:\/\/www.loni-infos.com\/index.php\/2024\/09\/12\/mali-suspension-de-la-diffusion-de-tv5-monde-afrique-pour-trois-mois\/#primaryimage"},"image":{"@id":"https:\/\/www.loni-infos.com\/index.php\/2024\/09\/12\/mali-suspension-de-la-diffusion-de-tv5-monde-afrique-pour-trois-mois\/#primaryimage"},"thumbnailUrl":"https:\/\/www.loni-infos.com\/wp-content\/uploads\/2024\/06\/TV5.jpg","datePublished":"2024-09-12T09:16:10+00:00","dateModified":"2024-09-12T09:16:13+00:00","author":{"@id":""},"breadcrumb":{"@id":"https:\/\/www.loni-infos.com\/index.php\/2024\/09\/12\/mali-suspension-de-la-diffusion-de-tv5-monde-afrique-pour-trois-mois\/#breadcrumb"},"inLanguage":"fr-FR","potentialAction":[{"@type":"ReadAction","target":["https:\/\/www.loni-infos.com\/index.php\/2024\/09\/12\/mali-suspension-de-la-diffusion-de-tv5-monde-afrique-pour-trois-mois\/"]}]},{"@type":"ImageObject","inLanguage":"fr-FR","@id":"https:\/\/www.loni-infos.com\/index.php\/2024\/09\/12\/mali-suspension-de-la-diffusion-de-tv5-monde-afrique-pour-trois-mois\/#primaryimage","url":"https:\/\/www.loni-infos.com\/wp-content\/uploads\/2024\/06\/TV5.jpg","contentUrl":"https:\/\/www.loni-infos.com\/wp-content\/uploads\/2024\/06\/TV5.jpg","width":864,"height":486},{"@type":"BreadcrumbList","@id":"https:\/\/www.loni-infos.com\/index.php\/2024\/09\/12\/mali-suspension-de-la-diffusion-de-tv5-monde-afrique-pour-trois-mois\/#breadcrumb","itemListElement":[{"@type":"ListItem","position":1,"name":"Accueil","item":"https:\/\/www.loni-infos.com\/"},{"@type":"ListItem","position":2,"name":"Mali : suspension de la diffusion de TV5 Monde-Afrique pour trois mois"}]},{"@type":"WebSite","@id":"https:\/\/www.loni-infos.com\/#website","url":"https:\/\/www.loni-infos.com\/","name":"Loni-infos","description":"Vous servir des infos est notre devoir","potentialAction":[{"@type":"SearchAction","target":{"@type":"EntryPoint","urlTemplate":"https:\/\/www.loni-infos.com\/?s={search_term_string}"},"query-input":{"@type":"PropertyValueSpecification","valueRequired":true,"valueName":"search_term_string"}}],"inLanguage":"fr-FR"},{"@type":"Person","@id":"","url":"https:\/\/www.loni-infos.com\/index.php\/author\/"}]}},"_links":{"self":[{"href":"https:\/\/www.loni-infos.com\/index.php\/wp-json\/wp\/v2\/posts\/4744","targetHints":{"allow":["GET"]}}],"collection":[{"href":"https:\/\/www.loni-infos.com\/index.php\/wp-json\/wp\/v2\/posts"}],"about":[{"href":"https:\/\/www.loni-infos.com\/index.php\/wp-json\/wp\/v2\/types\/post"}],"author":[{"embeddable":true,"href":"https:\/\/www.loni-infos.com\/index.php\/wp-json\/wp\/v2\/users\/1"}],"replies":[{"embeddable":true,"href":"https:\/\/www.loni-infos.com\/index.php\/wp-json\/wp\/v2\/comments?post=4744"}],"version-history":[{"count":1,"href":"https:\/\/www.loni-infos.com\/index.php\/wp-json\/wp\/v2\/posts\/4744\/revisions"}],"predecessor-version":[{"id":4745,"href":"https:\/\/www.loni-infos.com\/index.php\/wp-json\/wp\/v2\/posts\/4744\/revisions\/4745"}],"wp:featuredmedia":[{"embeddable":true,"href":"https:\/\/www.loni-infos.com\/index.php\/wp-json\/wp\/v2\/media\/4018"}],"wp:attachment":[{"href":"https:\/\/www.loni-infos.com\/index.php\/wp-json\/wp\/v2\/media?parent=4744"}],"wp:term":[{"taxonomy":"category","embeddable":true,"href":"https:\/\/www.loni-infos.com\/index.php\/wp-json\/wp\/v2\/categories?post=4744"},{"taxonomy":"post_tag","embeddable":true,"href":"https:\/\/www.loni-infos.com\/index.php\/wp-json\/wp\/v2\/tags?post=4744"}],"curies":[{"name":"wp","href":"https:\/\/api.w.org\/{rel}","templated":true}]}}