{"id":5046,"date":"2024-10-17T11:32:51","date_gmt":"2024-10-17T09:32:51","guid":{"rendered":"https:\/\/www.loni-infos.com\/?p=5046"},"modified":"2024-10-17T11:32:54","modified_gmt":"2024-10-17T09:32:54","slug":"mali-le-chef-de-la-junte-le-colonel-goita-promu-general","status":"publish","type":"post","link":"https:\/\/www.loni-infos.com\/index.php\/2024\/10\/17\/mali-le-chef-de-la-junte-le-colonel-goita-promu-general\/","title":{"rendered":"Mali: le chef de la junte, le colonel Go\u00efta, promu g\u00e9n\u00e9ral"},"content":{"rendered":"\n<p>Le chef de la junte au Mali, Assimi Go\u00efta, et cinq des principales figures du r\u00e9gime militaire ont \u00e9t\u00e9 \u00e9lev\u00e9s mercredi du rang de colonel \u00e0 celui de g\u00e9n\u00e9ral, lors du conseil des ministres.<\/p>\n\n\n\n<p>Assimi Go\u00efta, investi chef de l&#8217;Etat en 2021, est fait g\u00e9n\u00e9ral d&#8217;arm\u00e9e &#8220;\u00e0 titre exceptionnel&#8221;, dit le communiqu\u00e9 du conseil des ministres.<\/p>\n\n\n\n<p>Les colonels Sadio Camara, ministre de la D\u00e9fense, Malick Diaw, pr\u00e9sident d&#8217;une assembl\u00e9e tenant lieu d&#8217;organe l\u00e9gislatif, Isma\u00ebl Wagu\u00e9, ministre de la R\u00e9conciliation, et Modibo Kon\u00e9, chef du Renseignement, ont \u00e9t\u00e9 promus g\u00e9n\u00e9raux de corps d&#8217;arm\u00e9e.<\/p>\n\n\n\n<p>Sous la conduite d&#8217;Assimi Go\u00efta, ils forment la junte qui dirige depuis un double coup d&#8217;Etat en 2020 et 2021 ce pays confront\u00e9 \u00e0 la propagation jihadiste et plong\u00e9 dans une crise multidimensionnelle profonde.<\/p>\n\n\n\n<p>Le colonel Abdoulaye Ma\u00efga, porte-parole du gouvernement, devient g\u00e9n\u00e9ral de division.<\/p>\n\n\n\n<p>Ces hommes gouvernent le pays pour ainsi dire sans partage et pour une dur\u00e9e inconnue. Assimi Go\u00efta est cit\u00e9 comme probable candidat \u00e0 une future \u00e9lection pr\u00e9sidentielle. Lui-m\u00eame garde le silence sur le sujet.<\/p>\n","protected":false},"excerpt":{"rendered":"<p>Le chef de la junte au Mali, Assimi Go\u00efta, et cinq des principales figures du r\u00e9gime militaire ont \u00e9t\u00e9 \u00e9lev\u00e9s mercredi du rang de colonel \u00e0 celui de g\u00e9n\u00e9ral, lors du conseil des ministres. Assimi Go\u00efta, investi chef de l&#8217;Etat en 2021, est fait g\u00e9n\u00e9ral d&#8217;arm\u00e9e &#8220;\u00e0 titre exceptionnel&#8221;, dit le communiqu\u00e9 du conseil des<\/p>\n","protected":false},"author":1,"featured_media":5047,"comment_status":"open","ping_status":"open","sticky":false,"template":"","format":"standard","meta":{"footnotes":""},"categories":[32],"tags":[86],"class_list":{"0":"post-5046","1":"post","2":"type-post","3":"status-publish","4":"format-standard","5":"has-post-thumbnail","7":"category-monde","8":"tag-mali"},"yoast_head":"<!-- This site is optimized with the Yoast SEO plugin v27.0 - https:\/\/yoast.com\/product\/yoast-seo-wordpress\/ -->\n<title>Mali: le chef de la junte, le colonel Go\u00efta, promu g\u00e9n\u00e9ral - Loni-infos<\/title>\n<meta name=\"robots\" content=\"index, follow, max-snippet:-1, max-image-preview:large, max-video-preview:-1\" \/>\n<link rel=\"canonical\" href=\"https:\/\/www.loni-infos.com\/index.php\/2024\/10\/17\/mali-le-chef-de-la-junte-le-colonel-goita-promu-general\/\" \/>\n<meta property=\"og:locale\" content=\"fr_FR\" \/>\n<meta property=\"og:type\" content=\"article\" \/>\n<meta property=\"og:title\" content=\"Mali: le chef de la junte, le colonel Go\u00efta, promu g\u00e9n\u00e9ral - Loni-infos\" \/>\n<meta property=\"og:description\" content=\"Le chef de la junte au Mali, Assimi Go\u00efta, et cinq des principales figures du r\u00e9gime militaire ont \u00e9t\u00e9 \u00e9lev\u00e9s mercredi du rang de colonel \u00e0 celui de g\u00e9n\u00e9ral, lors du conseil des ministres. Assimi Go\u00efta, investi chef de l&#8217;Etat en 2021, est fait g\u00e9n\u00e9ral d&#8217;arm\u00e9e &#8220;\u00e0 titre exceptionnel&#8221;, dit le communiqu\u00e9 du conseil des\" \/>\n<meta property=\"og:url\" content=\"https:\/\/www.loni-infos.com\/index.php\/2024\/10\/17\/mali-le-chef-de-la-junte-le-colonel-goita-promu-general\/\" \/>\n<meta property=\"og:site_name\" content=\"Loni-infos\" \/>\n<meta property=\"article:published_time\" content=\"2024-10-17T09:32:51+00:00\" \/>\n<meta property=\"article:modified_time\" content=\"2024-10-17T09:32:54+00:00\" \/>\n<meta property=\"og:image\" content=\"https:\/\/www.loni-infos.com\/wp-content\/uploads\/2024\/10\/Goita-Assimi.png\" \/>\n\t<meta property=\"og:image:width\" content=\"612\" \/>\n\t<meta property=\"og:image:height\" content=\"298\" \/>\n\t<meta property=\"og:image:type\" content=\"image\/png\" \/>\n<meta name=\"twitter:card\" content=\"summary_large_image\" \/>\n<meta name=\"twitter:label1\" content=\"\u00c9crit par\" \/>\n\t<meta name=\"twitter:data1\" content=\"\" \/>\n\t<meta name=\"twitter:label2\" content=\"Dur\u00e9e de lecture estim\u00e9e\" \/>\n\t<meta name=\"twitter:data2\" content=\"1 minute\" \/>\n<script type=\"application\/ld+json\" class=\"yoast-schema-graph\">{\"@context\":\"https:\/\/schema.org\",\"@graph\":[{\"@type\":\"Article\",\"@id\":\"https:\/\/www.loni-infos.com\/index.php\/2024\/10\/17\/mali-le-chef-de-la-junte-le-colonel-goita-promu-general\/#article\",\"isPartOf\":{\"@id\":\"https:\/\/www.loni-infos.com\/index.php\/2024\/10\/17\/mali-le-chef-de-la-junte-le-colonel-goita-promu-general\/\"},\"author\":{\"name\":\"\",\"@id\":\"\"},\"headline\":\"Mali: le chef de la junte, le colonel Go\u00efta, promu g\u00e9n\u00e9ral\",\"datePublished\":\"2024-10-17T09:32:51+00:00\",\"dateModified\":\"2024-10-17T09:32:54+00:00\",\"mainEntityOfPage\":{\"@id\":\"https:\/\/www.loni-infos.com\/index.php\/2024\/10\/17\/mali-le-chef-de-la-junte-le-colonel-goita-promu-general\/\"},\"wordCount\":211,\"commentCount\":0,\"image\":{\"@id\":\"https:\/\/www.loni-infos.com\/index.php\/2024\/10\/17\/mali-le-chef-de-la-junte-le-colonel-goita-promu-general\/#primaryimage\"},\"thumbnailUrl\":\"https:\/\/www.loni-infos.com\/wp-content\/uploads\/2024\/10\/Goita-Assimi.png\",\"keywords\":[\"Mali\"],\"articleSection\":[\"Monde\"],\"inLanguage\":\"fr-FR\",\"potentialAction\":[{\"@type\":\"CommentAction\",\"name\":\"Comment\",\"target\":[\"https:\/\/www.loni-infos.com\/index.php\/2024\/10\/17\/mali-le-chef-de-la-junte-le-colonel-goita-promu-general\/#respond\"]}]},{\"@type\":\"WebPage\",\"@id\":\"https:\/\/www.loni-infos.com\/index.php\/2024\/10\/17\/mali-le-chef-de-la-junte-le-colonel-goita-promu-general\/\",\"url\":\"https:\/\/www.loni-infos.com\/index.php\/2024\/10\/17\/mali-le-chef-de-la-junte-le-colonel-goita-promu-general\/\",\"name\":\"Mali: le chef de la junte, le colonel Go\u00efta, promu g\u00e9n\u00e9ral - Loni-infos\",\"isPartOf\":{\"@id\":\"https:\/\/www.loni-infos.com\/#website\"},\"primaryImageOfPage\":{\"@id\":\"https:\/\/www.loni-infos.com\/index.php\/2024\/10\/17\/mali-le-chef-de-la-junte-le-colonel-goita-promu-general\/#primaryimage\"},\"image\":{\"@id\":\"https:\/\/www.loni-infos.com\/index.php\/2024\/10\/17\/mali-le-chef-de-la-junte-le-colonel-goita-promu-general\/#primaryimage\"},\"thumbnailUrl\":\"https:\/\/www.loni-infos.com\/wp-content\/uploads\/2024\/10\/Goita-Assimi.png\",\"datePublished\":\"2024-10-17T09:32:51+00:00\",\"dateModified\":\"2024-10-17T09:32:54+00:00\",\"author\":{\"@id\":\"\"},\"breadcrumb\":{\"@id\":\"https:\/\/www.loni-infos.com\/index.php\/2024\/10\/17\/mali-le-chef-de-la-junte-le-colonel-goita-promu-general\/#breadcrumb\"},\"inLanguage\":\"fr-FR\",\"potentialAction\":[{\"@type\":\"ReadAction\",\"target\":[\"https:\/\/www.loni-infos.com\/index.php\/2024\/10\/17\/mali-le-chef-de-la-junte-le-colonel-goita-promu-general\/\"]}]},{\"@type\":\"ImageObject\",\"inLanguage\":\"fr-FR\",\"@id\":\"https:\/\/www.loni-infos.com\/index.php\/2024\/10\/17\/mali-le-chef-de-la-junte-le-colonel-goita-promu-general\/#primaryimage\",\"url\":\"https:\/\/www.loni-infos.com\/wp-content\/uploads\/2024\/10\/Goita-Assimi.png\",\"contentUrl\":\"https:\/\/www.loni-infos.com\/wp-content\/uploads\/2024\/10\/Goita-Assimi.png\",\"width\":612,\"height\":298},{\"@type\":\"BreadcrumbList\",\"@id\":\"https:\/\/www.loni-infos.com\/index.php\/2024\/10\/17\/mali-le-chef-de-la-junte-le-colonel-goita-promu-general\/#breadcrumb\",\"itemListElement\":[{\"@type\":\"ListItem\",\"position\":1,\"name\":\"Accueil\",\"item\":\"https:\/\/www.loni-infos.com\/\"},{\"@type\":\"ListItem\",\"position\":2,\"name\":\"Mali: le chef de la junte, le colonel Go\u00efta, promu g\u00e9n\u00e9ral\"}]},{\"@type\":\"WebSite\",\"@id\":\"https:\/\/www.loni-infos.com\/#website\",\"url\":\"https:\/\/www.loni-infos.com\/\",\"name\":\"Loni-infos\",\"description\":\"Vous servir des infos est notre devoir\",\"potentialAction\":[{\"@type\":\"SearchAction\",\"target\":{\"@type\":\"EntryPoint\",\"urlTemplate\":\"https:\/\/www.loni-infos.com\/?s={search_term_string}\"},\"query-input\":{\"@type\":\"PropertyValueSpecification\",\"valueRequired\":true,\"valueName\":\"search_term_string\"}}],\"inLanguage\":\"fr-FR\"},{\"@type\":\"Person\",\"@id\":\"\",\"url\":\"https:\/\/www.loni-infos.com\/index.php\/author\/\"}]}<\/script>\n<!-- \/ Yoast SEO plugin. -->","yoast_head_json":{"title":"Mali: le chef de la junte, le colonel Go\u00efta, promu g\u00e9n\u00e9ral - Loni-infos","robots":{"index":"index","follow":"follow","max-snippet":"max-snippet:-1","max-image-preview":"max-image-preview:large","max-video-preview":"max-video-preview:-1"},"canonical":"https:\/\/www.loni-infos.com\/index.php\/2024\/10\/17\/mali-le-chef-de-la-junte-le-colonel-goita-promu-general\/","og_locale":"fr_FR","og_type":"article","og_title":"Mali: le chef de la junte, le colonel Go\u00efta, promu g\u00e9n\u00e9ral - Loni-infos","og_description":"Le chef de la junte au Mali, Assimi Go\u00efta, et cinq des principales figures du r\u00e9gime militaire ont \u00e9t\u00e9 \u00e9lev\u00e9s mercredi du rang de colonel \u00e0 celui de g\u00e9n\u00e9ral, lors du conseil des ministres. Assimi Go\u00efta, investi chef de l&#8217;Etat en 2021, est fait g\u00e9n\u00e9ral d&#8217;arm\u00e9e &#8220;\u00e0 titre exceptionnel&#8221;, dit le communiqu\u00e9 du conseil des","og_url":"https:\/\/www.loni-infos.com\/index.php\/2024\/10\/17\/mali-le-chef-de-la-junte-le-colonel-goita-promu-general\/","og_site_name":"Loni-infos","article_published_time":"2024-10-17T09:32:51+00:00","article_modified_time":"2024-10-17T09:32:54+00:00","og_image":[{"width":612,"height":298,"url":"https:\/\/www.loni-infos.com\/wp-content\/uploads\/2024\/10\/Goita-Assimi.png","type":"image\/png"}],"twitter_card":"summary_large_image","twitter_misc":{"\u00c9crit par":"","Dur\u00e9e de lecture estim\u00e9e":"1 minute"},"schema":{"@context":"https:\/\/schema.org","@graph":[{"@type":"Article","@id":"https:\/\/www.loni-infos.com\/index.php\/2024\/10\/17\/mali-le-chef-de-la-junte-le-colonel-goita-promu-general\/#article","isPartOf":{"@id":"https:\/\/www.loni-infos.com\/index.php\/2024\/10\/17\/mali-le-chef-de-la-junte-le-colonel-goita-promu-general\/"},"author":{"name":"","@id":""},"headline":"Mali: le chef de la junte, le colonel Go\u00efta, promu g\u00e9n\u00e9ral","datePublished":"2024-10-17T09:32:51+00:00","dateModified":"2024-10-17T09:32:54+00:00","mainEntityOfPage":{"@id":"https:\/\/www.loni-infos.com\/index.php\/2024\/10\/17\/mali-le-chef-de-la-junte-le-colonel-goita-promu-general\/"},"wordCount":211,"commentCount":0,"image":{"@id":"https:\/\/www.loni-infos.com\/index.php\/2024\/10\/17\/mali-le-chef-de-la-junte-le-colonel-goita-promu-general\/#primaryimage"},"thumbnailUrl":"https:\/\/www.loni-infos.com\/wp-content\/uploads\/2024\/10\/Goita-Assimi.png","keywords":["Mali"],"articleSection":["Monde"],"inLanguage":"fr-FR","potentialAction":[{"@type":"CommentAction","name":"Comment","target":["https:\/\/www.loni-infos.com\/index.php\/2024\/10\/17\/mali-le-chef-de-la-junte-le-colonel-goita-promu-general\/#respond"]}]},{"@type":"WebPage","@id":"https:\/\/www.loni-infos.com\/index.php\/2024\/10\/17\/mali-le-chef-de-la-junte-le-colonel-goita-promu-general\/","url":"https:\/\/www.loni-infos.com\/index.php\/2024\/10\/17\/mali-le-chef-de-la-junte-le-colonel-goita-promu-general\/","name":"Mali: le chef de la junte, le colonel Go\u00efta, promu g\u00e9n\u00e9ral - Loni-infos","isPartOf":{"@id":"https:\/\/www.loni-infos.com\/#website"},"primaryImageOfPage":{"@id":"https:\/\/www.loni-infos.com\/index.php\/2024\/10\/17\/mali-le-chef-de-la-junte-le-colonel-goita-promu-general\/#primaryimage"},"image":{"@id":"https:\/\/www.loni-infos.com\/index.php\/2024\/10\/17\/mali-le-chef-de-la-junte-le-colonel-goita-promu-general\/#primaryimage"},"thumbnailUrl":"https:\/\/www.loni-infos.com\/wp-content\/uploads\/2024\/10\/Goita-Assimi.png","datePublished":"2024-10-17T09:32:51+00:00","dateModified":"2024-10-17T09:32:54+00:00","author":{"@id":""},"breadcrumb":{"@id":"https:\/\/www.loni-infos.com\/index.php\/2024\/10\/17\/mali-le-chef-de-la-junte-le-colonel-goita-promu-general\/#breadcrumb"},"inLanguage":"fr-FR","potentialAction":[{"@type":"ReadAction","target":["https:\/\/www.loni-infos.com\/index.php\/2024\/10\/17\/mali-le-chef-de-la-junte-le-colonel-goita-promu-general\/"]}]},{"@type":"ImageObject","inLanguage":"fr-FR","@id":"https:\/\/www.loni-infos.com\/index.php\/2024\/10\/17\/mali-le-chef-de-la-junte-le-colonel-goita-promu-general\/#primaryimage","url":"https:\/\/www.loni-infos.com\/wp-content\/uploads\/2024\/10\/Goita-Assimi.png","contentUrl":"https:\/\/www.loni-infos.com\/wp-content\/uploads\/2024\/10\/Goita-Assimi.png","width":612,"height":298},{"@type":"BreadcrumbList","@id":"https:\/\/www.loni-infos.com\/index.php\/2024\/10\/17\/mali-le-chef-de-la-junte-le-colonel-goita-promu-general\/#breadcrumb","itemListElement":[{"@type":"ListItem","position":1,"name":"Accueil","item":"https:\/\/www.loni-infos.com\/"},{"@type":"ListItem","position":2,"name":"Mali: le chef de la junte, le colonel Go\u00efta, promu g\u00e9n\u00e9ral"}]},{"@type":"WebSite","@id":"https:\/\/www.loni-infos.com\/#website","url":"https:\/\/www.loni-infos.com\/","name":"Loni-infos","description":"Vous servir des infos est notre devoir","potentialAction":[{"@type":"SearchAction","target":{"@type":"EntryPoint","urlTemplate":"https:\/\/www.loni-infos.com\/?s={search_term_string}"},"query-input":{"@type":"PropertyValueSpecification","valueRequired":true,"valueName":"search_term_string"}}],"inLanguage":"fr-FR"},{"@type":"Person","@id":"","url":"https:\/\/www.loni-infos.com\/index.php\/author\/"}]}},"_links":{"self":[{"href":"https:\/\/www.loni-infos.com\/index.php\/wp-json\/wp\/v2\/posts\/5046","targetHints":{"allow":["GET"]}}],"collection":[{"href":"https:\/\/www.loni-infos.com\/index.php\/wp-json\/wp\/v2\/posts"}],"about":[{"href":"https:\/\/www.loni-infos.com\/index.php\/wp-json\/wp\/v2\/types\/post"}],"author":[{"embeddable":true,"href":"https:\/\/www.loni-infos.com\/index.php\/wp-json\/wp\/v2\/users\/1"}],"replies":[{"embeddable":true,"href":"https:\/\/www.loni-infos.com\/index.php\/wp-json\/wp\/v2\/comments?post=5046"}],"version-history":[{"count":1,"href":"https:\/\/www.loni-infos.com\/index.php\/wp-json\/wp\/v2\/posts\/5046\/revisions"}],"predecessor-version":[{"id":5048,"href":"https:\/\/www.loni-infos.com\/index.php\/wp-json\/wp\/v2\/posts\/5046\/revisions\/5048"}],"wp:featuredmedia":[{"embeddable":true,"href":"https:\/\/www.loni-infos.com\/index.php\/wp-json\/wp\/v2\/media\/5047"}],"wp:attachment":[{"href":"https:\/\/www.loni-infos.com\/index.php\/wp-json\/wp\/v2\/media?parent=5046"}],"wp:term":[{"taxonomy":"category","embeddable":true,"href":"https:\/\/www.loni-infos.com\/index.php\/wp-json\/wp\/v2\/categories?post=5046"},{"taxonomy":"post_tag","embeddable":true,"href":"https:\/\/www.loni-infos.com\/index.php\/wp-json\/wp\/v2\/tags?post=5046"}],"curies":[{"name":"wp","href":"https:\/\/api.w.org\/{rel}","templated":true}]}}