{"id":5645,"date":"2025-01-06T13:32:09","date_gmt":"2025-01-06T12:32:09","guid":{"rendered":"https:\/\/www.loni-infos.com\/?p=5645"},"modified":"2025-01-06T13:32:13","modified_gmt":"2025-01-06T12:32:13","slug":"conakry-paralysee-par-lappel-a-manifester-tensions-et-incertitudes","status":"publish","type":"post","link":"https:\/\/www.loni-infos.com\/index.php\/2025\/01\/06\/conakry-paralysee-par-lappel-a-manifester-tensions-et-incertitudes\/","title":{"rendered":"Conakry paralys\u00e9e par l\u2019appel \u00e0 manifester : tensions et incertitudes"},"content":{"rendered":"\n<p>L\u2019appel \u00e0 la mobilisation lanc\u00e9 par les forces vives de Guin\u00e9e, r\u00e9clamant le d\u00e9part du CNRD, a plong\u00e9 Conakry dans une atmosph\u00e8re de tension ce lundi 6 janvier 2025. Malgr\u00e9 les assurances des autorit\u00e9s invitant les citoyens \u00e0 vaquer librement \u00e0 leurs occupations, la circulation a \u00e9t\u00e9 fortement perturb\u00e9e dans plusieurs quartiers de la capitale, notamment sur l\u2019axe Kagbelen -Hamdallaye<\/p>\n\n\n\n<p>D\u00e8s les premi\u00e8res heures de la matin\u00e9e, il \u00e9tait clair que cette journ\u00e9e serait marqu\u00e9e par des restrictions de mouvement. Les forces de l\u2019ordre, d\u00e9ploy\u00e9es en nombre aux principaux carrefours, ont tent\u00e9 de maintenir un semblant d&#8217;ordre. Cependant, de nombreux citoyens, craignant des affrontements, ont pr\u00e9f\u00e9r\u00e9 rester clo\u00eetr\u00e9s chez eux.<\/p>\n\n\n\n<p>La circulation a \u00e9t\u00e9 fortement perturb\u00e9e, notamment sur l\u2019axe Kip\u00e9-Taouyah. &nbsp;Sur la route le prince, les carrefours strat\u00e9giques, occup\u00e9s par des v\u00e9hicules blind\u00e9s, ont \u00e9t\u00e9 transform\u00e9s en v\u00e9ritables forteresses. Cette situation a cr\u00e9\u00e9 un climat d\u2019ins\u00e9curit\u00e9 et a pouss\u00e9 de nombreux citoyens \u00e0 annuler leurs d\u00e9placements. Toutefois, Coleah et Kaloum ont compl\u00e9tement boud\u00e9 le mot d\u2019ordre de manifestation. Administration publique et priv\u00e9e fonctionnent normalement.<\/p>\n\n\n\n<p>L\u2019appel \u00e0 manifester lanc\u00e9 par les forces vives de Guin\u00e9e a eu des r\u00e9percussions importantes sur la vie quotidienne des habitants de Conakry. La ville, habituellement anim\u00e9e, s\u2019est retrouv\u00e9e paralys\u00e9e par la peur et l\u2019incertitude. Les prochains jours s\u2019annoncent d\u00e9cisifs pour l\u2019avenir de la Guin\u00e9e.<\/p>\n","protected":false},"excerpt":{"rendered":"<p>L\u2019appel \u00e0 la mobilisation lanc\u00e9 par les forces vives de Guin\u00e9e, r\u00e9clamant le d\u00e9part du CNRD, a plong\u00e9 Conakry dans une atmosph\u00e8re de tension ce lundi 6 janvier 2025. Malgr\u00e9 les assurances des autorit\u00e9s invitant les citoyens \u00e0 vaquer librement \u00e0 leurs occupations, la circulation a \u00e9t\u00e9 fortement perturb\u00e9e dans plusieurs quartiers de la capitale,<\/p>\n","protected":false},"author":1,"featured_media":5646,"comment_status":"open","ping_status":"open","sticky":false,"template":"","format":"standard","meta":{"footnotes":""},"categories":[20],"tags":[19,614,267,899,17,356,167,905,917],"class_list":{"0":"post-5645","1":"post","2":"type-post","3":"status-publish","4":"format-standard","5":"has-post-thumbnail","7":"category-societe","8":"tag-cnrd","9":"tag-conakry","10":"tag-economie-2","11":"tag-forces-vives","12":"tag-guinee","13":"tag-insecurite","14":"tag-manifestation","15":"tag-opposition","16":"tag-repression"},"yoast_head":"<!-- This site is optimized with the Yoast SEO plugin v27.0 - https:\/\/yoast.com\/product\/yoast-seo-wordpress\/ -->\n<title>Conakry paralys\u00e9e par l\u2019appel \u00e0 manifester : tensions et incertitudes - Loni-infos<\/title>\n<meta name=\"robots\" content=\"index, follow, max-snippet:-1, max-image-preview:large, max-video-preview:-1\" \/>\n<link rel=\"canonical\" href=\"https:\/\/www.loni-infos.com\/index.php\/2025\/01\/06\/conakry-paralysee-par-lappel-a-manifester-tensions-et-incertitudes\/\" \/>\n<meta property=\"og:locale\" content=\"fr_FR\" \/>\n<meta property=\"og:type\" content=\"article\" \/>\n<meta property=\"og:title\" content=\"Conakry paralys\u00e9e par l\u2019appel \u00e0 manifester : tensions et incertitudes - Loni-infos\" \/>\n<meta property=\"og:description\" content=\"L\u2019appel \u00e0 la mobilisation lanc\u00e9 par les forces vives de Guin\u00e9e, r\u00e9clamant le d\u00e9part du CNRD, a plong\u00e9 Conakry dans une atmosph\u00e8re de tension ce lundi 6 janvier 2025. Malgr\u00e9 les assurances des autorit\u00e9s invitant les citoyens \u00e0 vaquer librement \u00e0 leurs occupations, la circulation a \u00e9t\u00e9 fortement perturb\u00e9e dans plusieurs quartiers de la capitale,\" \/>\n<meta property=\"og:url\" content=\"https:\/\/www.loni-infos.com\/index.php\/2025\/01\/06\/conakry-paralysee-par-lappel-a-manifester-tensions-et-incertitudes\/\" \/>\n<meta property=\"og:site_name\" content=\"Loni-infos\" \/>\n<meta property=\"article:published_time\" content=\"2025-01-06T12:32:09+00:00\" \/>\n<meta property=\"article:modified_time\" content=\"2025-01-06T12:32:13+00:00\" \/>\n<meta property=\"og:image\" content=\"https:\/\/www.loni-infos.com\/wp-content\/uploads\/2025\/01\/WhatsApp-Image-2025-01-06-at-12.30.36.jpeg\" \/>\n\t<meta property=\"og:image:width\" content=\"621\" \/>\n\t<meta property=\"og:image:height\" content=\"615\" \/>\n\t<meta property=\"og:image:type\" content=\"image\/jpeg\" \/>\n<meta name=\"twitter:card\" content=\"summary_large_image\" \/>\n<meta name=\"twitter:label1\" content=\"\u00c9crit par\" \/>\n\t<meta name=\"twitter:data1\" content=\"\" \/>\n\t<meta name=\"twitter:label2\" content=\"Dur\u00e9e de lecture estim\u00e9e\" \/>\n\t<meta name=\"twitter:data2\" content=\"2 minutes\" \/>\n<script type=\"application\/ld+json\" class=\"yoast-schema-graph\">{\"@context\":\"https:\/\/schema.org\",\"@graph\":[{\"@type\":\"Article\",\"@id\":\"https:\/\/www.loni-infos.com\/index.php\/2025\/01\/06\/conakry-paralysee-par-lappel-a-manifester-tensions-et-incertitudes\/#article\",\"isPartOf\":{\"@id\":\"https:\/\/www.loni-infos.com\/index.php\/2025\/01\/06\/conakry-paralysee-par-lappel-a-manifester-tensions-et-incertitudes\/\"},\"author\":{\"name\":\"\",\"@id\":\"\"},\"headline\":\"Conakry paralys\u00e9e par l\u2019appel \u00e0 manifester : tensions et incertitudes\",\"datePublished\":\"2025-01-06T12:32:09+00:00\",\"dateModified\":\"2025-01-06T12:32:13+00:00\",\"mainEntityOfPage\":{\"@id\":\"https:\/\/www.loni-infos.com\/index.php\/2025\/01\/06\/conakry-paralysee-par-lappel-a-manifester-tensions-et-incertitudes\/\"},\"wordCount\":271,\"commentCount\":0,\"image\":{\"@id\":\"https:\/\/www.loni-infos.com\/index.php\/2025\/01\/06\/conakry-paralysee-par-lappel-a-manifester-tensions-et-incertitudes\/#primaryimage\"},\"thumbnailUrl\":\"https:\/\/www.loni-infos.com\/wp-content\/uploads\/2025\/01\/WhatsApp-Image-2025-01-06-at-12.30.36.jpeg\",\"keywords\":[\"CNRD\",\"Conakry\",\"\u00e9conomie\",\"Forces vives\",\"Guin\u00e9e\",\"Ins\u00e9curit\u00e9\",\"Manifestation\",\"Opposition\",\"r\u00e9pression\"],\"articleSection\":[\"Soci\u00e9t\u00e9\"],\"inLanguage\":\"fr-FR\",\"potentialAction\":[{\"@type\":\"CommentAction\",\"name\":\"Comment\",\"target\":[\"https:\/\/www.loni-infos.com\/index.php\/2025\/01\/06\/conakry-paralysee-par-lappel-a-manifester-tensions-et-incertitudes\/#respond\"]}]},{\"@type\":\"WebPage\",\"@id\":\"https:\/\/www.loni-infos.com\/index.php\/2025\/01\/06\/conakry-paralysee-par-lappel-a-manifester-tensions-et-incertitudes\/\",\"url\":\"https:\/\/www.loni-infos.com\/index.php\/2025\/01\/06\/conakry-paralysee-par-lappel-a-manifester-tensions-et-incertitudes\/\",\"name\":\"Conakry paralys\u00e9e par l\u2019appel \u00e0 manifester : tensions et incertitudes - Loni-infos\",\"isPartOf\":{\"@id\":\"https:\/\/www.loni-infos.com\/#website\"},\"primaryImageOfPage\":{\"@id\":\"https:\/\/www.loni-infos.com\/index.php\/2025\/01\/06\/conakry-paralysee-par-lappel-a-manifester-tensions-et-incertitudes\/#primaryimage\"},\"image\":{\"@id\":\"https:\/\/www.loni-infos.com\/index.php\/2025\/01\/06\/conakry-paralysee-par-lappel-a-manifester-tensions-et-incertitudes\/#primaryimage\"},\"thumbnailUrl\":\"https:\/\/www.loni-infos.com\/wp-content\/uploads\/2025\/01\/WhatsApp-Image-2025-01-06-at-12.30.36.jpeg\",\"datePublished\":\"2025-01-06T12:32:09+00:00\",\"dateModified\":\"2025-01-06T12:32:13+00:00\",\"author\":{\"@id\":\"\"},\"breadcrumb\":{\"@id\":\"https:\/\/www.loni-infos.com\/index.php\/2025\/01\/06\/conakry-paralysee-par-lappel-a-manifester-tensions-et-incertitudes\/#breadcrumb\"},\"inLanguage\":\"fr-FR\",\"potentialAction\":[{\"@type\":\"ReadAction\",\"target\":[\"https:\/\/www.loni-infos.com\/index.php\/2025\/01\/06\/conakry-paralysee-par-lappel-a-manifester-tensions-et-incertitudes\/\"]}]},{\"@type\":\"ImageObject\",\"inLanguage\":\"fr-FR\",\"@id\":\"https:\/\/www.loni-infos.com\/index.php\/2025\/01\/06\/conakry-paralysee-par-lappel-a-manifester-tensions-et-incertitudes\/#primaryimage\",\"url\":\"https:\/\/www.loni-infos.com\/wp-content\/uploads\/2025\/01\/WhatsApp-Image-2025-01-06-at-12.30.36.jpeg\",\"contentUrl\":\"https:\/\/www.loni-infos.com\/wp-content\/uploads\/2025\/01\/WhatsApp-Image-2025-01-06-at-12.30.36.jpeg\",\"width\":621,\"height\":615},{\"@type\":\"BreadcrumbList\",\"@id\":\"https:\/\/www.loni-infos.com\/index.php\/2025\/01\/06\/conakry-paralysee-par-lappel-a-manifester-tensions-et-incertitudes\/#breadcrumb\",\"itemListElement\":[{\"@type\":\"ListItem\",\"position\":1,\"name\":\"Accueil\",\"item\":\"https:\/\/www.loni-infos.com\/\"},{\"@type\":\"ListItem\",\"position\":2,\"name\":\"Conakry paralys\u00e9e par l\u2019appel \u00e0 manifester : tensions et incertitudes\"}]},{\"@type\":\"WebSite\",\"@id\":\"https:\/\/www.loni-infos.com\/#website\",\"url\":\"https:\/\/www.loni-infos.com\/\",\"name\":\"Loni-infos\",\"description\":\"Vous servir des infos est notre devoir\",\"potentialAction\":[{\"@type\":\"SearchAction\",\"target\":{\"@type\":\"EntryPoint\",\"urlTemplate\":\"https:\/\/www.loni-infos.com\/?s={search_term_string}\"},\"query-input\":{\"@type\":\"PropertyValueSpecification\",\"valueRequired\":true,\"valueName\":\"search_term_string\"}}],\"inLanguage\":\"fr-FR\"},{\"@type\":\"Person\",\"@id\":\"\",\"url\":\"https:\/\/www.loni-infos.com\/index.php\/author\/\"}]}<\/script>\n<!-- \/ Yoast SEO plugin. -->","yoast_head_json":{"title":"Conakry paralys\u00e9e par l\u2019appel \u00e0 manifester : tensions et incertitudes - Loni-infos","robots":{"index":"index","follow":"follow","max-snippet":"max-snippet:-1","max-image-preview":"max-image-preview:large","max-video-preview":"max-video-preview:-1"},"canonical":"https:\/\/www.loni-infos.com\/index.php\/2025\/01\/06\/conakry-paralysee-par-lappel-a-manifester-tensions-et-incertitudes\/","og_locale":"fr_FR","og_type":"article","og_title":"Conakry paralys\u00e9e par l\u2019appel \u00e0 manifester : tensions et incertitudes - Loni-infos","og_description":"L\u2019appel \u00e0 la mobilisation lanc\u00e9 par les forces vives de Guin\u00e9e, r\u00e9clamant le d\u00e9part du CNRD, a plong\u00e9 Conakry dans une atmosph\u00e8re de tension ce lundi 6 janvier 2025. Malgr\u00e9 les assurances des autorit\u00e9s invitant les citoyens \u00e0 vaquer librement \u00e0 leurs occupations, la circulation a \u00e9t\u00e9 fortement perturb\u00e9e dans plusieurs quartiers de la capitale,","og_url":"https:\/\/www.loni-infos.com\/index.php\/2025\/01\/06\/conakry-paralysee-par-lappel-a-manifester-tensions-et-incertitudes\/","og_site_name":"Loni-infos","article_published_time":"2025-01-06T12:32:09+00:00","article_modified_time":"2025-01-06T12:32:13+00:00","og_image":[{"width":621,"height":615,"url":"https:\/\/www.loni-infos.com\/wp-content\/uploads\/2025\/01\/WhatsApp-Image-2025-01-06-at-12.30.36.jpeg","type":"image\/jpeg"}],"twitter_card":"summary_large_image","twitter_misc":{"\u00c9crit par":"","Dur\u00e9e de lecture estim\u00e9e":"2 minutes"},"schema":{"@context":"https:\/\/schema.org","@graph":[{"@type":"Article","@id":"https:\/\/www.loni-infos.com\/index.php\/2025\/01\/06\/conakry-paralysee-par-lappel-a-manifester-tensions-et-incertitudes\/#article","isPartOf":{"@id":"https:\/\/www.loni-infos.com\/index.php\/2025\/01\/06\/conakry-paralysee-par-lappel-a-manifester-tensions-et-incertitudes\/"},"author":{"name":"","@id":""},"headline":"Conakry paralys\u00e9e par l\u2019appel \u00e0 manifester : tensions et incertitudes","datePublished":"2025-01-06T12:32:09+00:00","dateModified":"2025-01-06T12:32:13+00:00","mainEntityOfPage":{"@id":"https:\/\/www.loni-infos.com\/index.php\/2025\/01\/06\/conakry-paralysee-par-lappel-a-manifester-tensions-et-incertitudes\/"},"wordCount":271,"commentCount":0,"image":{"@id":"https:\/\/www.loni-infos.com\/index.php\/2025\/01\/06\/conakry-paralysee-par-lappel-a-manifester-tensions-et-incertitudes\/#primaryimage"},"thumbnailUrl":"https:\/\/www.loni-infos.com\/wp-content\/uploads\/2025\/01\/WhatsApp-Image-2025-01-06-at-12.30.36.jpeg","keywords":["CNRD","Conakry","\u00e9conomie","Forces vives","Guin\u00e9e","Ins\u00e9curit\u00e9","Manifestation","Opposition","r\u00e9pression"],"articleSection":["Soci\u00e9t\u00e9"],"inLanguage":"fr-FR","potentialAction":[{"@type":"CommentAction","name":"Comment","target":["https:\/\/www.loni-infos.com\/index.php\/2025\/01\/06\/conakry-paralysee-par-lappel-a-manifester-tensions-et-incertitudes\/#respond"]}]},{"@type":"WebPage","@id":"https:\/\/www.loni-infos.com\/index.php\/2025\/01\/06\/conakry-paralysee-par-lappel-a-manifester-tensions-et-incertitudes\/","url":"https:\/\/www.loni-infos.com\/index.php\/2025\/01\/06\/conakry-paralysee-par-lappel-a-manifester-tensions-et-incertitudes\/","name":"Conakry paralys\u00e9e par l\u2019appel \u00e0 manifester : tensions et incertitudes - Loni-infos","isPartOf":{"@id":"https:\/\/www.loni-infos.com\/#website"},"primaryImageOfPage":{"@id":"https:\/\/www.loni-infos.com\/index.php\/2025\/01\/06\/conakry-paralysee-par-lappel-a-manifester-tensions-et-incertitudes\/#primaryimage"},"image":{"@id":"https:\/\/www.loni-infos.com\/index.php\/2025\/01\/06\/conakry-paralysee-par-lappel-a-manifester-tensions-et-incertitudes\/#primaryimage"},"thumbnailUrl":"https:\/\/www.loni-infos.com\/wp-content\/uploads\/2025\/01\/WhatsApp-Image-2025-01-06-at-12.30.36.jpeg","datePublished":"2025-01-06T12:32:09+00:00","dateModified":"2025-01-06T12:32:13+00:00","author":{"@id":""},"breadcrumb":{"@id":"https:\/\/www.loni-infos.com\/index.php\/2025\/01\/06\/conakry-paralysee-par-lappel-a-manifester-tensions-et-incertitudes\/#breadcrumb"},"inLanguage":"fr-FR","potentialAction":[{"@type":"ReadAction","target":["https:\/\/www.loni-infos.com\/index.php\/2025\/01\/06\/conakry-paralysee-par-lappel-a-manifester-tensions-et-incertitudes\/"]}]},{"@type":"ImageObject","inLanguage":"fr-FR","@id":"https:\/\/www.loni-infos.com\/index.php\/2025\/01\/06\/conakry-paralysee-par-lappel-a-manifester-tensions-et-incertitudes\/#primaryimage","url":"https:\/\/www.loni-infos.com\/wp-content\/uploads\/2025\/01\/WhatsApp-Image-2025-01-06-at-12.30.36.jpeg","contentUrl":"https:\/\/www.loni-infos.com\/wp-content\/uploads\/2025\/01\/WhatsApp-Image-2025-01-06-at-12.30.36.jpeg","width":621,"height":615},{"@type":"BreadcrumbList","@id":"https:\/\/www.loni-infos.com\/index.php\/2025\/01\/06\/conakry-paralysee-par-lappel-a-manifester-tensions-et-incertitudes\/#breadcrumb","itemListElement":[{"@type":"ListItem","position":1,"name":"Accueil","item":"https:\/\/www.loni-infos.com\/"},{"@type":"ListItem","position":2,"name":"Conakry paralys\u00e9e par l\u2019appel \u00e0 manifester : tensions et incertitudes"}]},{"@type":"WebSite","@id":"https:\/\/www.loni-infos.com\/#website","url":"https:\/\/www.loni-infos.com\/","name":"Loni-infos","description":"Vous servir des infos est notre devoir","potentialAction":[{"@type":"SearchAction","target":{"@type":"EntryPoint","urlTemplate":"https:\/\/www.loni-infos.com\/?s={search_term_string}"},"query-input":{"@type":"PropertyValueSpecification","valueRequired":true,"valueName":"search_term_string"}}],"inLanguage":"fr-FR"},{"@type":"Person","@id":"","url":"https:\/\/www.loni-infos.com\/index.php\/author\/"}]}},"_links":{"self":[{"href":"https:\/\/www.loni-infos.com\/index.php\/wp-json\/wp\/v2\/posts\/5645","targetHints":{"allow":["GET"]}}],"collection":[{"href":"https:\/\/www.loni-infos.com\/index.php\/wp-json\/wp\/v2\/posts"}],"about":[{"href":"https:\/\/www.loni-infos.com\/index.php\/wp-json\/wp\/v2\/types\/post"}],"author":[{"embeddable":true,"href":"https:\/\/www.loni-infos.com\/index.php\/wp-json\/wp\/v2\/users\/1"}],"replies":[{"embeddable":true,"href":"https:\/\/www.loni-infos.com\/index.php\/wp-json\/wp\/v2\/comments?post=5645"}],"version-history":[{"count":1,"href":"https:\/\/www.loni-infos.com\/index.php\/wp-json\/wp\/v2\/posts\/5645\/revisions"}],"predecessor-version":[{"id":5647,"href":"https:\/\/www.loni-infos.com\/index.php\/wp-json\/wp\/v2\/posts\/5645\/revisions\/5647"}],"wp:featuredmedia":[{"embeddable":true,"href":"https:\/\/www.loni-infos.com\/index.php\/wp-json\/wp\/v2\/media\/5646"}],"wp:attachment":[{"href":"https:\/\/www.loni-infos.com\/index.php\/wp-json\/wp\/v2\/media?parent=5645"}],"wp:term":[{"taxonomy":"category","embeddable":true,"href":"https:\/\/www.loni-infos.com\/index.php\/wp-json\/wp\/v2\/categories?post=5645"},{"taxonomy":"post_tag","embeddable":true,"href":"https:\/\/www.loni-infos.com\/index.php\/wp-json\/wp\/v2\/tags?post=5645"}],"curies":[{"name":"wp","href":"https:\/\/api.w.org\/{rel}","templated":true}]}}