{"id":585,"date":"2023-07-25T16:33:21","date_gmt":"2023-07-25T14:33:21","guid":{"rendered":"https:\/\/www.loni-infos.com\/?p=585"},"modified":"2023-07-25T16:36:05","modified_gmt":"2023-07-25T14:36:05","slug":"ibrahima-diallo-empeche-de-quitter-la-guinee-son-avocat-denonce","status":"publish","type":"post","link":"https:\/\/www.loni-infos.com\/index.php\/2023\/07\/25\/ibrahima-diallo-empeche-de-quitter-la-guinee-son-avocat-denonce\/","title":{"rendered":"Ibrahima Diallo emp\u00each\u00e9 de quitter la Guin\u00e9e\u00a0: son avocat d\u00e9nonce"},"content":{"rendered":"\n<p>Le responsable en charge des op\u00e9rations du FNDC \u00ab dissous \u00bb officiellement par la junte, est \u00e0 nouveau emp\u00each\u00e9 de quitter le territoire guin\u00e9en. Ibrahima Diallo est bloqu\u00e9 \u00e0 l\u2019a\u00e9roport international Ahmed Sekou Tour\u00e9 dans la soir\u00e9e du lundi. C\u2019est lui-m\u00eame qui en a fait l\u2019annonce.<br>Interrog\u00e9 ce mardi, l\u2019un des avocats d\u2019Ibrahima Diallo d\u00e9plore la d\u00e9cision des autorit\u00e9s a\u00e9roportuaires. Me Alseny A\u00efssata Diallo affirme qu\u2019aucun motif n\u2019a \u00e9t\u00e9 fourni pour justifier cette interdiction. <\/p>\n\n\n\n<p><br>\u00ab\u00a0Ils ont peur de lui, le pouvoir a peur de lui. \u00bb c\u2019est la seule explication que trouve cet avocat pour comprendre cette deuxi\u00e8me interdiction de sortir de la Guin\u00e9e impos\u00e9e \u00e0 son client. <br>Il faut rappeler que l\u2019activiste avait \u00e9t\u00e9 emp\u00each\u00e9 de voyager le 1er juin 2023 par l\u2019ancien commissaire sp\u00e9cial Naby Ibrahima Traor\u00e9. <\/p>\n","protected":false},"excerpt":{"rendered":"<p>Le responsable en charge des op\u00e9rations du FNDC \u00ab dissous \u00bb officiellement par la junte, est \u00e0 nouveau emp\u00each\u00e9 de quitter le territoire guin\u00e9en. Ibrahima Diallo est bloqu\u00e9 \u00e0 l\u2019a\u00e9roport international Ahmed Sekou Tour\u00e9 dans la soir\u00e9e du lundi. C\u2019est lui-m\u00eame qui en a fait l\u2019annonce.Interrog\u00e9 ce mardi, l\u2019un des avocats d\u2019Ibrahima Diallo d\u00e9plore la<\/p>\n","protected":false},"author":1,"featured_media":584,"comment_status":"open","ping_status":"open","sticky":false,"template":"","format":"standard","meta":{"footnotes":""},"categories":[80],"tags":[18,31,17],"class_list":{"0":"post-585","1":"post","2":"type-post","3":"status-publish","4":"format-standard","5":"has-post-thumbnail","7":"category-politique","8":"tag-doumbouya","9":"tag-fndc","10":"tag-guinee"},"yoast_head":"<!-- This site is optimized with the Yoast SEO plugin v27.0 - https:\/\/yoast.com\/product\/yoast-seo-wordpress\/ -->\n<title>Ibrahima Diallo emp\u00each\u00e9 de quitter la Guin\u00e9e\u00a0: son avocat d\u00e9nonce - Loni-infos<\/title>\n<meta name=\"robots\" content=\"index, follow, max-snippet:-1, max-image-preview:large, max-video-preview:-1\" \/>\n<link rel=\"canonical\" href=\"https:\/\/www.loni-infos.com\/index.php\/2023\/07\/25\/ibrahima-diallo-empeche-de-quitter-la-guinee-son-avocat-denonce\/\" \/>\n<meta property=\"og:locale\" content=\"fr_FR\" \/>\n<meta property=\"og:type\" content=\"article\" \/>\n<meta property=\"og:title\" content=\"Ibrahima Diallo emp\u00each\u00e9 de quitter la Guin\u00e9e\u00a0: son avocat d\u00e9nonce - Loni-infos\" \/>\n<meta property=\"og:description\" content=\"Le responsable en charge des op\u00e9rations du FNDC \u00ab dissous \u00bb officiellement par la junte, est \u00e0 nouveau emp\u00each\u00e9 de quitter le territoire guin\u00e9en. Ibrahima Diallo est bloqu\u00e9 \u00e0 l\u2019a\u00e9roport international Ahmed Sekou Tour\u00e9 dans la soir\u00e9e du lundi. C\u2019est lui-m\u00eame qui en a fait l\u2019annonce.Interrog\u00e9 ce mardi, l\u2019un des avocats d\u2019Ibrahima Diallo d\u00e9plore la\" \/>\n<meta property=\"og:url\" content=\"https:\/\/www.loni-infos.com\/index.php\/2023\/07\/25\/ibrahima-diallo-empeche-de-quitter-la-guinee-son-avocat-denonce\/\" \/>\n<meta property=\"og:site_name\" content=\"Loni-infos\" \/>\n<meta property=\"article:published_time\" content=\"2023-07-25T14:33:21+00:00\" \/>\n<meta property=\"article:modified_time\" content=\"2023-07-25T14:36:05+00:00\" \/>\n<meta property=\"og:image\" content=\"https:\/\/www.loni-infos.com\/wp-content\/uploads\/2023\/07\/FB_IMG_1690295713721.jpg\" \/>\n\t<meta property=\"og:image:width\" content=\"720\" \/>\n\t<meta property=\"og:image:height\" content=\"540\" \/>\n\t<meta property=\"og:image:type\" content=\"image\/jpeg\" \/>\n<meta name=\"twitter:card\" content=\"summary_large_image\" \/>\n<meta name=\"twitter:label1\" content=\"\u00c9crit par\" \/>\n\t<meta name=\"twitter:data1\" content=\"\" \/>\n\t<meta name=\"twitter:label2\" content=\"Dur\u00e9e de lecture estim\u00e9e\" \/>\n\t<meta name=\"twitter:data2\" content=\"1 minute\" \/>\n<script type=\"application\/ld+json\" class=\"yoast-schema-graph\">{\"@context\":\"https:\/\/schema.org\",\"@graph\":[{\"@type\":\"Article\",\"@id\":\"https:\/\/www.loni-infos.com\/index.php\/2023\/07\/25\/ibrahima-diallo-empeche-de-quitter-la-guinee-son-avocat-denonce\/#article\",\"isPartOf\":{\"@id\":\"https:\/\/www.loni-infos.com\/index.php\/2023\/07\/25\/ibrahima-diallo-empeche-de-quitter-la-guinee-son-avocat-denonce\/\"},\"author\":{\"name\":\"\",\"@id\":\"\"},\"headline\":\"Ibrahima Diallo emp\u00each\u00e9 de quitter la Guin\u00e9e\u00a0: son avocat d\u00e9nonce\",\"datePublished\":\"2023-07-25T14:33:21+00:00\",\"dateModified\":\"2023-07-25T14:36:05+00:00\",\"mainEntityOfPage\":{\"@id\":\"https:\/\/www.loni-infos.com\/index.php\/2023\/07\/25\/ibrahima-diallo-empeche-de-quitter-la-guinee-son-avocat-denonce\/\"},\"wordCount\":161,\"commentCount\":0,\"image\":{\"@id\":\"https:\/\/www.loni-infos.com\/index.php\/2023\/07\/25\/ibrahima-diallo-empeche-de-quitter-la-guinee-son-avocat-denonce\/#primaryimage\"},\"thumbnailUrl\":\"https:\/\/www.loni-infos.com\/wp-content\/uploads\/2023\/07\/FB_IMG_1690295713721.jpg\",\"keywords\":[\"Doumbouya\",\"FNDC\",\"Guin\u00e9e\"],\"articleSection\":[\"Politique\"],\"inLanguage\":\"fr-FR\",\"potentialAction\":[{\"@type\":\"CommentAction\",\"name\":\"Comment\",\"target\":[\"https:\/\/www.loni-infos.com\/index.php\/2023\/07\/25\/ibrahima-diallo-empeche-de-quitter-la-guinee-son-avocat-denonce\/#respond\"]}]},{\"@type\":\"WebPage\",\"@id\":\"https:\/\/www.loni-infos.com\/index.php\/2023\/07\/25\/ibrahima-diallo-empeche-de-quitter-la-guinee-son-avocat-denonce\/\",\"url\":\"https:\/\/www.loni-infos.com\/index.php\/2023\/07\/25\/ibrahima-diallo-empeche-de-quitter-la-guinee-son-avocat-denonce\/\",\"name\":\"Ibrahima Diallo emp\u00each\u00e9 de quitter la Guin\u00e9e\u00a0: son avocat d\u00e9nonce - Loni-infos\",\"isPartOf\":{\"@id\":\"https:\/\/www.loni-infos.com\/#website\"},\"primaryImageOfPage\":{\"@id\":\"https:\/\/www.loni-infos.com\/index.php\/2023\/07\/25\/ibrahima-diallo-empeche-de-quitter-la-guinee-son-avocat-denonce\/#primaryimage\"},\"image\":{\"@id\":\"https:\/\/www.loni-infos.com\/index.php\/2023\/07\/25\/ibrahima-diallo-empeche-de-quitter-la-guinee-son-avocat-denonce\/#primaryimage\"},\"thumbnailUrl\":\"https:\/\/www.loni-infos.com\/wp-content\/uploads\/2023\/07\/FB_IMG_1690295713721.jpg\",\"datePublished\":\"2023-07-25T14:33:21+00:00\",\"dateModified\":\"2023-07-25T14:36:05+00:00\",\"author\":{\"@id\":\"\"},\"breadcrumb\":{\"@id\":\"https:\/\/www.loni-infos.com\/index.php\/2023\/07\/25\/ibrahima-diallo-empeche-de-quitter-la-guinee-son-avocat-denonce\/#breadcrumb\"},\"inLanguage\":\"fr-FR\",\"potentialAction\":[{\"@type\":\"ReadAction\",\"target\":[\"https:\/\/www.loni-infos.com\/index.php\/2023\/07\/25\/ibrahima-diallo-empeche-de-quitter-la-guinee-son-avocat-denonce\/\"]}]},{\"@type\":\"ImageObject\",\"inLanguage\":\"fr-FR\",\"@id\":\"https:\/\/www.loni-infos.com\/index.php\/2023\/07\/25\/ibrahima-diallo-empeche-de-quitter-la-guinee-son-avocat-denonce\/#primaryimage\",\"url\":\"https:\/\/www.loni-infos.com\/wp-content\/uploads\/2023\/07\/FB_IMG_1690295713721.jpg\",\"contentUrl\":\"https:\/\/www.loni-infos.com\/wp-content\/uploads\/2023\/07\/FB_IMG_1690295713721.jpg\",\"width\":720,\"height\":540},{\"@type\":\"BreadcrumbList\",\"@id\":\"https:\/\/www.loni-infos.com\/index.php\/2023\/07\/25\/ibrahima-diallo-empeche-de-quitter-la-guinee-son-avocat-denonce\/#breadcrumb\",\"itemListElement\":[{\"@type\":\"ListItem\",\"position\":1,\"name\":\"Accueil\",\"item\":\"https:\/\/www.loni-infos.com\/\"},{\"@type\":\"ListItem\",\"position\":2,\"name\":\"Ibrahima Diallo emp\u00each\u00e9 de quitter la Guin\u00e9e\u00a0: son avocat d\u00e9nonce\"}]},{\"@type\":\"WebSite\",\"@id\":\"https:\/\/www.loni-infos.com\/#website\",\"url\":\"https:\/\/www.loni-infos.com\/\",\"name\":\"Loni-infos\",\"description\":\"Vous servir des infos est notre devoir\",\"potentialAction\":[{\"@type\":\"SearchAction\",\"target\":{\"@type\":\"EntryPoint\",\"urlTemplate\":\"https:\/\/www.loni-infos.com\/?s={search_term_string}\"},\"query-input\":{\"@type\":\"PropertyValueSpecification\",\"valueRequired\":true,\"valueName\":\"search_term_string\"}}],\"inLanguage\":\"fr-FR\"},{\"@type\":\"Person\",\"@id\":\"\",\"url\":\"https:\/\/www.loni-infos.com\/index.php\/author\/\"}]}<\/script>\n<!-- \/ Yoast SEO plugin. -->","yoast_head_json":{"title":"Ibrahima Diallo emp\u00each\u00e9 de quitter la Guin\u00e9e\u00a0: son avocat d\u00e9nonce - Loni-infos","robots":{"index":"index","follow":"follow","max-snippet":"max-snippet:-1","max-image-preview":"max-image-preview:large","max-video-preview":"max-video-preview:-1"},"canonical":"https:\/\/www.loni-infos.com\/index.php\/2023\/07\/25\/ibrahima-diallo-empeche-de-quitter-la-guinee-son-avocat-denonce\/","og_locale":"fr_FR","og_type":"article","og_title":"Ibrahima Diallo emp\u00each\u00e9 de quitter la Guin\u00e9e\u00a0: son avocat d\u00e9nonce - Loni-infos","og_description":"Le responsable en charge des op\u00e9rations du FNDC \u00ab dissous \u00bb officiellement par la junte, est \u00e0 nouveau emp\u00each\u00e9 de quitter le territoire guin\u00e9en. Ibrahima Diallo est bloqu\u00e9 \u00e0 l\u2019a\u00e9roport international Ahmed Sekou Tour\u00e9 dans la soir\u00e9e du lundi. C\u2019est lui-m\u00eame qui en a fait l\u2019annonce.Interrog\u00e9 ce mardi, l\u2019un des avocats d\u2019Ibrahima Diallo d\u00e9plore la","og_url":"https:\/\/www.loni-infos.com\/index.php\/2023\/07\/25\/ibrahima-diallo-empeche-de-quitter-la-guinee-son-avocat-denonce\/","og_site_name":"Loni-infos","article_published_time":"2023-07-25T14:33:21+00:00","article_modified_time":"2023-07-25T14:36:05+00:00","og_image":[{"width":720,"height":540,"url":"https:\/\/www.loni-infos.com\/wp-content\/uploads\/2023\/07\/FB_IMG_1690295713721.jpg","type":"image\/jpeg"}],"twitter_card":"summary_large_image","twitter_misc":{"\u00c9crit par":"","Dur\u00e9e de lecture estim\u00e9e":"1 minute"},"schema":{"@context":"https:\/\/schema.org","@graph":[{"@type":"Article","@id":"https:\/\/www.loni-infos.com\/index.php\/2023\/07\/25\/ibrahima-diallo-empeche-de-quitter-la-guinee-son-avocat-denonce\/#article","isPartOf":{"@id":"https:\/\/www.loni-infos.com\/index.php\/2023\/07\/25\/ibrahima-diallo-empeche-de-quitter-la-guinee-son-avocat-denonce\/"},"author":{"name":"","@id":""},"headline":"Ibrahima Diallo emp\u00each\u00e9 de quitter la Guin\u00e9e\u00a0: son avocat d\u00e9nonce","datePublished":"2023-07-25T14:33:21+00:00","dateModified":"2023-07-25T14:36:05+00:00","mainEntityOfPage":{"@id":"https:\/\/www.loni-infos.com\/index.php\/2023\/07\/25\/ibrahima-diallo-empeche-de-quitter-la-guinee-son-avocat-denonce\/"},"wordCount":161,"commentCount":0,"image":{"@id":"https:\/\/www.loni-infos.com\/index.php\/2023\/07\/25\/ibrahima-diallo-empeche-de-quitter-la-guinee-son-avocat-denonce\/#primaryimage"},"thumbnailUrl":"https:\/\/www.loni-infos.com\/wp-content\/uploads\/2023\/07\/FB_IMG_1690295713721.jpg","keywords":["Doumbouya","FNDC","Guin\u00e9e"],"articleSection":["Politique"],"inLanguage":"fr-FR","potentialAction":[{"@type":"CommentAction","name":"Comment","target":["https:\/\/www.loni-infos.com\/index.php\/2023\/07\/25\/ibrahima-diallo-empeche-de-quitter-la-guinee-son-avocat-denonce\/#respond"]}]},{"@type":"WebPage","@id":"https:\/\/www.loni-infos.com\/index.php\/2023\/07\/25\/ibrahima-diallo-empeche-de-quitter-la-guinee-son-avocat-denonce\/","url":"https:\/\/www.loni-infos.com\/index.php\/2023\/07\/25\/ibrahima-diallo-empeche-de-quitter-la-guinee-son-avocat-denonce\/","name":"Ibrahima Diallo emp\u00each\u00e9 de quitter la Guin\u00e9e\u00a0: son avocat d\u00e9nonce - Loni-infos","isPartOf":{"@id":"https:\/\/www.loni-infos.com\/#website"},"primaryImageOfPage":{"@id":"https:\/\/www.loni-infos.com\/index.php\/2023\/07\/25\/ibrahima-diallo-empeche-de-quitter-la-guinee-son-avocat-denonce\/#primaryimage"},"image":{"@id":"https:\/\/www.loni-infos.com\/index.php\/2023\/07\/25\/ibrahima-diallo-empeche-de-quitter-la-guinee-son-avocat-denonce\/#primaryimage"},"thumbnailUrl":"https:\/\/www.loni-infos.com\/wp-content\/uploads\/2023\/07\/FB_IMG_1690295713721.jpg","datePublished":"2023-07-25T14:33:21+00:00","dateModified":"2023-07-25T14:36:05+00:00","author":{"@id":""},"breadcrumb":{"@id":"https:\/\/www.loni-infos.com\/index.php\/2023\/07\/25\/ibrahima-diallo-empeche-de-quitter-la-guinee-son-avocat-denonce\/#breadcrumb"},"inLanguage":"fr-FR","potentialAction":[{"@type":"ReadAction","target":["https:\/\/www.loni-infos.com\/index.php\/2023\/07\/25\/ibrahima-diallo-empeche-de-quitter-la-guinee-son-avocat-denonce\/"]}]},{"@type":"ImageObject","inLanguage":"fr-FR","@id":"https:\/\/www.loni-infos.com\/index.php\/2023\/07\/25\/ibrahima-diallo-empeche-de-quitter-la-guinee-son-avocat-denonce\/#primaryimage","url":"https:\/\/www.loni-infos.com\/wp-content\/uploads\/2023\/07\/FB_IMG_1690295713721.jpg","contentUrl":"https:\/\/www.loni-infos.com\/wp-content\/uploads\/2023\/07\/FB_IMG_1690295713721.jpg","width":720,"height":540},{"@type":"BreadcrumbList","@id":"https:\/\/www.loni-infos.com\/index.php\/2023\/07\/25\/ibrahima-diallo-empeche-de-quitter-la-guinee-son-avocat-denonce\/#breadcrumb","itemListElement":[{"@type":"ListItem","position":1,"name":"Accueil","item":"https:\/\/www.loni-infos.com\/"},{"@type":"ListItem","position":2,"name":"Ibrahima Diallo emp\u00each\u00e9 de quitter la Guin\u00e9e\u00a0: son avocat d\u00e9nonce"}]},{"@type":"WebSite","@id":"https:\/\/www.loni-infos.com\/#website","url":"https:\/\/www.loni-infos.com\/","name":"Loni-infos","description":"Vous servir des infos est notre devoir","potentialAction":[{"@type":"SearchAction","target":{"@type":"EntryPoint","urlTemplate":"https:\/\/www.loni-infos.com\/?s={search_term_string}"},"query-input":{"@type":"PropertyValueSpecification","valueRequired":true,"valueName":"search_term_string"}}],"inLanguage":"fr-FR"},{"@type":"Person","@id":"","url":"https:\/\/www.loni-infos.com\/index.php\/author\/"}]}},"_links":{"self":[{"href":"https:\/\/www.loni-infos.com\/index.php\/wp-json\/wp\/v2\/posts\/585","targetHints":{"allow":["GET"]}}],"collection":[{"href":"https:\/\/www.loni-infos.com\/index.php\/wp-json\/wp\/v2\/posts"}],"about":[{"href":"https:\/\/www.loni-infos.com\/index.php\/wp-json\/wp\/v2\/types\/post"}],"author":[{"embeddable":true,"href":"https:\/\/www.loni-infos.com\/index.php\/wp-json\/wp\/v2\/users\/1"}],"replies":[{"embeddable":true,"href":"https:\/\/www.loni-infos.com\/index.php\/wp-json\/wp\/v2\/comments?post=585"}],"version-history":[{"count":1,"href":"https:\/\/www.loni-infos.com\/index.php\/wp-json\/wp\/v2\/posts\/585\/revisions"}],"predecessor-version":[{"id":586,"href":"https:\/\/www.loni-infos.com\/index.php\/wp-json\/wp\/v2\/posts\/585\/revisions\/586"}],"wp:featuredmedia":[{"embeddable":true,"href":"https:\/\/www.loni-infos.com\/index.php\/wp-json\/wp\/v2\/media\/584"}],"wp:attachment":[{"href":"https:\/\/www.loni-infos.com\/index.php\/wp-json\/wp\/v2\/media?parent=585"}],"wp:term":[{"taxonomy":"category","embeddable":true,"href":"https:\/\/www.loni-infos.com\/index.php\/wp-json\/wp\/v2\/categories?post=585"},{"taxonomy":"post_tag","embeddable":true,"href":"https:\/\/www.loni-infos.com\/index.php\/wp-json\/wp\/v2\/tags?post=585"}],"curies":[{"name":"wp","href":"https:\/\/api.w.org\/{rel}","templated":true}]}}