{"id":6628,"date":"2025-05-07T12:52:33","date_gmt":"2025-05-07T10:52:33","guid":{"rendered":"https:\/\/www.loni-infos.com\/?p=6628"},"modified":"2025-05-07T12:52:37","modified_gmt":"2025-05-07T10:52:37","slug":"les-pays-de-laes-veulent-harmoniser-leur-politique-energetique","status":"publish","type":"post","link":"https:\/\/www.loni-infos.com\/index.php\/2025\/05\/07\/les-pays-de-laes-veulent-harmoniser-leur-politique-energetique\/","title":{"rendered":"Les pays de l\u2019AES veulent harmoniser leur politique \u00e9nerg\u00e9tique"},"content":{"rendered":"\n<p>Le Mali, le Burkina Faso et le Niger, membres de la Conf\u00e9d\u00e9ration de l\u2019Alliance des \u00c9tats du Sahel (AES), ont affich\u00e9 leur volont\u00e9 d\u2019unifier leurs politiques \u00e9nerg\u00e9tiques lors de la premi\u00e8re r\u00e9union des r\u00e9gulateurs du secteur, tenue ce mardi \u00e0 Bamako. La rencontre, pr\u00e9sid\u00e9e par le Premier ministre malien, le g\u00e9n\u00e9ral de division Abdoulaye Ma\u00efga, marque une \u00e9tape importante dans la structuration de l\u2019espace conf\u00e9d\u00e9ral r\u00e9cemment cr\u00e9\u00e9.<\/p>\n\n\n\n<p>Dans son discours d\u2019ouverture, le g\u00e9n\u00e9ral Ma\u00efga a insist\u00e9 sur les ambitions de l\u2019AES : \u00ab L\u2019objectif est de faire de notre espace un cadre de paix, de solidarit\u00e9, de dignit\u00e9, de prosp\u00e9rit\u00e9 et de souverainet\u00e9 retrouv\u00e9e. \u00bb Il a soulign\u00e9 que la mutualisation des ressources et des efforts pourrait aboutir \u00e0 une <strong>meilleure s\u00e9curit\u00e9 \u00e9nerg\u00e9tique<\/strong>, \u00e0 la <strong>r\u00e9duction des co\u00fbts<\/strong>, \u00e0 une <strong>plus grande efficacit\u00e9 du march\u00e9<\/strong> et \u00e0 une <strong>transition \u00e9nerg\u00e9tique facilit\u00e9e<\/strong>, notamment par l\u2019int\u00e9gration des \u00e9nergies renouvelables.<\/p>\n\n\n\n<p>Le chef du gouvernement malien a \u00e9galement mis en avant les atouts consid\u00e9rables dont disposent les trois pays en mati\u00e8re de ressources naturelles : <strong>soleil, vent, eau, uranium, charbon, p\u00e9trole, biomasse<\/strong>. \u00ab L\u2019\u00e9nergie ne doit pas \u00eatre consid\u00e9r\u00e9e comme une simple marchandise, mais comme un levier strat\u00e9gique, voire une arme de d\u00e9fense \u00bb, a-t-il d\u00e9clar\u00e9.<\/p>\n\n\n\n<p>Cependant, les d\u00e9fis restent majeurs. Le Premier ministre a \u00e9num\u00e9r\u00e9 une s\u00e9rie de contraintes structurelles : <strong>faible taux d\u2019acc\u00e8s \u00e0 l\u2019\u00e9lectricit\u00e9, capacit\u00e9s de production limit\u00e9es, \u00e9changes r\u00e9gionaux insuffisants, pertes techniques et commerciales \u00e9lev\u00e9es, d\u00e9ficit d\u2019infrastructures, faiblesse des \u00e9changes commerciaux<\/strong> et <strong>manque de comp\u00e9titivit\u00e9 du secteur priv\u00e9<\/strong>.<\/p>\n\n\n\n<p>Cette premi\u00e8re concertation entre r\u00e9gulateurs \u00e9nerg\u00e9tiques t\u00e9moigne, selon Ma\u00efga, de \u00ab l\u2019unit\u00e9 et de la coh\u00e9sion \u00bb entre les \u00c9tats de l\u2019AES, qui entendent d\u00e9sormais parler d\u2019une seule voix sur les grandes questions r\u00e9gionales, en particulier dans le secteur strat\u00e9gique de l\u2019\u00e9nergie.<\/p>\n","protected":false},"excerpt":{"rendered":"<p>Le Mali, le Burkina Faso et le Niger, membres de la Conf\u00e9d\u00e9ration de l\u2019Alliance des \u00c9tats du Sahel (AES), ont affich\u00e9 leur volont\u00e9 d\u2019unifier leurs politiques \u00e9nerg\u00e9tiques lors de la premi\u00e8re r\u00e9union des r\u00e9gulateurs du secteur, tenue ce mardi \u00e0 Bamako. La rencontre, pr\u00e9sid\u00e9e par le Premier ministre malien, le g\u00e9n\u00e9ral de division Abdoulaye Ma\u00efga,<\/p>\n","protected":false},"author":1,"featured_media":6629,"comment_status":"open","ping_status":"open","sticky":false,"template":"","format":"standard","meta":{"footnotes":""},"categories":[81],"tags":[560,144,141,72,764,86,143],"class_list":{"0":"post-6628","1":"post","2":"type-post","3":"status-publish","4":"format-standard","5":"has-post-thumbnail","7":"category-economie","8":"tag-aes","9":"tag-bazoum","10":"tag-burkina-faso","11":"tag-cedeao","12":"tag-energie","13":"tag-mali","14":"tag-niger"},"yoast_head":"<!-- This site is optimized with the Yoast SEO plugin v27.0 - https:\/\/yoast.com\/product\/yoast-seo-wordpress\/ -->\n<title>Les pays de l\u2019AES veulent harmoniser leur politique \u00e9nerg\u00e9tique - Loni-infos<\/title>\n<meta name=\"robots\" content=\"index, follow, max-snippet:-1, max-image-preview:large, max-video-preview:-1\" \/>\n<link rel=\"canonical\" href=\"https:\/\/www.loni-infos.com\/index.php\/2025\/05\/07\/les-pays-de-laes-veulent-harmoniser-leur-politique-energetique\/\" \/>\n<meta property=\"og:locale\" content=\"fr_FR\" \/>\n<meta property=\"og:type\" content=\"article\" \/>\n<meta property=\"og:title\" content=\"Les pays de l\u2019AES veulent harmoniser leur politique \u00e9nerg\u00e9tique - Loni-infos\" \/>\n<meta property=\"og:description\" content=\"Le Mali, le Burkina Faso et le Niger, membres de la Conf\u00e9d\u00e9ration de l\u2019Alliance des \u00c9tats du Sahel (AES), ont affich\u00e9 leur volont\u00e9 d\u2019unifier leurs politiques \u00e9nerg\u00e9tiques lors de la premi\u00e8re r\u00e9union des r\u00e9gulateurs du secteur, tenue ce mardi \u00e0 Bamako. La rencontre, pr\u00e9sid\u00e9e par le Premier ministre malien, le g\u00e9n\u00e9ral de division Abdoulaye Ma\u00efga,\" \/>\n<meta property=\"og:url\" content=\"https:\/\/www.loni-infos.com\/index.php\/2025\/05\/07\/les-pays-de-laes-veulent-harmoniser-leur-politique-energetique\/\" \/>\n<meta property=\"og:site_name\" content=\"Loni-infos\" \/>\n<meta property=\"article:published_time\" content=\"2025-05-07T10:52:33+00:00\" \/>\n<meta property=\"article:modified_time\" content=\"2025-05-07T10:52:37+00:00\" \/>\n<meta property=\"og:image\" content=\"https:\/\/www.loni-infos.com\/wp-content\/uploads\/2025\/05\/ENERGIE.jpg\" \/>\n\t<meta property=\"og:image:width\" content=\"864\" \/>\n\t<meta property=\"og:image:height\" content=\"486\" \/>\n\t<meta property=\"og:image:type\" content=\"image\/jpeg\" \/>\n<meta name=\"twitter:card\" content=\"summary_large_image\" \/>\n<meta name=\"twitter:label1\" content=\"\u00c9crit par\" \/>\n\t<meta name=\"twitter:data1\" content=\"\" \/>\n\t<meta name=\"twitter:label2\" content=\"Dur\u00e9e de lecture estim\u00e9e\" \/>\n\t<meta name=\"twitter:data2\" content=\"2 minutes\" \/>\n<script type=\"application\/ld+json\" class=\"yoast-schema-graph\">{\"@context\":\"https:\/\/schema.org\",\"@graph\":[{\"@type\":\"Article\",\"@id\":\"https:\/\/www.loni-infos.com\/index.php\/2025\/05\/07\/les-pays-de-laes-veulent-harmoniser-leur-politique-energetique\/#article\",\"isPartOf\":{\"@id\":\"https:\/\/www.loni-infos.com\/index.php\/2025\/05\/07\/les-pays-de-laes-veulent-harmoniser-leur-politique-energetique\/\"},\"author\":{\"name\":\"\",\"@id\":\"\"},\"headline\":\"Les pays de l\u2019AES veulent harmoniser leur politique \u00e9nerg\u00e9tique\",\"datePublished\":\"2025-05-07T10:52:33+00:00\",\"dateModified\":\"2025-05-07T10:52:37+00:00\",\"mainEntityOfPage\":{\"@id\":\"https:\/\/www.loni-infos.com\/index.php\/2025\/05\/07\/les-pays-de-laes-veulent-harmoniser-leur-politique-energetique\/\"},\"wordCount\":354,\"commentCount\":0,\"image\":{\"@id\":\"https:\/\/www.loni-infos.com\/index.php\/2025\/05\/07\/les-pays-de-laes-veulent-harmoniser-leur-politique-energetique\/#primaryimage\"},\"thumbnailUrl\":\"https:\/\/www.loni-infos.com\/wp-content\/uploads\/2025\/05\/ENERGIE.jpg\",\"keywords\":[\"AES\",\"Bazoum\",\"Burkina Faso\",\"C\u00e9d\u00e9ao\",\"Energie\",\"Mali\",\"Niger\"],\"articleSection\":[\"Economie\"],\"inLanguage\":\"fr-FR\",\"potentialAction\":[{\"@type\":\"CommentAction\",\"name\":\"Comment\",\"target\":[\"https:\/\/www.loni-infos.com\/index.php\/2025\/05\/07\/les-pays-de-laes-veulent-harmoniser-leur-politique-energetique\/#respond\"]}]},{\"@type\":\"WebPage\",\"@id\":\"https:\/\/www.loni-infos.com\/index.php\/2025\/05\/07\/les-pays-de-laes-veulent-harmoniser-leur-politique-energetique\/\",\"url\":\"https:\/\/www.loni-infos.com\/index.php\/2025\/05\/07\/les-pays-de-laes-veulent-harmoniser-leur-politique-energetique\/\",\"name\":\"Les pays de l\u2019AES veulent harmoniser leur politique \u00e9nerg\u00e9tique - Loni-infos\",\"isPartOf\":{\"@id\":\"https:\/\/www.loni-infos.com\/#website\"},\"primaryImageOfPage\":{\"@id\":\"https:\/\/www.loni-infos.com\/index.php\/2025\/05\/07\/les-pays-de-laes-veulent-harmoniser-leur-politique-energetique\/#primaryimage\"},\"image\":{\"@id\":\"https:\/\/www.loni-infos.com\/index.php\/2025\/05\/07\/les-pays-de-laes-veulent-harmoniser-leur-politique-energetique\/#primaryimage\"},\"thumbnailUrl\":\"https:\/\/www.loni-infos.com\/wp-content\/uploads\/2025\/05\/ENERGIE.jpg\",\"datePublished\":\"2025-05-07T10:52:33+00:00\",\"dateModified\":\"2025-05-07T10:52:37+00:00\",\"author\":{\"@id\":\"\"},\"breadcrumb\":{\"@id\":\"https:\/\/www.loni-infos.com\/index.php\/2025\/05\/07\/les-pays-de-laes-veulent-harmoniser-leur-politique-energetique\/#breadcrumb\"},\"inLanguage\":\"fr-FR\",\"potentialAction\":[{\"@type\":\"ReadAction\",\"target\":[\"https:\/\/www.loni-infos.com\/index.php\/2025\/05\/07\/les-pays-de-laes-veulent-harmoniser-leur-politique-energetique\/\"]}]},{\"@type\":\"ImageObject\",\"inLanguage\":\"fr-FR\",\"@id\":\"https:\/\/www.loni-infos.com\/index.php\/2025\/05\/07\/les-pays-de-laes-veulent-harmoniser-leur-politique-energetique\/#primaryimage\",\"url\":\"https:\/\/www.loni-infos.com\/wp-content\/uploads\/2025\/05\/ENERGIE.jpg\",\"contentUrl\":\"https:\/\/www.loni-infos.com\/wp-content\/uploads\/2025\/05\/ENERGIE.jpg\",\"width\":864,\"height\":486},{\"@type\":\"BreadcrumbList\",\"@id\":\"https:\/\/www.loni-infos.com\/index.php\/2025\/05\/07\/les-pays-de-laes-veulent-harmoniser-leur-politique-energetique\/#breadcrumb\",\"itemListElement\":[{\"@type\":\"ListItem\",\"position\":1,\"name\":\"Accueil\",\"item\":\"https:\/\/www.loni-infos.com\/\"},{\"@type\":\"ListItem\",\"position\":2,\"name\":\"Les pays de l\u2019AES veulent harmoniser leur politique \u00e9nerg\u00e9tique\"}]},{\"@type\":\"WebSite\",\"@id\":\"https:\/\/www.loni-infos.com\/#website\",\"url\":\"https:\/\/www.loni-infos.com\/\",\"name\":\"Loni-infos\",\"description\":\"Vous servir des infos est notre devoir\",\"potentialAction\":[{\"@type\":\"SearchAction\",\"target\":{\"@type\":\"EntryPoint\",\"urlTemplate\":\"https:\/\/www.loni-infos.com\/?s={search_term_string}\"},\"query-input\":{\"@type\":\"PropertyValueSpecification\",\"valueRequired\":true,\"valueName\":\"search_term_string\"}}],\"inLanguage\":\"fr-FR\"},{\"@type\":\"Person\",\"@id\":\"\",\"url\":\"https:\/\/www.loni-infos.com\/index.php\/author\/\"}]}<\/script>\n<!-- \/ Yoast SEO plugin. -->","yoast_head_json":{"title":"Les pays de l\u2019AES veulent harmoniser leur politique \u00e9nerg\u00e9tique - Loni-infos","robots":{"index":"index","follow":"follow","max-snippet":"max-snippet:-1","max-image-preview":"max-image-preview:large","max-video-preview":"max-video-preview:-1"},"canonical":"https:\/\/www.loni-infos.com\/index.php\/2025\/05\/07\/les-pays-de-laes-veulent-harmoniser-leur-politique-energetique\/","og_locale":"fr_FR","og_type":"article","og_title":"Les pays de l\u2019AES veulent harmoniser leur politique \u00e9nerg\u00e9tique - Loni-infos","og_description":"Le Mali, le Burkina Faso et le Niger, membres de la Conf\u00e9d\u00e9ration de l\u2019Alliance des \u00c9tats du Sahel (AES), ont affich\u00e9 leur volont\u00e9 d\u2019unifier leurs politiques \u00e9nerg\u00e9tiques lors de la premi\u00e8re r\u00e9union des r\u00e9gulateurs du secteur, tenue ce mardi \u00e0 Bamako. La rencontre, pr\u00e9sid\u00e9e par le Premier ministre malien, le g\u00e9n\u00e9ral de division Abdoulaye Ma\u00efga,","og_url":"https:\/\/www.loni-infos.com\/index.php\/2025\/05\/07\/les-pays-de-laes-veulent-harmoniser-leur-politique-energetique\/","og_site_name":"Loni-infos","article_published_time":"2025-05-07T10:52:33+00:00","article_modified_time":"2025-05-07T10:52:37+00:00","og_image":[{"width":864,"height":486,"url":"https:\/\/www.loni-infos.com\/wp-content\/uploads\/2025\/05\/ENERGIE.jpg","type":"image\/jpeg"}],"twitter_card":"summary_large_image","twitter_misc":{"\u00c9crit par":"","Dur\u00e9e de lecture estim\u00e9e":"2 minutes"},"schema":{"@context":"https:\/\/schema.org","@graph":[{"@type":"Article","@id":"https:\/\/www.loni-infos.com\/index.php\/2025\/05\/07\/les-pays-de-laes-veulent-harmoniser-leur-politique-energetique\/#article","isPartOf":{"@id":"https:\/\/www.loni-infos.com\/index.php\/2025\/05\/07\/les-pays-de-laes-veulent-harmoniser-leur-politique-energetique\/"},"author":{"name":"","@id":""},"headline":"Les pays de l\u2019AES veulent harmoniser leur politique \u00e9nerg\u00e9tique","datePublished":"2025-05-07T10:52:33+00:00","dateModified":"2025-05-07T10:52:37+00:00","mainEntityOfPage":{"@id":"https:\/\/www.loni-infos.com\/index.php\/2025\/05\/07\/les-pays-de-laes-veulent-harmoniser-leur-politique-energetique\/"},"wordCount":354,"commentCount":0,"image":{"@id":"https:\/\/www.loni-infos.com\/index.php\/2025\/05\/07\/les-pays-de-laes-veulent-harmoniser-leur-politique-energetique\/#primaryimage"},"thumbnailUrl":"https:\/\/www.loni-infos.com\/wp-content\/uploads\/2025\/05\/ENERGIE.jpg","keywords":["AES","Bazoum","Burkina Faso","C\u00e9d\u00e9ao","Energie","Mali","Niger"],"articleSection":["Economie"],"inLanguage":"fr-FR","potentialAction":[{"@type":"CommentAction","name":"Comment","target":["https:\/\/www.loni-infos.com\/index.php\/2025\/05\/07\/les-pays-de-laes-veulent-harmoniser-leur-politique-energetique\/#respond"]}]},{"@type":"WebPage","@id":"https:\/\/www.loni-infos.com\/index.php\/2025\/05\/07\/les-pays-de-laes-veulent-harmoniser-leur-politique-energetique\/","url":"https:\/\/www.loni-infos.com\/index.php\/2025\/05\/07\/les-pays-de-laes-veulent-harmoniser-leur-politique-energetique\/","name":"Les pays de l\u2019AES veulent harmoniser leur politique \u00e9nerg\u00e9tique - Loni-infos","isPartOf":{"@id":"https:\/\/www.loni-infos.com\/#website"},"primaryImageOfPage":{"@id":"https:\/\/www.loni-infos.com\/index.php\/2025\/05\/07\/les-pays-de-laes-veulent-harmoniser-leur-politique-energetique\/#primaryimage"},"image":{"@id":"https:\/\/www.loni-infos.com\/index.php\/2025\/05\/07\/les-pays-de-laes-veulent-harmoniser-leur-politique-energetique\/#primaryimage"},"thumbnailUrl":"https:\/\/www.loni-infos.com\/wp-content\/uploads\/2025\/05\/ENERGIE.jpg","datePublished":"2025-05-07T10:52:33+00:00","dateModified":"2025-05-07T10:52:37+00:00","author":{"@id":""},"breadcrumb":{"@id":"https:\/\/www.loni-infos.com\/index.php\/2025\/05\/07\/les-pays-de-laes-veulent-harmoniser-leur-politique-energetique\/#breadcrumb"},"inLanguage":"fr-FR","potentialAction":[{"@type":"ReadAction","target":["https:\/\/www.loni-infos.com\/index.php\/2025\/05\/07\/les-pays-de-laes-veulent-harmoniser-leur-politique-energetique\/"]}]},{"@type":"ImageObject","inLanguage":"fr-FR","@id":"https:\/\/www.loni-infos.com\/index.php\/2025\/05\/07\/les-pays-de-laes-veulent-harmoniser-leur-politique-energetique\/#primaryimage","url":"https:\/\/www.loni-infos.com\/wp-content\/uploads\/2025\/05\/ENERGIE.jpg","contentUrl":"https:\/\/www.loni-infos.com\/wp-content\/uploads\/2025\/05\/ENERGIE.jpg","width":864,"height":486},{"@type":"BreadcrumbList","@id":"https:\/\/www.loni-infos.com\/index.php\/2025\/05\/07\/les-pays-de-laes-veulent-harmoniser-leur-politique-energetique\/#breadcrumb","itemListElement":[{"@type":"ListItem","position":1,"name":"Accueil","item":"https:\/\/www.loni-infos.com\/"},{"@type":"ListItem","position":2,"name":"Les pays de l\u2019AES veulent harmoniser leur politique \u00e9nerg\u00e9tique"}]},{"@type":"WebSite","@id":"https:\/\/www.loni-infos.com\/#website","url":"https:\/\/www.loni-infos.com\/","name":"Loni-infos","description":"Vous servir des infos est notre devoir","potentialAction":[{"@type":"SearchAction","target":{"@type":"EntryPoint","urlTemplate":"https:\/\/www.loni-infos.com\/?s={search_term_string}"},"query-input":{"@type":"PropertyValueSpecification","valueRequired":true,"valueName":"search_term_string"}}],"inLanguage":"fr-FR"},{"@type":"Person","@id":"","url":"https:\/\/www.loni-infos.com\/index.php\/author\/"}]}},"_links":{"self":[{"href":"https:\/\/www.loni-infos.com\/index.php\/wp-json\/wp\/v2\/posts\/6628","targetHints":{"allow":["GET"]}}],"collection":[{"href":"https:\/\/www.loni-infos.com\/index.php\/wp-json\/wp\/v2\/posts"}],"about":[{"href":"https:\/\/www.loni-infos.com\/index.php\/wp-json\/wp\/v2\/types\/post"}],"author":[{"embeddable":true,"href":"https:\/\/www.loni-infos.com\/index.php\/wp-json\/wp\/v2\/users\/1"}],"replies":[{"embeddable":true,"href":"https:\/\/www.loni-infos.com\/index.php\/wp-json\/wp\/v2\/comments?post=6628"}],"version-history":[{"count":1,"href":"https:\/\/www.loni-infos.com\/index.php\/wp-json\/wp\/v2\/posts\/6628\/revisions"}],"predecessor-version":[{"id":6630,"href":"https:\/\/www.loni-infos.com\/index.php\/wp-json\/wp\/v2\/posts\/6628\/revisions\/6630"}],"wp:featuredmedia":[{"embeddable":true,"href":"https:\/\/www.loni-infos.com\/index.php\/wp-json\/wp\/v2\/media\/6629"}],"wp:attachment":[{"href":"https:\/\/www.loni-infos.com\/index.php\/wp-json\/wp\/v2\/media?parent=6628"}],"wp:term":[{"taxonomy":"category","embeddable":true,"href":"https:\/\/www.loni-infos.com\/index.php\/wp-json\/wp\/v2\/categories?post=6628"},{"taxonomy":"post_tag","embeddable":true,"href":"https:\/\/www.loni-infos.com\/index.php\/wp-json\/wp\/v2\/tags?post=6628"}],"curies":[{"name":"wp","href":"https:\/\/api.w.org\/{rel}","templated":true}]}}