{"id":810,"date":"2023-08-08T15:20:04","date_gmt":"2023-08-08T13:20:04","guid":{"rendered":"https:\/\/www.loni-infos.com\/?p=810"},"modified":"2023-08-08T15:28:16","modified_gmt":"2023-08-08T13:28:16","slug":"lalliance-pour-la-rupture-rejoint-le-cadre-de-dialogue-inter-guineen","status":"publish","type":"post","link":"https:\/\/www.loni-infos.com\/index.php\/2023\/08\/08\/lalliance-pour-la-rupture-rejoint-le-cadre-de-dialogue-inter-guineen\/","title":{"rendered":"L\u2019alliance pour la rupture rejoint le cadre de dialogue inter-guin\u00e9en"},"content":{"rendered":"\n<p><strong>L\u2019alliance pour la rupture&nbsp;(APR)&nbsp;dirig\u00e9e par Francis&nbsp;Haba&nbsp;a d\u00e9cid\u00e9 de rejoindre le cadre de dialogue inter guin\u00e9en.&nbsp;La coalition a adress\u00e9 un courrier au Premier ministre pour exprimer sa volont\u00e9 de rejoindre ce cadre.&nbsp;Ancien de l\u2019Anad, donc oppos\u00e9 au dialogue il y a quelques semaines, ce revirement de Francis&nbsp;Haba&nbsp;et de ses coll\u00e8gues de l\u2019APR&nbsp;suscite&nbsp;des interrogations.<\/strong><\/p>\n\n\n\n<p>Loni&nbsp;Infos :&nbsp;monsieur&nbsp;Francis&nbsp;Haba, dites-nous pourquoi l\u2019APR&nbsp;a finalement d\u00e9cid\u00e9 de rejoindre le dialogue inter guin\u00e9en ?<\/p>\n\n\n\n<p>Francis&nbsp;Haba&nbsp;:<em>&nbsp;Je&nbsp;pense que si vous vous souvenez, nous \u00e9tions dans la grande coalition de l\u2019ANAD.&nbsp;Nous avons donc d\u00e9cid\u00e9&nbsp;de quitter pour contribuer \u00e0 l\u2019apaisement de la cit\u00e9, \u00e0 la r\u00e9ussite de la transition.&nbsp;Quand nous \u00e9tions, nous avions fait le tour des chancelleries.&nbsp;Les ambassades de la France, des Etats-Unis, de l\u2019Espagne, de la CEDEAO, tout le monde nous avait demand\u00e9 de rejoindre le cadre de dialogue inter guin\u00e9en.&nbsp;En plus, on avait des appels de nos structures \u00e0 la base, des personnes ressources qui nous demandaient de prendre notre destin en main, de recentrer nos efforts dans la redynamisation de nos structures et dans la pr\u00e9paration des futures \u00e9lections.&nbsp;\u00c9tant donn\u00e9 qu\u2019on ne peut pr\u00e9parer les \u00e9lections en \u00e9tant \u00e0 l\u2019ext\u00e9rieur du cadre de dialogue, c\u2019est pourquoi nous avons d\u00e9cid\u00e9 de rejoindre le cadre de dialogue inter guin\u00e9en, pour que nous puissions savoir, \u00e9tape par \u00e9tape, le niveau d\u2019avancement et d\u2019ex\u00e9cution des activit\u00e9s qui concourent au retour \u00e0 l\u2019ordre constitutionnel.<\/em><\/p>\n\n\n\n<p>Loni&nbsp;Infos :&nbsp;quand vous \u00e9tiez au sein de l\u2019ANAD, vous aviez \u00e9mis des r\u00e9serves et vous souhaitiez un dialogue pr\u00e9sid\u00e9 par un m\u00e9diateur de la CEDEAO, alors pourquoi ce revirement ?<\/p>\n\n\n\n<p>Francis&nbsp;Haba&nbsp;:&nbsp;<em>la&nbsp;question du dialogue avait \u00e9t\u00e9 pos\u00e9e au sein de l\u2019ANAD, elle a \u00e9t\u00e9 longuement discut\u00e9e et elle ne faisait pas l\u2019unanimit\u00e9.&nbsp;Certains voulaient participer et d\u2019autres s\u2019\u00e9taient oppos\u00e9s.&nbsp;Mais la majorit\u00e9 ne voulait pas participer.&nbsp;\u00c9tant un des porte-voix de l\u2019Anad, il \u00e9tait tout \u00e0 fait normal pour moi de justifier cette position aupr\u00e8s des militants et sympathisants.&nbsp;Mais nous aujourd\u2019hui, nous voudrions recentrer nos efforts dans la pr\u00e9paration des \u00e9lections, nous voudrions aussi \u00eatre candidats aux futures \u00e9lections locales, l\u00e9gislatives et pr\u00e9sidentielles, c\u2019est pourquoi, c\u2019est important pour nous qu\u2019on sache&nbsp;ce qui se passe \u00e0 l\u2019int\u00e9rieur.&nbsp;On ne peut pas continuer \u00e0 rester \u00e0 l\u2019ext\u00e9rieur et \u00e0 vouloir pr\u00e9parer sereinement ces \u00e9lections.&nbsp;C\u2019est pourquoi nous avons d\u00e9cid\u00e9 de rejoindre le cadre de dialogue.&nbsp;Surtout que les autorit\u00e9s disent que le dialogue est dynamique, les conclusions qui ont \u00e9t\u00e9 trouv\u00e9es, peuvent \u00eatre amend\u00e9es et rectifi\u00e9es, elles peuvent \u00eatre am\u00e9lior\u00e9es et adapt\u00e9es dans le futur.&nbsp;C\u2019est pourquoi nous avons demand\u00e9 par courrier \u00e0 rejoindre le dialogue.<\/em><\/p>\n\n\n\n<p>Loni&nbsp;Infos :&nbsp;le dialogue politique inter guin\u00e9en a pris fin depuis d\u00e9cembre 2022.&nbsp;Huit mois apr\u00e8s, m\u00eame les acteurs politiques ayant particip\u00e9 au cadre regrettent que les conclusions ne soient pas mises en \u0153uvre.&nbsp;Quelles assurances avez-vous qu&#8217;elles seront ex\u00e9cut\u00e9es ?<\/p>\n\n\n\n<p>Francis&nbsp;Haba&nbsp;:&nbsp;<em>les conclusions qui ont \u00e9t\u00e9 tir\u00e9es ne sont pas les n\u00f4tres.&nbsp;C\u2019est pourquoi nous allons parcourir ces conclusions, lire les rapports pour voir si elles r\u00e9pondent \u00e0 nos aspirations, sinon, nous allons contribuer.&nbsp;Nous allons faire un m\u00e9morandum adress\u00e9 au Premier ministre et au minist\u00e8re de l\u2019administration du territoire de la d\u00e9centralisation pour que nos pr\u00e9occupations soient prises en compte.<\/em>&nbsp;<\/p>\n\n\n\n<p class=\"has-text-align-right\"><strong>interview r\u00e9alis\u00e9e par Cir\u00e9 Diallo<\/strong><\/p>\n","protected":false},"excerpt":{"rendered":"<p>L\u2019alliance pour la rupture&nbsp;(APR)&nbsp;dirig\u00e9e par Francis&nbsp;Haba&nbsp;a d\u00e9cid\u00e9 de rejoindre le cadre de dialogue inter guin\u00e9en.&nbsp;La coalition a adress\u00e9 un courrier au Premier ministre pour exprimer sa volont\u00e9 de rejoindre ce cadre.&nbsp;Ancien de l\u2019Anad, donc oppos\u00e9 au dialogue il y a quelques semaines, ce revirement de Francis&nbsp;Haba&nbsp;et de ses coll\u00e8gues de l\u2019APR&nbsp;suscite&nbsp;des interrogations. Loni&nbsp;Infos :&nbsp;monsieur&nbsp;Francis&nbsp;Haba, dites-nous<\/p>\n","protected":false},"author":1,"featured_media":816,"comment_status":"open","ping_status":"open","sticky":true,"template":"","format":"standard","meta":{"footnotes":""},"categories":[82],"tags":[112,72,96,199,17],"class_list":{"0":"post-810","1":"post","2":"type-post","3":"status-publish","4":"format-standard","5":"has-post-thumbnail","7":"category-interviews","8":"tag-anad","9":"tag-cedeao","10":"tag-cellou-dalein-diallo","11":"tag-francis-haba","12":"tag-guinee"},"yoast_head":"<!-- This site is optimized with the Yoast SEO plugin v27.0 - https:\/\/yoast.com\/product\/yoast-seo-wordpress\/ -->\n<title>L\u2019alliance pour la rupture rejoint le cadre de dialogue inter-guin\u00e9en - Loni-infos<\/title>\n<meta name=\"robots\" content=\"index, follow, max-snippet:-1, max-image-preview:large, max-video-preview:-1\" \/>\n<link rel=\"canonical\" href=\"https:\/\/www.loni-infos.com\/index.php\/2023\/08\/08\/lalliance-pour-la-rupture-rejoint-le-cadre-de-dialogue-inter-guineen\/\" \/>\n<meta property=\"og:locale\" content=\"fr_FR\" \/>\n<meta property=\"og:type\" content=\"article\" \/>\n<meta property=\"og:title\" content=\"L\u2019alliance pour la rupture rejoint le cadre de dialogue inter-guin\u00e9en - Loni-infos\" \/>\n<meta property=\"og:description\" content=\"L\u2019alliance pour la rupture&nbsp;(APR)&nbsp;dirig\u00e9e par Francis&nbsp;Haba&nbsp;a d\u00e9cid\u00e9 de rejoindre le cadre de dialogue inter guin\u00e9en.&nbsp;La coalition a adress\u00e9 un courrier au Premier ministre pour exprimer sa volont\u00e9 de rejoindre ce cadre.&nbsp;Ancien de l\u2019Anad, donc oppos\u00e9 au dialogue il y a quelques semaines, ce revirement de Francis&nbsp;Haba&nbsp;et de ses coll\u00e8gues de l\u2019APR&nbsp;suscite&nbsp;des interrogations. Loni&nbsp;Infos :&nbsp;monsieur&nbsp;Francis&nbsp;Haba, dites-nous\" \/>\n<meta property=\"og:url\" content=\"https:\/\/www.loni-infos.com\/index.php\/2023\/08\/08\/lalliance-pour-la-rupture-rejoint-le-cadre-de-dialogue-inter-guineen\/\" \/>\n<meta property=\"og:site_name\" content=\"Loni-infos\" \/>\n<meta property=\"article:published_time\" content=\"2023-08-08T13:20:04+00:00\" \/>\n<meta property=\"article:modified_time\" content=\"2023-08-08T13:28:16+00:00\" \/>\n<meta property=\"og:image\" content=\"https:\/\/www.loni-infos.com\/wp-content\/uploads\/2023\/08\/Screenshot_20230808_132611_Facebook.jpg\" \/>\n\t<meta property=\"og:image:width\" content=\"719\" \/>\n\t<meta property=\"og:image:height\" content=\"423\" \/>\n\t<meta property=\"og:image:type\" content=\"image\/jpeg\" \/>\n<meta name=\"twitter:card\" content=\"summary_large_image\" \/>\n<meta name=\"twitter:label1\" content=\"\u00c9crit par\" \/>\n\t<meta name=\"twitter:data1\" content=\"\" \/>\n\t<meta name=\"twitter:label2\" content=\"Dur\u00e9e de lecture estim\u00e9e\" \/>\n\t<meta name=\"twitter:data2\" content=\"3 minutes\" \/>\n<script type=\"application\/ld+json\" class=\"yoast-schema-graph\">{\"@context\":\"https:\/\/schema.org\",\"@graph\":[{\"@type\":\"Article\",\"@id\":\"https:\/\/www.loni-infos.com\/index.php\/2023\/08\/08\/lalliance-pour-la-rupture-rejoint-le-cadre-de-dialogue-inter-guineen\/#article\",\"isPartOf\":{\"@id\":\"https:\/\/www.loni-infos.com\/index.php\/2023\/08\/08\/lalliance-pour-la-rupture-rejoint-le-cadre-de-dialogue-inter-guineen\/\"},\"author\":{\"name\":\"\",\"@id\":\"\"},\"headline\":\"L\u2019alliance pour la rupture rejoint le cadre de dialogue inter-guin\u00e9en\",\"datePublished\":\"2023-08-08T13:20:04+00:00\",\"dateModified\":\"2023-08-08T13:28:16+00:00\",\"mainEntityOfPage\":{\"@id\":\"https:\/\/www.loni-infos.com\/index.php\/2023\/08\/08\/lalliance-pour-la-rupture-rejoint-le-cadre-de-dialogue-inter-guineen\/\"},\"wordCount\":679,\"commentCount\":0,\"image\":{\"@id\":\"https:\/\/www.loni-infos.com\/index.php\/2023\/08\/08\/lalliance-pour-la-rupture-rejoint-le-cadre-de-dialogue-inter-guineen\/#primaryimage\"},\"thumbnailUrl\":\"https:\/\/www.loni-infos.com\/wp-content\/uploads\/2023\/08\/Screenshot_20230808_132611_Facebook.jpg\",\"keywords\":[\"Anad\",\"C\u00e9d\u00e9ao\",\"Cellou Dalein Diallo\",\"Francis\u00a0Haba\",\"Guin\u00e9e\"],\"articleSection\":[\"Interviews\"],\"inLanguage\":\"fr-FR\",\"potentialAction\":[{\"@type\":\"CommentAction\",\"name\":\"Comment\",\"target\":[\"https:\/\/www.loni-infos.com\/index.php\/2023\/08\/08\/lalliance-pour-la-rupture-rejoint-le-cadre-de-dialogue-inter-guineen\/#respond\"]}]},{\"@type\":\"WebPage\",\"@id\":\"https:\/\/www.loni-infos.com\/index.php\/2023\/08\/08\/lalliance-pour-la-rupture-rejoint-le-cadre-de-dialogue-inter-guineen\/\",\"url\":\"https:\/\/www.loni-infos.com\/index.php\/2023\/08\/08\/lalliance-pour-la-rupture-rejoint-le-cadre-de-dialogue-inter-guineen\/\",\"name\":\"L\u2019alliance pour la rupture rejoint le cadre de dialogue inter-guin\u00e9en - Loni-infos\",\"isPartOf\":{\"@id\":\"https:\/\/www.loni-infos.com\/#website\"},\"primaryImageOfPage\":{\"@id\":\"https:\/\/www.loni-infos.com\/index.php\/2023\/08\/08\/lalliance-pour-la-rupture-rejoint-le-cadre-de-dialogue-inter-guineen\/#primaryimage\"},\"image\":{\"@id\":\"https:\/\/www.loni-infos.com\/index.php\/2023\/08\/08\/lalliance-pour-la-rupture-rejoint-le-cadre-de-dialogue-inter-guineen\/#primaryimage\"},\"thumbnailUrl\":\"https:\/\/www.loni-infos.com\/wp-content\/uploads\/2023\/08\/Screenshot_20230808_132611_Facebook.jpg\",\"datePublished\":\"2023-08-08T13:20:04+00:00\",\"dateModified\":\"2023-08-08T13:28:16+00:00\",\"author\":{\"@id\":\"\"},\"breadcrumb\":{\"@id\":\"https:\/\/www.loni-infos.com\/index.php\/2023\/08\/08\/lalliance-pour-la-rupture-rejoint-le-cadre-de-dialogue-inter-guineen\/#breadcrumb\"},\"inLanguage\":\"fr-FR\",\"potentialAction\":[{\"@type\":\"ReadAction\",\"target\":[\"https:\/\/www.loni-infos.com\/index.php\/2023\/08\/08\/lalliance-pour-la-rupture-rejoint-le-cadre-de-dialogue-inter-guineen\/\"]}]},{\"@type\":\"ImageObject\",\"inLanguage\":\"fr-FR\",\"@id\":\"https:\/\/www.loni-infos.com\/index.php\/2023\/08\/08\/lalliance-pour-la-rupture-rejoint-le-cadre-de-dialogue-inter-guineen\/#primaryimage\",\"url\":\"https:\/\/www.loni-infos.com\/wp-content\/uploads\/2023\/08\/Screenshot_20230808_132611_Facebook.jpg\",\"contentUrl\":\"https:\/\/www.loni-infos.com\/wp-content\/uploads\/2023\/08\/Screenshot_20230808_132611_Facebook.jpg\",\"width\":719,\"height\":423},{\"@type\":\"BreadcrumbList\",\"@id\":\"https:\/\/www.loni-infos.com\/index.php\/2023\/08\/08\/lalliance-pour-la-rupture-rejoint-le-cadre-de-dialogue-inter-guineen\/#breadcrumb\",\"itemListElement\":[{\"@type\":\"ListItem\",\"position\":1,\"name\":\"Accueil\",\"item\":\"https:\/\/www.loni-infos.com\/\"},{\"@type\":\"ListItem\",\"position\":2,\"name\":\"L\u2019alliance pour la rupture rejoint le cadre de dialogue inter-guin\u00e9en\"}]},{\"@type\":\"WebSite\",\"@id\":\"https:\/\/www.loni-infos.com\/#website\",\"url\":\"https:\/\/www.loni-infos.com\/\",\"name\":\"Loni-infos\",\"description\":\"Vous servir des infos est notre devoir\",\"potentialAction\":[{\"@type\":\"SearchAction\",\"target\":{\"@type\":\"EntryPoint\",\"urlTemplate\":\"https:\/\/www.loni-infos.com\/?s={search_term_string}\"},\"query-input\":{\"@type\":\"PropertyValueSpecification\",\"valueRequired\":true,\"valueName\":\"search_term_string\"}}],\"inLanguage\":\"fr-FR\"},{\"@type\":\"Person\",\"@id\":\"\",\"url\":\"https:\/\/www.loni-infos.com\/index.php\/author\/\"}]}<\/script>\n<!-- \/ Yoast SEO plugin. -->","yoast_head_json":{"title":"L\u2019alliance pour la rupture rejoint le cadre de dialogue inter-guin\u00e9en - Loni-infos","robots":{"index":"index","follow":"follow","max-snippet":"max-snippet:-1","max-image-preview":"max-image-preview:large","max-video-preview":"max-video-preview:-1"},"canonical":"https:\/\/www.loni-infos.com\/index.php\/2023\/08\/08\/lalliance-pour-la-rupture-rejoint-le-cadre-de-dialogue-inter-guineen\/","og_locale":"fr_FR","og_type":"article","og_title":"L\u2019alliance pour la rupture rejoint le cadre de dialogue inter-guin\u00e9en - Loni-infos","og_description":"L\u2019alliance pour la rupture&nbsp;(APR)&nbsp;dirig\u00e9e par Francis&nbsp;Haba&nbsp;a d\u00e9cid\u00e9 de rejoindre le cadre de dialogue inter guin\u00e9en.&nbsp;La coalition a adress\u00e9 un courrier au Premier ministre pour exprimer sa volont\u00e9 de rejoindre ce cadre.&nbsp;Ancien de l\u2019Anad, donc oppos\u00e9 au dialogue il y a quelques semaines, ce revirement de Francis&nbsp;Haba&nbsp;et de ses coll\u00e8gues de l\u2019APR&nbsp;suscite&nbsp;des interrogations. Loni&nbsp;Infos :&nbsp;monsieur&nbsp;Francis&nbsp;Haba, dites-nous","og_url":"https:\/\/www.loni-infos.com\/index.php\/2023\/08\/08\/lalliance-pour-la-rupture-rejoint-le-cadre-de-dialogue-inter-guineen\/","og_site_name":"Loni-infos","article_published_time":"2023-08-08T13:20:04+00:00","article_modified_time":"2023-08-08T13:28:16+00:00","og_image":[{"width":719,"height":423,"url":"https:\/\/www.loni-infos.com\/wp-content\/uploads\/2023\/08\/Screenshot_20230808_132611_Facebook.jpg","type":"image\/jpeg"}],"twitter_card":"summary_large_image","twitter_misc":{"\u00c9crit par":"","Dur\u00e9e de lecture estim\u00e9e":"3 minutes"},"schema":{"@context":"https:\/\/schema.org","@graph":[{"@type":"Article","@id":"https:\/\/www.loni-infos.com\/index.php\/2023\/08\/08\/lalliance-pour-la-rupture-rejoint-le-cadre-de-dialogue-inter-guineen\/#article","isPartOf":{"@id":"https:\/\/www.loni-infos.com\/index.php\/2023\/08\/08\/lalliance-pour-la-rupture-rejoint-le-cadre-de-dialogue-inter-guineen\/"},"author":{"name":"","@id":""},"headline":"L\u2019alliance pour la rupture rejoint le cadre de dialogue inter-guin\u00e9en","datePublished":"2023-08-08T13:20:04+00:00","dateModified":"2023-08-08T13:28:16+00:00","mainEntityOfPage":{"@id":"https:\/\/www.loni-infos.com\/index.php\/2023\/08\/08\/lalliance-pour-la-rupture-rejoint-le-cadre-de-dialogue-inter-guineen\/"},"wordCount":679,"commentCount":0,"image":{"@id":"https:\/\/www.loni-infos.com\/index.php\/2023\/08\/08\/lalliance-pour-la-rupture-rejoint-le-cadre-de-dialogue-inter-guineen\/#primaryimage"},"thumbnailUrl":"https:\/\/www.loni-infos.com\/wp-content\/uploads\/2023\/08\/Screenshot_20230808_132611_Facebook.jpg","keywords":["Anad","C\u00e9d\u00e9ao","Cellou Dalein Diallo","Francis\u00a0Haba","Guin\u00e9e"],"articleSection":["Interviews"],"inLanguage":"fr-FR","potentialAction":[{"@type":"CommentAction","name":"Comment","target":["https:\/\/www.loni-infos.com\/index.php\/2023\/08\/08\/lalliance-pour-la-rupture-rejoint-le-cadre-de-dialogue-inter-guineen\/#respond"]}]},{"@type":"WebPage","@id":"https:\/\/www.loni-infos.com\/index.php\/2023\/08\/08\/lalliance-pour-la-rupture-rejoint-le-cadre-de-dialogue-inter-guineen\/","url":"https:\/\/www.loni-infos.com\/index.php\/2023\/08\/08\/lalliance-pour-la-rupture-rejoint-le-cadre-de-dialogue-inter-guineen\/","name":"L\u2019alliance pour la rupture rejoint le cadre de dialogue inter-guin\u00e9en - Loni-infos","isPartOf":{"@id":"https:\/\/www.loni-infos.com\/#website"},"primaryImageOfPage":{"@id":"https:\/\/www.loni-infos.com\/index.php\/2023\/08\/08\/lalliance-pour-la-rupture-rejoint-le-cadre-de-dialogue-inter-guineen\/#primaryimage"},"image":{"@id":"https:\/\/www.loni-infos.com\/index.php\/2023\/08\/08\/lalliance-pour-la-rupture-rejoint-le-cadre-de-dialogue-inter-guineen\/#primaryimage"},"thumbnailUrl":"https:\/\/www.loni-infos.com\/wp-content\/uploads\/2023\/08\/Screenshot_20230808_132611_Facebook.jpg","datePublished":"2023-08-08T13:20:04+00:00","dateModified":"2023-08-08T13:28:16+00:00","author":{"@id":""},"breadcrumb":{"@id":"https:\/\/www.loni-infos.com\/index.php\/2023\/08\/08\/lalliance-pour-la-rupture-rejoint-le-cadre-de-dialogue-inter-guineen\/#breadcrumb"},"inLanguage":"fr-FR","potentialAction":[{"@type":"ReadAction","target":["https:\/\/www.loni-infos.com\/index.php\/2023\/08\/08\/lalliance-pour-la-rupture-rejoint-le-cadre-de-dialogue-inter-guineen\/"]}]},{"@type":"ImageObject","inLanguage":"fr-FR","@id":"https:\/\/www.loni-infos.com\/index.php\/2023\/08\/08\/lalliance-pour-la-rupture-rejoint-le-cadre-de-dialogue-inter-guineen\/#primaryimage","url":"https:\/\/www.loni-infos.com\/wp-content\/uploads\/2023\/08\/Screenshot_20230808_132611_Facebook.jpg","contentUrl":"https:\/\/www.loni-infos.com\/wp-content\/uploads\/2023\/08\/Screenshot_20230808_132611_Facebook.jpg","width":719,"height":423},{"@type":"BreadcrumbList","@id":"https:\/\/www.loni-infos.com\/index.php\/2023\/08\/08\/lalliance-pour-la-rupture-rejoint-le-cadre-de-dialogue-inter-guineen\/#breadcrumb","itemListElement":[{"@type":"ListItem","position":1,"name":"Accueil","item":"https:\/\/www.loni-infos.com\/"},{"@type":"ListItem","position":2,"name":"L\u2019alliance pour la rupture rejoint le cadre de dialogue inter-guin\u00e9en"}]},{"@type":"WebSite","@id":"https:\/\/www.loni-infos.com\/#website","url":"https:\/\/www.loni-infos.com\/","name":"Loni-infos","description":"Vous servir des infos est notre devoir","potentialAction":[{"@type":"SearchAction","target":{"@type":"EntryPoint","urlTemplate":"https:\/\/www.loni-infos.com\/?s={search_term_string}"},"query-input":{"@type":"PropertyValueSpecification","valueRequired":true,"valueName":"search_term_string"}}],"inLanguage":"fr-FR"},{"@type":"Person","@id":"","url":"https:\/\/www.loni-infos.com\/index.php\/author\/"}]}},"_links":{"self":[{"href":"https:\/\/www.loni-infos.com\/index.php\/wp-json\/wp\/v2\/posts\/810","targetHints":{"allow":["GET"]}}],"collection":[{"href":"https:\/\/www.loni-infos.com\/index.php\/wp-json\/wp\/v2\/posts"}],"about":[{"href":"https:\/\/www.loni-infos.com\/index.php\/wp-json\/wp\/v2\/types\/post"}],"author":[{"embeddable":true,"href":"https:\/\/www.loni-infos.com\/index.php\/wp-json\/wp\/v2\/users\/1"}],"replies":[{"embeddable":true,"href":"https:\/\/www.loni-infos.com\/index.php\/wp-json\/wp\/v2\/comments?post=810"}],"version-history":[{"count":2,"href":"https:\/\/www.loni-infos.com\/index.php\/wp-json\/wp\/v2\/posts\/810\/revisions"}],"predecessor-version":[{"id":815,"href":"https:\/\/www.loni-infos.com\/index.php\/wp-json\/wp\/v2\/posts\/810\/revisions\/815"}],"wp:featuredmedia":[{"embeddable":true,"href":"https:\/\/www.loni-infos.com\/index.php\/wp-json\/wp\/v2\/media\/816"}],"wp:attachment":[{"href":"https:\/\/www.loni-infos.com\/index.php\/wp-json\/wp\/v2\/media?parent=810"}],"wp:term":[{"taxonomy":"category","embeddable":true,"href":"https:\/\/www.loni-infos.com\/index.php\/wp-json\/wp\/v2\/categories?post=810"},{"taxonomy":"post_tag","embeddable":true,"href":"https:\/\/www.loni-infos.com\/index.php\/wp-json\/wp\/v2\/tags?post=810"}],"curies":[{"name":"wp","href":"https:\/\/api.w.org\/{rel}","templated":true}]}}